{"id":7067,"date":"2023-08-08T18:41:27","date_gmt":"2023-08-08T21:41:27","guid":{"rendered":"https:\/\/dedemesquita.com.br\/?p=7067"},"modified":"2023-08-08T18:56:37","modified_gmt":"2023-08-08T21:56:37","slug":"mamacita-do-mal-de-ananindeua-apronta-mais-uma-e-outras-noticias-sobre-a-imprensa-no-para","status":"publish","type":"post","link":"https:\/\/dedemesquita.com.br\/?p=7067","title":{"rendered":"Mamacita do Mal de Ananindeua apronta mais uma e outras not\u00edcias sobre a imprensa no Par\u00e1"},"content":{"rendered":"\n<p><strong>Bel\u00e9m, 8 de agosto de 2023 &#8211;<\/strong> Mais uma ter\u00e7a-feira em que estamos tentando manter lucidez e calma nas atualiza\u00e7\u00f5es sobre a imprensa de Bel\u00e9m, <strong>mas tem gente que N\u00c3O ajuda<\/strong>&#8230;<\/p>\n\n\n\n<p><strong>De novo, Mamacita &#8211; <\/strong>Aquilo que j\u00e1 n\u00e3o \u00e9 mais novidade por aqui, neste site: <strong>os desmandos e abusos da Mamacita do Mal de Ananindeua<\/strong>. Ent\u00e3o, temos mais uma dessa mo\u00e7a. H\u00e1 pouco menos de dois meses, publiquei sobre a situa\u00e7\u00e3o da colega <strong>Josiane Miranda<\/strong>, assessora de comunica\u00e7\u00e3o da <strong>Prefeitura de Ananindeua<\/strong>, que, depois de passar poucas e boas nas m\u00e3os de Mamacita, pediu afastamento para cuidar da sa\u00fade mental dela. O tempo de licen\u00e7a m\u00e9dica se encerrou, Josi entrou de f\u00e9rias e ao voltar, nesta semana, foi conversar com Mamacita, tentando um acordo, visto que o m\u00e9dico de Josi havia aconselhado a ela afastamento do trabalho-gatilho. Mamacita, invasiva como s\u00f3 ela \u00e9, teve o desplante de pedir o contato do m\u00e9dico\/ psic\u00f3logo de Josiane para saber se a jornalista estaria mentindo ou n\u00e3o. Josiane preferiu pedir exonera\u00e7\u00e3o do cargo, mas Mamacita tamb\u00e9m j\u00e1 n\u00e3o queria mais Josiane naquela assessoria. Foi uma demiss\u00e3o com pedido de demiss\u00e3o, quase assim. Josiane se despediu de todos os, agora, ex-colegas, no grupo de trabalho no WhatsApp, mas n\u00e3o deixou por menos e disse, explicitamente, que estava deixando o trabalho por conta da \u201cchefia\u201d.<\/p>\n\n\n\n<p>Com mais essa demiss\u00e3o, segundo minha fonte que faz as contas, j\u00e1 s\u00e3o <strong>22 (vinte e dois) profissionais<\/strong> que, ou foram demitidos ou pediram demiss\u00e3o, na comunica\u00e7\u00e3o da Prefeitura de Ananindeua. Segundo uma fonte, esse alto n\u00famero, aliado aos problemas de sa\u00fade dos profissionais naquela assessoria, j\u00e1 teria sido relatado ao <strong>Sindicato dos Jornalistas do Par\u00e1<\/strong>, que j\u00e1 est\u00e1 ciente sobre a situa\u00e7\u00e3o. E eu espero que tome alguma provid\u00eancia. &nbsp;<\/p>\n\n\n\n<p>No perfil dela no Instagram, <strong>Josiane<\/strong> escreveu: <strong>\u201cHoje [segunda-feira, 7], \u00e9 um dia para se comemorar, pois n\u00e3o deixei o \u2018c\u00e2ncer\u2019 que habita nesta comunica\u00e7\u00e3o me fazer met\u00e1stase\u201d<\/strong>. Josiane se despede de vez da assessoria de comunica\u00e7\u00e3o da Prefeitura Municipal de Ananindeua, ap\u00f3s afastamento m\u00e9dico, porque adquiriu problema psicol\u00f3gico no trabalho.<\/p>\n\n\n<div class=\"wp-block-image\">\n<figure class=\"aligncenter size-full\"><img loading=\"lazy\" decoding=\"async\" width=\"553\" height=\"369\" src=\"https:\/\/dedemesquita.com.br\/wp-content\/uploads\/2023\/08\/WhatsApp-Image-2023-08-08-at-18.24.30.jpeg\" alt=\"\" class=\"wp-image-7070\"\/><figcaption class=\"wp-element-caption\">Josiane Miranda em pauta na assessoria de comunica\u00e7\u00e3o da Prefeitura de Ananindeua <\/figcaption><\/figure><\/div>\n\n\n<p>&#8212;&#8212;&#8212;&#8212;&#8212;&#8212;&#8212;&#8212;&#8212;&#8212;&#8212;&#8212;&#8212;&#8212;&#8212;&#8212;&#8212;&#8212;&#8212;&#8212;&#8212;&#8212;&#8212;&#8212;&#8212;&#8212;&#8212;&#8212;&#8212;&#8212;&#8212;&#8212;&#8212;&#8212;&#8212;&#8212;&#8212;<\/p>\n\n\n\n<p><strong>Outras mudan\u00e7as &#8211; <\/strong>Ainda no tema Prefeitura de Ananindeua, houve algumas mudan\u00e7as por l\u00e1, al\u00e9m da sa\u00edda de Josiane. <strong>Babi Matoso<\/strong>, que respondia pela Ascom da Secretaria Municipal de Sa\u00fade, n\u00e3o quis mais continuar na equipe e est\u00e1 somente na <strong>assessoraria da Bas\u00edlica de Nazar\u00e9<\/strong>. No lugar de Babi, entrou <strong>Klyvia Soares<\/strong>; <strong>Lucas Rocha<\/strong>, que passou pelo TRT-PA, voltou pra Ascom da Prefeitura. E na Semed, ficou <strong>Jordan Navegantes<\/strong>, depois de passagens pelo portal Roma News e Mais TV.<\/p>\n\n\n<div class=\"wp-block-image\">\n<figure class=\"aligncenter size-full\"><img loading=\"lazy\" decoding=\"async\" width=\"435\" height=\"531\" src=\"https:\/\/dedemesquita.com.br\/wp-content\/uploads\/2023\/08\/WhatsApp-Image-2023-08-08-at-18.32.25.jpeg\" alt=\"\" class=\"wp-image-7073\"\/><figcaption class=\"wp-element-caption\">Babi Matoso foi mais uma a deixar a comunica\u00e7\u00e3o de Ananindeua<\/figcaption><\/figure><\/div>\n\n<div class=\"wp-block-image\">\n<figure class=\"aligncenter size-full\"><img loading=\"lazy\" decoding=\"async\" width=\"463\" height=\"542\" src=\"https:\/\/dedemesquita.com.br\/wp-content\/uploads\/2023\/08\/WhatsApp-Image-2023-08-08-at-18.28.07.jpeg\" alt=\"\" class=\"wp-image-7071\"\/><figcaption class=\"wp-element-caption\">Jordan Navegantes est\u00e1 na comunica\u00e7\u00e3o da Semed\/ Ananindeua <\/figcaption><\/figure><\/div>\n\n\n<p><strong>Bebel &#8211;<\/strong> A locutora, radialista e editora<strong> Bebel Chaves<\/strong>, que tamb\u00e9m deixou a comunica\u00e7\u00e3o de Ananindeua, est\u00e1 na <strong>R\u00e1dio Unama 105.5 FM. <\/strong> <\/p>\n\n\n\n<p><strong>Sinjor &#8211;<\/strong> O <strong>Sindicato de Jornalistas no Estado do Par\u00e1 &#8211; Sinjor-PA<\/strong> participou no s\u00e1bado, dia 5, da programa\u00e7\u00e3o <strong>\u201cDi\u00e1logos Amaz\u00f4nicos\u201d<\/strong>, em Bel\u00e9m, na atividade organizada pelo Conselho Nacional de Direitos Humanos \u2013 CNDH, em prepara\u00e7\u00e3o \u00e0 <strong>C\u00fapula da Amaz\u00f4nia<\/strong>, tamb\u00e9m realizada na capital paraense. O presidente do Sindicato, <strong>Vito Gemaque<\/strong>, apresentou o Relat\u00f3rio de Viol\u00eancias Contra Jornalistas no Estado do Par\u00e1 2022 para os participantes da atividade autogestionada &#8220;A prote\u00e7\u00e3o das\/os defensoras\/es de Direitos Humanos, comunicadores\/\u00e9s e ambientalistas amaz\u00f4nicas\/os: debates sobre necessidades espec\u00edficas para a subsidiar a pol\u00edtica p\u00fablica&#8221;. A vice-presidente do Sinjor-PA, <strong>Rose Gomes<\/strong>, tamb\u00e9m participou da atividade de maneira remota. O relat\u00f3rio, elaborado esse ano pelo Grupo de Trabalho de Enfrentamento \u00e0 Viol\u00eancias Contra Jornalistas, mostrou que o ano de 2022 foi o mais violento na hist\u00f3ria para a categoria no Estado do Par\u00e1 com 21 agress\u00f5es.<\/p>\n\n\n<div class=\"wp-block-image\">\n<figure class=\"aligncenter size-full\"><img loading=\"lazy\" decoding=\"async\" width=\"750\" height=\"435\" src=\"https:\/\/dedemesquita.com.br\/wp-content\/uploads\/2023\/08\/SINJOR.jpg\" alt=\"\" class=\"wp-image-7068\"\/><figcaption class=\"wp-element-caption\">Integrantes do Sinjor-PA na programa\u00e7\u00e3o &#8220;Di\u00e1logos Amaz\u00f4nicos&#8221; <\/figcaption><\/figure><\/div>","protected":false},"excerpt":{"rendered":"<p>Bel\u00e9m, 8 de agosto de 2023 &#8211; Mais uma ter\u00e7a-feira em que estamos tentando manter lucidez e calma nas atualiza\u00e7\u00f5es sobre a imprensa de Bel\u00e9m, mas tem gente que N\u00c3O ajuda&#8230; De novo, Mamacita &#8211; Aquilo que j\u00e1 n\u00e3o \u00e9 mais novidade por aqui, neste site: os desmandos e abusos da Mamacita do Mal de [&hellip;]<\/p>\n","protected":false},"author":2,"featured_media":7074,"comment_status":"open","ping_status":"open","sticky":false,"template":"","format":"standard","meta":{"footnotes":""},"categories":[51,14,29],"tags":[119,120,417,273,130],"class_list":["post-7067","post","type-post","status-publish","format-standard","has-post-thumbnail","hentry","category-destaque","category-imprensa","category-jornalismo","tag-jornalismo","tag-jornalistas-paraenses-em-acao","tag-mamacita-do-mal-de-ananindeua","tag-prefeitura-de-ananindeua","tag-sinjor-pa"],"yoast_head":"<!-- This site is optimized with the Yoast SEO plugin v19.10 - https:\/\/yoast.com\/wordpress\/plugins\/seo\/ -->\n<title>Mamacita do Mal de Ananindeua apronta mais uma e outras not\u00edcias sobre a imprensa no Par\u00e1 - Ded\u00e9 Mesquita<\/title>\n<meta name=\"robots\" content=\"index, follow, max-snippet:-1, max-image-preview:large, max-video-preview:-1\" \/>\n<link rel=\"canonical\" href=\"https:\/\/dedemesquita.com.br\/?p=7067\" \/>\n<meta property=\"og:locale\" content=\"pt_BR\" \/>\n<meta property=\"og:type\" content=\"article\" \/>\n<meta property=\"og:title\" content=\"Mamacita do Mal de Ananindeua apronta mais uma e outras not\u00edcias sobre a imprensa no Par\u00e1 - Ded\u00e9 Mesquita\" \/>\n<meta property=\"og:description\" content=\"Bel\u00e9m, 8 de agosto de 2023 &#8211; Mais uma ter\u00e7a-feira em que estamos tentando manter lucidez e calma nas atualiza\u00e7\u00f5es sobre a imprensa de Bel\u00e9m, mas tem gente que N\u00c3O ajuda&#8230; De novo, Mamacita &#8211; Aquilo que j\u00e1 n\u00e3o \u00e9 mais novidade por aqui, neste site: os desmandos e abusos da Mamacita do Mal de [&hellip;]\" \/>\n<meta property=\"og:url\" content=\"https:\/\/dedemesquita.com.br\/?p=7067\" \/>\n<meta property=\"og:site_name\" content=\"Ded\u00e9 Mesquita\" \/>\n<meta property=\"article:publisher\" content=\"https:\/\/www.facebook.com\/dede.mesquita\" \/>\n<meta property=\"article:published_time\" content=\"2023-08-08T21:41:27+00:00\" \/>\n<meta property=\"article:modified_time\" content=\"2023-08-08T21:56:37+00:00\" \/>\n<meta property=\"og:image\" content=\"https:\/\/dedemesquita.com.br\/wp-content\/uploads\/2023\/08\/WhatsApp-Image-2023-08-08-at-18.38.48.jpeg\" \/>\n\t<meta property=\"og:image:width\" content=\"950\" \/>\n\t<meta property=\"og:image:height\" content=\"378\" \/>\n\t<meta property=\"og:image:type\" content=\"image\/jpeg\" \/>\n<meta name=\"author\" content=\"Ded\u00e9 Mesquita\" \/>\n<meta name=\"twitter:card\" content=\"summary_large_image\" \/>\n<meta name=\"twitter:creator\" content=\"@dedemesquita\" \/>\n<meta name=\"twitter:site\" content=\"@dedemesquita\" \/>\n<meta name=\"twitter:label1\" content=\"Escrito por\" \/>\n\t<meta name=\"twitter:data1\" content=\"Ded\u00e9 Mesquita\" \/>\n\t<meta name=\"twitter:label2\" content=\"Est. tempo de leitura\" \/>\n\t<meta name=\"twitter:data2\" content=\"3 minutos\" \/>\n<script type=\"application\/ld+json\" class=\"yoast-schema-graph\">{\"@context\":\"https:\/\/schema.org\",\"@graph\":[{\"@type\":\"WebPage\",\"@id\":\"https:\/\/dedemesquita.com.br\/?p=7067\",\"url\":\"https:\/\/dedemesquita.com.br\/?p=7067\",\"name\":\"Mamacita do Mal de Ananindeua apronta mais uma e outras not\u00edcias sobre a imprensa no Par\u00e1 - Ded\u00e9 Mesquita\",\"isPartOf\":{\"@id\":\"https:\/\/dedemesquita.com.br\/#website\"},\"datePublished\":\"2023-08-08T21:41:27+00:00\",\"dateModified\":\"2023-08-08T21:56:37+00:00\",\"author\":{\"@id\":\"https:\/\/dedemesquita.com.br\/#\/schema\/person\/36571f81dd2d76dc3ab37231542c9e24\"},\"breadcrumb\":{\"@id\":\"https:\/\/dedemesquita.com.br\/?p=7067#breadcrumb\"},\"inLanguage\":\"pt-BR\",\"potentialAction\":[{\"@type\":\"ReadAction\",\"target\":[\"https:\/\/dedemesquita.com.br\/?p=7067\"]}]},{\"@type\":\"BreadcrumbList\",\"@id\":\"https:\/\/dedemesquita.com.br\/?p=7067#breadcrumb\",\"itemListElement\":[{\"@type\":\"ListItem\",\"position\":1,\"name\":\"In\u00edcio\",\"item\":\"https:\/\/dedemesquita.com.br\/\"},{\"@type\":\"ListItem\",\"position\":2,\"name\":\"Mamacita do Mal de Ananindeua apronta mais uma e outras not\u00edcias sobre a imprensa no Par\u00e1\"}]},{\"@type\":\"WebSite\",\"@id\":\"https:\/\/dedemesquita.com.br\/#website\",\"url\":\"https:\/\/dedemesquita.com.br\/\",\"name\":\"Ded\u00e9 Mesquita\",\"description\":\"Um site que mostra os bastidores da imprensa no estado do Par\u00e1 e em Bel\u00e9m\",\"potentialAction\":[{\"@type\":\"SearchAction\",\"target\":{\"@type\":\"EntryPoint\",\"urlTemplate\":\"https:\/\/dedemesquita.com.br\/?s={search_term_string}\"},\"query-input\":\"required name=search_term_string\"}],\"inLanguage\":\"pt-BR\"},{\"@type\":\"Person\",\"@id\":\"https:\/\/dedemesquita.com.br\/#\/schema\/person\/36571f81dd2d76dc3ab37231542c9e24\",\"name\":\"Ded\u00e9 Mesquita\",\"image\":{\"@type\":\"ImageObject\",\"inLanguage\":\"pt-BR\",\"@id\":\"https:\/\/dedemesquita.com.br\/#\/schema\/person\/image\/\",\"url\":\"https:\/\/dedemesquita.com.br\/wp-content\/uploads\/2021\/02\/foto_perfil-150x150.jpg\",\"contentUrl\":\"https:\/\/dedemesquita.com.br\/wp-content\/uploads\/2021\/02\/foto_perfil-150x150.jpg\",\"caption\":\"Ded\u00e9 Mesquita\"},\"sameAs\":[\"https:\/\/dedemesquita.com.br\"]}]}<\/script>\n<!-- \/ Yoast SEO plugin. -->","yoast_head_json":{"title":"Mamacita do Mal de Ananindeua apronta mais uma e outras not\u00edcias sobre a imprensa no Par\u00e1 - Ded\u00e9 Mesquita","robots":{"index":"index","follow":"follow","max-snippet":"max-snippet:-1","max-image-preview":"max-image-preview:large","max-video-preview":"max-video-preview:-1"},"canonical":"https:\/\/dedemesquita.com.br\/?p=7067","og_locale":"pt_BR","og_type":"article","og_title":"Mamacita do Mal de Ananindeua apronta mais uma e outras not\u00edcias sobre a imprensa no Par\u00e1 - Ded\u00e9 Mesquita","og_description":"Bel\u00e9m, 8 de agosto de 2023 &#8211; Mais uma ter\u00e7a-feira em que estamos tentando manter lucidez e calma nas atualiza\u00e7\u00f5es sobre a imprensa de Bel\u00e9m, mas tem gente que N\u00c3O ajuda&#8230; De novo, Mamacita &#8211; Aquilo que j\u00e1 n\u00e3o \u00e9 mais novidade por aqui, neste site: os desmandos e abusos da Mamacita do Mal de [&hellip;]","og_url":"https:\/\/dedemesquita.com.br\/?p=7067","og_site_name":"Ded\u00e9 Mesquita","article_publisher":"https:\/\/www.facebook.com\/dede.mesquita","article_published_time":"2023-08-08T21:41:27+00:00","article_modified_time":"2023-08-08T21:56:37+00:00","og_image":[{"width":950,"height":378,"url":"https:\/\/dedemesquita.com.br\/wp-content\/uploads\/2023\/08\/WhatsApp-Image-2023-08-08-at-18.38.48.jpeg","type":"image\/jpeg"}],"author":"Ded\u00e9 Mesquita","twitter_card":"summary_large_image","twitter_creator":"@dedemesquita","twitter_site":"@dedemesquita","twitter_misc":{"Escrito por":"Ded\u00e9 Mesquita","Est. tempo de leitura":"3 minutos"},"schema":{"@context":"https:\/\/schema.org","@graph":[{"@type":"WebPage","@id":"https:\/\/dedemesquita.com.br\/?p=7067","url":"https:\/\/dedemesquita.com.br\/?p=7067","name":"Mamacita do Mal de Ananindeua apronta mais uma e outras not\u00edcias sobre a imprensa no Par\u00e1 - Ded\u00e9 Mesquita","isPartOf":{"@id":"https:\/\/dedemesquita.com.br\/#website"},"datePublished":"2023-08-08T21:41:27+00:00","dateModified":"2023-08-08T21:56:37+00:00","author":{"@id":"https:\/\/dedemesquita.com.br\/#\/schema\/person\/36571f81dd2d76dc3ab37231542c9e24"},"breadcrumb":{"@id":"https:\/\/dedemesquita.com.br\/?p=7067#breadcrumb"},"inLanguage":"pt-BR","potentialAction":[{"@type":"ReadAction","target":["https:\/\/dedemesquita.com.br\/?p=7067"]}]},{"@type":"BreadcrumbList","@id":"https:\/\/dedemesquita.com.br\/?p=7067#breadcrumb","itemListElement":[{"@type":"ListItem","position":1,"name":"In\u00edcio","item":"https:\/\/dedemesquita.com.br\/"},{"@type":"ListItem","position":2,"name":"Mamacita do Mal de Ananindeua apronta mais uma e outras not\u00edcias sobre a imprensa no Par\u00e1"}]},{"@type":"WebSite","@id":"https:\/\/dedemesquita.com.br\/#website","url":"https:\/\/dedemesquita.com.br\/","name":"Ded\u00e9 Mesquita","description":"Um site que mostra os bastidores da imprensa no estado do Par\u00e1 e em Bel\u00e9m","potentialAction":[{"@type":"SearchAction","target":{"@type":"EntryPoint","urlTemplate":"https:\/\/dedemesquita.com.br\/?s={search_term_string}"},"query-input":"required name=search_term_string"}],"inLanguage":"pt-BR"},{"@type":"Person","@id":"https:\/\/dedemesquita.com.br\/#\/schema\/person\/36571f81dd2d76dc3ab37231542c9e24","name":"Ded\u00e9 Mesquita","image":{"@type":"ImageObject","inLanguage":"pt-BR","@id":"https:\/\/dedemesquita.com.br\/#\/schema\/person\/image\/","url":"https:\/\/dedemesquita.com.br\/wp-content\/uploads\/2021\/02\/foto_perfil-150x150.jpg","contentUrl":"https:\/\/dedemesquita.com.br\/wp-content\/uploads\/2021\/02\/foto_perfil-150x150.jpg","caption":"Ded\u00e9 Mesquita"},"sameAs":["https:\/\/dedemesquita.com.br"]}]}},"_links":{"self":[{"href":"https:\/\/dedemesquita.com.br\/index.php?rest_route=\/wp\/v2\/posts\/7067"}],"collection":[{"href":"https:\/\/dedemesquita.com.br\/index.php?rest_route=\/wp\/v2\/posts"}],"about":[{"href":"https:\/\/dedemesquita.com.br\/index.php?rest_route=\/wp\/v2\/types\/post"}],"author":[{"embeddable":true,"href":"https:\/\/dedemesquita.com.br\/index.php?rest_route=\/wp\/v2\/users\/2"}],"replies":[{"embeddable":true,"href":"https:\/\/dedemesquita.com.br\/index.php?rest_route=%2Fwp%2Fv2%2Fcomments&post=7067"}],"version-history":[{"count":5,"href":"https:\/\/dedemesquita.com.br\/index.php?rest_route=\/wp\/v2\/posts\/7067\/revisions"}],"predecessor-version":[{"id":7077,"href":"https:\/\/dedemesquita.com.br\/index.php?rest_route=\/wp\/v2\/posts\/7067\/revisions\/7077"}],"wp:featuredmedia":[{"embeddable":true,"href":"https:\/\/dedemesquita.com.br\/index.php?rest_route=\/wp\/v2\/media\/7074"}],"wp:attachment":[{"href":"https:\/\/dedemesquita.com.br\/index.php?rest_route=%2Fwp%2Fv2%2Fmedia&parent=7067"}],"wp:term":[{"taxonomy":"category","embeddable":true,"href":"https:\/\/dedemesquita.com.br\/index.php?rest_route=%2Fwp%2Fv2%2Fcategories&post=7067"},{"taxonomy":"post_tag","embeddable":true,"href":"https:\/\/dedemesquita.com.br\/index.php?rest_route=%2Fwp%2Fv2%2Ftags&post=7067"}],"curies":[{"name":"wp","href":"https:\/\/api.w.org\/{rel}","templated":true}]}}