{"id":6951,"date":"2023-07-18T14:51:27","date_gmt":"2023-07-18T17:51:27","guid":{"rendered":"https:\/\/dedemesquita.com.br\/?p=6951"},"modified":"2023-07-18T15:22:45","modified_gmt":"2023-07-18T18:22:45","slug":"jornalismo-paraense-perde-luis-eduardo-anaice-e-outras-noticias-da-imprensa-em-belem","status":"publish","type":"post","link":"https:\/\/dedemesquita.com.br\/?p=6951","title":{"rendered":"Jornalismo paraense perde Lu\u00eds Eduardo Anaice e outras not\u00edcias da imprensa em Bel\u00e9m"},"content":{"rendered":"\n<p>Uma not\u00edcia que este site n\u00e3o gosta, nem um pouco, de noticiar \u00e9 sobre a morte de colegas de trabalho, mas elas chegam e precisam ser publicadas. Infelizmente. <\/p>\n\n\n\n<p><strong>Morre Lu\u00eds Eduardo Anaice &#8211; <\/strong>O jornalismo paraense ficou mais pobre nesta ter\u00e7a-feira, 18, com a morte do<strong> jornalista e apresentador Lu\u00eds Eduardo Anaice<\/strong>, um dos mais ic\u00f4nicos e importantes comunicadores do estado do Par\u00e1, que construiu uma carreira toda na<strong> RBA TV<\/strong>. Segundo informa\u00e7\u00f5es m\u00e9dicas recebidas pela equipe da RBA, Anaice, que nasceu em Macap\u00e1, capital do Amap\u00e1, sofreu um ataque card\u00edaco e morreu no Hospital do Cora\u00e7\u00e3o, em Bel\u00e9m. Muito conhecido por sua irrever\u00eancia e bom humor, Anaice trabalhou na R\u00e1dio Clube e na R\u00e1dio Marajoara e posteriormente migrou para a TV, no ano de 1992, onde comandou diversos programas jornal\u00edsticos, entre eles <strong>\u201cMetendo Bronca\u201d<\/strong>, <strong>\u201cBarra Pesada\u201d<\/strong>, com o qual se tornou conhecido, <strong>\u201cBora Cidade\u201d<\/strong>, entre outros. Anaice tinha 69 anos e entre os bord\u00f5es que ele criou, o mais conhecido era <strong>&#8220;Chicote neles&#8221;<\/strong>, que ele falava, usando um chicote de verdade nas m\u00e3os. <\/p>\n\n\n<div class=\"wp-block-image\">\n<figure class=\"aligncenter size-full\"><img loading=\"lazy\" decoding=\"async\" width=\"584\" height=\"700\" src=\"https:\/\/dedemesquita.com.br\/wp-content\/uploads\/2023\/07\/WhatsApp-Image-2023-07-18-at-13.11.27.jpeg\" alt=\"\" class=\"wp-image-6953\"\/><figcaption class=\"wp-element-caption\">Anaice ficou conhecido pela irrever\u00eancia com a qual tratava assuntos pesados da viol\u00eancia em Bel\u00e9m<\/figcaption><\/figure><\/div>\n\n\n<p><strong>Outras not\u00edcias<\/strong><\/p>\n\n\n\n<p><strong>Brenda &#8211; <\/strong>A jornalista <strong>Brenda Maciel <\/strong>deixou a <strong>Funtelpa<\/strong>, depois de 15 anos. Ela passou no concurso da Pol\u00edcia Civil do Par\u00e1. <\/p>\n\n\n<div class=\"wp-block-image\">\n<figure class=\"aligncenter size-full\"><img loading=\"lazy\" decoding=\"async\" width=\"498\" height=\"428\" src=\"https:\/\/dedemesquita.com.br\/wp-content\/uploads\/2023\/07\/brenda-maciel.jpg\" alt=\"\" class=\"wp-image-6963\"\/><figcaption class=\"wp-element-caption\">Brenda Maciel agora \u00e9 da Pol\u00edcia Civil do Par\u00e1<\/figcaption><\/figure><\/div>\n\n\n<p><strong>Edyr Augusto &#8211;<\/strong> Na segunda-feira, 17,\u00a0em S\u00e3o Paulo, o escritor <strong>Edyr Augusto\u00a0<\/strong>recebeu o pr\u00eamio APCA pelo livro de contos\u00a0&#8220;<strong>Eu j\u00e1 morri&#8221;<\/strong>. Com oito livros publicados, a produ\u00e7\u00e3o liter\u00e1ria de Edyr est\u00e1 sendo adquirida para diversas adapta\u00e7\u00f5es cinematogr\u00e1ficas. Nascido em Bel\u00e9m, Edyr \u00e9 contista, cronista, romancista, poeta, jornalista, radialista e dramaturgo. Suas narrativas est\u00e3o todas ancoradas na realidade paraense.\u00a0<\/p>\n\n\n<div class=\"wp-block-image\">\n<figure class=\"aligncenter size-full\"><img loading=\"lazy\" decoding=\"async\" width=\"483\" height=\"645\" src=\"https:\/\/dedemesquita.com.br\/wp-content\/uploads\/2023\/07\/Edyr-Augusto.jpeg\" alt=\"\" class=\"wp-image-6967\"\/><figcaption class=\"wp-element-caption\">Edyr Augusto e o pr\u00eamio ACPA <\/figcaption><\/figure><\/div>\n\n\n<p><strong>Indica\u00e7\u00e3o ao Emmy &#8211;<\/strong> O telejornal <strong>\u201cPIX11 Weekend Morning News\u201d<\/strong>, produzido e veiculado nos EUA, acaba de receber uma indica\u00e7\u00e3o ao <strong>pr\u00eamio Emmy<\/strong>, na categoria Melhor Telejornal, um ano ap\u00f3s come\u00e7ar a ser produzido. O jornalista paraense<strong> Geovany Dias<\/strong> o criou, do zero, e o lan\u00e7ou em fevereiro de 2022. Cada quadro, cada produ\u00e7\u00e3o especial e cada script, foi pensado por Dias.<\/p>\n\n\n<div class=\"wp-block-image\">\n<figure class=\"aligncenter size-full\"><img loading=\"lazy\" decoding=\"async\" width=\"493\" height=\"474\" src=\"https:\/\/dedemesquita.com.br\/wp-content\/uploads\/2023\/07\/WhatsApp-Image-2023-07-18-at-15.09.42.jpeg\" alt=\"\" class=\"wp-image-6964\"\/><figcaption class=\"wp-element-caption\">Geovany Dias mora e trabalha nos EUA <\/figcaption><\/figure><\/div>\n\n\n<p><strong>L\u00facia Le\u00e3o &#8211;<\/strong> Ap\u00f3s quatro d\u00e9cadas atuando como jornalista, metade deles como editora-chefe de grandes redes de televis\u00e3o do pa\u00eds, como Globo, SBT e Band, a paraense, nascida em Marab\u00e1, <strong>L\u00facia Le\u00e3o<\/strong>, voltou \u00e0 sua terra natal para o lan\u00e7amento de seu primeiro livro, intitulado <strong>\u201cIntelig\u00eancia Artificial Generativa &#8211; Modo de Usar\u201d<\/strong>. O evento foi realizado na sexta-feira, 14, no Museu Municipal Francisco Coelho, na Marab\u00e1 Pioneira, com a participa\u00e7\u00e3o muitas pessoas, que acompanharam uma palestra sobre a tem\u00e1tica. A obra est\u00e1 dispon\u00edvel apenas no formato digital e mais detalhes podem ser acessados no site da jornalista <a href=\"https:\/\/lucialeao.com.br\/\"><strong>https:\/\/lucialeao.com.br\/<\/strong><\/a><\/p>\n\n\n<div class=\"wp-block-image\">\n<figure class=\"aligncenter size-full\"><img loading=\"lazy\" decoding=\"async\" width=\"750\" height=\"546\" src=\"https:\/\/dedemesquita.com.br\/wp-content\/uploads\/2023\/07\/Lucia-Leao.jpeg\" alt=\"\" class=\"wp-image-6955\"\/><figcaption class=\"wp-element-caption\">L\u00facia Le\u00e3o lan\u00e7ou livro em Marab\u00e1 <\/figcaption><\/figure><\/div>\n\n\n<p><strong>Site de Benigna &#8211; <\/strong>A jornalista <strong>Benigna Soares<\/strong> est\u00e1 de site novo, onde \u00e9 editora-chefe. Confira aqui: <a href=\"http:\/\/www.visitamazonia.com.br\"><strong>www.visitamazonia.com.br<\/strong><\/a><\/p>\n\n\n<div class=\"wp-block-image\">\n<figure class=\"aligncenter size-full\"><img loading=\"lazy\" decoding=\"async\" width=\"338\" height=\"382\" src=\"https:\/\/dedemesquita.com.br\/wp-content\/uploads\/2023\/07\/Benigna-Soares.jpeg\" alt=\"\" class=\"wp-image-6957\"\/><figcaption class=\"wp-element-caption\">Benigna Soares est\u00e1 com site novo <\/figcaption><\/figure><\/div>\n\n\n<p><strong>O Amaz\u00f4nico &#8211; <\/strong>Quem tamb\u00e9m lan\u00e7ou novo site foi <strong>Toni Remigio<\/strong>. O site \u00e9 este aqui: <a href=\"https:\/\/www.oamazonico.com.br\/\"><strong>https:\/\/www.oamazonico.com.br\/<\/strong><\/a><\/p>\n\n\n<div class=\"wp-block-image\">\n<figure class=\"aligncenter size-full\"><img loading=\"lazy\" decoding=\"async\" width=\"800\" height=\"321\" src=\"https:\/\/dedemesquita.com.br\/wp-content\/uploads\/2023\/07\/WhatsApp-Image-2023-07-17-at-16.17.10.jpeg\" alt=\"\" class=\"wp-image-6956\" srcset=\"https:\/\/dedemesquita.com.br\/wp-content\/uploads\/2023\/07\/WhatsApp-Image-2023-07-17-at-16.17.10.jpeg 800w, https:\/\/dedemesquita.com.br\/wp-content\/uploads\/2023\/07\/WhatsApp-Image-2023-07-17-at-16.17.10-768x308.jpeg 768w\" sizes=\"(max-width: 800px) 100vw, 800px\" \/><figcaption class=\"wp-element-caption\">Site de Toni Remigio<\/figcaption><\/figure><\/div>\n\n\n<p><strong>Bianca &#8211; <\/strong>A jornalista e publicit\u00e1ria <strong>Bianca Teixeira<\/strong> divulgou que j\u00e1 est\u00e1 trabalhando h\u00e1 algum tempo como coordenadora de comunica\u00e7\u00e3o e relacionamento institucional na <strong>WeDo _Di\u00e1logo<\/strong>, do estado do Tocantins. Quem tamb\u00e9m faz parte da equipe do site \u00e9 <strong>Aretha Fernandes<\/strong>, que trabalhou no jornal Amaz\u00f4nia, em Bel\u00e9m. <\/p>\n\n\n<div class=\"wp-block-image\">\n<figure class=\"aligncenter size-full\"><img loading=\"lazy\" decoding=\"async\" width=\"323\" height=\"318\" src=\"https:\/\/dedemesquita.com.br\/wp-content\/uploads\/2023\/07\/WhatsApp-Image-2023-07-18-at-14.50.47.jpeg\" alt=\"\" class=\"wp-image-6958\"\/><figcaption class=\"wp-element-caption\">Bianca Teixeira <\/figcaption><\/figure><\/div>","protected":false},"excerpt":{"rendered":"<p>Uma not\u00edcia que este site n\u00e3o gosta, nem um pouco, de noticiar \u00e9 sobre a morte de colegas de trabalho, mas elas chegam e precisam ser publicadas. Infelizmente. Morre Lu\u00eds Eduardo Anaice &#8211; O jornalismo paraense ficou mais pobre nesta ter\u00e7a-feira, 18, com a morte do jornalista e apresentador Lu\u00eds Eduardo Anaice, um dos mais [&hellip;]<\/p>\n","protected":false},"author":2,"featured_media":6952,"comment_status":"open","ping_status":"open","sticky":false,"template":"","format":"standard","meta":{"footnotes":""},"categories":[51,14,29],"tags":[181,119,120,451,145],"class_list":["post-6951","post","type-post","status-publish","format-standard","has-post-thumbnail","hentry","category-destaque","category-imprensa","category-jornalismo","tag-diario-do-para","tag-jornalismo","tag-jornalistas-paraenses-em-acao","tag-luis-eduardo-anaice","tag-rbatv"],"yoast_head":"<!-- This site is optimized with the Yoast SEO plugin v19.10 - https:\/\/yoast.com\/wordpress\/plugins\/seo\/ -->\n<title>Jornalismo paraense perde Lu\u00eds Eduardo Anaice e outras not\u00edcias da imprensa em Bel\u00e9m - Ded\u00e9 Mesquita<\/title>\n<meta name=\"robots\" content=\"index, follow, max-snippet:-1, max-image-preview:large, max-video-preview:-1\" \/>\n<link rel=\"canonical\" href=\"https:\/\/dedemesquita.com.br\/?p=6951\" \/>\n<meta property=\"og:locale\" content=\"pt_BR\" \/>\n<meta property=\"og:type\" content=\"article\" \/>\n<meta property=\"og:title\" content=\"Jornalismo paraense perde Lu\u00eds Eduardo Anaice e outras not\u00edcias da imprensa em Bel\u00e9m - Ded\u00e9 Mesquita\" \/>\n<meta property=\"og:description\" content=\"Uma not\u00edcia que este site n\u00e3o gosta, nem um pouco, de noticiar \u00e9 sobre a morte de colegas de trabalho, mas elas chegam e precisam ser publicadas. Infelizmente. Morre Lu\u00eds Eduardo Anaice &#8211; O jornalismo paraense ficou mais pobre nesta ter\u00e7a-feira, 18, com a morte do jornalista e apresentador Lu\u00eds Eduardo Anaice, um dos mais [&hellip;]\" \/>\n<meta property=\"og:url\" content=\"https:\/\/dedemesquita.com.br\/?p=6951\" \/>\n<meta property=\"og:site_name\" content=\"Ded\u00e9 Mesquita\" \/>\n<meta property=\"article:publisher\" content=\"https:\/\/www.facebook.com\/dede.mesquita\" \/>\n<meta property=\"article:published_time\" content=\"2023-07-18T17:51:27+00:00\" \/>\n<meta property=\"article:modified_time\" content=\"2023-07-18T18:22:45+00:00\" \/>\n<meta property=\"og:image\" content=\"https:\/\/dedemesquita.com.br\/wp-content\/uploads\/2023\/07\/WhatsApp-Image-2023-07-18-at-13.54.23.jpeg\" \/>\n\t<meta property=\"og:image:width\" content=\"900\" \/>\n\t<meta property=\"og:image:height\" content=\"510\" \/>\n\t<meta property=\"og:image:type\" content=\"image\/jpeg\" \/>\n<meta name=\"author\" content=\"Ded\u00e9 Mesquita\" \/>\n<meta name=\"twitter:card\" content=\"summary_large_image\" \/>\n<meta name=\"twitter:creator\" content=\"@dedemesquita\" \/>\n<meta name=\"twitter:site\" content=\"@dedemesquita\" \/>\n<meta name=\"twitter:label1\" content=\"Escrito por\" \/>\n\t<meta name=\"twitter:data1\" content=\"Ded\u00e9 Mesquita\" \/>\n\t<meta name=\"twitter:label2\" content=\"Est. tempo de leitura\" \/>\n\t<meta name=\"twitter:data2\" content=\"3 minutos\" \/>\n<script type=\"application\/ld+json\" class=\"yoast-schema-graph\">{\"@context\":\"https:\/\/schema.org\",\"@graph\":[{\"@type\":\"WebPage\",\"@id\":\"https:\/\/dedemesquita.com.br\/?p=6951\",\"url\":\"https:\/\/dedemesquita.com.br\/?p=6951\",\"name\":\"Jornalismo paraense perde Lu\u00eds Eduardo Anaice e outras not\u00edcias da imprensa em Bel\u00e9m - Ded\u00e9 Mesquita\",\"isPartOf\":{\"@id\":\"https:\/\/dedemesquita.com.br\/#website\"},\"datePublished\":\"2023-07-18T17:51:27+00:00\",\"dateModified\":\"2023-07-18T18:22:45+00:00\",\"author\":{\"@id\":\"https:\/\/dedemesquita.com.br\/#\/schema\/person\/36571f81dd2d76dc3ab37231542c9e24\"},\"breadcrumb\":{\"@id\":\"https:\/\/dedemesquita.com.br\/?p=6951#breadcrumb\"},\"inLanguage\":\"pt-BR\",\"potentialAction\":[{\"@type\":\"ReadAction\",\"target\":[\"https:\/\/dedemesquita.com.br\/?p=6951\"]}]},{\"@type\":\"BreadcrumbList\",\"@id\":\"https:\/\/dedemesquita.com.br\/?p=6951#breadcrumb\",\"itemListElement\":[{\"@type\":\"ListItem\",\"position\":1,\"name\":\"In\u00edcio\",\"item\":\"https:\/\/dedemesquita.com.br\/\"},{\"@type\":\"ListItem\",\"position\":2,\"name\":\"Jornalismo paraense perde Lu\u00eds Eduardo Anaice e outras not\u00edcias da imprensa em Bel\u00e9m\"}]},{\"@type\":\"WebSite\",\"@id\":\"https:\/\/dedemesquita.com.br\/#website\",\"url\":\"https:\/\/dedemesquita.com.br\/\",\"name\":\"Ded\u00e9 Mesquita\",\"description\":\"Um site que mostra os bastidores da imprensa no estado do Par\u00e1 e em Bel\u00e9m\",\"potentialAction\":[{\"@type\":\"SearchAction\",\"target\":{\"@type\":\"EntryPoint\",\"urlTemplate\":\"https:\/\/dedemesquita.com.br\/?s={search_term_string}\"},\"query-input\":\"required name=search_term_string\"}],\"inLanguage\":\"pt-BR\"},{\"@type\":\"Person\",\"@id\":\"https:\/\/dedemesquita.com.br\/#\/schema\/person\/36571f81dd2d76dc3ab37231542c9e24\",\"name\":\"Ded\u00e9 Mesquita\",\"image\":{\"@type\":\"ImageObject\",\"inLanguage\":\"pt-BR\",\"@id\":\"https:\/\/dedemesquita.com.br\/#\/schema\/person\/image\/\",\"url\":\"https:\/\/dedemesquita.com.br\/wp-content\/uploads\/2021\/02\/foto_perfil-150x150.jpg\",\"contentUrl\":\"https:\/\/dedemesquita.com.br\/wp-content\/uploads\/2021\/02\/foto_perfil-150x150.jpg\",\"caption\":\"Ded\u00e9 Mesquita\"},\"sameAs\":[\"https:\/\/dedemesquita.com.br\"]}]}<\/script>\n<!-- \/ Yoast SEO plugin. -->","yoast_head_json":{"title":"Jornalismo paraense perde Lu\u00eds Eduardo Anaice e outras not\u00edcias da imprensa em Bel\u00e9m - Ded\u00e9 Mesquita","robots":{"index":"index","follow":"follow","max-snippet":"max-snippet:-1","max-image-preview":"max-image-preview:large","max-video-preview":"max-video-preview:-1"},"canonical":"https:\/\/dedemesquita.com.br\/?p=6951","og_locale":"pt_BR","og_type":"article","og_title":"Jornalismo paraense perde Lu\u00eds Eduardo Anaice e outras not\u00edcias da imprensa em Bel\u00e9m - Ded\u00e9 Mesquita","og_description":"Uma not\u00edcia que este site n\u00e3o gosta, nem um pouco, de noticiar \u00e9 sobre a morte de colegas de trabalho, mas elas chegam e precisam ser publicadas. Infelizmente. Morre Lu\u00eds Eduardo Anaice &#8211; O jornalismo paraense ficou mais pobre nesta ter\u00e7a-feira, 18, com a morte do jornalista e apresentador Lu\u00eds Eduardo Anaice, um dos mais [&hellip;]","og_url":"https:\/\/dedemesquita.com.br\/?p=6951","og_site_name":"Ded\u00e9 Mesquita","article_publisher":"https:\/\/www.facebook.com\/dede.mesquita","article_published_time":"2023-07-18T17:51:27+00:00","article_modified_time":"2023-07-18T18:22:45+00:00","og_image":[{"width":900,"height":510,"url":"https:\/\/dedemesquita.com.br\/wp-content\/uploads\/2023\/07\/WhatsApp-Image-2023-07-18-at-13.54.23.jpeg","type":"image\/jpeg"}],"author":"Ded\u00e9 Mesquita","twitter_card":"summary_large_image","twitter_creator":"@dedemesquita","twitter_site":"@dedemesquita","twitter_misc":{"Escrito por":"Ded\u00e9 Mesquita","Est. tempo de leitura":"3 minutos"},"schema":{"@context":"https:\/\/schema.org","@graph":[{"@type":"WebPage","@id":"https:\/\/dedemesquita.com.br\/?p=6951","url":"https:\/\/dedemesquita.com.br\/?p=6951","name":"Jornalismo paraense perde Lu\u00eds Eduardo Anaice e outras not\u00edcias da imprensa em Bel\u00e9m - Ded\u00e9 Mesquita","isPartOf":{"@id":"https:\/\/dedemesquita.com.br\/#website"},"datePublished":"2023-07-18T17:51:27+00:00","dateModified":"2023-07-18T18:22:45+00:00","author":{"@id":"https:\/\/dedemesquita.com.br\/#\/schema\/person\/36571f81dd2d76dc3ab37231542c9e24"},"breadcrumb":{"@id":"https:\/\/dedemesquita.com.br\/?p=6951#breadcrumb"},"inLanguage":"pt-BR","potentialAction":[{"@type":"ReadAction","target":["https:\/\/dedemesquita.com.br\/?p=6951"]}]},{"@type":"BreadcrumbList","@id":"https:\/\/dedemesquita.com.br\/?p=6951#breadcrumb","itemListElement":[{"@type":"ListItem","position":1,"name":"In\u00edcio","item":"https:\/\/dedemesquita.com.br\/"},{"@type":"ListItem","position":2,"name":"Jornalismo paraense perde Lu\u00eds Eduardo Anaice e outras not\u00edcias da imprensa em Bel\u00e9m"}]},{"@type":"WebSite","@id":"https:\/\/dedemesquita.com.br\/#website","url":"https:\/\/dedemesquita.com.br\/","name":"Ded\u00e9 Mesquita","description":"Um site que mostra os bastidores da imprensa no estado do Par\u00e1 e em Bel\u00e9m","potentialAction":[{"@type":"SearchAction","target":{"@type":"EntryPoint","urlTemplate":"https:\/\/dedemesquita.com.br\/?s={search_term_string}"},"query-input":"required name=search_term_string"}],"inLanguage":"pt-BR"},{"@type":"Person","@id":"https:\/\/dedemesquita.com.br\/#\/schema\/person\/36571f81dd2d76dc3ab37231542c9e24","name":"Ded\u00e9 Mesquita","image":{"@type":"ImageObject","inLanguage":"pt-BR","@id":"https:\/\/dedemesquita.com.br\/#\/schema\/person\/image\/","url":"https:\/\/dedemesquita.com.br\/wp-content\/uploads\/2021\/02\/foto_perfil-150x150.jpg","contentUrl":"https:\/\/dedemesquita.com.br\/wp-content\/uploads\/2021\/02\/foto_perfil-150x150.jpg","caption":"Ded\u00e9 Mesquita"},"sameAs":["https:\/\/dedemesquita.com.br"]}]}},"_links":{"self":[{"href":"https:\/\/dedemesquita.com.br\/index.php?rest_route=\/wp\/v2\/posts\/6951"}],"collection":[{"href":"https:\/\/dedemesquita.com.br\/index.php?rest_route=\/wp\/v2\/posts"}],"about":[{"href":"https:\/\/dedemesquita.com.br\/index.php?rest_route=\/wp\/v2\/types\/post"}],"author":[{"embeddable":true,"href":"https:\/\/dedemesquita.com.br\/index.php?rest_route=\/wp\/v2\/users\/2"}],"replies":[{"embeddable":true,"href":"https:\/\/dedemesquita.com.br\/index.php?rest_route=%2Fwp%2Fv2%2Fcomments&post=6951"}],"version-history":[{"count":5,"href":"https:\/\/dedemesquita.com.br\/index.php?rest_route=\/wp\/v2\/posts\/6951\/revisions"}],"predecessor-version":[{"id":6968,"href":"https:\/\/dedemesquita.com.br\/index.php?rest_route=\/wp\/v2\/posts\/6951\/revisions\/6968"}],"wp:featuredmedia":[{"embeddable":true,"href":"https:\/\/dedemesquita.com.br\/index.php?rest_route=\/wp\/v2\/media\/6952"}],"wp:attachment":[{"href":"https:\/\/dedemesquita.com.br\/index.php?rest_route=%2Fwp%2Fv2%2Fmedia&parent=6951"}],"wp:term":[{"taxonomy":"category","embeddable":true,"href":"https:\/\/dedemesquita.com.br\/index.php?rest_route=%2Fwp%2Fv2%2Fcategories&post=6951"},{"taxonomy":"post_tag","embeddable":true,"href":"https:\/\/dedemesquita.com.br\/index.php?rest_route=%2Fwp%2Fv2%2Ftags&post=6951"}],"curies":[{"name":"wp","href":"https:\/\/api.w.org\/{rel}","templated":true}]}}