{"id":6932,"date":"2023-07-13T07:02:47","date_gmt":"2023-07-13T10:02:47","guid":{"rendered":"https:\/\/dedemesquita.com.br\/?p=6932"},"modified":"2023-07-13T19:22:30","modified_gmt":"2023-07-13T22:22:30","slug":"ao-mestre-com-carinho-jornalista-lucio-flavio-pinto-se-despede-do-jornalismo-diario","status":"publish","type":"post","link":"https:\/\/dedemesquita.com.br\/?p=6932","title":{"rendered":"&#8220;Ao mestre, com carinho&#8221;: jornalista L\u00facio Fl\u00e1vio Pinto se despede do jornalismo di\u00e1rio"},"content":{"rendered":"\n<p><strong>Bel\u00e9m, 13 de julho de 2023 &#8211; <\/strong>Quando eu decidi parar com a &#8220;vagabundagem&#8221;, depois de 10 anos sem estudar, e encarar de frente a profiss\u00e3o na qual eu j\u00e1 estava atuando, como jornalista, e fazer vestibular, j\u00e1 sabia que teria, caso passasse para o curso de Jornalismo, na UFPA, aulas com <strong>Lucio Fl\u00e1vio Pinto<\/strong>. Passei e esperei dois anos pelas aulas com quem foi, pra mim, <strong>um verdadeiro mestre<\/strong>. <\/p>\n\n\n\n<p>N\u00f3s t\u00ednhamos aulas com Lucio &#8211; <strong>nas disciplinas \u00c9tica e Hist\u00f3ria da Imprensa<\/strong> &#8211; das 16 \u00e0s 20 horas, sendo que as duas disciplinas se misturavam nos assuntos. E eu, da minha parte, foram quatro horas, \u00e0s segundas e quartas-feiras, com um pequeno intervalo, que muitas boas lembran\u00e7as me trazem. <\/p>\n\n\n\n<p>Ver a chegada de Lucio, sempre impec\u00e1vel, vestido de modo formal, com uma pasta na m\u00e3o, rompendo o calor senegalesco, \u00e0s 15h55, nas salas sem ar condicionado do bloco F, campus b\u00e1sico da UFPA, \u00e9 muito presente pra mim. Isso sem falar do &#8220;famoso&#8221; Passat, de um azul que n\u00e3o imagino de qual paleta. <\/p>\n\n\n\n<p>\u00c0s vezes, o Passat deixava Lucio &#8220;na m\u00e3o&#8221;. E nesses momentos, era comum estar com o mestre no mesmo &#8220;bus\u00e3o&#8221; UFPA-Presidente Vargas. Era o momento de conversar com Lucio sobre muitos assuntos, rompendo a quarta parede &#8220;professor-aluno&#8221;. Tenho \u00f3timas lembran\u00e7as dessas conversas.<\/p>\n\n\n\n<p>Depois de formada, consegui manter um contato, mesmo que m\u00ednimo com ele. Algumas vezes, nos encontr\u00e1vamos em algum evento em Bel\u00e9m. E a conversa sempre era das melhores. Mais tarde, as conversas passaram a ser por e-mail. Lucio sempre foi\/ \u00e9 de uma gentileza \u00edmpar comigo. <strong>No que que deixo aqui minha gratid\u00e3o. <\/strong><\/p>\n\n\n\n<p><strong>Parada &#8211; <\/strong>No \u00faltimo s\u00e1bado, dia 8, Lucio publicou que, devido ao diagn\u00f3stico de <strong>Mal de Parkinson<\/strong>, que agora come\u00e7a a afetar a cogni\u00e7\u00e3o dele, vai deixar o jornalismo di\u00e1rio. <\/p>\n\n\n\n<p>A convite do site <strong>Jornalista &amp; Cia<\/strong>, fiz uma entrevista com Lucio Fl\u00e1vio Pinto na qual ele fala sobre a carreira, a decis\u00e3o de desacelerar e o que o futuro reserva. <\/p>\n\n\n<div class=\"wp-block-image\">\n<figure class=\"aligncenter size-full\"><img loading=\"lazy\" decoding=\"async\" width=\"850\" height=\"508\" src=\"https:\/\/dedemesquita.com.br\/wp-content\/uploads\/2023\/07\/lucio_flavio_foto_abi-topaz-enhance-faceai.jpg\" alt=\"\" class=\"wp-image-6935\" srcset=\"https:\/\/dedemesquita.com.br\/wp-content\/uploads\/2023\/07\/lucio_flavio_foto_abi-topaz-enhance-faceai.jpg 850w, https:\/\/dedemesquita.com.br\/wp-content\/uploads\/2023\/07\/lucio_flavio_foto_abi-topaz-enhance-faceai-768x459.jpg 768w\" sizes=\"(max-width: 850px) 100vw, 850px\" \/><figcaption class=\"wp-element-caption\">O jornalista Lucio Fl\u00e1vio Pinto decidiu que \u00e9 o momento de parar com o jornalismo di\u00e1rio <\/figcaption><\/figure><\/div>\n\n\n<p><strong>Acompanhe a seguir: <\/strong><\/p>\n\n\n\n<p>O jornalista paraense Lucio Fl\u00e1vio Pinto, de 73 anos, natural de Santar\u00e9m, munic\u00edpio localizado na regi\u00e3o oeste do Par\u00e1, publicou no \u00faltimo s\u00e1bado, 8, no site Agenda Amaz\u00f4nica, escrito e editado por ele, que vai abandonar o jornalismo di\u00e1rio, depois de quase seis d\u00e9cadas dedicadas \u00e0 profiss\u00e3o. A motivo da decis\u00e3o \u00e9 que Lucio se descobriu portador do Mal de Parkinson, em 2018, uma doen\u00e7a degenerativa e sem cura, e que come\u00e7a a atingir a cogni\u00e7\u00e3o do jornalista.<\/p>\n\n\n\n<p>Em sua despedida, sob o t\u00edtulo \u201cPerd\u00e3o, leitores\u201d, Lucio escreveu \u201cFui alertado pelos m\u00e9dicos: na sua progress\u00e3o, o Parkinson poderia come\u00e7ar a atingir a minha cogni\u00e7\u00e3o; e eu seria abalado. Esse dia chegou. Mesmo lendo e relendo o extrato de um contrato, que motivou uma nota, j\u00e1 cancelada, voluntariamente, li errado e s\u00f3 percebi o erro neste momento. Acordei subitamente, assustado, j\u00e1 com a constata\u00e7\u00e3o do erro crasso que cometera por uma leitura prejudicada\u201d, esclareceu.<\/p>\n\n\n\n<p>\u201cS\u00f3 cancelar a nota, como fiz, n\u00e3o \u00e9 o suficiente. Depois de anos de conviv\u00eancia com a doen\u00e7a mental, este foi o primeiro erro desse tipo que cometi, depois de milhares de notas que escrevi neste blog j\u00e1 com o diagn\u00f3stico do Mal. Sob o choque da percep\u00e7\u00e3o, decidi encerrar a minha atividade jornal\u00edstica p\u00fablica di\u00e1ria. N\u00e3o quero cometer um novo erro desse tipo, por redu\u00e7\u00e3o ou, em algum momento, perda da capacidade cognitiva\u201d, enfatizou.<\/p>\n\n\n<div class=\"wp-block-image\">\n<figure class=\"aligncenter size-full\"><img loading=\"lazy\" decoding=\"async\" width=\"800\" height=\"410\" src=\"https:\/\/dedemesquita.com.br\/wp-content\/uploads\/2023\/07\/WhatsApp-Image-2023-07-13-at-06.16.24.jpeg\" alt=\"\" class=\"wp-image-6936\" srcset=\"https:\/\/dedemesquita.com.br\/wp-content\/uploads\/2023\/07\/WhatsApp-Image-2023-07-13-at-06.16.24.jpeg 800w, https:\/\/dedemesquita.com.br\/wp-content\/uploads\/2023\/07\/WhatsApp-Image-2023-07-13-at-06.16.24-768x394.jpeg 768w\" sizes=\"(max-width: 800px) 100vw, 800px\" \/><figcaption class=\"wp-element-caption\">P\u00e1gina de capa do site nacional Jornalista &amp; Cia no dia 13 de julho de 2023 <\/figcaption><\/figure><\/div>\n\n\n<p><strong>Trajet\u00f3ria &#8211;<\/strong> L\u00facio Fl\u00e1vio de Faria Pinto nasceu em 23 de setembro de 1949, filho de Iraci de Faria Pinto e Elias Ribeiro Pinto, que foi radialista, jornalista, comerciante e pol\u00edtico. Aos 15 anos, Lucio passou a apresentar um programa de r\u00e1dio, mas o chefe da 2\u00aa Sec\u00e7\u00e3o da 8\u00aa Regi\u00e3o Militar considerou o programa subversivo e o retirou do ar. Aos 16, j\u00e1 em Bel\u00e9m, trabalhou como rep\u00f3rter no jornal A Prov\u00edncia do Par\u00e1, integrante dos Di\u00e1rios Associados, onde depois ocupou o cargo de secret\u00e1rio de reda\u00e7\u00e3o.<\/p>\n\n\n\n<p>Sobre a fam\u00edlia, que sempre teve liga\u00e7\u00e3o com a imprensa, Lucio relembra \u201cPor incr\u00edvel que pare\u00e7a, o meu pai influiu pouco sobre a op\u00e7\u00e3o que quatro dos seus sete filhos &#8211; uma \u00fanica mulher &#8211; fizeram pelo jornalismo. Apenas eu, o mais velho entre os homens, tinha alguma informa\u00e7\u00e3o sobre o passado dele. Por acaso, aos 16 anos, por curiosidade, em 1966, subi as escadas para conhecer a reda\u00e7\u00e3o de A Prov\u00edncia do Par\u00e1, no centro antigo de Bel\u00e9m. Eu circulava em frente \u00e0 sede do jornal, indo de um sebo para uma livraria, na mesma rua. Foi por minha influ\u00eancia que meus irm\u00e3os me seguiram, a partir de 1971. S\u00f3 alguns anos depois comecei a pesquisar sobre Elias Pinto jornalista. E foi muito bom saber o que ele fez em dois jornais que circulavam em Santar\u00e9m. Um dos jornais era dele, no qual ele j\u00e1 defendia a emancipa\u00e7\u00e3o do Tapaj\u00f3s como o Estado do Baixo-Amazonas\u201d.<\/p>\n\n\n\n<p><strong>Mudan\u00e7a para a regi\u00e3o sul &#8211; <\/strong>Em 1968, aos 18 anos, Lucio decidiu mudar-se de Bel\u00e9m para o Rio de Janeiro, onde trabalhou por pouco tempo no Correio da Manh\u00e3. Depois foi para S\u00e3o Paulo, atuando Di\u00e1rio de S\u00e3o Paulo, Di\u00e1rio da Noite, revista Veja, Isto\u00c9, Jornal da Rep\u00fablica, Jornal da Tarde e O Estado de S. Paulo, onde consolidou sua carreira, atuando como rep\u00f3rter entre os anos de 1971 e 1988. Ao mesmo tempo, trabalhou na imprensa alternativa, nos jornais Opini\u00e3o e Movimento.<\/p>\n\n\n\n<p>A experi\u00eancia de trabalhar no Estad\u00e3o traz \u00f3timas lembran\u00e7as ao jornalista. \u201cA maior parte do capital de conhecimentos que acumulei, eu o formei ao longo dos 18 anos como rep\u00f3rter do Estad\u00e3o, entre 1971 e 1989. O jornal sempre bancou as minhas viagens. Nunca rejeitou as minhas pautas. Sabia que eu voltaria com a mat\u00e9ria pautada e ela ocuparia um lugar de destaque no jornal. Al\u00e9m disso, um dos donos da empresa, J\u00falio Mesquita Neto, aprovou meu projeto de criar uma sucursal da Amaz\u00f4nia, com rep\u00f3rteres em todas as capitais, coordenador por Bel\u00e9m, para fazer uma cobertura de melhor qualidade, como fizemos, at\u00e9 estourar uma crise no jornal, que colocou um fim na experi\u00eancia daquela que foi a primeira sucursal verdadeiramente amaz\u00f4nica da imprensa. Como o rei Momo, primeira e \u00fanica\u201d, aponta.<\/p>\n\n\n\n<p><strong>Faculdade &#8211; <\/strong>Em 1973, formou-se em Sociologia pela Escola de Sociologia e Pol\u00edtica da Universidade de S\u00e3o Paulo, chegou a iniciar sua p\u00f3s-gradua\u00e7\u00e3o na USP, mas retornou a Bel\u00e9m para montar uma rede de sucursais do Estad\u00e3o na Amaz\u00f4nia.<\/p>\n\n\n\n<p><strong>Volta a Bel\u00e9m &#8211; <\/strong>Em Bel\u00e9m, em 1975, editou o suplemento alternativo Bandeira 3, aos moldes do antol\u00f3gico Pasquim. Lucio foi tamb\u00e9m professor visitante entre 1981 e 1982 do N\u00facleo de Altos Estudos Amaz\u00f4nicos &#8211; NAEA e do curso de jornalismo no Departamento de Comunica\u00e7\u00e3o Social da Universidade Federal do Par\u00e1, at\u00e9 a metade da d\u00e9cada de 1990. Entre 1983 e 1984, foi tamb\u00e9m professor visitante do Centro de Estudos Latino-Americanos da Universidade da Fl\u00f3rida em Gainesville, Estados Unidos.<\/p>\n\n\n\n<p><strong>Jornal Pessoal &#8211;<\/strong> Trabalhou em O Liberal, na empresa das Organiza\u00e7\u00f5es Romulo Maiorana &#8211; ORM, e quando se demitiu de O Liberal, fundou o Jornal Pessoal, em 1987.<\/p>\n\n\n\n<p>Sobre a experi\u00eancia com o Jornal Pessoal, Lucio destaca \u201cO jornal durou 32 anos, com tr\u00eas interrup\u00e7\u00f5es menores, que n\u00e3o devem lhe ter tirado nem dois anos. Jornal escrito por uma \u00fanica pessoa, com as ilustra\u00e7\u00f5es e a diagrama\u00e7\u00e3o do meu irm\u00e3o, o Lu\u00eds Pinto, que n\u00e3o aceitava publicidade, vivia da venda avulsa, tinha tiragem de 2 mil exemplares, vendendo em bancas e livrarias, me causou 34 processos judiciais, propostos por pessoas poderosas, mas jamais foi desmentido. Firmou-se como refer\u00eancia da hist\u00f3ria contempor\u00e2nea\u201d, conta, orgulhoso.<\/p>\n\n\n\n<p><strong>Amaz\u00f4nia &#8211; <\/strong>Fazer jornalismo na Amaz\u00f4nia foi muito marcante para Lucio Fl\u00e1vio. \u201cSe alguma coisa foi marcante na minha trajet\u00f3ria foi a oportunidade que tive de percorrer intensamente a Amaz\u00f4nia, entre 1966 e 2002. Em quase todos os lugares nos quais houve algum epis\u00f3dio importante da hist\u00f3ria da Amaz\u00f4nia nesse per\u00edodo eu estive. Vi os acontecimentos com meus pr\u00f3prios olhos. Esse conhecimento foi decisivo para me proporcionar uma vis\u00e3o tanto global &#8211; o que inclui fatos externos &#8211; como detalhada, factual e personalizada, com fontes em todos os Estados da regi\u00e3o\u201d.<\/p>\n\n\n\n<p>&nbsp;\u201cSempre me senti como um correspondente de guerra ao atuar nas frentes pioneiras na Amaz\u00f4nia, que s\u00e3o extremamente violentas. Al\u00e9m disso, o rep\u00f3rter tamb\u00e9m costuma estar muito pr\u00f3ximo dos personagens que critica ou denuncia. Pode sofrer viol\u00eancia mais frequentemente\u201d.<\/p>\n\n\n\n<p>\u201cHoje, a inseguran\u00e7a dos jornalistas \u00e9 vis\u00edvel e estou certo de que, se fosse repetir o que fiz entre 1970 e 1990, n\u00e3o estaria vivo\u201d, avalia<\/p>\n\n\n\n<p>Lucio Fl\u00e1vio \u00e9 autor de <strong>21 livros individuais publicados<\/strong>, todos sobre a Amaz\u00f4nia.<\/p>\n\n\n\n<p><strong>Pr\u00eamios &#8211; <\/strong>Ao longo da carreira, Lucio colecionou premia\u00e7\u00f5es. S\u00e3o dele quatro pr\u00eamio Esso. \u201cTodas as [premia\u00e7\u00f5es] que recebi foram importantes para mim, sobretudo porque foram, em geral, inscritas por outras pessoas e n\u00e3o por mim, que desisti delas depois das primeiras iniciativas. Foi assim que recebi tr\u00eas premia\u00e7\u00f5es internacionais. Fui o primeiro n\u00e3o europeu premiado com a \u201cColombe d\u2019Oro per la Pace\u201d, a mais importante premia\u00e7\u00e3o da imprensa italiana; o pr\u00eamio anual do Comittee for Jornalists Protection, dos Estados Unidos; e como um dos 100 her\u00f3is do jornalismo pelos Jornalistas Sem Fronteiras, de Paris\u201d, relembra.<\/p>\n\n\n\n<p><strong>Doen\u00e7a &#8211;<\/strong> Em 2018, Lucio recebeu o diagn\u00f3stico do Mal de Parkinson, depois de ele apresentar sintomas anteriormente. \u201cFoi um golpe duro saber que eu estava com uma doen\u00e7a degenerativa e sem cura. De imediato, quis desistir e me retirar da vida p\u00fablica para tentar ter uma vida mais tranquila, retardando o avan\u00e7o da doen\u00e7a. Mas logo estava de novo na linha de frente\u201d, conta.<\/p>\n\n\n\n<p>A decis\u00e3o de parar com o jornalismo di\u00e1rio, que foi, de pronto, recomendado pelos m\u00e9dicos, s\u00f3 viria cinco anos depois.<\/p>\n\n\n\n<p><strong>Futuro &#8211;<\/strong> Sobre o que vai acontecer, de agora em diante, Lucio j\u00e1 tem ideias definidas. \u201cO blog ser\u00e1 dedicado, a partir de agora, \u00e0 divulga\u00e7\u00e3o do que j\u00e1 escrevi e \u00e0 imensa quantidade de documentos do meu arquivo, que possam ter utilidade p\u00fablica. Al\u00e9m de prosseguir no tema mais relevante neste contexto que \u00e9 a Cabanagem [revolta popular e social que ocorreu na ent\u00e3o Prov\u00edncia do Gr\u00e3o-Par\u00e1 entre 1835 e 1840]\u201d.<\/p>\n\n\n\n<p>\u201cContinuarei a acompanhar o dia a dia do Par\u00e1, da Amaz\u00f4nia, do Brasil e do mundo. Agora, como espectador, um espectador ainda comprometido com o meu tempo, mesmo que este j\u00e1 n\u00e3o seja exatamente meu\u201d.<\/p>\n\n\n\n<p>\u201cTentei v\u00e1rias vezes sair do tiroteio di\u00e1rio. Ele n\u00e3o \u00e9 causado apenas pela desgastante vigil\u00e2ncia di\u00e1ria para saber o que est\u00e1 acontecendo e o que significa. H\u00e1 tamb\u00e9m a rea\u00e7\u00e3o dos que s\u00e3o contrariados e me atacam de v\u00e1rias maneiras, tentando me fazer desistir. Agora a minha condi\u00e7\u00e3o f\u00edsica ficou pior e tenho que sair do front. Mas espero continuar a contribuir, na retaguarda, para o entendimento do drama da Amaz\u00f4nia, que nunca se atenuou\u201d, explicou.<\/p>\n\n\n\n<p>Lucio n\u00e3o lamenta o passado e diz que \u201co que est\u00e1 feito est\u00e1 tamb\u00e9m acabado\u201d e se pudesse mudar alguma coisa, evitaria ou corrigiria alguns erros, \u201cmas tudo coisa secund\u00e1ria\u201d. \u201cNo mais, repetiria a ess\u00eancia do que fiz: um jornalismo independente, cr\u00edtico e baseado em mat\u00e9ria prima que mais se aproxima da verdade\u201d.<\/p>\n\n\n\n<p><strong>N\u00e3o \u00e0 aposentadoria &#8211; <\/strong>Lucio Fl\u00e1vio n\u00e3o considera essa parada for\u00e7ada pela doen\u00e7a como uma aposentadoria. \u201cProvavelmente, s\u00f3 a morte ou &#8211; o que passou a me preocupar mais intensamente agora &#8211; a invalidez f\u00edsica e\/ou mental me aposentar\u00e1\u201d.<\/p>\n\n\n\n<p>No mais, ele vai tentar estar, cada vez mais, ficar perto da imensa biblioteca que construiu nesses mais de meio s\u00e9culo de jornalismo e literatura. \u201cEu jamais darei conta de todos os livros que possuo. Mas coloc\u00e1-los na minha companhia foi uma das maiores realiza\u00e7\u00f5es da minha vida. Espero que continuem a ser meus queridos companheiros de viagem\u201d.<\/p>\n\n\n\n<p>Lucio encerrou assim o texto de despedida do jornalismo di\u00e1rio: \u201cMuito obrigado a todos os meus leitores, de acordo ou em diverg\u00eancia comigo, sem os quais eu n\u00e3o estaria aqui, com a maior gratid\u00e3o que h\u00e1 em mim. Espero que este blog e os demais, que procurarei continuar a alimentar, ainda mere\u00e7a a sua visita, para mim sempre honrosa, estimulante e reconfortadora. E<em> la nave va<\/em>. Porque navegar \u00e9 preciso\u201d.<\/p>\n\n\n\n<p>Lucio continua as postagens no site: <a href=\"https:\/\/lucioflaviopinto.wordpress.com\/\"><strong>https:\/\/lucioflaviopinto.wordpress.com\/<\/strong><\/a> e no perfil no Instagram <strong><a href=\"https:\/\/www.instagram.com\/lucioflaviopintoonline\/\">https:\/\/www.instagram.com\/lucioflaviopintoonline\/<\/a> <\/strong><\/p>\n\n\n\n<p><\/p>\n","protected":false},"excerpt":{"rendered":"<p>Bel\u00e9m, 13 de julho de 2023 &#8211; Quando eu decidi parar com a &#8220;vagabundagem&#8221;, depois de 10 anos sem estudar, e encarar de frente a profiss\u00e3o na qual eu j\u00e1 estava atuando, como jornalista, e fazer vestibular, j\u00e1 sabia que teria, caso passasse para o curso de Jornalismo, na UFPA, aulas com Lucio Fl\u00e1vio Pinto. [&hellip;]<\/p>\n","protected":false},"author":2,"featured_media":6933,"comment_status":"open","ping_status":"open","sticky":false,"template":"","format":"standard","meta":{"footnotes":""},"categories":[51,14,29],"tags":[444,442,189,443,119,120,441,144],"class_list":["post-6932","post","type-post","status-publish","format-standard","has-post-thumbnail","hentry","category-destaque","category-imprensa","category-jornalismo","tag-a-provincia-do-para","tag-agenda-amazonica","tag-estado-de-s-paulo","tag-jornal-pessoal","tag-jornalismo","tag-jornalistas-paraenses-em-acao","tag-lucio-flavio-pinto-2","tag-o-liberal"],"yoast_head":"<!-- This site is optimized with the Yoast SEO plugin v19.10 - https:\/\/yoast.com\/wordpress\/plugins\/seo\/ -->\n<title>&quot;Ao mestre, com carinho&quot;: jornalista L\u00facio Fl\u00e1vio Pinto se despede do jornalismo di\u00e1rio - Ded\u00e9 Mesquita<\/title>\n<meta name=\"robots\" content=\"index, follow, max-snippet:-1, max-image-preview:large, max-video-preview:-1\" \/>\n<link rel=\"canonical\" href=\"https:\/\/dedemesquita.com.br\/?p=6932\" \/>\n<meta property=\"og:locale\" content=\"pt_BR\" \/>\n<meta property=\"og:type\" content=\"article\" \/>\n<meta property=\"og:title\" content=\"&quot;Ao mestre, com carinho&quot;: jornalista L\u00facio Fl\u00e1vio Pinto se despede do jornalismo di\u00e1rio - Ded\u00e9 Mesquita\" \/>\n<meta property=\"og:description\" content=\"Bel\u00e9m, 13 de julho de 2023 &#8211; Quando eu decidi parar com a &#8220;vagabundagem&#8221;, depois de 10 anos sem estudar, e encarar de frente a profiss\u00e3o na qual eu j\u00e1 estava atuando, como jornalista, e fazer vestibular, j\u00e1 sabia que teria, caso passasse para o curso de Jornalismo, na UFPA, aulas com Lucio Fl\u00e1vio Pinto. [&hellip;]\" \/>\n<meta property=\"og:url\" content=\"https:\/\/dedemesquita.com.br\/?p=6932\" \/>\n<meta property=\"og:site_name\" content=\"Ded\u00e9 Mesquita\" \/>\n<meta property=\"article:publisher\" content=\"https:\/\/www.facebook.com\/dede.mesquita\" \/>\n<meta property=\"article:published_time\" content=\"2023-07-13T10:02:47+00:00\" \/>\n<meta property=\"article:modified_time\" content=\"2023-07-13T22:22:30+00:00\" \/>\n<meta property=\"og:image\" content=\"https:\/\/dedemesquita.com.br\/wp-content\/uploads\/2023\/07\/JORNALISTA-LUCIO-FLAVIO-PINTO_FOTO-PAULO-SANTOS.jpg\" \/>\n\t<meta property=\"og:image:width\" content=\"900\" \/>\n\t<meta property=\"og:image:height\" content=\"599\" \/>\n\t<meta property=\"og:image:type\" content=\"image\/jpeg\" \/>\n<meta name=\"author\" content=\"Ded\u00e9 Mesquita\" \/>\n<meta name=\"twitter:card\" content=\"summary_large_image\" \/>\n<meta name=\"twitter:creator\" content=\"@dedemesquita\" \/>\n<meta name=\"twitter:site\" content=\"@dedemesquita\" \/>\n<meta name=\"twitter:label1\" content=\"Escrito por\" \/>\n\t<meta name=\"twitter:data1\" content=\"Ded\u00e9 Mesquita\" \/>\n\t<meta name=\"twitter:label2\" content=\"Est. tempo de leitura\" \/>\n\t<meta name=\"twitter:data2\" content=\"11 minutos\" \/>\n<script type=\"application\/ld+json\" class=\"yoast-schema-graph\">{\"@context\":\"https:\/\/schema.org\",\"@graph\":[{\"@type\":\"WebPage\",\"@id\":\"https:\/\/dedemesquita.com.br\/?p=6932\",\"url\":\"https:\/\/dedemesquita.com.br\/?p=6932\",\"name\":\"\\\"Ao mestre, com carinho\\\": jornalista L\u00facio Fl\u00e1vio Pinto se despede do jornalismo di\u00e1rio - Ded\u00e9 Mesquita\",\"isPartOf\":{\"@id\":\"https:\/\/dedemesquita.com.br\/#website\"},\"datePublished\":\"2023-07-13T10:02:47+00:00\",\"dateModified\":\"2023-07-13T22:22:30+00:00\",\"author\":{\"@id\":\"https:\/\/dedemesquita.com.br\/#\/schema\/person\/36571f81dd2d76dc3ab37231542c9e24\"},\"breadcrumb\":{\"@id\":\"https:\/\/dedemesquita.com.br\/?p=6932#breadcrumb\"},\"inLanguage\":\"pt-BR\",\"potentialAction\":[{\"@type\":\"ReadAction\",\"target\":[\"https:\/\/dedemesquita.com.br\/?p=6932\"]}]},{\"@type\":\"BreadcrumbList\",\"@id\":\"https:\/\/dedemesquita.com.br\/?p=6932#breadcrumb\",\"itemListElement\":[{\"@type\":\"ListItem\",\"position\":1,\"name\":\"In\u00edcio\",\"item\":\"https:\/\/dedemesquita.com.br\/\"},{\"@type\":\"ListItem\",\"position\":2,\"name\":\"&#8220;Ao mestre, com carinho&#8221;: jornalista L\u00facio Fl\u00e1vio Pinto se despede do jornalismo di\u00e1rio\"}]},{\"@type\":\"WebSite\",\"@id\":\"https:\/\/dedemesquita.com.br\/#website\",\"url\":\"https:\/\/dedemesquita.com.br\/\",\"name\":\"Ded\u00e9 Mesquita\",\"description\":\"Um site que mostra os bastidores da imprensa no estado do Par\u00e1 e em Bel\u00e9m\",\"potentialAction\":[{\"@type\":\"SearchAction\",\"target\":{\"@type\":\"EntryPoint\",\"urlTemplate\":\"https:\/\/dedemesquita.com.br\/?s={search_term_string}\"},\"query-input\":\"required name=search_term_string\"}],\"inLanguage\":\"pt-BR\"},{\"@type\":\"Person\",\"@id\":\"https:\/\/dedemesquita.com.br\/#\/schema\/person\/36571f81dd2d76dc3ab37231542c9e24\",\"name\":\"Ded\u00e9 Mesquita\",\"image\":{\"@type\":\"ImageObject\",\"inLanguage\":\"pt-BR\",\"@id\":\"https:\/\/dedemesquita.com.br\/#\/schema\/person\/image\/\",\"url\":\"https:\/\/dedemesquita.com.br\/wp-content\/uploads\/2021\/02\/foto_perfil-150x150.jpg\",\"contentUrl\":\"https:\/\/dedemesquita.com.br\/wp-content\/uploads\/2021\/02\/foto_perfil-150x150.jpg\",\"caption\":\"Ded\u00e9 Mesquita\"},\"sameAs\":[\"https:\/\/dedemesquita.com.br\"]}]}<\/script>\n<!-- \/ Yoast SEO plugin. -->","yoast_head_json":{"title":"\"Ao mestre, com carinho\": jornalista L\u00facio Fl\u00e1vio Pinto se despede do jornalismo di\u00e1rio - Ded\u00e9 Mesquita","robots":{"index":"index","follow":"follow","max-snippet":"max-snippet:-1","max-image-preview":"max-image-preview:large","max-video-preview":"max-video-preview:-1"},"canonical":"https:\/\/dedemesquita.com.br\/?p=6932","og_locale":"pt_BR","og_type":"article","og_title":"\"Ao mestre, com carinho\": jornalista L\u00facio Fl\u00e1vio Pinto se despede do jornalismo di\u00e1rio - Ded\u00e9 Mesquita","og_description":"Bel\u00e9m, 13 de julho de 2023 &#8211; Quando eu decidi parar com a &#8220;vagabundagem&#8221;, depois de 10 anos sem estudar, e encarar de frente a profiss\u00e3o na qual eu j\u00e1 estava atuando, como jornalista, e fazer vestibular, j\u00e1 sabia que teria, caso passasse para o curso de Jornalismo, na UFPA, aulas com Lucio Fl\u00e1vio Pinto. [&hellip;]","og_url":"https:\/\/dedemesquita.com.br\/?p=6932","og_site_name":"Ded\u00e9 Mesquita","article_publisher":"https:\/\/www.facebook.com\/dede.mesquita","article_published_time":"2023-07-13T10:02:47+00:00","article_modified_time":"2023-07-13T22:22:30+00:00","og_image":[{"width":900,"height":599,"url":"https:\/\/dedemesquita.com.br\/wp-content\/uploads\/2023\/07\/JORNALISTA-LUCIO-FLAVIO-PINTO_FOTO-PAULO-SANTOS.jpg","type":"image\/jpeg"}],"author":"Ded\u00e9 Mesquita","twitter_card":"summary_large_image","twitter_creator":"@dedemesquita","twitter_site":"@dedemesquita","twitter_misc":{"Escrito por":"Ded\u00e9 Mesquita","Est. tempo de leitura":"11 minutos"},"schema":{"@context":"https:\/\/schema.org","@graph":[{"@type":"WebPage","@id":"https:\/\/dedemesquita.com.br\/?p=6932","url":"https:\/\/dedemesquita.com.br\/?p=6932","name":"\"Ao mestre, com carinho\": jornalista L\u00facio Fl\u00e1vio Pinto se despede do jornalismo di\u00e1rio - Ded\u00e9 Mesquita","isPartOf":{"@id":"https:\/\/dedemesquita.com.br\/#website"},"datePublished":"2023-07-13T10:02:47+00:00","dateModified":"2023-07-13T22:22:30+00:00","author":{"@id":"https:\/\/dedemesquita.com.br\/#\/schema\/person\/36571f81dd2d76dc3ab37231542c9e24"},"breadcrumb":{"@id":"https:\/\/dedemesquita.com.br\/?p=6932#breadcrumb"},"inLanguage":"pt-BR","potentialAction":[{"@type":"ReadAction","target":["https:\/\/dedemesquita.com.br\/?p=6932"]}]},{"@type":"BreadcrumbList","@id":"https:\/\/dedemesquita.com.br\/?p=6932#breadcrumb","itemListElement":[{"@type":"ListItem","position":1,"name":"In\u00edcio","item":"https:\/\/dedemesquita.com.br\/"},{"@type":"ListItem","position":2,"name":"&#8220;Ao mestre, com carinho&#8221;: jornalista L\u00facio Fl\u00e1vio Pinto se despede do jornalismo di\u00e1rio"}]},{"@type":"WebSite","@id":"https:\/\/dedemesquita.com.br\/#website","url":"https:\/\/dedemesquita.com.br\/","name":"Ded\u00e9 Mesquita","description":"Um site que mostra os bastidores da imprensa no estado do Par\u00e1 e em Bel\u00e9m","potentialAction":[{"@type":"SearchAction","target":{"@type":"EntryPoint","urlTemplate":"https:\/\/dedemesquita.com.br\/?s={search_term_string}"},"query-input":"required name=search_term_string"}],"inLanguage":"pt-BR"},{"@type":"Person","@id":"https:\/\/dedemesquita.com.br\/#\/schema\/person\/36571f81dd2d76dc3ab37231542c9e24","name":"Ded\u00e9 Mesquita","image":{"@type":"ImageObject","inLanguage":"pt-BR","@id":"https:\/\/dedemesquita.com.br\/#\/schema\/person\/image\/","url":"https:\/\/dedemesquita.com.br\/wp-content\/uploads\/2021\/02\/foto_perfil-150x150.jpg","contentUrl":"https:\/\/dedemesquita.com.br\/wp-content\/uploads\/2021\/02\/foto_perfil-150x150.jpg","caption":"Ded\u00e9 Mesquita"},"sameAs":["https:\/\/dedemesquita.com.br"]}]}},"_links":{"self":[{"href":"https:\/\/dedemesquita.com.br\/index.php?rest_route=\/wp\/v2\/posts\/6932"}],"collection":[{"href":"https:\/\/dedemesquita.com.br\/index.php?rest_route=\/wp\/v2\/posts"}],"about":[{"href":"https:\/\/dedemesquita.com.br\/index.php?rest_route=\/wp\/v2\/types\/post"}],"author":[{"embeddable":true,"href":"https:\/\/dedemesquita.com.br\/index.php?rest_route=\/wp\/v2\/users\/2"}],"replies":[{"embeddable":true,"href":"https:\/\/dedemesquita.com.br\/index.php?rest_route=%2Fwp%2Fv2%2Fcomments&post=6932"}],"version-history":[{"count":5,"href":"https:\/\/dedemesquita.com.br\/index.php?rest_route=\/wp\/v2\/posts\/6932\/revisions"}],"predecessor-version":[{"id":6941,"href":"https:\/\/dedemesquita.com.br\/index.php?rest_route=\/wp\/v2\/posts\/6932\/revisions\/6941"}],"wp:featuredmedia":[{"embeddable":true,"href":"https:\/\/dedemesquita.com.br\/index.php?rest_route=\/wp\/v2\/media\/6933"}],"wp:attachment":[{"href":"https:\/\/dedemesquita.com.br\/index.php?rest_route=%2Fwp%2Fv2%2Fmedia&parent=6932"}],"wp:term":[{"taxonomy":"category","embeddable":true,"href":"https:\/\/dedemesquita.com.br\/index.php?rest_route=%2Fwp%2Fv2%2Fcategories&post=6932"},{"taxonomy":"post_tag","embeddable":true,"href":"https:\/\/dedemesquita.com.br\/index.php?rest_route=%2Fwp%2Fv2%2Ftags&post=6932"}],"curies":[{"name":"wp","href":"https:\/\/api.w.org\/{rel}","templated":true}]}}