{"id":6888,"date":"2023-07-06T19:30:45","date_gmt":"2023-07-06T22:30:45","guid":{"rendered":"https:\/\/dedemesquita.com.br\/?p=6888"},"modified":"2025-01-19T07:34:08","modified_gmt":"2025-01-19T10:34:08","slug":"comecam-audiencias-na-justica-de-jornalistas-contra-tv-mais-para-mas-sanchae-camatti-ja-se-arruma-em-campo-grande","status":"publish","type":"post","link":"https:\/\/dedemesquita.com.br\/?p=6888","title":{"rendered":"Come\u00e7am audi\u00eancias na Justi\u00e7a de jornalistas contra TV Mais Par\u00e1, mas Sanchae Camatti j\u00e1 se &#8220;arruma&#8221; em Campo Grande"},"content":{"rendered":"\n<p><strong>Bel\u00e9m, 6 de julho de 2023 &#8211; <\/strong>A justi\u00e7a come\u00e7a a ser feita para os colegas jornalista que trabalharam e foram enganados pela dire\u00e7\u00e3o da TV Mais Par\u00e1. Jornalistas que trabalharam na <strong>TV Mais Par\u00e1<\/strong>, fechada no ano passado, participaram das primeiras audi\u00eancias na Justi\u00e7a do Trabalho cobrando o pagamento de sal\u00e1rios. Os jornalistas foram acompanhados pela advogada Nat\u00e1lia Bahia, que atuou na assessoria jur\u00eddica do <strong>Sindicato dos Jornalistas do Estado do Par\u00e1 &#8211; Sinjor-PA<\/strong>. Os tr\u00eas s\u00f3cios da TV Par\u00e1 Mais foram intimados e compareceram \u00e0s audi\u00eancias: <strong>Ant\u00f4nio Sanchae Camatti<\/strong>, <strong>Lilian Lechner<\/strong> e <strong>Ant\u00f4nio Gon\u00e7alves Braga Neto<\/strong>, o <strong>Neto<\/strong>, propriet\u00e1rio do bar e restaurante <strong>Manga Jambu<\/strong>.<\/p>\n\n\n<div class=\"wp-block-image\">\n<figure class=\"aligncenter size-full\"><img loading=\"lazy\" decoding=\"async\" width=\"596\" height=\"507\" src=\"https:\/\/dedemesquita.com.br\/wp-content\/uploads\/2023\/07\/WhatsApp-Image-2023-07-06-at-18.52.11.jpeg\" alt=\"\" class=\"wp-image-6890\"\/><\/figure><\/div>\n\n\n<p>O Sinjor-PA acompanha o caso desde o ano passado e orientou os jornalistas a entrarem na Justi\u00e7a na busca por seus direitos.<\/p>\n\n\n\n<p><strong>Relembre o caso &#8211; <\/strong>A <strong>TV Mais Par\u00e1<\/strong> funcionou durante 2022, em Bel\u00e9m, com uma s\u00e9rie de irregularidades como fraude na contrata\u00e7\u00e3o de funcion\u00e1rios por meio de pessoa jur\u00eddica; n\u00e3o pagamento de direitos trabalhistas como FGTS e INSS; atrasos de sal\u00e1rios; n\u00e3o pagamento de vale-transporte e outros problemas.<\/p>\n\n\n\n<p>As primeiras audi\u00eancias no Tribunal Regional do Trabalho &#8211; TRT-PA ocorreram com o intuito de tentar um acordo entre os propriet\u00e1rios da empresa individualmente com os jornalistas penalizados. Entretanto, <strong>nenhum dos tr\u00eas s\u00f3cios da TV Mais Par\u00e1 ofereceu qualquer tipo de proposta<\/strong>. Com a negativa pelos tr\u00eas s\u00f3cios, os processos seguir\u00e3o para fase de instru\u00e7\u00e3o e posterior julgamento<strong> na Justi\u00e7a do Trabalho<\/strong>. Na primeira quinzena de julho, ser\u00e1 realizada a \u00faltima audi\u00eancia de concilia\u00e7\u00e3o designada.<\/p>\n\n\n\n<p><strong>Defesa &#8211; <\/strong>As defesas de <strong>Ant\u00f4nio Sanchae<\/strong> e <strong>Ant\u00f4nio Braga Neto<\/strong> tentam pedir a exclus\u00e3o do polo passivo da a\u00e7\u00e3o, ou seja, alegam n\u00e3o serem s\u00f3cios da empresa. No entanto, sabe-se que a TV Mais Par\u00e1 cometeu a oculta\u00e7\u00e3o de s\u00f3cios, j\u00e1 que Ant\u00f4nio Sanchae Camatti e Ant\u00f4nio Gon\u00e7alves Braga Neto, davam ordens aos trabalhadores, contratavam e demitiam funcion\u00e1rios, eram os respons\u00e1veis por pagamentos e fechamento de acordos de publicidade, al\u00e9m de serem conhecidos por todos os funcion\u00e1rios da empresa como os propriet\u00e1rios. <\/p>\n\n\n\n<p>A advogada dos trabalhadores pretende provar nos processos que ambos se enriqueceram com a atividade econ\u00f4mica, portanto devem responder pelos \u00f4nus da mesma. <em><strong>[<\/strong><\/em><strong><em>Com informa\u00e7\u00f5es do Sinjor-PA] <\/em><\/strong><\/p>\n\n\n\n<p><strong>NOTA DA REDA\u00c7\u00c3O &#8211;<\/strong> Este site recebeu informa\u00e7\u00f5es de<strong> Ant\u00f4nio Sanchae Camatti<\/strong>, depois de tentar aplicar golpes em alguns ve\u00edculos da imprensa em Bel\u00e9m, e, especial, por \u00faltimo na TV Mais Par\u00e1, como se fala no linguajar policial &#8220;se escafedeu&#8221;, se mudando mais vez para outro Estado. Na verdade, ele voltou para <strong>Mato Grosso do Sul<\/strong>, onde ele j\u00e1 havia morado. <\/p>\n\n\n\n<p>Sanchae e a esposa Daniele compraram um belo apartamento de luxo em um dos melhores bairros da cidade de <strong>Campo Grande, capital do Mato Grosso do Sul<\/strong>, na <strong>alameda do Ip\u00ea Amarelo<\/strong>. A compra foi feita em mar\u00e7o deste ano e duas semanas depois, o casal deu in\u00edcio a uma reforma super luxuosa no im\u00f3vel. <\/p>\n\n\n\n<p>O que chama aten\u00e7\u00e3o \u00e9 que o apartamento, apesar de que todos saberem ser do casal, n\u00e3o aparece no nome, <strong>nem de Sanchae<\/strong>, <strong>nem da esposa Daniele<\/strong>, o que leva a acreditar que \u00e9 mais uma tentativa de golpe de Sanchae em outro local, tal qual ele fez em Bel\u00e9m. <\/p>\n\n\n\n<p><strong>Fonte <\/strong>deste site l\u00e1 em Campo Grande mandou as informa\u00e7\u00f5es e at\u00e9 foto do pr\u00e9dio onde o casal comprou apartamento exclusivo. <\/p>\n\n\n<div class=\"wp-block-image\">\n<figure class=\"aligncenter size-full\"><img loading=\"lazy\" decoding=\"async\" width=\"542\" height=\"800\" src=\"https:\/\/dedemesquita.com.br\/wp-content\/uploads\/2023\/07\/WhatsApp-Image-2023-03-18-at-17.21.28.jpeg\" alt=\"\" class=\"wp-image-6891\"\/><figcaption class=\"wp-element-caption\">Pr\u00e9dio na alameda do Ip\u00ea Amarelo em Campo Grande <\/figcaption><\/figure><\/div>","protected":false},"excerpt":{"rendered":"<p>Bel\u00e9m, 6 de julho de 2023 &#8211; A justi\u00e7a come\u00e7a a ser feita para os colegas jornalista que trabalharam e foram enganados pela dire\u00e7\u00e3o da TV Mais Par\u00e1. Jornalistas que trabalharam na TV Mais Par\u00e1, fechada no ano passado, participaram das primeiras audi\u00eancias na Justi\u00e7a do Trabalho cobrando o pagamento de sal\u00e1rios. Os jornalistas foram [&hellip;]<\/p>\n","protected":false},"author":2,"featured_media":6892,"comment_status":"open","ping_status":"open","sticky":false,"template":"","format":"standard","meta":{"footnotes":""},"categories":[51,14,29],"tags":[119,120,352,437,354,130,316],"class_list":["post-6888","post","type-post","status-publish","format-standard","has-post-thumbnail","hentry","category-destaque","category-imprensa","category-jornalismo","tag-jornalismo","tag-jornalistas-paraenses-em-acao","tag-manga-jambu","tag-rise-maraketing","tag-sanchae-camatti","tag-sinjor-pa","tag-tv-mais-para"],"yoast_head":"<!-- This site is optimized with the Yoast SEO plugin v19.10 - https:\/\/yoast.com\/wordpress\/plugins\/seo\/ -->\n<title>Come\u00e7am audi\u00eancias na Justi\u00e7a de jornalistas contra TV Mais Par\u00e1, mas Sanchae Camatti j\u00e1 se &quot;arruma&quot; em Campo Grande - Ded\u00e9 Mesquita<\/title>\n<meta name=\"robots\" content=\"index, follow, max-snippet:-1, max-image-preview:large, max-video-preview:-1\" \/>\n<link rel=\"canonical\" href=\"https:\/\/dedemesquita.com.br\/?p=6888\" \/>\n<meta property=\"og:locale\" content=\"pt_BR\" \/>\n<meta property=\"og:type\" content=\"article\" \/>\n<meta property=\"og:title\" content=\"Come\u00e7am audi\u00eancias na Justi\u00e7a de jornalistas contra TV Mais Par\u00e1, mas Sanchae Camatti j\u00e1 se &quot;arruma&quot; em Campo Grande - Ded\u00e9 Mesquita\" \/>\n<meta property=\"og:description\" content=\"Bel\u00e9m, 6 de julho de 2023 &#8211; A justi\u00e7a come\u00e7a a ser feita para os colegas jornalista que trabalharam e foram enganados pela dire\u00e7\u00e3o da TV Mais Par\u00e1. Jornalistas que trabalharam na TV Mais Par\u00e1, fechada no ano passado, participaram das primeiras audi\u00eancias na Justi\u00e7a do Trabalho cobrando o pagamento de sal\u00e1rios. Os jornalistas foram [&hellip;]\" \/>\n<meta property=\"og:url\" content=\"https:\/\/dedemesquita.com.br\/?p=6888\" \/>\n<meta property=\"og:site_name\" content=\"Ded\u00e9 Mesquita\" \/>\n<meta property=\"article:publisher\" content=\"https:\/\/www.facebook.com\/dede.mesquita\" \/>\n<meta property=\"article:published_time\" content=\"2023-07-06T22:30:45+00:00\" \/>\n<meta property=\"article:modified_time\" content=\"2025-01-19T10:34:08+00:00\" \/>\n<meta property=\"og:image\" content=\"https:\/\/dedemesquita.com.br\/wp-content\/uploads\/2023\/07\/a3.jpg\" \/>\n\t<meta property=\"og:image:width\" content=\"950\" \/>\n\t<meta property=\"og:image:height\" content=\"735\" \/>\n\t<meta property=\"og:image:type\" content=\"image\/jpeg\" \/>\n<meta name=\"author\" content=\"Ded\u00e9 Mesquita\" \/>\n<meta name=\"twitter:card\" content=\"summary_large_image\" \/>\n<meta name=\"twitter:creator\" content=\"@dedemesquita\" \/>\n<meta name=\"twitter:site\" content=\"@dedemesquita\" \/>\n<meta name=\"twitter:label1\" content=\"Escrito por\" \/>\n\t<meta name=\"twitter:data1\" content=\"Ded\u00e9 Mesquita\" \/>\n\t<meta name=\"twitter:label2\" content=\"Est. tempo de leitura\" \/>\n\t<meta name=\"twitter:data2\" content=\"4 minutos\" \/>\n<script type=\"application\/ld+json\" class=\"yoast-schema-graph\">{\"@context\":\"https:\/\/schema.org\",\"@graph\":[{\"@type\":\"WebPage\",\"@id\":\"https:\/\/dedemesquita.com.br\/?p=6888\",\"url\":\"https:\/\/dedemesquita.com.br\/?p=6888\",\"name\":\"Come\u00e7am audi\u00eancias na Justi\u00e7a de jornalistas contra TV Mais Par\u00e1, mas Sanchae Camatti j\u00e1 se \\\"arruma\\\" em Campo Grande - Ded\u00e9 Mesquita\",\"isPartOf\":{\"@id\":\"https:\/\/dedemesquita.com.br\/#website\"},\"datePublished\":\"2023-07-06T22:30:45+00:00\",\"dateModified\":\"2025-01-19T10:34:08+00:00\",\"author\":{\"@id\":\"https:\/\/dedemesquita.com.br\/#\/schema\/person\/36571f81dd2d76dc3ab37231542c9e24\"},\"breadcrumb\":{\"@id\":\"https:\/\/dedemesquita.com.br\/?p=6888#breadcrumb\"},\"inLanguage\":\"pt-BR\",\"potentialAction\":[{\"@type\":\"ReadAction\",\"target\":[\"https:\/\/dedemesquita.com.br\/?p=6888\"]}]},{\"@type\":\"BreadcrumbList\",\"@id\":\"https:\/\/dedemesquita.com.br\/?p=6888#breadcrumb\",\"itemListElement\":[{\"@type\":\"ListItem\",\"position\":1,\"name\":\"In\u00edcio\",\"item\":\"https:\/\/dedemesquita.com.br\/\"},{\"@type\":\"ListItem\",\"position\":2,\"name\":\"Come\u00e7am audi\u00eancias na Justi\u00e7a de jornalistas contra TV Mais Par\u00e1, mas Sanchae Camatti j\u00e1 se &#8220;arruma&#8221; em Campo Grande\"}]},{\"@type\":\"WebSite\",\"@id\":\"https:\/\/dedemesquita.com.br\/#website\",\"url\":\"https:\/\/dedemesquita.com.br\/\",\"name\":\"Ded\u00e9 Mesquita\",\"description\":\"Um site que mostra os bastidores da imprensa no estado do Par\u00e1 e em Bel\u00e9m\",\"potentialAction\":[{\"@type\":\"SearchAction\",\"target\":{\"@type\":\"EntryPoint\",\"urlTemplate\":\"https:\/\/dedemesquita.com.br\/?s={search_term_string}\"},\"query-input\":\"required name=search_term_string\"}],\"inLanguage\":\"pt-BR\"},{\"@type\":\"Person\",\"@id\":\"https:\/\/dedemesquita.com.br\/#\/schema\/person\/36571f81dd2d76dc3ab37231542c9e24\",\"name\":\"Ded\u00e9 Mesquita\",\"image\":{\"@type\":\"ImageObject\",\"inLanguage\":\"pt-BR\",\"@id\":\"https:\/\/dedemesquita.com.br\/#\/schema\/person\/image\/\",\"url\":\"https:\/\/dedemesquita.com.br\/wp-content\/uploads\/2021\/02\/foto_perfil-150x150.jpg\",\"contentUrl\":\"https:\/\/dedemesquita.com.br\/wp-content\/uploads\/2021\/02\/foto_perfil-150x150.jpg\",\"caption\":\"Ded\u00e9 Mesquita\"},\"sameAs\":[\"https:\/\/dedemesquita.com.br\"]}]}<\/script>\n<!-- \/ Yoast SEO plugin. -->","yoast_head_json":{"title":"Come\u00e7am audi\u00eancias na Justi\u00e7a de jornalistas contra TV Mais Par\u00e1, mas Sanchae Camatti j\u00e1 se \"arruma\" em Campo Grande - Ded\u00e9 Mesquita","robots":{"index":"index","follow":"follow","max-snippet":"max-snippet:-1","max-image-preview":"max-image-preview:large","max-video-preview":"max-video-preview:-1"},"canonical":"https:\/\/dedemesquita.com.br\/?p=6888","og_locale":"pt_BR","og_type":"article","og_title":"Come\u00e7am audi\u00eancias na Justi\u00e7a de jornalistas contra TV Mais Par\u00e1, mas Sanchae Camatti j\u00e1 se \"arruma\" em Campo Grande - Ded\u00e9 Mesquita","og_description":"Bel\u00e9m, 6 de julho de 2023 &#8211; A justi\u00e7a come\u00e7a a ser feita para os colegas jornalista que trabalharam e foram enganados pela dire\u00e7\u00e3o da TV Mais Par\u00e1. Jornalistas que trabalharam na TV Mais Par\u00e1, fechada no ano passado, participaram das primeiras audi\u00eancias na Justi\u00e7a do Trabalho cobrando o pagamento de sal\u00e1rios. Os jornalistas foram [&hellip;]","og_url":"https:\/\/dedemesquita.com.br\/?p=6888","og_site_name":"Ded\u00e9 Mesquita","article_publisher":"https:\/\/www.facebook.com\/dede.mesquita","article_published_time":"2023-07-06T22:30:45+00:00","article_modified_time":"2025-01-19T10:34:08+00:00","og_image":[{"width":950,"height":735,"url":"https:\/\/dedemesquita.com.br\/wp-content\/uploads\/2023\/07\/a3.jpg","type":"image\/jpeg"}],"author":"Ded\u00e9 Mesquita","twitter_card":"summary_large_image","twitter_creator":"@dedemesquita","twitter_site":"@dedemesquita","twitter_misc":{"Escrito por":"Ded\u00e9 Mesquita","Est. tempo de leitura":"4 minutos"},"schema":{"@context":"https:\/\/schema.org","@graph":[{"@type":"WebPage","@id":"https:\/\/dedemesquita.com.br\/?p=6888","url":"https:\/\/dedemesquita.com.br\/?p=6888","name":"Come\u00e7am audi\u00eancias na Justi\u00e7a de jornalistas contra TV Mais Par\u00e1, mas Sanchae Camatti j\u00e1 se \"arruma\" em Campo Grande - Ded\u00e9 Mesquita","isPartOf":{"@id":"https:\/\/dedemesquita.com.br\/#website"},"datePublished":"2023-07-06T22:30:45+00:00","dateModified":"2025-01-19T10:34:08+00:00","author":{"@id":"https:\/\/dedemesquita.com.br\/#\/schema\/person\/36571f81dd2d76dc3ab37231542c9e24"},"breadcrumb":{"@id":"https:\/\/dedemesquita.com.br\/?p=6888#breadcrumb"},"inLanguage":"pt-BR","potentialAction":[{"@type":"ReadAction","target":["https:\/\/dedemesquita.com.br\/?p=6888"]}]},{"@type":"BreadcrumbList","@id":"https:\/\/dedemesquita.com.br\/?p=6888#breadcrumb","itemListElement":[{"@type":"ListItem","position":1,"name":"In\u00edcio","item":"https:\/\/dedemesquita.com.br\/"},{"@type":"ListItem","position":2,"name":"Come\u00e7am audi\u00eancias na Justi\u00e7a de jornalistas contra TV Mais Par\u00e1, mas Sanchae Camatti j\u00e1 se &#8220;arruma&#8221; em Campo Grande"}]},{"@type":"WebSite","@id":"https:\/\/dedemesquita.com.br\/#website","url":"https:\/\/dedemesquita.com.br\/","name":"Ded\u00e9 Mesquita","description":"Um site que mostra os bastidores da imprensa no estado do Par\u00e1 e em Bel\u00e9m","potentialAction":[{"@type":"SearchAction","target":{"@type":"EntryPoint","urlTemplate":"https:\/\/dedemesquita.com.br\/?s={search_term_string}"},"query-input":"required name=search_term_string"}],"inLanguage":"pt-BR"},{"@type":"Person","@id":"https:\/\/dedemesquita.com.br\/#\/schema\/person\/36571f81dd2d76dc3ab37231542c9e24","name":"Ded\u00e9 Mesquita","image":{"@type":"ImageObject","inLanguage":"pt-BR","@id":"https:\/\/dedemesquita.com.br\/#\/schema\/person\/image\/","url":"https:\/\/dedemesquita.com.br\/wp-content\/uploads\/2021\/02\/foto_perfil-150x150.jpg","contentUrl":"https:\/\/dedemesquita.com.br\/wp-content\/uploads\/2021\/02\/foto_perfil-150x150.jpg","caption":"Ded\u00e9 Mesquita"},"sameAs":["https:\/\/dedemesquita.com.br"]}]}},"_links":{"self":[{"href":"https:\/\/dedemesquita.com.br\/index.php?rest_route=\/wp\/v2\/posts\/6888"}],"collection":[{"href":"https:\/\/dedemesquita.com.br\/index.php?rest_route=\/wp\/v2\/posts"}],"about":[{"href":"https:\/\/dedemesquita.com.br\/index.php?rest_route=\/wp\/v2\/types\/post"}],"author":[{"embeddable":true,"href":"https:\/\/dedemesquita.com.br\/index.php?rest_route=\/wp\/v2\/users\/2"}],"replies":[{"embeddable":true,"href":"https:\/\/dedemesquita.com.br\/index.php?rest_route=%2Fwp%2Fv2%2Fcomments&post=6888"}],"version-history":[{"count":4,"href":"https:\/\/dedemesquita.com.br\/index.php?rest_route=\/wp\/v2\/posts\/6888\/revisions"}],"predecessor-version":[{"id":11212,"href":"https:\/\/dedemesquita.com.br\/index.php?rest_route=\/wp\/v2\/posts\/6888\/revisions\/11212"}],"wp:featuredmedia":[{"embeddable":true,"href":"https:\/\/dedemesquita.com.br\/index.php?rest_route=\/wp\/v2\/media\/6892"}],"wp:attachment":[{"href":"https:\/\/dedemesquita.com.br\/index.php?rest_route=%2Fwp%2Fv2%2Fmedia&parent=6888"}],"wp:term":[{"taxonomy":"category","embeddable":true,"href":"https:\/\/dedemesquita.com.br\/index.php?rest_route=%2Fwp%2Fv2%2Fcategories&post=6888"},{"taxonomy":"post_tag","embeddable":true,"href":"https:\/\/dedemesquita.com.br\/index.php?rest_route=%2Fwp%2Fv2%2Ftags&post=6888"}],"curies":[{"name":"wp","href":"https:\/\/api.w.org\/{rel}","templated":true}]}}