{"id":6856,"date":"2023-07-04T16:30:19","date_gmt":"2023-07-04T19:30:19","guid":{"rendered":"https:\/\/dedemesquita.com.br\/?p=6856"},"modified":"2023-07-04T20:22:53","modified_gmt":"2023-07-04T23:22:53","slug":"fernando-sette-expoe-na-italia-nova-premiacao-para-lorena-esteves-e-outras-noticias-do-jornalismo-em-belem","status":"publish","type":"post","link":"https:\/\/dedemesquita.com.br\/?p=6856","title":{"rendered":"Fernando Sette exp\u00f5e na It\u00e1lia, nova premia\u00e7\u00e3o para Lorena Esteves e outras not\u00edcias do jornalismo em Bel\u00e9m"},"content":{"rendered":"\n<p>Eis que a ter\u00e7a-feira chega, assim como o julho, cheia de pautas mais lights, tranquilas e bem bacanas de serem noticiadas. E vamos a elas: <\/p>\n\n\n\n<p><strong>Sette <\/strong>&#8211; O fot\u00f3grafo <strong>Fernando Sette <\/strong>est\u00e1 participando de uma mostra de fotografias na <strong>It\u00e1lia<\/strong>, na exposi\u00e7\u00e3o \u201cAmazzonie\u201d. A primeira parte, em Bolonha, se encerrou, mas continua nos dias 21, 22 e 23 julho, em Marina de Pisa, e em setembro em Gorizia.<\/p>\n\n\n<div class=\"wp-block-image\">\n<figure class=\"aligncenter size-full\"><img loading=\"lazy\" decoding=\"async\" width=\"742\" height=\"750\" src=\"https:\/\/dedemesquita.com.br\/wp-content\/uploads\/2023\/07\/settinho.jpg\" alt=\"\" class=\"wp-image-6870\"\/><figcaption class=\"wp-element-caption\">Fernando Sette em foto de Filipe Bispo <\/figcaption><\/figure><\/div>\n\n<div class=\"wp-block-image\">\n<figure class=\"aligncenter size-full\"><img loading=\"lazy\" decoding=\"async\" width=\"525\" height=\"750\" src=\"https:\/\/dedemesquita.com.br\/wp-content\/uploads\/2023\/07\/sette_mostra.jpg\" alt=\"\" class=\"wp-image-6880\"\/><figcaption class=\"wp-element-caption\">Cartaz da mostra que Sette est\u00e1 participando <\/figcaption><\/figure><\/div>\n\n<div class=\"wp-block-image\">\n<figure class=\"aligncenter size-full\"><img loading=\"lazy\" decoding=\"async\" width=\"800\" height=\"511\" src=\"https:\/\/dedemesquita.com.br\/wp-content\/uploads\/2023\/07\/WhatsApp-Image-2023-07-04-at-13.05.33.jpeg\" alt=\"\" class=\"wp-image-6857\" srcset=\"https:\/\/dedemesquita.com.br\/wp-content\/uploads\/2023\/07\/WhatsApp-Image-2023-07-04-at-13.05.33.jpeg 800w, https:\/\/dedemesquita.com.br\/wp-content\/uploads\/2023\/07\/WhatsApp-Image-2023-07-04-at-13.05.33-768x491.jpeg 768w\" sizes=\"(max-width: 800px) 100vw, 800px\" \/><figcaption class=\"wp-element-caption\">P\u00fablico na mostra de fotografias &#8220;Amazzonie&#8221;, em Bolonha, na It\u00e1lia, da qual Fernando Sette est\u00e1 participando <\/figcaption><\/figure><\/div>\n\n\n<p><strong>Mais um pr\u00eamio &#8211; <\/strong>A tese de doutorado <strong>\u201cAtivismo de mulheres ind\u00edgenas em ambientes digitais: di\u00e1logos sobre [de]colonialidades e resist\u00eancias comunicativas\u201d<\/strong>, da jornalista <strong>Lorena Esteves<\/strong>, que trabalha na Secom-PA, foi premiada com o primeiro lugar do pr\u00eamio Intercom de Teses, da Sociedade Brasileira de Estudos Interdisciplinares da Comunica\u00e7\u00e3o, no final da semana passada. O trabalho j\u00e1 havia recebido men\u00e7\u00e3o honrosa no Pr\u00eamio Compol\u00edtica de Teses 2023, da Associa\u00e7\u00e3o Brasileira de Pesquisadores em Comunica\u00e7\u00e3o e Pol\u00edtica &#8211; Compol\u00edtica. O PPGCOM\/ UFPA parabenizou a pesquisadora por mais essa conquista t\u00e3o importante.<\/p>\n\n\n<div class=\"wp-block-image\">\n<figure class=\"aligncenter size-full\"><img loading=\"lazy\" decoding=\"async\" width=\"598\" height=\"442\" src=\"https:\/\/dedemesquita.com.br\/wp-content\/uploads\/2023\/07\/Lorena-Esteves.jpeg\" alt=\"\" class=\"wp-image-6858\"\/><figcaption class=\"wp-element-caption\">Lorena Esteve teve tese de doutorado premiada mais uma vez <\/figcaption><\/figure><\/div>\n\n\n<p><strong>Cadastro &#8211;<\/strong> A plataforma <strong>Amaz\u00f4nia Vox<\/strong> iniciou a fase de cadastro de fontes de conhecimento em diferentes \u00e1reas de atua\u00e7\u00e3o e profissionais que trabalham com comunica\u00e7\u00e3o e realizam atividades nos nove estados da Amaz\u00f4nia Legal. Com o site no ar em vers\u00e3o beta &#8211;<strong> <a href=\"http:\/\/www.amazoniavox.com\">www.amazoniavox.com<\/a> <\/strong>-, em fase de testes, a expectativa \u00e9 que at\u00e9 setembro deste ano, cerca de mil profissionais j\u00e1 estejam cadastrados na plataforma, que ser\u00e1 divulgada globalmente por meio de programas e associa\u00e7\u00f5es de m\u00eddia e de jornalistas que atuam em todo o mundo. O acesso a esses profissionais poder\u00e1 ser feito por jornalistas, empresas, governos e ve\u00edculos de imprensa regionais, nacionais e internacionais. Para conferir a \u00edntegra do webinar,<strong> <a href=\"https:\/\/www.youtube.com\/watch?v=Iz3x6RuhfUw\">acesse este link<\/a><\/strong><a href=\"https:\/\/www.youtube.com\/watch?v=Iz3x6RuhfUw\">.<\/a> &nbsp;cadastro de profissionais \u00e9 gratuito e feito de forma volunt\u00e1ria e colaborativa. Na p\u00e1gina inicial, basta clicar em \u201cFa\u00e7a agora seu cadastro\u201d, escolhendo a op\u00e7\u00e3o \u201cProfissional freelancer\u201d. E ent\u00e3o, preencher com os dados, que ser\u00e3o disponibilizados ap\u00f3s avalia\u00e7\u00e3o pela equipe do Amaz\u00f4nia Vox. A orienta\u00e7\u00e3o \u00e9 que o profissional insira o Estado de atua\u00e7\u00e3o e o munic\u00edpio, para facilitar a busca. &nbsp;Sugest\u00f5es de melhorias ou atividades que n\u00e3o constam na listagem inicial podem ser sugeridas, atrav\u00e9s do endere\u00e7o <a href=\"mailto:email@amazoniavox.com\"><strong>email@amazoniavox.com<\/strong><\/a><\/p>\n\n\n<div class=\"wp-block-image\">\n<figure class=\"aligncenter size-full\"><img loading=\"lazy\" decoding=\"async\" width=\"638\" height=\"452\" src=\"https:\/\/dedemesquita.com.br\/wp-content\/uploads\/2023\/07\/dan.jpg\" alt=\"\" class=\"wp-image-6869\"\/><figcaption class=\"wp-element-caption\">Daniel Nardin \u00e9 o coordenador da plataforma Amaz\u00f4nia Vox <\/figcaption><\/figure><\/div>\n\n\n<p><strong>Beckman &#8211;<\/strong> O rep\u00f3rter <strong>Diego Beckman<\/strong> est\u00e1 de \u201ccasa nova\u201d e come\u00e7ou no time da <strong>RBATV<\/strong>, a convite do gerente de jornalismo da emissora, \u00c1lvaro Borges. Diego continua ainda no portal Di\u00e1rio on Line, DOL.<\/p>\n\n\n<div class=\"wp-block-image\">\n<figure class=\"aligncenter size-full\"><img loading=\"lazy\" decoding=\"async\" width=\"717\" height=\"559\" src=\"https:\/\/dedemesquita.com.br\/wp-content\/uploads\/2023\/07\/diego-Beckman.jpeg\" alt=\"\" class=\"wp-image-6859\"\/><figcaption class=\"wp-element-caption\">Diego Beckman est\u00e1 na reportagem da RBA TV <\/figcaption><\/figure><\/div>\n\n\n<p><strong>Geovany &#8211; <\/strong>O jornalista paraense <strong>Geovany Dias<\/strong>, que mora e trabalha nos EUA, est\u00e1 de volta \u00e0 reportagem em portugu\u00eas, para todo Brasil, emissora <strong>Rede TV<\/strong>, diretamente de Nova York.<\/p>\n\n\n<div class=\"wp-block-image\">\n<figure class=\"aligncenter size-full\"><img loading=\"lazy\" decoding=\"async\" width=\"719\" height=\"490\" src=\"https:\/\/dedemesquita.com.br\/wp-content\/uploads\/2023\/07\/Geovany-Dias.jpeg\" alt=\"\" class=\"wp-image-6860\"\/><figcaption class=\"wp-element-caption\">Geovany Dias agora est\u00e1 com reportagens em portugu\u00eas na Rede TV <\/figcaption><\/figure><\/div>\n\n\n<p><strong>Thiago &#8211;<\/strong> <strong>Thiago Barros<\/strong> est\u00e1 cobrindo as f\u00e9rias da rep\u00f3rter <strong>Mayra Leal<\/strong> no <strong>SBT Par\u00e1<\/strong>. <\/p>\n\n\n<div class=\"wp-block-image\">\n<figure class=\"aligncenter size-full\"><img loading=\"lazy\" decoding=\"async\" width=\"464\" height=\"468\" src=\"https:\/\/dedemesquita.com.br\/wp-content\/uploads\/2023\/07\/Thiago-Barros.png\" alt=\"\" class=\"wp-image-6871\" srcset=\"https:\/\/dedemesquita.com.br\/wp-content\/uploads\/2023\/07\/Thiago-Barros.png 464w, https:\/\/dedemesquita.com.br\/wp-content\/uploads\/2023\/07\/Thiago-Barros-150x150.png 150w\" sizes=\"(max-width: 464px) 100vw, 464px\" \/><figcaption class=\"wp-element-caption\">Thiago Barros <\/figcaption><\/figure><\/div>\n\n\n<p><strong>Daleth &#8211; <\/strong>A jornalista <strong>Daleth Oliveira<\/strong>, de <strong>O Liberal <\/strong>e da revista <strong>Cenarium Amaz\u00f4nia<\/strong>, participou em S\u00e3o Paulo da 18\u00aa edi\u00e7\u00e3o do <strong>Congresso Internacional de Jornalismo Investigativo da Abraji<\/strong> &#8211; Associa\u00e7\u00e3o Brasileira de Jornalismos Investigativo, no per\u00edodo de 29 de junho a 2 de julho. Daleth foi uma das palestrantes da mesa \u201cJornalismo investigativo local a servi\u00e7o das cidades\u201d, ao lado de <strong>Carolina Monteiro<\/strong>, professora da UNICAP; <strong>Fred Santana<\/strong>, do site Vocativo; e <strong>Pedro Nakamura<\/strong>, rep\u00f3rter do jornal Matinal, do Rio Grande do Sul.<\/p>\n\n\n<div class=\"wp-block-image\">\n<figure class=\"aligncenter size-full\"><img loading=\"lazy\" decoding=\"async\" width=\"644\" height=\"750\" src=\"https:\/\/dedemesquita.com.br\/wp-content\/uploads\/2023\/07\/Daleth-Oliveira.jpeg\" alt=\"\" class=\"wp-image-6861\"\/><figcaption class=\"wp-element-caption\">Daleth Oliveira no Congresso da Abraji <\/figcaption><\/figure><\/div>\n\n<div class=\"wp-block-image\">\n<figure class=\"aligncenter size-full\"><img loading=\"lazy\" decoding=\"async\" width=\"581\" height=\"657\" src=\"https:\/\/dedemesquita.com.br\/wp-content\/uploads\/2023\/07\/WhatsApp-Image-2023-07-04-at-15.21.19.jpeg\" alt=\"\" class=\"wp-image-6862\"\/><figcaption class=\"wp-element-caption\">Mesa na qual Daleth, \u00e0 direita, foi palestrante no Congresso da Abraji <\/figcaption><\/figure><\/div>\n\n\n<p><strong>Ainda o Congresso da Abraji &#8211; <\/strong>Quem tamb\u00e9m participou da 18\u00aa edi\u00e7\u00e3o do Congresso Internacional de Jornalismo Investigativo da Abraji foram as jornalistas paraenses <strong>Alice Martins <\/strong>e <strong>Mayra Leal<\/strong>, esta, do SBT Par\u00e1.<\/p>\n\n\n<div class=\"wp-block-image\">\n<figure class=\"aligncenter size-full\"><img loading=\"lazy\" decoding=\"async\" width=\"601\" height=\"800\" src=\"https:\/\/dedemesquita.com.br\/wp-content\/uploads\/2023\/07\/Allice_Mayra_Daleth.jpeg\" alt=\"\" class=\"wp-image-6863\"\/><figcaption class=\"wp-element-caption\">Alice Martins, Mayra Leal e Daleth Oliveira no Congresso da Abraji em S\u00e3o Paulo &#8211; SP <\/figcaption><\/figure><\/div>\n\n\n<p><strong>Lan\u00e7amento &#8211;<\/strong> O jornalista <strong>Anderson Ara\u00fajo<\/strong>, que atua no portal DOL, promoveu o lan\u00e7amento do segundo livro dele, <strong>&#8220;Manual Pr\u00e1tico de Como Vestir um Pai Morto&#8221;<\/strong>, na \u00faltima quinta-feira, 29, no Caf\u00e9 com Arte, em Bel\u00e9m. Muitos coleguinhas da imprensa de Bel\u00e9m estiveram presentes ao lan\u00e7amento.<\/p>\n\n\n<div class=\"wp-block-image\">\n<figure class=\"aligncenter size-full\"><img loading=\"lazy\" decoding=\"async\" width=\"750\" height=\"602\" src=\"https:\/\/dedemesquita.com.br\/wp-content\/uploads\/2023\/07\/WhatsApp-Image-2023-06-29-at-22.02.02.jpeg\" alt=\"\" class=\"wp-image-6864\"\/><figcaption class=\"wp-element-caption\">Anderson Ara\u00fajo e seu novo livro <\/figcaption><\/figure><\/div>\n\n<div class=\"wp-block-image\">\n<figure class=\"aligncenter size-full\"><img loading=\"lazy\" decoding=\"async\" width=\"723\" height=\"800\" src=\"https:\/\/dedemesquita.com.br\/wp-content\/uploads\/2023\/07\/WhatsApp-Image-2023-06-29-at-22.02.03-2.jpeg\" alt=\"\" class=\"wp-image-6865\"\/><figcaption class=\"wp-element-caption\">Tarso Sarraf e Anderson Ara\u00fajo <\/figcaption><\/figure><\/div>\n\n<div class=\"wp-block-image\">\n<figure class=\"aligncenter size-full\"><img loading=\"lazy\" decoding=\"async\" width=\"800\" height=\"796\" src=\"https:\/\/dedemesquita.com.br\/wp-content\/uploads\/2023\/07\/WhatsApp-Image-2023-06-29-at-22.02.03.jpeg\" alt=\"\" class=\"wp-image-6866\" srcset=\"https:\/\/dedemesquita.com.br\/wp-content\/uploads\/2023\/07\/WhatsApp-Image-2023-06-29-at-22.02.03.jpeg 800w, https:\/\/dedemesquita.com.br\/wp-content\/uploads\/2023\/07\/WhatsApp-Image-2023-06-29-at-22.02.03-150x150.jpeg 150w, https:\/\/dedemesquita.com.br\/wp-content\/uploads\/2023\/07\/WhatsApp-Image-2023-06-29-at-22.02.03-768x764.jpeg 768w\" sizes=\"(max-width: 800px) 100vw, 800px\" \/><figcaption class=\"wp-element-caption\">Adison Ferreira e Anderson <\/figcaption><\/figure><\/div>\n\n<div class=\"wp-block-image\">\n<figure class=\"aligncenter size-full\"><img loading=\"lazy\" decoding=\"async\" width=\"750\" height=\"532\" src=\"https:\/\/dedemesquita.com.br\/wp-content\/uploads\/2023\/07\/livro_ader.jpg\" alt=\"\" class=\"wp-image-6868\"\/><figcaption class=\"wp-element-caption\">Andreia Rezende, Caboquisse, Anderson e Adelaide Oliveira <\/figcaption><\/figure><\/div>","protected":false},"excerpt":{"rendered":"<p>Eis que a ter\u00e7a-feira chega, assim como o julho, cheia de pautas mais lights, tranquilas e bem bacanas de serem noticiadas. E vamos a elas: Sette &#8211; O fot\u00f3grafo Fernando Sette est\u00e1 participando de uma mostra de fotografias na It\u00e1lia, na exposi\u00e7\u00e3o \u201cAmazzonie\u201d. A primeira parte, em Bolonha, se encerrou, mas continua nos dias 21, [&hellip;]<\/p>\n","protected":false},"author":2,"featured_media":6873,"comment_status":"open","ping_status":"open","sticky":false,"template":"","format":"standard","meta":{"footnotes":""},"categories":[51,14,29],"tags":[315,184,236,119,120,144,145,178,435,313],"class_list":["post-6856","post","type-post","status-publish","format-standard","has-post-thumbnail","hentry","category-destaque","category-imprensa","category-jornalismo","tag-abraji","tag-dol","tag-facom-ufpa","tag-jornalismo","tag-jornalistas-paraenses-em-acao","tag-o-liberal","tag-rbatv","tag-rede-tv","tag-revista-cenarium-amazonia","tag-sbt-para"],"yoast_head":"<!-- This site is optimized with the Yoast SEO plugin v19.10 - https:\/\/yoast.com\/wordpress\/plugins\/seo\/ -->\n<title>Fernando Sette exp\u00f5e na It\u00e1lia, nova premia\u00e7\u00e3o para Lorena Esteves e outras not\u00edcias do jornalismo em Bel\u00e9m - Ded\u00e9 Mesquita<\/title>\n<meta name=\"robots\" content=\"index, follow, max-snippet:-1, max-image-preview:large, max-video-preview:-1\" \/>\n<link rel=\"canonical\" href=\"https:\/\/dedemesquita.com.br\/?p=6856\" \/>\n<meta property=\"og:locale\" content=\"pt_BR\" \/>\n<meta property=\"og:type\" content=\"article\" \/>\n<meta property=\"og:title\" content=\"Fernando Sette exp\u00f5e na It\u00e1lia, nova premia\u00e7\u00e3o para Lorena Esteves e outras not\u00edcias do jornalismo em Bel\u00e9m - Ded\u00e9 Mesquita\" \/>\n<meta property=\"og:description\" content=\"Eis que a ter\u00e7a-feira chega, assim como o julho, cheia de pautas mais lights, tranquilas e bem bacanas de serem noticiadas. E vamos a elas: Sette &#8211; O fot\u00f3grafo Fernando Sette est\u00e1 participando de uma mostra de fotografias na It\u00e1lia, na exposi\u00e7\u00e3o \u201cAmazzonie\u201d. A primeira parte, em Bolonha, se encerrou, mas continua nos dias 21, [&hellip;]\" \/>\n<meta property=\"og:url\" content=\"https:\/\/dedemesquita.com.br\/?p=6856\" \/>\n<meta property=\"og:site_name\" content=\"Ded\u00e9 Mesquita\" \/>\n<meta property=\"article:publisher\" content=\"https:\/\/www.facebook.com\/dede.mesquita\" \/>\n<meta property=\"article:published_time\" content=\"2023-07-04T19:30:19+00:00\" \/>\n<meta property=\"article:modified_time\" content=\"2023-07-04T23:22:53+00:00\" \/>\n<meta property=\"og:image\" content=\"https:\/\/dedemesquita.com.br\/wp-content\/uploads\/2023\/07\/WhatsApp-Image-2023-07-04-at-13.04.54.jpeg\" \/>\n\t<meta property=\"og:image:width\" content=\"800\" \/>\n\t<meta property=\"og:image:height\" content=\"533\" \/>\n\t<meta property=\"og:image:type\" content=\"image\/jpeg\" \/>\n<meta name=\"author\" content=\"Ded\u00e9 Mesquita\" \/>\n<meta name=\"twitter:card\" content=\"summary_large_image\" \/>\n<meta name=\"twitter:creator\" content=\"@dedemesquita\" \/>\n<meta name=\"twitter:site\" content=\"@dedemesquita\" \/>\n<meta name=\"twitter:label1\" content=\"Escrito por\" \/>\n\t<meta name=\"twitter:data1\" content=\"Ded\u00e9 Mesquita\" \/>\n\t<meta name=\"twitter:label2\" content=\"Est. tempo de leitura\" \/>\n\t<meta name=\"twitter:data2\" content=\"4 minutos\" \/>\n<script type=\"application\/ld+json\" class=\"yoast-schema-graph\">{\"@context\":\"https:\/\/schema.org\",\"@graph\":[{\"@type\":\"WebPage\",\"@id\":\"https:\/\/dedemesquita.com.br\/?p=6856\",\"url\":\"https:\/\/dedemesquita.com.br\/?p=6856\",\"name\":\"Fernando Sette exp\u00f5e na It\u00e1lia, nova premia\u00e7\u00e3o para Lorena Esteves e outras not\u00edcias do jornalismo em Bel\u00e9m - Ded\u00e9 Mesquita\",\"isPartOf\":{\"@id\":\"https:\/\/dedemesquita.com.br\/#website\"},\"datePublished\":\"2023-07-04T19:30:19+00:00\",\"dateModified\":\"2023-07-04T23:22:53+00:00\",\"author\":{\"@id\":\"https:\/\/dedemesquita.com.br\/#\/schema\/person\/36571f81dd2d76dc3ab37231542c9e24\"},\"breadcrumb\":{\"@id\":\"https:\/\/dedemesquita.com.br\/?p=6856#breadcrumb\"},\"inLanguage\":\"pt-BR\",\"potentialAction\":[{\"@type\":\"ReadAction\",\"target\":[\"https:\/\/dedemesquita.com.br\/?p=6856\"]}]},{\"@type\":\"BreadcrumbList\",\"@id\":\"https:\/\/dedemesquita.com.br\/?p=6856#breadcrumb\",\"itemListElement\":[{\"@type\":\"ListItem\",\"position\":1,\"name\":\"In\u00edcio\",\"item\":\"https:\/\/dedemesquita.com.br\/\"},{\"@type\":\"ListItem\",\"position\":2,\"name\":\"Fernando Sette exp\u00f5e na It\u00e1lia, nova premia\u00e7\u00e3o para Lorena Esteves e outras not\u00edcias do jornalismo em Bel\u00e9m\"}]},{\"@type\":\"WebSite\",\"@id\":\"https:\/\/dedemesquita.com.br\/#website\",\"url\":\"https:\/\/dedemesquita.com.br\/\",\"name\":\"Ded\u00e9 Mesquita\",\"description\":\"Um site que mostra os bastidores da imprensa no estado do Par\u00e1 e em Bel\u00e9m\",\"potentialAction\":[{\"@type\":\"SearchAction\",\"target\":{\"@type\":\"EntryPoint\",\"urlTemplate\":\"https:\/\/dedemesquita.com.br\/?s={search_term_string}\"},\"query-input\":\"required name=search_term_string\"}],\"inLanguage\":\"pt-BR\"},{\"@type\":\"Person\",\"@id\":\"https:\/\/dedemesquita.com.br\/#\/schema\/person\/36571f81dd2d76dc3ab37231542c9e24\",\"name\":\"Ded\u00e9 Mesquita\",\"image\":{\"@type\":\"ImageObject\",\"inLanguage\":\"pt-BR\",\"@id\":\"https:\/\/dedemesquita.com.br\/#\/schema\/person\/image\/\",\"url\":\"https:\/\/dedemesquita.com.br\/wp-content\/uploads\/2021\/02\/foto_perfil-150x150.jpg\",\"contentUrl\":\"https:\/\/dedemesquita.com.br\/wp-content\/uploads\/2021\/02\/foto_perfil-150x150.jpg\",\"caption\":\"Ded\u00e9 Mesquita\"},\"sameAs\":[\"https:\/\/dedemesquita.com.br\"]}]}<\/script>\n<!-- \/ Yoast SEO plugin. -->","yoast_head_json":{"title":"Fernando Sette exp\u00f5e na It\u00e1lia, nova premia\u00e7\u00e3o para Lorena Esteves e outras not\u00edcias do jornalismo em Bel\u00e9m - Ded\u00e9 Mesquita","robots":{"index":"index","follow":"follow","max-snippet":"max-snippet:-1","max-image-preview":"max-image-preview:large","max-video-preview":"max-video-preview:-1"},"canonical":"https:\/\/dedemesquita.com.br\/?p=6856","og_locale":"pt_BR","og_type":"article","og_title":"Fernando Sette exp\u00f5e na It\u00e1lia, nova premia\u00e7\u00e3o para Lorena Esteves e outras not\u00edcias do jornalismo em Bel\u00e9m - Ded\u00e9 Mesquita","og_description":"Eis que a ter\u00e7a-feira chega, assim como o julho, cheia de pautas mais lights, tranquilas e bem bacanas de serem noticiadas. E vamos a elas: Sette &#8211; O fot\u00f3grafo Fernando Sette est\u00e1 participando de uma mostra de fotografias na It\u00e1lia, na exposi\u00e7\u00e3o \u201cAmazzonie\u201d. A primeira parte, em Bolonha, se encerrou, mas continua nos dias 21, [&hellip;]","og_url":"https:\/\/dedemesquita.com.br\/?p=6856","og_site_name":"Ded\u00e9 Mesquita","article_publisher":"https:\/\/www.facebook.com\/dede.mesquita","article_published_time":"2023-07-04T19:30:19+00:00","article_modified_time":"2023-07-04T23:22:53+00:00","og_image":[{"width":800,"height":533,"url":"https:\/\/dedemesquita.com.br\/wp-content\/uploads\/2023\/07\/WhatsApp-Image-2023-07-04-at-13.04.54.jpeg","type":"image\/jpeg"}],"author":"Ded\u00e9 Mesquita","twitter_card":"summary_large_image","twitter_creator":"@dedemesquita","twitter_site":"@dedemesquita","twitter_misc":{"Escrito por":"Ded\u00e9 Mesquita","Est. tempo de leitura":"4 minutos"},"schema":{"@context":"https:\/\/schema.org","@graph":[{"@type":"WebPage","@id":"https:\/\/dedemesquita.com.br\/?p=6856","url":"https:\/\/dedemesquita.com.br\/?p=6856","name":"Fernando Sette exp\u00f5e na It\u00e1lia, nova premia\u00e7\u00e3o para Lorena Esteves e outras not\u00edcias do jornalismo em Bel\u00e9m - Ded\u00e9 Mesquita","isPartOf":{"@id":"https:\/\/dedemesquita.com.br\/#website"},"datePublished":"2023-07-04T19:30:19+00:00","dateModified":"2023-07-04T23:22:53+00:00","author":{"@id":"https:\/\/dedemesquita.com.br\/#\/schema\/person\/36571f81dd2d76dc3ab37231542c9e24"},"breadcrumb":{"@id":"https:\/\/dedemesquita.com.br\/?p=6856#breadcrumb"},"inLanguage":"pt-BR","potentialAction":[{"@type":"ReadAction","target":["https:\/\/dedemesquita.com.br\/?p=6856"]}]},{"@type":"BreadcrumbList","@id":"https:\/\/dedemesquita.com.br\/?p=6856#breadcrumb","itemListElement":[{"@type":"ListItem","position":1,"name":"In\u00edcio","item":"https:\/\/dedemesquita.com.br\/"},{"@type":"ListItem","position":2,"name":"Fernando Sette exp\u00f5e na It\u00e1lia, nova premia\u00e7\u00e3o para Lorena Esteves e outras not\u00edcias do jornalismo em Bel\u00e9m"}]},{"@type":"WebSite","@id":"https:\/\/dedemesquita.com.br\/#website","url":"https:\/\/dedemesquita.com.br\/","name":"Ded\u00e9 Mesquita","description":"Um site que mostra os bastidores da imprensa no estado do Par\u00e1 e em Bel\u00e9m","potentialAction":[{"@type":"SearchAction","target":{"@type":"EntryPoint","urlTemplate":"https:\/\/dedemesquita.com.br\/?s={search_term_string}"},"query-input":"required name=search_term_string"}],"inLanguage":"pt-BR"},{"@type":"Person","@id":"https:\/\/dedemesquita.com.br\/#\/schema\/person\/36571f81dd2d76dc3ab37231542c9e24","name":"Ded\u00e9 Mesquita","image":{"@type":"ImageObject","inLanguage":"pt-BR","@id":"https:\/\/dedemesquita.com.br\/#\/schema\/person\/image\/","url":"https:\/\/dedemesquita.com.br\/wp-content\/uploads\/2021\/02\/foto_perfil-150x150.jpg","contentUrl":"https:\/\/dedemesquita.com.br\/wp-content\/uploads\/2021\/02\/foto_perfil-150x150.jpg","caption":"Ded\u00e9 Mesquita"},"sameAs":["https:\/\/dedemesquita.com.br"]}]}},"_links":{"self":[{"href":"https:\/\/dedemesquita.com.br\/index.php?rest_route=\/wp\/v2\/posts\/6856"}],"collection":[{"href":"https:\/\/dedemesquita.com.br\/index.php?rest_route=\/wp\/v2\/posts"}],"about":[{"href":"https:\/\/dedemesquita.com.br\/index.php?rest_route=\/wp\/v2\/types\/post"}],"author":[{"embeddable":true,"href":"https:\/\/dedemesquita.com.br\/index.php?rest_route=\/wp\/v2\/users\/2"}],"replies":[{"embeddable":true,"href":"https:\/\/dedemesquita.com.br\/index.php?rest_route=%2Fwp%2Fv2%2Fcomments&post=6856"}],"version-history":[{"count":5,"href":"https:\/\/dedemesquita.com.br\/index.php?rest_route=\/wp\/v2\/posts\/6856\/revisions"}],"predecessor-version":[{"id":6881,"href":"https:\/\/dedemesquita.com.br\/index.php?rest_route=\/wp\/v2\/posts\/6856\/revisions\/6881"}],"wp:featuredmedia":[{"embeddable":true,"href":"https:\/\/dedemesquita.com.br\/index.php?rest_route=\/wp\/v2\/media\/6873"}],"wp:attachment":[{"href":"https:\/\/dedemesquita.com.br\/index.php?rest_route=%2Fwp%2Fv2%2Fmedia&parent=6856"}],"wp:term":[{"taxonomy":"category","embeddable":true,"href":"https:\/\/dedemesquita.com.br\/index.php?rest_route=%2Fwp%2Fv2%2Fcategories&post=6856"},{"taxonomy":"post_tag","embeddable":true,"href":"https:\/\/dedemesquita.com.br\/index.php?rest_route=%2Fwp%2Fv2%2Ftags&post=6856"}],"curies":[{"name":"wp","href":"https:\/\/api.w.org\/{rel}","templated":true}]}}