{"id":6812,"date":"2023-06-25T08:56:56","date_gmt":"2023-06-25T11:56:56","guid":{"rendered":"https:\/\/dedemesquita.com.br\/?p=6812"},"modified":"2023-06-25T08:56:56","modified_gmt":"2023-06-25T11:56:56","slug":"jornalista-olavo-dutra-esta-no-ar-com-novissimo-portal-de-noticias","status":"publish","type":"post","link":"https:\/\/dedemesquita.com.br\/?p=6812","title":{"rendered":"Jornalista Olavo Dutra est\u00e1 no ar com nov\u00edssimo portal de not\u00edcias"},"content":{"rendered":"\n<p>Entrou no ar, neste domingo, 25, o mais novo ve\u00edculo de not\u00edcias quentes, exclusivas e sempre atuais da imprensa paraense: o portal <strong>Olavo Dutra<\/strong>, que est\u00e1 neste linke aqui:<strong> <a href=\"http:\/\/portalolavodutra.com.br\">portalolavodutra.com.br<\/a><\/strong><\/p>\n\n\n\n<p>O slogan \u201cA Evolu\u00e7\u00e3o da Not\u00edcia\u201d retrata bem a transforma\u00e7\u00e3o que a <strong>coluna do jornalista Olavo Dutra<\/strong>, publicada diariamente em endere\u00e7o hom\u00f4nimo, sofre a partir deste domingo, 25, quando o ve\u00edculo passa a Portal de Not\u00edcias. Na defini\u00e7\u00e3o do pr\u00f3prio <strong>Dutra<\/strong>, \u201cmudan\u00e7a que atende ao crescimento da coluna, j\u00e1 bastante diversificada em assuntos e editorias\u201d.<\/p>\n\n\n\n<p>A partir de agora, o <strong><a href=\"http:\/\/portalolavodutra.com.br\">portalolavodutra.com.br<\/a> <\/strong>ter\u00e1 assuntos organizados em editorias, com \u00e1reas espec\u00edficas para v\u00eddeos, al\u00e9m de lan\u00e7ar duas novas colunas: <strong>O Amaz\u00f4nico<\/strong> e <strong>Quatro Linhas<\/strong>, voltadas para assuntos gerais e para o futebol, respectivamente. A primeira \u00e9 assinada pelo jornalistas<strong> Toni Rem\u00edgio<\/strong> e a segunda, sobre futebol, por <strong>Pedro Paulo Blanco<\/strong>. Os principais assuntos nacionais e internacionais tamb\u00e9m integram o player.<\/p>\n\n\n\n<p>\u201cA maneira como as mat\u00e9rias locais ser\u00e3o elaboradas, no entanto, permanece a mesma da coluna: com a colabora\u00e7\u00e3o de pessoas que veem, antes na coluna e, agora, muito no portal, espa\u00e7o e voz para den\u00fancias e cobran\u00e7as ou divulgar projetos e a\u00e7\u00f5es. O leitor permanece como nossa principal fonte, o que nos levou, aprimorar os canais de comunica\u00e7\u00e3o com ele\u201d, explica Dutra.<\/p>\n\n\n<div class=\"wp-block-image\">\n<figure class=\"aligncenter size-full\"><img loading=\"lazy\" decoding=\"async\" width=\"700\" height=\"600\" src=\"https:\/\/dedemesquita.com.br\/wp-content\/uploads\/2023\/06\/dutra.jpg\" alt=\"\" class=\"wp-image-6815\"\/><figcaption class=\"wp-element-caption\">Olavo Dutra, aqui, pelo tra\u00e7o do cartunista premiad\u00edssimo J. Bosco, dos jornais O Liberal e Amaz\u00f4nia<\/figcaption><\/figure><\/div>\n\n\n<p><strong>Mais espa\u00e7os &#8211; <\/strong>O ve\u00edculo traz espa\u00e7os para o envio de v\u00eddeos, den\u00fancias e demais intera\u00e7\u00f5es com o jornalista e sua equipe. O Portal Olavo Dutra chega para disputar espa\u00e7os com outros sites de not\u00edcias, o que mostra a tend\u00eancia, cada vez maior, do jornalismo desenvolvido a partir do imediatismo e praticidade oferecidos pela internet.<\/p>\n\n\n\n<p>Desde que saiu do jornal \u201cO Liberal\u201d, em 2020, onde escreveu, por mais de 20 anos, a coluna &#8220;da p\u00e1gina 3&#8221;, Rep\u00f3rter 70, Olavo Dutra se estabeleceu como um dos mais conceituados e respeitados colunistas do Par\u00e1, agora, na internet.  <\/p>\n","protected":false},"excerpt":{"rendered":"<p>Entrou no ar, neste domingo, 25, o mais novo ve\u00edculo de not\u00edcias quentes, exclusivas e sempre atuais da imprensa paraense: o portal Olavo Dutra, que est\u00e1 neste linke aqui: portalolavodutra.com.br O slogan \u201cA Evolu\u00e7\u00e3o da Not\u00edcia\u201d retrata bem a transforma\u00e7\u00e3o que a coluna do jornalista Olavo Dutra, publicada diariamente em endere\u00e7o hom\u00f4nimo, sofre a partir [&hellip;]<\/p>\n","protected":false},"author":2,"featured_media":6814,"comment_status":"open","ping_status":"open","sticky":false,"template":"","format":"standard","meta":{"footnotes":""},"categories":[51,14,29],"tags":[432,119,120,277,431],"class_list":["post-6812","post","type-post","status-publish","format-standard","has-post-thumbnail","hentry","category-destaque","category-imprensa","category-jornalismo","tag-imprensa-de-belem","tag-jornalismo","tag-jornalistas-paraenses-em-acao","tag-olavo-dutra","tag-portal-olavo-dutra"],"yoast_head":"<!-- This site is optimized with the Yoast SEO plugin v19.10 - https:\/\/yoast.com\/wordpress\/plugins\/seo\/ -->\n<title>Jornalista Olavo Dutra est\u00e1 no ar com nov\u00edssimo portal de not\u00edcias - Ded\u00e9 Mesquita<\/title>\n<meta name=\"robots\" content=\"index, follow, max-snippet:-1, max-image-preview:large, max-video-preview:-1\" \/>\n<link rel=\"canonical\" href=\"https:\/\/dedemesquita.com.br\/?p=6812\" \/>\n<meta property=\"og:locale\" content=\"pt_BR\" \/>\n<meta property=\"og:type\" content=\"article\" \/>\n<meta property=\"og:title\" content=\"Jornalista Olavo Dutra est\u00e1 no ar com nov\u00edssimo portal de not\u00edcias - Ded\u00e9 Mesquita\" \/>\n<meta property=\"og:description\" content=\"Entrou no ar, neste domingo, 25, o mais novo ve\u00edculo de not\u00edcias quentes, exclusivas e sempre atuais da imprensa paraense: o portal Olavo Dutra, que est\u00e1 neste linke aqui: portalolavodutra.com.br O slogan \u201cA Evolu\u00e7\u00e3o da Not\u00edcia\u201d retrata bem a transforma\u00e7\u00e3o que a coluna do jornalista Olavo Dutra, publicada diariamente em endere\u00e7o hom\u00f4nimo, sofre a partir [&hellip;]\" \/>\n<meta property=\"og:url\" content=\"https:\/\/dedemesquita.com.br\/?p=6812\" \/>\n<meta property=\"og:site_name\" content=\"Ded\u00e9 Mesquita\" \/>\n<meta property=\"article:publisher\" content=\"https:\/\/www.facebook.com\/dede.mesquita\" \/>\n<meta property=\"article:published_time\" content=\"2023-06-25T11:56:56+00:00\" \/>\n<meta property=\"og:image\" content=\"https:\/\/dedemesquita.com.br\/wp-content\/uploads\/2023\/06\/a2-2.png\" \/>\n\t<meta property=\"og:image:width\" content=\"950\" \/>\n\t<meta property=\"og:image:height\" content=\"450\" \/>\n\t<meta property=\"og:image:type\" content=\"image\/png\" \/>\n<meta name=\"author\" content=\"Ded\u00e9 Mesquita\" \/>\n<meta name=\"twitter:card\" content=\"summary_large_image\" \/>\n<meta name=\"twitter:creator\" content=\"@dedemesquita\" \/>\n<meta name=\"twitter:site\" content=\"@dedemesquita\" \/>\n<meta name=\"twitter:label1\" content=\"Escrito por\" \/>\n\t<meta name=\"twitter:data1\" content=\"Ded\u00e9 Mesquita\" \/>\n\t<meta name=\"twitter:label2\" content=\"Est. tempo de leitura\" \/>\n\t<meta name=\"twitter:data2\" content=\"2 minutos\" \/>\n<script type=\"application\/ld+json\" class=\"yoast-schema-graph\">{\"@context\":\"https:\/\/schema.org\",\"@graph\":[{\"@type\":\"WebPage\",\"@id\":\"https:\/\/dedemesquita.com.br\/?p=6812\",\"url\":\"https:\/\/dedemesquita.com.br\/?p=6812\",\"name\":\"Jornalista Olavo Dutra est\u00e1 no ar com nov\u00edssimo portal de not\u00edcias - Ded\u00e9 Mesquita\",\"isPartOf\":{\"@id\":\"https:\/\/dedemesquita.com.br\/#website\"},\"datePublished\":\"2023-06-25T11:56:56+00:00\",\"dateModified\":\"2023-06-25T11:56:56+00:00\",\"author\":{\"@id\":\"https:\/\/dedemesquita.com.br\/#\/schema\/person\/36571f81dd2d76dc3ab37231542c9e24\"},\"breadcrumb\":{\"@id\":\"https:\/\/dedemesquita.com.br\/?p=6812#breadcrumb\"},\"inLanguage\":\"pt-BR\",\"potentialAction\":[{\"@type\":\"ReadAction\",\"target\":[\"https:\/\/dedemesquita.com.br\/?p=6812\"]}]},{\"@type\":\"BreadcrumbList\",\"@id\":\"https:\/\/dedemesquita.com.br\/?p=6812#breadcrumb\",\"itemListElement\":[{\"@type\":\"ListItem\",\"position\":1,\"name\":\"In\u00edcio\",\"item\":\"https:\/\/dedemesquita.com.br\/\"},{\"@type\":\"ListItem\",\"position\":2,\"name\":\"Jornalista Olavo Dutra est\u00e1 no ar com nov\u00edssimo portal de not\u00edcias\"}]},{\"@type\":\"WebSite\",\"@id\":\"https:\/\/dedemesquita.com.br\/#website\",\"url\":\"https:\/\/dedemesquita.com.br\/\",\"name\":\"Ded\u00e9 Mesquita\",\"description\":\"Um site que mostra os bastidores da imprensa no estado do Par\u00e1 e em Bel\u00e9m\",\"potentialAction\":[{\"@type\":\"SearchAction\",\"target\":{\"@type\":\"EntryPoint\",\"urlTemplate\":\"https:\/\/dedemesquita.com.br\/?s={search_term_string}\"},\"query-input\":\"required name=search_term_string\"}],\"inLanguage\":\"pt-BR\"},{\"@type\":\"Person\",\"@id\":\"https:\/\/dedemesquita.com.br\/#\/schema\/person\/36571f81dd2d76dc3ab37231542c9e24\",\"name\":\"Ded\u00e9 Mesquita\",\"image\":{\"@type\":\"ImageObject\",\"inLanguage\":\"pt-BR\",\"@id\":\"https:\/\/dedemesquita.com.br\/#\/schema\/person\/image\/\",\"url\":\"https:\/\/dedemesquita.com.br\/wp-content\/uploads\/2021\/02\/foto_perfil-150x150.jpg\",\"contentUrl\":\"https:\/\/dedemesquita.com.br\/wp-content\/uploads\/2021\/02\/foto_perfil-150x150.jpg\",\"caption\":\"Ded\u00e9 Mesquita\"},\"sameAs\":[\"https:\/\/dedemesquita.com.br\"]}]}<\/script>\n<!-- \/ Yoast SEO plugin. -->","yoast_head_json":{"title":"Jornalista Olavo Dutra est\u00e1 no ar com nov\u00edssimo portal de not\u00edcias - Ded\u00e9 Mesquita","robots":{"index":"index","follow":"follow","max-snippet":"max-snippet:-1","max-image-preview":"max-image-preview:large","max-video-preview":"max-video-preview:-1"},"canonical":"https:\/\/dedemesquita.com.br\/?p=6812","og_locale":"pt_BR","og_type":"article","og_title":"Jornalista Olavo Dutra est\u00e1 no ar com nov\u00edssimo portal de not\u00edcias - Ded\u00e9 Mesquita","og_description":"Entrou no ar, neste domingo, 25, o mais novo ve\u00edculo de not\u00edcias quentes, exclusivas e sempre atuais da imprensa paraense: o portal Olavo Dutra, que est\u00e1 neste linke aqui: portalolavodutra.com.br O slogan \u201cA Evolu\u00e7\u00e3o da Not\u00edcia\u201d retrata bem a transforma\u00e7\u00e3o que a coluna do jornalista Olavo Dutra, publicada diariamente em endere\u00e7o hom\u00f4nimo, sofre a partir [&hellip;]","og_url":"https:\/\/dedemesquita.com.br\/?p=6812","og_site_name":"Ded\u00e9 Mesquita","article_publisher":"https:\/\/www.facebook.com\/dede.mesquita","article_published_time":"2023-06-25T11:56:56+00:00","og_image":[{"width":950,"height":450,"url":"https:\/\/dedemesquita.com.br\/wp-content\/uploads\/2023\/06\/a2-2.png","type":"image\/png"}],"author":"Ded\u00e9 Mesquita","twitter_card":"summary_large_image","twitter_creator":"@dedemesquita","twitter_site":"@dedemesquita","twitter_misc":{"Escrito por":"Ded\u00e9 Mesquita","Est. tempo de leitura":"2 minutos"},"schema":{"@context":"https:\/\/schema.org","@graph":[{"@type":"WebPage","@id":"https:\/\/dedemesquita.com.br\/?p=6812","url":"https:\/\/dedemesquita.com.br\/?p=6812","name":"Jornalista Olavo Dutra est\u00e1 no ar com nov\u00edssimo portal de not\u00edcias - Ded\u00e9 Mesquita","isPartOf":{"@id":"https:\/\/dedemesquita.com.br\/#website"},"datePublished":"2023-06-25T11:56:56+00:00","dateModified":"2023-06-25T11:56:56+00:00","author":{"@id":"https:\/\/dedemesquita.com.br\/#\/schema\/person\/36571f81dd2d76dc3ab37231542c9e24"},"breadcrumb":{"@id":"https:\/\/dedemesquita.com.br\/?p=6812#breadcrumb"},"inLanguage":"pt-BR","potentialAction":[{"@type":"ReadAction","target":["https:\/\/dedemesquita.com.br\/?p=6812"]}]},{"@type":"BreadcrumbList","@id":"https:\/\/dedemesquita.com.br\/?p=6812#breadcrumb","itemListElement":[{"@type":"ListItem","position":1,"name":"In\u00edcio","item":"https:\/\/dedemesquita.com.br\/"},{"@type":"ListItem","position":2,"name":"Jornalista Olavo Dutra est\u00e1 no ar com nov\u00edssimo portal de not\u00edcias"}]},{"@type":"WebSite","@id":"https:\/\/dedemesquita.com.br\/#website","url":"https:\/\/dedemesquita.com.br\/","name":"Ded\u00e9 Mesquita","description":"Um site que mostra os bastidores da imprensa no estado do Par\u00e1 e em Bel\u00e9m","potentialAction":[{"@type":"SearchAction","target":{"@type":"EntryPoint","urlTemplate":"https:\/\/dedemesquita.com.br\/?s={search_term_string}"},"query-input":"required name=search_term_string"}],"inLanguage":"pt-BR"},{"@type":"Person","@id":"https:\/\/dedemesquita.com.br\/#\/schema\/person\/36571f81dd2d76dc3ab37231542c9e24","name":"Ded\u00e9 Mesquita","image":{"@type":"ImageObject","inLanguage":"pt-BR","@id":"https:\/\/dedemesquita.com.br\/#\/schema\/person\/image\/","url":"https:\/\/dedemesquita.com.br\/wp-content\/uploads\/2021\/02\/foto_perfil-150x150.jpg","contentUrl":"https:\/\/dedemesquita.com.br\/wp-content\/uploads\/2021\/02\/foto_perfil-150x150.jpg","caption":"Ded\u00e9 Mesquita"},"sameAs":["https:\/\/dedemesquita.com.br"]}]}},"_links":{"self":[{"href":"https:\/\/dedemesquita.com.br\/index.php?rest_route=\/wp\/v2\/posts\/6812"}],"collection":[{"href":"https:\/\/dedemesquita.com.br\/index.php?rest_route=\/wp\/v2\/posts"}],"about":[{"href":"https:\/\/dedemesquita.com.br\/index.php?rest_route=\/wp\/v2\/types\/post"}],"author":[{"embeddable":true,"href":"https:\/\/dedemesquita.com.br\/index.php?rest_route=\/wp\/v2\/users\/2"}],"replies":[{"embeddable":true,"href":"https:\/\/dedemesquita.com.br\/index.php?rest_route=%2Fwp%2Fv2%2Fcomments&post=6812"}],"version-history":[{"count":2,"href":"https:\/\/dedemesquita.com.br\/index.php?rest_route=\/wp\/v2\/posts\/6812\/revisions"}],"predecessor-version":[{"id":6816,"href":"https:\/\/dedemesquita.com.br\/index.php?rest_route=\/wp\/v2\/posts\/6812\/revisions\/6816"}],"wp:featuredmedia":[{"embeddable":true,"href":"https:\/\/dedemesquita.com.br\/index.php?rest_route=\/wp\/v2\/media\/6814"}],"wp:attachment":[{"href":"https:\/\/dedemesquita.com.br\/index.php?rest_route=%2Fwp%2Fv2%2Fmedia&parent=6812"}],"wp:term":[{"taxonomy":"category","embeddable":true,"href":"https:\/\/dedemesquita.com.br\/index.php?rest_route=%2Fwp%2Fv2%2Fcategories&post=6812"},{"taxonomy":"post_tag","embeddable":true,"href":"https:\/\/dedemesquita.com.br\/index.php?rest_route=%2Fwp%2Fv2%2Ftags&post=6812"}],"curies":[{"name":"wp","href":"https:\/\/api.w.org\/{rel}","templated":true}]}}