{"id":6731,"date":"2023-06-17T18:40:21","date_gmt":"2023-06-17T21:40:21","guid":{"rendered":"https:\/\/dedemesquita.com.br\/?p=6731"},"modified":"2023-06-18T22:30:42","modified_gmt":"2023-06-19T01:30:42","slug":"presidente-lula-visita-belem-e-abaetetuba-e-imprensa-acompanha-tudo-de-bem-perto","status":"publish","type":"post","link":"https:\/\/dedemesquita.com.br\/?p=6731","title":{"rendered":"Lula visita Bel\u00e9m e Abaetetuba, imprensa acompanha e Sinjor-PA promove manifesta\u00e7\u00e3o ao ministro Jader Filho"},"content":{"rendered":"\n<p>O&nbsp;presidente&nbsp;Luiz In\u00e1cio Lula da Silva (PT)&nbsp;esteve no estado do Par\u00e1, pela primeira vez, depois que foi eleito e tomou posse no terceiro mandato presidencial. Ele participou da&nbsp;cerim\u00f4nia de entrega de 222 unidades habitacionais do conjunto Angelim, em Abaetetuba, regi\u00e3o do baixo Tocantins, na manh\u00e3 deste s\u00e1bado, 17. <\/p>\n\n\n\n<p>Al\u00e9m do presidente, outras autoridades participam do evento, entre elas Jader Filho, titular do Minist\u00e9rio das Cidades, \u00f3rg\u00e3o respons\u00e1vel pela gest\u00e3o do&nbsp;programa&nbsp;Minha Casa, Minha Vida. O&nbsp;governador do Estado, Heldisssss Barbalho, a primeira-dama Daniela Barbalho, os senadores Randolfe Rodrigues, do Amap\u00e1, e Beto Faro (PT) e os deputados federais Dilvanda Faro (PT) e Airton Faleiro (PT) tamb\u00e9m participam do evento com&nbsp; presen\u00e7a de Lula em Abaetetuba.&nbsp;<\/p>\n\n\n\n<p>De volta a Bel\u00e9m, Lula participou em um galp\u00e3o da Companhia das Docas do Par\u00e1 &#8211; CDP de cerim\u00f4nia para falar sobre a prepara\u00e7\u00e3o da capital paraense para receber a&nbsp;Confer\u00eancia das Na\u00e7\u00f5es Unidas sobre Mudan\u00e7as Clim\u00e1ticas &#8211; COP-30, que ocorrer\u00e1 em 2025, na capital paraense.<\/p>\n\n\n\n<p>Foi neste momento em que a cobertura da imprensa foi mais presente. Al\u00e9m da imprensa, a assessoria da Secretaria de Comunica\u00e7\u00e3o da Presid\u00eancia da Rep\u00fablica &#8211; Secom convidou alguns influencers &#8211; olha eles aquiiiiii &#8211; para um encontro com a primeira-dama Janja Lula da Silva.<\/p>\n\n\n\n<p><strong>Manifesta\u00e7\u00e3o &#8211;<\/strong> Mas nem tudo foi uma maravilha durante a passagem de Lula por Bel\u00e9m. O <strong>Sindicato dos Jornalistas do Par\u00e1 &#8211; Sinjor-PA <\/strong>promoveu uma <strong>manifesta\u00e7\u00e3o <\/strong>durante essa vinda do presidente Lula \u00e0 capital paraense. Os dirigentes do Sinjor-PA e de outros sindicatos com reivindica\u00e7\u00f5es foram barrados e impedidos de se manifestar ao <strong>ministro das Cidades, Jader Filho<\/strong>, dono do grupo <strong>Di\u00e1rio do Par\u00e1\/ RBA TV<\/strong>, onde h\u00e1 uma <strong><em>defasagem salarial de 30% nessas empresas de comunica\u00e7\u00e3o de Bel\u00e9m.<\/em><\/strong><\/p>\n\n\n<div class=\"wp-block-image\">\n<figure class=\"aligncenter size-full\"><img loading=\"lazy\" decoding=\"async\" width=\"850\" height=\"531\" src=\"https:\/\/dedemesquita.com.br\/wp-content\/uploads\/2023\/06\/WhatsApp-Image-2023-06-17-at-11.31.52.jpeg\" alt=\"\" class=\"wp-image-6747\" srcset=\"https:\/\/dedemesquita.com.br\/wp-content\/uploads\/2023\/06\/WhatsApp-Image-2023-06-17-at-11.31.52.jpeg 850w, https:\/\/dedemesquita.com.br\/wp-content\/uploads\/2023\/06\/WhatsApp-Image-2023-06-17-at-11.31.52-768x480.jpeg 768w\" sizes=\"(max-width: 850px) 100vw, 850px\" \/><figcaption class=\"wp-element-caption\">Manifesta\u00e7\u00e3o do Sinjor-PA durante a visita de Lula a Bel\u00e9m<\/figcaption><\/figure><\/div>\n\n\n<p><strong>Veja como foi a cobertura dos coleguinhas: <\/strong><\/p>\n\n\n<div class=\"wp-block-image\">\n<figure class=\"aligncenter size-full\"><img loading=\"lazy\" decoding=\"async\" width=\"800\" height=\"510\" src=\"https:\/\/dedemesquita.com.br\/wp-content\/uploads\/2023\/06\/WhatsApp-Image-2023-06-17-at-18.03.07.jpeg\" alt=\"\" class=\"wp-image-6733\" srcset=\"https:\/\/dedemesquita.com.br\/wp-content\/uploads\/2023\/06\/WhatsApp-Image-2023-06-17-at-18.03.07.jpeg 800w, https:\/\/dedemesquita.com.br\/wp-content\/uploads\/2023\/06\/WhatsApp-Image-2023-06-17-at-18.03.07-768x490.jpeg 768w\" sizes=\"(max-width: 800px) 100vw, 800px\" \/><figcaption class=\"wp-element-caption\">Em Abaetetuba, o encontro dos fot\u00f3grafos Tarso Sarraf e Ricardo Stucker &#8211; este &#8220;o fot\u00f3grafo do Lula&#8221; (foto de Rafael Ferreira) <\/figcaption><\/figure><\/div>\n\n<div class=\"wp-block-image\">\n<figure class=\"aligncenter size-full\"><img loading=\"lazy\" decoding=\"async\" width=\"687\" height=\"700\" src=\"https:\/\/dedemesquita.com.br\/wp-content\/uploads\/2023\/06\/WhatsApp-Image-2023-06-17-at-12.37.54.jpeg\" alt=\"\" class=\"wp-image-6734\"\/><figcaption class=\"wp-element-caption\">Andrey Ara\u00fajo, Joyce Cursino e Adriana Pereira na pauta da CDP<\/figcaption><\/figure><\/div>\n\n<div class=\"wp-block-image\">\n<figure class=\"aligncenter size-full\"><img loading=\"lazy\" decoding=\"async\" width=\"619\" height=\"800\" src=\"https:\/\/dedemesquita.com.br\/wp-content\/uploads\/2023\/06\/WhatsApp-Image-2023-06-17-at-17.41.16-1.jpeg\" alt=\"\" class=\"wp-image-6735\"\/><figcaption class=\"wp-element-caption\">S\u00f3 as meninas: Amanda Pereira, Jal\u00edlia Messias, Avelina Castro, C\u00e1cia Medeiros e Anna Paula Mello <\/figcaption><\/figure><\/div>\n\n<div class=\"wp-block-image\">\n<figure class=\"aligncenter size-full\"><img loading=\"lazy\" decoding=\"async\" width=\"800\" height=\"543\" src=\"https:\/\/dedemesquita.com.br\/wp-content\/uploads\/2023\/06\/WhatsApp-Image-2023-06-18-at-22.01.04.jpeg\" alt=\"\" class=\"wp-image-6776\" srcset=\"https:\/\/dedemesquita.com.br\/wp-content\/uploads\/2023\/06\/WhatsApp-Image-2023-06-18-at-22.01.04.jpeg 800w, https:\/\/dedemesquita.com.br\/wp-content\/uploads\/2023\/06\/WhatsApp-Image-2023-06-18-at-22.01.04-768x521.jpeg 768w\" sizes=\"(max-width: 800px) 100vw, 800px\" \/><figcaption class=\"wp-element-caption\">As duas Secom juntas, a do Par\u00e1 e do Governo Federal, com Iego Rocha, Kezia Carvalho, Luciano Cuns e Cristiani Sousa, do Par\u00e1, e Ana Luiza e Jos\u00e9 Aquino, de Bras\u00edlia <\/figcaption><\/figure><\/div>\n\n<div class=\"wp-block-image\">\n<figure class=\"aligncenter size-full\"><img loading=\"lazy\" decoding=\"async\" width=\"800\" height=\"659\" src=\"https:\/\/dedemesquita.com.br\/wp-content\/uploads\/2023\/06\/WhatsApp-Image-2023-06-18-at-22.01.04-1.jpeg\" alt=\"\" class=\"wp-image-6777\" srcset=\"https:\/\/dedemesquita.com.br\/wp-content\/uploads\/2023\/06\/WhatsApp-Image-2023-06-18-at-22.01.04-1.jpeg 800w, https:\/\/dedemesquita.com.br\/wp-content\/uploads\/2023\/06\/WhatsApp-Image-2023-06-18-at-22.01.04-1-768x633.jpeg 768w\" sizes=\"(max-width: 800px) 100vw, 800px\" \/><figcaption class=\"wp-element-caption\">Secom do Par\u00e1 reunida na pauta da CDP, com Kezia Carvalho, Luciano Cuns, Iego Rocha, Alinne Passos, Rita C\u00e2mara, Cristiani Sousa e Rosivaldo Almeida  <\/figcaption><\/figure><\/div>\n\n<div class=\"wp-block-image\">\n<figure class=\"aligncenter size-full\"><img loading=\"lazy\" decoding=\"async\" width=\"545\" height=\"800\" src=\"https:\/\/dedemesquita.com.br\/wp-content\/uploads\/2023\/06\/WhatsApp-Image-2023-06-17-at-17.41.16-3.jpeg\" alt=\"\" class=\"wp-image-6736\"\/><figcaption class=\"wp-element-caption\">Filipe Bispo Vale pronto para mais um cobertura da visita presidencial ao Par\u00e1 <\/figcaption><\/figure><\/div>\n\n<div class=\"wp-block-image\">\n<figure class=\"aligncenter size-full\"><img loading=\"lazy\" decoding=\"async\" width=\"720\" height=\"746\" src=\"https:\/\/dedemesquita.com.br\/wp-content\/uploads\/2023\/06\/WhatsApp-Image-2023-06-17-at-17.41.16.jpeg\" alt=\"\" class=\"wp-image-6737\"\/><figcaption class=\"wp-element-caption\">Adriana Pereira toda linda <\/figcaption><\/figure><\/div>\n\n<div class=\"wp-block-image\">\n<figure class=\"aligncenter size-full\"><img loading=\"lazy\" decoding=\"async\" width=\"720\" height=\"736\" src=\"https:\/\/dedemesquita.com.br\/wp-content\/uploads\/2023\/06\/WhatsApp-Image-2023-06-17-at-17.41.15-1.jpeg\" alt=\"\" class=\"wp-image-6738\"\/><figcaption class=\"wp-element-caption\">E a Karla Pereira lindona tamb\u00e9m <\/figcaption><\/figure><\/div>\n\n<div class=\"wp-block-image\">\n<figure class=\"aligncenter size-full\"><img loading=\"lazy\" decoding=\"async\" width=\"711\" height=\"800\" src=\"https:\/\/dedemesquita.com.br\/wp-content\/uploads\/2023\/06\/IMG_3835.jpg\" alt=\"\" class=\"wp-image-6739\"\/><figcaption class=\"wp-element-caption\">Replay da foto de boa parte da galera da imprensa que estava na cobertura na CDP <\/figcaption><\/figure><\/div>\n\n<div class=\"wp-block-image\">\n<figure class=\"aligncenter size-full\"><img loading=\"lazy\" decoding=\"async\" width=\"468\" height=\"750\" src=\"https:\/\/dedemesquita.com.br\/wp-content\/uploads\/2023\/06\/IMG_3731.jpg\" alt=\"\" class=\"wp-image-6740\"\/><figcaption class=\"wp-element-caption\">Anna Paula Mello devidamente &#8220;encrachazada&#8221; <\/figcaption><\/figure><\/div>\n\n<div class=\"wp-block-image\">\n<figure class=\"aligncenter size-full\"><img loading=\"lazy\" decoding=\"async\" width=\"772\" height=\"800\" src=\"https:\/\/dedemesquita.com.br\/wp-content\/uploads\/2023\/06\/IMG_3752.jpg\" alt=\"\" class=\"wp-image-6741\" srcset=\"https:\/\/dedemesquita.com.br\/wp-content\/uploads\/2023\/06\/IMG_3752.jpg 772w, https:\/\/dedemesquita.com.br\/wp-content\/uploads\/2023\/06\/IMG_3752-768x796.jpg 768w\" sizes=\"(max-width: 772px) 100vw, 772px\" \/><figcaption class=\"wp-element-caption\">Marco Santos, &#8220;o fot\u00f3grafo do Heldisssss&#8221; e da Secom-PA <\/figcaption><\/figure><\/div>\n\n<div class=\"wp-block-image\">\n<figure class=\"aligncenter size-full\"><img loading=\"lazy\" decoding=\"async\" width=\"692\" height=\"750\" src=\"https:\/\/dedemesquita.com.br\/wp-content\/uploads\/2023\/06\/IMG_3851-1.jpg\" alt=\"\" class=\"wp-image-6742\"\/><figcaption class=\"wp-element-caption\">Marco Santos, o &#8220;fot\u00f3grafo do Heldissss&#8221; e Ricardo Stucker, &#8220;o fot\u00f3grafo do Lula&#8221;<\/figcaption><\/figure><\/div>\n\n<div class=\"wp-block-image\">\n<figure class=\"aligncenter size-full\"><img loading=\"lazy\" decoding=\"async\" width=\"680\" height=\"676\" src=\"https:\/\/dedemesquita.com.br\/wp-content\/uploads\/2023\/06\/a2-1.png\" alt=\"\" class=\"wp-image-6744\" srcset=\"https:\/\/dedemesquita.com.br\/wp-content\/uploads\/2023\/06\/a2-1.png 680w, https:\/\/dedemesquita.com.br\/wp-content\/uploads\/2023\/06\/a2-1-150x150.png 150w\" sizes=\"(max-width: 680px) 100vw, 680px\" \/><figcaption class=\"wp-element-caption\">Anna Paula Mello <\/figcaption><\/figure><\/div>\n\n<div class=\"wp-block-image\">\n<figure class=\"aligncenter size-full\"><img loading=\"lazy\" decoding=\"async\" width=\"700\" height=\"538\" src=\"https:\/\/dedemesquita.com.br\/wp-content\/uploads\/2023\/06\/WhatsApp-Image-2023-06-17-at-17.41.16-2.jpeg\" alt=\"\" class=\"wp-image-6743\"\/><figcaption class=\"wp-element-caption\">Encontro de Janja Lula (ao centro) com os influencers de Bel\u00e9m, com destaque para Tupiniqueen, Isis Vieira, Syane Neno, Dina Carmona, Tiane Melo (Manga Po\u00e9tica) e Loro da Doca<\/figcaption><\/figure><\/div>\n\n<div class=\"wp-block-image\">\n<figure class=\"aligncenter size-full\"><img loading=\"lazy\" decoding=\"async\" width=\"539\" height=\"750\" src=\"https:\/\/dedemesquita.com.br\/wp-content\/uploads\/2023\/06\/WhatsApp-Image-2023-06-17-at-22.20.52.jpeg\" alt=\"\" class=\"wp-image-6756\"\/><figcaption class=\"wp-element-caption\">Filipe Bispo Vale na \u00e1rea da CDP onde teve a cerim\u00f4nia com Lula <\/figcaption><\/figure><\/div>\n\n<div class=\"wp-block-image\">\n<figure class=\"aligncenter size-full\"><img loading=\"lazy\" decoding=\"async\" width=\"471\" height=\"750\" src=\"https:\/\/dedemesquita.com.br\/wp-content\/uploads\/2023\/06\/WhatsApp-Image-2023-06-17-at-19.49.19.jpeg\" alt=\"\" class=\"wp-image-6757\"\/><figcaption class=\"wp-element-caption\">Antenor Filho sempre nas pautas com as autoridades locais e nacionais <\/figcaption><\/figure><\/div>\n\n<div class=\"wp-block-image\">\n<figure class=\"aligncenter size-full\"><img loading=\"lazy\" decoding=\"async\" width=\"532\" height=\"750\" src=\"https:\/\/dedemesquita.com.br\/wp-content\/uploads\/2023\/06\/WhatsApp-Image-2023-06-17-at-22.20.52-1.jpeg\" alt=\"\" class=\"wp-image-6758\"\/><figcaption class=\"wp-element-caption\">Alessandra Serr\u00e3o, a Leka, na entrada da \u00e1rea da pauta pela pra\u00e7a Pedro Teixeira <\/figcaption><\/figure><\/div>\n\n<div class=\"wp-block-image\">\n<figure class=\"aligncenter size-full\"><img loading=\"lazy\" decoding=\"async\" width=\"576\" height=\"800\" src=\"https:\/\/dedemesquita.com.br\/wp-content\/uploads\/2023\/06\/leka1.jpg\" alt=\"\" class=\"wp-image-6761\"\/><figcaption class=\"wp-element-caption\">A &#8220;rainha da selfie&#8221;, Leka, com Wagner Almeida, do Di\u00e1rio do Par\u00e1 (foto de Alessandra Serr\u00e3o)<\/figcaption><\/figure><\/div>\n\n<div class=\"wp-block-image\">\n<figure class=\"aligncenter size-full\"><img loading=\"lazy\" decoding=\"async\" width=\"494\" height=\"750\" src=\"https:\/\/dedemesquita.com.br\/wp-content\/uploads\/2023\/06\/leka2.jpg\" alt=\"\" class=\"wp-image-6762\"\/><figcaption class=\"wp-element-caption\">Leka e Raimundo Pacc\u00f3 (foto de Alessandra Serr\u00e3o)<\/figcaption><\/figure><\/div>\n\n<div class=\"wp-block-image\">\n<figure class=\"aligncenter size-full\"><img loading=\"lazy\" decoding=\"async\" width=\"549\" height=\"750\" src=\"https:\/\/dedemesquita.com.br\/wp-content\/uploads\/2023\/06\/leka3.jpg\" alt=\"\" class=\"wp-image-6763\"\/><figcaption class=\"wp-element-caption\">Antenor Filho, Leka e Maickson Ribeiro, chefe da comunica\u00e7\u00e3o da C\u00e2mara Municipal de Bel\u00e9m -CMB (foto de Alessandra Serr\u00e3o)<\/figcaption><\/figure><\/div>\n\n<div class=\"wp-block-image\">\n<figure class=\"aligncenter size-full\"><img loading=\"lazy\" decoding=\"async\" width=\"573\" height=\"750\" src=\"https:\/\/dedemesquita.com.br\/wp-content\/uploads\/2023\/06\/leka4.jpg\" alt=\"\" class=\"wp-image-6765\"\/><figcaption class=\"wp-element-caption\">Vito Gemaque, presidente do Sinjor-PA, e Leka (foto de Alessandra Serr\u00e3o)<\/figcaption><\/figure><\/div>\n\n<div class=\"wp-block-image\">\n<figure class=\"aligncenter size-full\"><img loading=\"lazy\" decoding=\"async\" width=\"474\" height=\"750\" src=\"https:\/\/dedemesquita.com.br\/wp-content\/uploads\/2023\/06\/leka5.jpg\" alt=\"\" class=\"wp-image-6766\"\/><figcaption class=\"wp-element-caption\">Fernando -Passarinho &#8211; Nobre e Leka (foto de Alessandra Serr\u00e3o)<\/figcaption><\/figure><\/div>\n\n<div class=\"wp-block-image\">\n<figure class=\"aligncenter size-full\"><img loading=\"lazy\" decoding=\"async\" width=\"586\" height=\"800\" src=\"https:\/\/dedemesquita.com.br\/wp-content\/uploads\/2023\/06\/leka6.jpg\" alt=\"\" class=\"wp-image-6767\"\/><figcaption class=\"wp-element-caption\">Leka e Joyce Cursino (foto de Alessandra Serr\u00e3o)<\/figcaption><\/figure><\/div>\n\n<div class=\"wp-block-image\">\n<figure class=\"aligncenter size-full\"><img loading=\"lazy\" decoding=\"async\" width=\"580\" height=\"800\" src=\"https:\/\/dedemesquita.com.br\/wp-content\/uploads\/2023\/06\/leka7.jpg\" alt=\"\" class=\"wp-image-6768\"\/><figcaption class=\"wp-element-caption\">Adriana Pereira e Leka (foto de Alessandra Serr\u00e3o)<\/figcaption><\/figure><\/div>\n\n<div class=\"wp-block-image\">\n<figure class=\"aligncenter size-full\"><img loading=\"lazy\" decoding=\"async\" width=\"500\" height=\"750\" src=\"https:\/\/dedemesquita.com.br\/wp-content\/uploads\/2023\/06\/camia.jpg\" alt=\"\" class=\"wp-image-6770\"\/><figcaption class=\"wp-element-caption\">Piu Gibson e Camila Barros, os dois assessores parlamentares na Alepa, durante a pauta na CDP <\/figcaption><\/figure><\/div>","protected":false},"excerpt":{"rendered":"<p>O&nbsp;presidente&nbsp;Luiz In\u00e1cio Lula da Silva (PT)&nbsp;esteve no estado do Par\u00e1, pela primeira vez, depois que foi eleito e tomou posse no terceiro mandato presidencial. Ele participou da&nbsp;cerim\u00f4nia de entrega de 222 unidades habitacionais do conjunto Angelim, em Abaetetuba, regi\u00e3o do baixo Tocantins, na manh\u00e3 deste s\u00e1bado, 17. Al\u00e9m do presidente, outras autoridades participam do evento, [&hellip;]<\/p>\n","protected":false},"author":2,"featured_media":6754,"comment_status":"open","ping_status":"open","sticky":false,"template":"","format":"standard","meta":{"footnotes":""},"categories":[51,14,29],"tags":[181,119,120,396,144,145,138,313,427,197],"class_list":["post-6731","post","type-post","status-publish","format-standard","has-post-thumbnail","hentry","category-destaque","category-imprensa","category-jornalismo","tag-diario-do-para","tag-jornalismo","tag-jornalistas-paraenses-em-acao","tag-ka-comunicacao-integrada","tag-o-liberal","tag-rbatv","tag-record-belem","tag-sbt-para","tag-secom-brasil","tag-tv-cultura"],"yoast_head":"<!-- This site is optimized with the Yoast SEO plugin v19.10 - https:\/\/yoast.com\/wordpress\/plugins\/seo\/ -->\n<title>Lula visita Bel\u00e9m e Abaetetuba, imprensa acompanha e Sinjor-PA promove manifesta\u00e7\u00e3o ao ministro Jader Filho - Ded\u00e9 Mesquita<\/title>\n<meta name=\"robots\" content=\"index, follow, max-snippet:-1, max-image-preview:large, max-video-preview:-1\" \/>\n<link rel=\"canonical\" href=\"https:\/\/dedemesquita.com.br\/?p=6731\" \/>\n<meta property=\"og:locale\" content=\"pt_BR\" \/>\n<meta property=\"og:type\" content=\"article\" \/>\n<meta property=\"og:title\" content=\"Lula visita Bel\u00e9m e Abaetetuba, imprensa acompanha e Sinjor-PA promove manifesta\u00e7\u00e3o ao ministro Jader Filho - Ded\u00e9 Mesquita\" \/>\n<meta property=\"og:description\" content=\"O&nbsp;presidente&nbsp;Luiz In\u00e1cio Lula da Silva (PT)&nbsp;esteve no estado do Par\u00e1, pela primeira vez, depois que foi eleito e tomou posse no terceiro mandato presidencial. Ele participou da&nbsp;cerim\u00f4nia de entrega de 222 unidades habitacionais do conjunto Angelim, em Abaetetuba, regi\u00e3o do baixo Tocantins, na manh\u00e3 deste s\u00e1bado, 17. Al\u00e9m do presidente, outras autoridades participam do evento, [&hellip;]\" \/>\n<meta property=\"og:url\" content=\"https:\/\/dedemesquita.com.br\/?p=6731\" \/>\n<meta property=\"og:site_name\" content=\"Ded\u00e9 Mesquita\" \/>\n<meta property=\"article:publisher\" content=\"https:\/\/www.facebook.com\/dede.mesquita\" \/>\n<meta property=\"article:published_time\" content=\"2023-06-17T21:40:21+00:00\" \/>\n<meta property=\"article:modified_time\" content=\"2023-06-19T01:30:42+00:00\" \/>\n<meta property=\"og:image\" content=\"https:\/\/dedemesquita.com.br\/wp-content\/uploads\/2023\/06\/IMG_3835-2.jpg\" \/>\n\t<meta property=\"og:image:width\" content=\"800\" \/>\n\t<meta property=\"og:image:height\" content=\"510\" \/>\n\t<meta property=\"og:image:type\" content=\"image\/jpeg\" \/>\n<meta name=\"author\" content=\"Ded\u00e9 Mesquita\" \/>\n<meta name=\"twitter:card\" content=\"summary_large_image\" \/>\n<meta name=\"twitter:creator\" content=\"@dedemesquita\" \/>\n<meta name=\"twitter:site\" content=\"@dedemesquita\" \/>\n<meta name=\"twitter:label1\" content=\"Escrito por\" \/>\n\t<meta name=\"twitter:data1\" content=\"Ded\u00e9 Mesquita\" \/>\n\t<meta name=\"twitter:label2\" content=\"Est. tempo de leitura\" \/>\n\t<meta name=\"twitter:data2\" content=\"9 minutos\" \/>\n<script type=\"application\/ld+json\" class=\"yoast-schema-graph\">{\"@context\":\"https:\/\/schema.org\",\"@graph\":[{\"@type\":\"WebPage\",\"@id\":\"https:\/\/dedemesquita.com.br\/?p=6731\",\"url\":\"https:\/\/dedemesquita.com.br\/?p=6731\",\"name\":\"Lula visita Bel\u00e9m e Abaetetuba, imprensa acompanha e Sinjor-PA promove manifesta\u00e7\u00e3o ao ministro Jader Filho - Ded\u00e9 Mesquita\",\"isPartOf\":{\"@id\":\"https:\/\/dedemesquita.com.br\/#website\"},\"datePublished\":\"2023-06-17T21:40:21+00:00\",\"dateModified\":\"2023-06-19T01:30:42+00:00\",\"author\":{\"@id\":\"https:\/\/dedemesquita.com.br\/#\/schema\/person\/36571f81dd2d76dc3ab37231542c9e24\"},\"breadcrumb\":{\"@id\":\"https:\/\/dedemesquita.com.br\/?p=6731#breadcrumb\"},\"inLanguage\":\"pt-BR\",\"potentialAction\":[{\"@type\":\"ReadAction\",\"target\":[\"https:\/\/dedemesquita.com.br\/?p=6731\"]}]},{\"@type\":\"BreadcrumbList\",\"@id\":\"https:\/\/dedemesquita.com.br\/?p=6731#breadcrumb\",\"itemListElement\":[{\"@type\":\"ListItem\",\"position\":1,\"name\":\"In\u00edcio\",\"item\":\"https:\/\/dedemesquita.com.br\/\"},{\"@type\":\"ListItem\",\"position\":2,\"name\":\"Lula visita Bel\u00e9m e Abaetetuba, imprensa acompanha e Sinjor-PA promove manifesta\u00e7\u00e3o ao ministro Jader Filho\"}]},{\"@type\":\"WebSite\",\"@id\":\"https:\/\/dedemesquita.com.br\/#website\",\"url\":\"https:\/\/dedemesquita.com.br\/\",\"name\":\"Ded\u00e9 Mesquita\",\"description\":\"Um site que mostra os bastidores da imprensa no estado do Par\u00e1 e em Bel\u00e9m\",\"potentialAction\":[{\"@type\":\"SearchAction\",\"target\":{\"@type\":\"EntryPoint\",\"urlTemplate\":\"https:\/\/dedemesquita.com.br\/?s={search_term_string}\"},\"query-input\":\"required name=search_term_string\"}],\"inLanguage\":\"pt-BR\"},{\"@type\":\"Person\",\"@id\":\"https:\/\/dedemesquita.com.br\/#\/schema\/person\/36571f81dd2d76dc3ab37231542c9e24\",\"name\":\"Ded\u00e9 Mesquita\",\"image\":{\"@type\":\"ImageObject\",\"inLanguage\":\"pt-BR\",\"@id\":\"https:\/\/dedemesquita.com.br\/#\/schema\/person\/image\/\",\"url\":\"https:\/\/dedemesquita.com.br\/wp-content\/uploads\/2021\/02\/foto_perfil-150x150.jpg\",\"contentUrl\":\"https:\/\/dedemesquita.com.br\/wp-content\/uploads\/2021\/02\/foto_perfil-150x150.jpg\",\"caption\":\"Ded\u00e9 Mesquita\"},\"sameAs\":[\"https:\/\/dedemesquita.com.br\"]}]}<\/script>\n<!-- \/ Yoast SEO plugin. -->","yoast_head_json":{"title":"Lula visita Bel\u00e9m e Abaetetuba, imprensa acompanha e Sinjor-PA promove manifesta\u00e7\u00e3o ao ministro Jader Filho - Ded\u00e9 Mesquita","robots":{"index":"index","follow":"follow","max-snippet":"max-snippet:-1","max-image-preview":"max-image-preview:large","max-video-preview":"max-video-preview:-1"},"canonical":"https:\/\/dedemesquita.com.br\/?p=6731","og_locale":"pt_BR","og_type":"article","og_title":"Lula visita Bel\u00e9m e Abaetetuba, imprensa acompanha e Sinjor-PA promove manifesta\u00e7\u00e3o ao ministro Jader Filho - Ded\u00e9 Mesquita","og_description":"O&nbsp;presidente&nbsp;Luiz In\u00e1cio Lula da Silva (PT)&nbsp;esteve no estado do Par\u00e1, pela primeira vez, depois que foi eleito e tomou posse no terceiro mandato presidencial. Ele participou da&nbsp;cerim\u00f4nia de entrega de 222 unidades habitacionais do conjunto Angelim, em Abaetetuba, regi\u00e3o do baixo Tocantins, na manh\u00e3 deste s\u00e1bado, 17. Al\u00e9m do presidente, outras autoridades participam do evento, [&hellip;]","og_url":"https:\/\/dedemesquita.com.br\/?p=6731","og_site_name":"Ded\u00e9 Mesquita","article_publisher":"https:\/\/www.facebook.com\/dede.mesquita","article_published_time":"2023-06-17T21:40:21+00:00","article_modified_time":"2023-06-19T01:30:42+00:00","og_image":[{"width":800,"height":510,"url":"https:\/\/dedemesquita.com.br\/wp-content\/uploads\/2023\/06\/IMG_3835-2.jpg","type":"image\/jpeg"}],"author":"Ded\u00e9 Mesquita","twitter_card":"summary_large_image","twitter_creator":"@dedemesquita","twitter_site":"@dedemesquita","twitter_misc":{"Escrito por":"Ded\u00e9 Mesquita","Est. tempo de leitura":"9 minutos"},"schema":{"@context":"https:\/\/schema.org","@graph":[{"@type":"WebPage","@id":"https:\/\/dedemesquita.com.br\/?p=6731","url":"https:\/\/dedemesquita.com.br\/?p=6731","name":"Lula visita Bel\u00e9m e Abaetetuba, imprensa acompanha e Sinjor-PA promove manifesta\u00e7\u00e3o ao ministro Jader Filho - Ded\u00e9 Mesquita","isPartOf":{"@id":"https:\/\/dedemesquita.com.br\/#website"},"datePublished":"2023-06-17T21:40:21+00:00","dateModified":"2023-06-19T01:30:42+00:00","author":{"@id":"https:\/\/dedemesquita.com.br\/#\/schema\/person\/36571f81dd2d76dc3ab37231542c9e24"},"breadcrumb":{"@id":"https:\/\/dedemesquita.com.br\/?p=6731#breadcrumb"},"inLanguage":"pt-BR","potentialAction":[{"@type":"ReadAction","target":["https:\/\/dedemesquita.com.br\/?p=6731"]}]},{"@type":"BreadcrumbList","@id":"https:\/\/dedemesquita.com.br\/?p=6731#breadcrumb","itemListElement":[{"@type":"ListItem","position":1,"name":"In\u00edcio","item":"https:\/\/dedemesquita.com.br\/"},{"@type":"ListItem","position":2,"name":"Lula visita Bel\u00e9m e Abaetetuba, imprensa acompanha e Sinjor-PA promove manifesta\u00e7\u00e3o ao ministro Jader Filho"}]},{"@type":"WebSite","@id":"https:\/\/dedemesquita.com.br\/#website","url":"https:\/\/dedemesquita.com.br\/","name":"Ded\u00e9 Mesquita","description":"Um site que mostra os bastidores da imprensa no estado do Par\u00e1 e em Bel\u00e9m","potentialAction":[{"@type":"SearchAction","target":{"@type":"EntryPoint","urlTemplate":"https:\/\/dedemesquita.com.br\/?s={search_term_string}"},"query-input":"required name=search_term_string"}],"inLanguage":"pt-BR"},{"@type":"Person","@id":"https:\/\/dedemesquita.com.br\/#\/schema\/person\/36571f81dd2d76dc3ab37231542c9e24","name":"Ded\u00e9 Mesquita","image":{"@type":"ImageObject","inLanguage":"pt-BR","@id":"https:\/\/dedemesquita.com.br\/#\/schema\/person\/image\/","url":"https:\/\/dedemesquita.com.br\/wp-content\/uploads\/2021\/02\/foto_perfil-150x150.jpg","contentUrl":"https:\/\/dedemesquita.com.br\/wp-content\/uploads\/2021\/02\/foto_perfil-150x150.jpg","caption":"Ded\u00e9 Mesquita"},"sameAs":["https:\/\/dedemesquita.com.br"]}]}},"_links":{"self":[{"href":"https:\/\/dedemesquita.com.br\/index.php?rest_route=\/wp\/v2\/posts\/6731"}],"collection":[{"href":"https:\/\/dedemesquita.com.br\/index.php?rest_route=\/wp\/v2\/posts"}],"about":[{"href":"https:\/\/dedemesquita.com.br\/index.php?rest_route=\/wp\/v2\/types\/post"}],"author":[{"embeddable":true,"href":"https:\/\/dedemesquita.com.br\/index.php?rest_route=\/wp\/v2\/users\/2"}],"replies":[{"embeddable":true,"href":"https:\/\/dedemesquita.com.br\/index.php?rest_route=%2Fwp%2Fv2%2Fcomments&post=6731"}],"version-history":[{"count":11,"href":"https:\/\/dedemesquita.com.br\/index.php?rest_route=\/wp\/v2\/posts\/6731\/revisions"}],"predecessor-version":[{"id":6780,"href":"https:\/\/dedemesquita.com.br\/index.php?rest_route=\/wp\/v2\/posts\/6731\/revisions\/6780"}],"wp:featuredmedia":[{"embeddable":true,"href":"https:\/\/dedemesquita.com.br\/index.php?rest_route=\/wp\/v2\/media\/6754"}],"wp:attachment":[{"href":"https:\/\/dedemesquita.com.br\/index.php?rest_route=%2Fwp%2Fv2%2Fmedia&parent=6731"}],"wp:term":[{"taxonomy":"category","embeddable":true,"href":"https:\/\/dedemesquita.com.br\/index.php?rest_route=%2Fwp%2Fv2%2Fcategories&post=6731"},{"taxonomy":"post_tag","embeddable":true,"href":"https:\/\/dedemesquita.com.br\/index.php?rest_route=%2Fwp%2Fv2%2Ftags&post=6731"}],"curies":[{"name":"wp","href":"https:\/\/api.w.org\/{rel}","templated":true}]}}