{"id":6670,"date":"2023-06-13T18:57:09","date_gmt":"2023-06-13T21:57:09","guid":{"rendered":"https:\/\/dedemesquita.com.br\/?p=6670"},"modified":"2023-06-14T18:44:28","modified_gmt":"2023-06-14T21:44:28","slug":"sinjor-em-mobilizacao-mais-uma-baixa-na-tv-liberal-mamacita-ataca-de-novo-em-ananindeua-e-outras-noticias-mais","status":"publish","type":"post","link":"https:\/\/dedemesquita.com.br\/?p=6670","title":{"rendered":"Sinjor em mobiliza\u00e7\u00e3o, mais uma baixa na TV Liberal, Mamacita ataca de novo em Ananindeua e outras not\u00edcias mais"},"content":{"rendered":"\n<p>Eita, eita, eita que essa semana a coisa pegou!! Muita not\u00edcia por aqui e vamos, que vamos&#8230;<\/p>\n\n\n\n<p><strong>Enize &#8211;<\/strong> Ainda sobre as mudan\u00e7as na <strong>Reda\u00e7\u00e3o Integrada O Liberal<\/strong>, a jornalista <strong>Enize Vidigal<\/strong>, depois de cerca de 12 anos na editoria de Cultura, voltou para Pol\u00edtica &amp; Economia, sendo que essa foi a editoria em que Enize come\u00e7ou em O Liberal, anos atr\u00e1s. &nbsp;<\/p>\n\n\n<div class=\"wp-block-image\">\n<figure class=\"aligncenter size-full\"><img loading=\"lazy\" decoding=\"async\" width=\"800\" height=\"574\" src=\"https:\/\/dedemesquita.com.br\/wp-content\/uploads\/2023\/06\/enize-vidigal.jpg\" alt=\"\" class=\"wp-image-6677\" srcset=\"https:\/\/dedemesquita.com.br\/wp-content\/uploads\/2023\/06\/enize-vidigal.jpg 800w, https:\/\/dedemesquita.com.br\/wp-content\/uploads\/2023\/06\/enize-vidigal-768x551.jpg 768w\" sizes=\"(max-width: 800px) 100vw, 800px\" \/><figcaption class=\"wp-element-caption\">Enize Vidigal est\u00e1 de volta \u00e0 editoria de Pol\u00edtica em O Liberal <\/figcaption><\/figure><\/div>\n\n\n<p><strong>Pascoal &#8211;<\/strong> J\u00e1 estou ficando cansada de escrever aqui \u201cmais uma baixa na TV Liberal\u201d. Desta feita, quem pediu demiss\u00e3o daquela TV foi <strong>Pascoal Gemaque<\/strong>, o que deixa mais capenga o j\u00e1 combalido time de editores da emissora. Pascoal foi convidado para ampliar suas fun\u00e7\u00f5es na comunica\u00e7\u00e3o da empresa <strong>Brasil BioFuels &#8211; BBF<\/strong>, gigante do agroneg\u00f3cio no ramo da cultura de palma no Par\u00e1.<\/p>\n\n\n<div class=\"wp-block-image\">\n<figure class=\"aligncenter size-full\"><img loading=\"lazy\" decoding=\"async\" width=\"800\" height=\"544\" src=\"https:\/\/dedemesquita.com.br\/wp-content\/uploads\/2023\/06\/pascoal-gemaque.jpeg\" alt=\"\" class=\"wp-image-6678\" srcset=\"https:\/\/dedemesquita.com.br\/wp-content\/uploads\/2023\/06\/pascoal-gemaque.jpeg 800w, https:\/\/dedemesquita.com.br\/wp-content\/uploads\/2023\/06\/pascoal-gemaque-768x522.jpeg 768w\" sizes=\"(max-width: 800px) 100vw, 800px\" \/><figcaption class=\"wp-element-caption\">Nosso &#8220;salve simpatia&#8221; Pascoal Gemaque est\u00e1 de casa nova. Sucesso!!<\/figcaption><\/figure><\/div>\n\n\n<p><strong>Agropalma &#8211; <\/strong>A jornalista <strong>\u00c2ngela Oliveira<\/strong>, com passagens pela Setur, Alepa e Record TV, assumiu o cargo de analista de comunica\u00e7\u00e3o na <strong>Agropalma<\/strong>, que tem a Cris Paiva como coordenadora de Comunica\u00e7\u00e3o Corporativa.<\/p>\n\n\n<div class=\"wp-block-image\">\n<figure class=\"aligncenter size-full\"><img loading=\"lazy\" decoding=\"async\" width=\"521\" height=\"700\" src=\"https:\/\/dedemesquita.com.br\/wp-content\/uploads\/2023\/06\/angela-oliveira.jpg\" alt=\"\" class=\"wp-image-6679\"\/><figcaption class=\"wp-element-caption\">\u00c2ngela Oliveira come\u00e7ou em cargo novo na Agropalma  <\/figcaption><\/figure><\/div>\n\n\n<p><strong>Semec &#8211;<\/strong> Mudan\u00e7a na comunica\u00e7\u00e3o da <strong>Secretaria Municipal de Educa\u00e7\u00e3o &#8211; Semec<\/strong>. Com a sa\u00edda de <strong>L\u00edlian Leit\u00e3o<\/strong>, a jornalista <strong>T\u00e1bita Oliveira<\/strong> estava temporariamente na fun\u00e7\u00e3o de assessora de comunica\u00e7\u00e3o, mas houve outra mudan\u00e7a e <strong>Leandro M\u00fcller<\/strong> passou a ocupar o cargo. Contatos do colega: e-mail: <a href=\"mailto:semecimprensa@gmail.com\"><strong>semecimprensa@gmail.com<\/strong><\/a> e 91  98452-3962.<\/p>\n\n\n\n<p><strong>Andr\u00e9ia &#8211; Andr\u00e9ia Melo<\/strong>, jornalista e podcaster, come\u00e7ou em novo cargo de webmaster, coordenadora e produtora de conte\u00fado do site <strong>&#8220;Vida &amp; Mulher&#8221;<\/strong>.<\/p>\n\n\n\n<p><strong>Gerlando &#8211;<\/strong> O jornalista <strong>Gerlando Klinger<\/strong>, que foi assessor de comunica\u00e7\u00e3o da <strong>Defensoria P\u00fablica do Par\u00e1<\/strong>, por muitos anos, depois passou pela <strong>Secretaria de Justi\u00e7a e Direitos Humanos &#8211; Sejudh<\/strong>, n\u00e3o faz mais parte dessa comunica\u00e7\u00e3o. Sem mais delongas, Gerlando foi \u201cconvidado gentilmente a se retirar\u201d da secretaria, assim que voltou de licen\u00e7a m\u00e9dica ap\u00f3s uma cirurgia. <em>Desse jeitinho, Secom-PA???<\/em><\/p>\n\n\n<div class=\"wp-block-image\">\n<figure class=\"aligncenter size-full\"><img loading=\"lazy\" decoding=\"async\" width=\"579\" height=\"597\" src=\"https:\/\/dedemesquita.com.br\/wp-content\/uploads\/2023\/06\/gerlando-klinger.jpg\" alt=\"\" class=\"wp-image-6680\"\/><figcaption class=\"wp-element-caption\">Gerlando Klinger deixou a comunica\u00e7\u00e3o da SEJUDH <\/figcaption><\/figure><\/div>\n\n\n<p><strong>Acelerando &#8211; <\/strong>O <strong>Amaz\u00f4nia Vox<\/strong>, do Instituto Bem da Amaz\u00f4nia, foi selecionado para o programa <strong>\u201cAcelerando Neg\u00f3cios Digitais\u201d<\/strong>, da Meta, uma parceria do International Center for Journalists, Meta &#8211; empresa respons\u00e1vel pelo Instagram e Facebook &#8211; e diversas associa\u00e7\u00f5es de m\u00eddia do Pa\u00eds. Ap\u00f3s a etapa de treinamento, come\u00e7a o acesso \u00e0 mentoria especializada e apoio financeiro para ajudar na fase inicial para implementar o projeto. Al\u00e9m do Amaz\u00f4nia Vox, do Par\u00e1, os comunicadores selecionados s\u00e3o <strong>Pense Play<\/strong>, <strong>Rondon Oficial<\/strong> e <strong>Hub Par\u00e1<\/strong>.<\/p>\n\n\n<div class=\"wp-block-image\">\n<figure class=\"aligncenter size-full\"><img loading=\"lazy\" decoding=\"async\" width=\"601\" height=\"554\" src=\"https:\/\/dedemesquita.com.br\/wp-content\/uploads\/2023\/06\/a3.png\" alt=\"\" class=\"wp-image-6688\"\/><figcaption class=\"wp-element-caption\">Mais uma vit\u00f3ria para o Amaz\u00f4nia Vox <\/figcaption><\/figure><\/div>\n\n\n<p><strong>Palco &#8211;<\/strong> O jornalista <strong>Fabr\u00edcio Rocha<\/strong> apresenta o programa <strong>\u201cPalco\u201d<\/strong>, na r\u00e1dio Cultura FM, que teve estreia no \u00faltimo domingo, dia 11, com show dos 28 anos da banda paraense Fruto Sensual. O programa vai ao ar todos os domingos, \u00e0s 15 horas.<\/p>\n\n\n\n<p><strong>D I R E I T O S<\/strong><\/p>\n\n\n\n<p><strong>Mobiliza\u00e7\u00e3o &#8211; <\/strong>O <strong>Sindicato dos Jornalistas do Par\u00e1 &#8211; Sinjor-PA<\/strong> come\u00e7ou nesta ter\u00e7a-feira, 13, a campanha de mobiliza\u00e7\u00e3o dos tr\u00eas sindicatos das categorias nas emissoras de televis\u00e3o, para a Assembleia Geral unificada na pr\u00f3xima sexta-feira, dia 16, na sede do Sindicato dos Radialistas do Estado do Par\u00e1 &#8211; STERT-PA. S\u00e3o cinco anos sem Acordo Coletivo ou reajuste salarial. Sem progress\u00e3o na carreira ou direitos b\u00e1sico. A mobiliza\u00e7\u00e3o come\u00e7ou pela TV Liberal; na quarta-feira, 14, ser\u00e1 em frente \u00e0 TV Record; e na quinta-feira, 15, na RBA TV. <\/p>\n\n\n<div class=\"wp-block-image\">\n<figure class=\"aligncenter size-full\"><img loading=\"lazy\" decoding=\"async\" width=\"750\" height=\"421\" src=\"https:\/\/dedemesquita.com.br\/wp-content\/uploads\/2023\/06\/a1-2.jpg\" alt=\"\" class=\"wp-image-6681\"\/><figcaption class=\"wp-element-caption\">Sinjor-PA em mobiliza\u00e7\u00e3o pelos direitos dos jornalistas nas emissoras de televis\u00e3o <\/figcaption><\/figure><\/div>\n\n\n<p><strong>S O C I A L<\/strong> <\/p>\n\n\n\n<p><strong>Maur\u00edcio chegou &#8211; <\/strong>Na semana passada, chegou <strong>Maur\u00edcio<\/strong>, primeiro filho da jornalista <strong>Ana Paula Azevedo<\/strong> e <strong>Naldyr Santiago<\/strong>. Felicidades!! &nbsp;<\/p>\n\n\n<div class=\"wp-block-image\">\n<figure class=\"aligncenter size-full\"><img loading=\"lazy\" decoding=\"async\" width=\"666\" height=\"700\" src=\"https:\/\/dedemesquita.com.br\/wp-content\/uploads\/2023\/06\/ana-paula-e-mauricio.jpeg\" alt=\"\" class=\"wp-image-6674\"\/><figcaption class=\"wp-element-caption\">Seja muito bem-vindo, Maur\u00edcio!!! <\/figcaption><\/figure><\/div>\n\n\n<p><strong>E S S A S   N O T \u00cd C I A S&#8230; <\/strong><\/p>\n\n\n\n<p><strong>Agress\u00e3o &#8211;<\/strong> Na sexta-feira, dia 9 de junho, o fot\u00f3grafo <strong>Eliseu Pereira<\/strong>, da ag\u00eancia de <strong>audiovisual Tu\u00edra Criative<\/strong>, da cidade de Muan\u00e1, no arquip\u00e9lago do Maraj\u00f3, foi agredido com socos e pontap\u00e9s pelo <strong>vereador e presidente da C\u00e2mara Municipal de Muan\u00e1, Gilmar Nunes<\/strong>. O fot\u00f3grafo sofreu ferimentos em algumas parte do corpo, mas o vereador Gilmar Nunes n\u00e3o se pronunciou sobre o caso.<\/p>\n\n\n\n<p><strong>NOTA DA REDA\u00c7\u00c3O:<\/strong> <em><strong>por um pedido especial<\/strong><\/em><strong><em>, esta nota sofreu edi\u00e7\u00e3o <\/em><\/strong>&#8211; A jornalista e radialista <strong>Bebel Chaves<\/strong>, que muitos conhecem pela voz, em especial na \u00e9poca da <strong>r\u00e1dio Cultura FM<\/strong>, pediu demiss\u00e3o da comunica\u00e7\u00e3o da Prefeitura de Ananindeua, onde foi editora. Mais uma baixa na conta de Mamacita <strong><em>[e essa observa\u00e7\u00e3o \u00e9 por minha conta]<\/em>.<\/strong><\/p>\n\n\n\n<p><strong>A volta de Joaquim &#8211;<\/strong> <strong>Joaquim Campos<\/strong>, que foi demitido da RBA TV, est\u00e1 de volta \u00e0quela televis\u00e3o, aos s\u00e1bados, \u00e0s 11 horas, com o programa<strong> \u201cRota Cidad\u00e3 190\u201d<\/strong>. Calma! Eu explico: Campos \u00e9 dono do nome e do programa e <strong>\u201calugou\u201d<\/strong> o hor\u00e1rio na TV. Portanto, por conta e risco dele.<\/p>\n\n\n<div class=\"wp-block-image\">\n<figure class=\"aligncenter size-full\"><img loading=\"lazy\" decoding=\"async\" width=\"551\" height=\"343\" src=\"https:\/\/dedemesquita.com.br\/wp-content\/uploads\/2023\/06\/joaquim-campos.png\" alt=\"\" class=\"wp-image-6683\"\/><figcaption class=\"wp-element-caption\">Joaquim Campos e &#8220;a volta dos que n\u00e3o foram&#8221; <\/figcaption><\/figure><\/div>\n\n\n<p><strong>Mentoria na RBA &#8211;<\/strong> Ainda no tema RBA TV, \u201cecos da torre\u201d d\u00e3o conta que outros membros da fam\u00edlia Barbalho est\u00e3o preparando, digamos assim, a sucess\u00e3o l\u00e1 pelos lados da Almirante Barroso. <strong>Filhos dos Barbalho <\/strong>estariam prestes a assumir postos no grupo RBA. Um administrador trabalha no n\u00facleo de m\u00eddias sociais. Outro ainda n\u00e3o sabe o que vai fazer. Os gerentes de setores est\u00e3o preparando os substitutos e<strong> Mauro Netto<\/strong>, sempre ele, est\u00e1 capacitando os jovens <em>[n\u00e3o ri, n\u00e3o ri, n\u00e3o ri, n\u00e3o ri!!]<\/em><\/p>\n\n\n\n<p><strong>Rede TV virou Big Brother &#8211;<\/strong> A situa\u00e7\u00e3o continua muito dif\u00edcil na <strong>Rede TV<\/strong>, em Bel\u00e9m, como j\u00e1 noticiei aqui. Em face aos muitos processos trabalhistas, no departamento de Jornalismo ficaram apenas quatro jornalistas, sendo dois na reportagem e dois na reda\u00e7\u00e3o. O que se comenta \u00e9 que uma estudante de jornalismo &#8211; segundo uma fonte fidedigna, aluna da faculdade Est\u00e1cio, onde ela chega pra <strong>ESTUDAR<\/strong> com crach\u00e1 da Rede TV pendurado no pesco\u00e7o -, que seria a amiga &#8220;testa de ferro&#8221; de um dos diretores da TV, ocupa o cargo de <strong>chefia<\/strong>. Uma pessoa chamada <strong>Renata Rocha<\/strong> <strong>seria <\/strong>a \u201cmamacita\u201d da Rede TV e \u00e9 ela quem <strong>teria <\/strong>causado demiss\u00f5es de v\u00e1rios colaboradores, ao <strong>reproduzir fofocas<\/strong> ao Bruno Rodrigues, o Brun\u00e3o, de quem j\u00e1 falamos <strong><strong>BEM<\/strong><\/strong> e bastante aqui no site. <\/p>\n\n\n\n<p>Mas o que fica mais absurdo nessa hist\u00f3ria toda \u00e9 que foram instaladas c\u00e2meras &#8211; <strong>no estilo BBB <\/strong>&#8211; em toda a sede da televis\u00e3o e criado um <strong>\u201ccaixote\u201d<\/strong> para que os funcion\u00e1rios depositem seus celulares, al\u00e9m de haver fiscaliza\u00e7\u00e3o severa dos funcion\u00e1rios. <strong>E os sal\u00e1rios continuam atrasados<\/strong>. Que tal? Ei, <strong>Sinjor-PA<\/strong>, como assim?<\/p>\n\n\n\n<p><strong>NOTA DA REDA\u00c7\u00c3O 1:<\/strong> em contato com site, <strong>Renata Rocha <\/strong>nega toda e qualquer acusa\u00e7\u00e3o que tenha sido feita a ela, nesta nota. <strong>Est\u00e1 registrado! <\/strong><\/p>\n\n\n\n<p><strong>NOTA DA REDA\u00c7\u00c3O 2: <\/strong>quem sou eu para <strong>n\u00e3o me sensibilizar<\/strong> com o tempo gasto de algu\u00e9m em fazer stories do Instagram para explicar alguma coisa? Logo <strong>EU<\/strong> que sou uma verdadeira <strong>lady<\/strong>? <\/p>\n\n\n<div class=\"wp-block-image\">\n<figure class=\"aligncenter size-full\"><img loading=\"lazy\" decoding=\"async\" width=\"337\" height=\"337\" src=\"https:\/\/dedemesquita.com.br\/wp-content\/uploads\/2023\/06\/a2.png\" alt=\"\" class=\"wp-image-6684\" srcset=\"https:\/\/dedemesquita.com.br\/wp-content\/uploads\/2023\/06\/a2.png 337w, https:\/\/dedemesquita.com.br\/wp-content\/uploads\/2023\/06\/a2-150x150.png 150w\" sizes=\"(max-width: 337px) 100vw, 337px\" \/><figcaption class=\"wp-element-caption\">Brun\u00e3o, o &#8220;peso da not\u00edcia&#8221;, que tal pagar o sal\u00e1rio da galera que trabalha na Rede TV, hein? <\/figcaption><\/figure><\/div>","protected":false},"excerpt":{"rendered":"<p>Eita, eita, eita que essa semana a coisa pegou!! Muita not\u00edcia por aqui e vamos, que vamos&#8230; Enize &#8211; Ainda sobre as mudan\u00e7as na Reda\u00e7\u00e3o Integrada O Liberal, a jornalista Enize Vidigal, depois de cerca de 12 anos na editoria de Cultura, voltou para Pol\u00edtica &amp; Economia, sendo que essa foi a editoria em que [&hellip;]<\/p>\n","protected":false},"author":2,"featured_media":6676,"comment_status":"open","ping_status":"open","sticky":false,"template":"","format":"standard","meta":{"footnotes":""},"categories":[51,14,29],"tags":[119,120,144,145,178,150,130,137],"class_list":["post-6670","post","type-post","status-publish","format-standard","has-post-thumbnail","hentry","category-destaque","category-imprensa","category-jornalismo","tag-jornalismo","tag-jornalistas-paraenses-em-acao","tag-o-liberal","tag-rbatv","tag-rede-tv","tag-secom-pa","tag-sinjor-pa","tag-tv-liberal"],"yoast_head":"<!-- This site is optimized with the Yoast SEO plugin v19.10 - https:\/\/yoast.com\/wordpress\/plugins\/seo\/ -->\n<title>Sinjor em mobiliza\u00e7\u00e3o, mais uma baixa na TV Liberal, Mamacita ataca de novo em Ananindeua e outras not\u00edcias mais - Ded\u00e9 Mesquita<\/title>\n<meta name=\"robots\" content=\"index, follow, max-snippet:-1, max-image-preview:large, max-video-preview:-1\" \/>\n<link rel=\"canonical\" href=\"https:\/\/dedemesquita.com.br\/?p=6670\" \/>\n<meta property=\"og:locale\" content=\"pt_BR\" \/>\n<meta property=\"og:type\" content=\"article\" \/>\n<meta property=\"og:title\" content=\"Sinjor em mobiliza\u00e7\u00e3o, mais uma baixa na TV Liberal, Mamacita ataca de novo em Ananindeua e outras not\u00edcias mais - Ded\u00e9 Mesquita\" \/>\n<meta property=\"og:description\" content=\"Eita, eita, eita que essa semana a coisa pegou!! Muita not\u00edcia por aqui e vamos, que vamos&#8230; Enize &#8211; Ainda sobre as mudan\u00e7as na Reda\u00e7\u00e3o Integrada O Liberal, a jornalista Enize Vidigal, depois de cerca de 12 anos na editoria de Cultura, voltou para Pol\u00edtica &amp; Economia, sendo que essa foi a editoria em que [&hellip;]\" \/>\n<meta property=\"og:url\" content=\"https:\/\/dedemesquita.com.br\/?p=6670\" \/>\n<meta property=\"og:site_name\" content=\"Ded\u00e9 Mesquita\" \/>\n<meta property=\"article:publisher\" content=\"https:\/\/www.facebook.com\/dede.mesquita\" \/>\n<meta property=\"article:published_time\" content=\"2023-06-13T21:57:09+00:00\" \/>\n<meta property=\"article:modified_time\" content=\"2023-06-14T21:44:28+00:00\" \/>\n<meta property=\"og:image\" content=\"https:\/\/dedemesquita.com.br\/wp-content\/uploads\/2023\/06\/Sinjor.jpg\" \/>\n\t<meta property=\"og:image:width\" content=\"950\" \/>\n\t<meta property=\"og:image:height\" content=\"685\" \/>\n\t<meta property=\"og:image:type\" content=\"image\/jpeg\" \/>\n<meta name=\"author\" content=\"Ded\u00e9 Mesquita\" \/>\n<meta name=\"twitter:card\" content=\"summary_large_image\" \/>\n<meta name=\"twitter:creator\" content=\"@dedemesquita\" \/>\n<meta name=\"twitter:site\" content=\"@dedemesquita\" \/>\n<meta name=\"twitter:label1\" content=\"Escrito por\" \/>\n\t<meta name=\"twitter:data1\" content=\"Ded\u00e9 Mesquita\" \/>\n\t<meta name=\"twitter:label2\" content=\"Est. tempo de leitura\" \/>\n\t<meta name=\"twitter:data2\" content=\"8 minutos\" \/>\n<script type=\"application\/ld+json\" class=\"yoast-schema-graph\">{\"@context\":\"https:\/\/schema.org\",\"@graph\":[{\"@type\":\"WebPage\",\"@id\":\"https:\/\/dedemesquita.com.br\/?p=6670\",\"url\":\"https:\/\/dedemesquita.com.br\/?p=6670\",\"name\":\"Sinjor em mobiliza\u00e7\u00e3o, mais uma baixa na TV Liberal, Mamacita ataca de novo em Ananindeua e outras not\u00edcias mais - Ded\u00e9 Mesquita\",\"isPartOf\":{\"@id\":\"https:\/\/dedemesquita.com.br\/#website\"},\"datePublished\":\"2023-06-13T21:57:09+00:00\",\"dateModified\":\"2023-06-14T21:44:28+00:00\",\"author\":{\"@id\":\"https:\/\/dedemesquita.com.br\/#\/schema\/person\/36571f81dd2d76dc3ab37231542c9e24\"},\"breadcrumb\":{\"@id\":\"https:\/\/dedemesquita.com.br\/?p=6670#breadcrumb\"},\"inLanguage\":\"pt-BR\",\"potentialAction\":[{\"@type\":\"ReadAction\",\"target\":[\"https:\/\/dedemesquita.com.br\/?p=6670\"]}]},{\"@type\":\"BreadcrumbList\",\"@id\":\"https:\/\/dedemesquita.com.br\/?p=6670#breadcrumb\",\"itemListElement\":[{\"@type\":\"ListItem\",\"position\":1,\"name\":\"In\u00edcio\",\"item\":\"https:\/\/dedemesquita.com.br\/\"},{\"@type\":\"ListItem\",\"position\":2,\"name\":\"Sinjor em mobiliza\u00e7\u00e3o, mais uma baixa na TV Liberal, Mamacita ataca de novo em Ananindeua e outras not\u00edcias mais\"}]},{\"@type\":\"WebSite\",\"@id\":\"https:\/\/dedemesquita.com.br\/#website\",\"url\":\"https:\/\/dedemesquita.com.br\/\",\"name\":\"Ded\u00e9 Mesquita\",\"description\":\"Um site que mostra os bastidores da imprensa no estado do Par\u00e1 e em Bel\u00e9m\",\"potentialAction\":[{\"@type\":\"SearchAction\",\"target\":{\"@type\":\"EntryPoint\",\"urlTemplate\":\"https:\/\/dedemesquita.com.br\/?s={search_term_string}\"},\"query-input\":\"required name=search_term_string\"}],\"inLanguage\":\"pt-BR\"},{\"@type\":\"Person\",\"@id\":\"https:\/\/dedemesquita.com.br\/#\/schema\/person\/36571f81dd2d76dc3ab37231542c9e24\",\"name\":\"Ded\u00e9 Mesquita\",\"image\":{\"@type\":\"ImageObject\",\"inLanguage\":\"pt-BR\",\"@id\":\"https:\/\/dedemesquita.com.br\/#\/schema\/person\/image\/\",\"url\":\"https:\/\/dedemesquita.com.br\/wp-content\/uploads\/2021\/02\/foto_perfil-150x150.jpg\",\"contentUrl\":\"https:\/\/dedemesquita.com.br\/wp-content\/uploads\/2021\/02\/foto_perfil-150x150.jpg\",\"caption\":\"Ded\u00e9 Mesquita\"},\"sameAs\":[\"https:\/\/dedemesquita.com.br\"]}]}<\/script>\n<!-- \/ Yoast SEO plugin. -->","yoast_head_json":{"title":"Sinjor em mobiliza\u00e7\u00e3o, mais uma baixa na TV Liberal, Mamacita ataca de novo em Ananindeua e outras not\u00edcias mais - Ded\u00e9 Mesquita","robots":{"index":"index","follow":"follow","max-snippet":"max-snippet:-1","max-image-preview":"max-image-preview:large","max-video-preview":"max-video-preview:-1"},"canonical":"https:\/\/dedemesquita.com.br\/?p=6670","og_locale":"pt_BR","og_type":"article","og_title":"Sinjor em mobiliza\u00e7\u00e3o, mais uma baixa na TV Liberal, Mamacita ataca de novo em Ananindeua e outras not\u00edcias mais - Ded\u00e9 Mesquita","og_description":"Eita, eita, eita que essa semana a coisa pegou!! Muita not\u00edcia por aqui e vamos, que vamos&#8230; Enize &#8211; Ainda sobre as mudan\u00e7as na Reda\u00e7\u00e3o Integrada O Liberal, a jornalista Enize Vidigal, depois de cerca de 12 anos na editoria de Cultura, voltou para Pol\u00edtica &amp; Economia, sendo que essa foi a editoria em que [&hellip;]","og_url":"https:\/\/dedemesquita.com.br\/?p=6670","og_site_name":"Ded\u00e9 Mesquita","article_publisher":"https:\/\/www.facebook.com\/dede.mesquita","article_published_time":"2023-06-13T21:57:09+00:00","article_modified_time":"2023-06-14T21:44:28+00:00","og_image":[{"width":950,"height":685,"url":"https:\/\/dedemesquita.com.br\/wp-content\/uploads\/2023\/06\/Sinjor.jpg","type":"image\/jpeg"}],"author":"Ded\u00e9 Mesquita","twitter_card":"summary_large_image","twitter_creator":"@dedemesquita","twitter_site":"@dedemesquita","twitter_misc":{"Escrito por":"Ded\u00e9 Mesquita","Est. tempo de leitura":"8 minutos"},"schema":{"@context":"https:\/\/schema.org","@graph":[{"@type":"WebPage","@id":"https:\/\/dedemesquita.com.br\/?p=6670","url":"https:\/\/dedemesquita.com.br\/?p=6670","name":"Sinjor em mobiliza\u00e7\u00e3o, mais uma baixa na TV Liberal, Mamacita ataca de novo em Ananindeua e outras not\u00edcias mais - Ded\u00e9 Mesquita","isPartOf":{"@id":"https:\/\/dedemesquita.com.br\/#website"},"datePublished":"2023-06-13T21:57:09+00:00","dateModified":"2023-06-14T21:44:28+00:00","author":{"@id":"https:\/\/dedemesquita.com.br\/#\/schema\/person\/36571f81dd2d76dc3ab37231542c9e24"},"breadcrumb":{"@id":"https:\/\/dedemesquita.com.br\/?p=6670#breadcrumb"},"inLanguage":"pt-BR","potentialAction":[{"@type":"ReadAction","target":["https:\/\/dedemesquita.com.br\/?p=6670"]}]},{"@type":"BreadcrumbList","@id":"https:\/\/dedemesquita.com.br\/?p=6670#breadcrumb","itemListElement":[{"@type":"ListItem","position":1,"name":"In\u00edcio","item":"https:\/\/dedemesquita.com.br\/"},{"@type":"ListItem","position":2,"name":"Sinjor em mobiliza\u00e7\u00e3o, mais uma baixa na TV Liberal, Mamacita ataca de novo em Ananindeua e outras not\u00edcias mais"}]},{"@type":"WebSite","@id":"https:\/\/dedemesquita.com.br\/#website","url":"https:\/\/dedemesquita.com.br\/","name":"Ded\u00e9 Mesquita","description":"Um site que mostra os bastidores da imprensa no estado do Par\u00e1 e em Bel\u00e9m","potentialAction":[{"@type":"SearchAction","target":{"@type":"EntryPoint","urlTemplate":"https:\/\/dedemesquita.com.br\/?s={search_term_string}"},"query-input":"required name=search_term_string"}],"inLanguage":"pt-BR"},{"@type":"Person","@id":"https:\/\/dedemesquita.com.br\/#\/schema\/person\/36571f81dd2d76dc3ab37231542c9e24","name":"Ded\u00e9 Mesquita","image":{"@type":"ImageObject","inLanguage":"pt-BR","@id":"https:\/\/dedemesquita.com.br\/#\/schema\/person\/image\/","url":"https:\/\/dedemesquita.com.br\/wp-content\/uploads\/2021\/02\/foto_perfil-150x150.jpg","contentUrl":"https:\/\/dedemesquita.com.br\/wp-content\/uploads\/2021\/02\/foto_perfil-150x150.jpg","caption":"Ded\u00e9 Mesquita"},"sameAs":["https:\/\/dedemesquita.com.br"]}]}},"_links":{"self":[{"href":"https:\/\/dedemesquita.com.br\/index.php?rest_route=\/wp\/v2\/posts\/6670"}],"collection":[{"href":"https:\/\/dedemesquita.com.br\/index.php?rest_route=\/wp\/v2\/posts"}],"about":[{"href":"https:\/\/dedemesquita.com.br\/index.php?rest_route=\/wp\/v2\/types\/post"}],"author":[{"embeddable":true,"href":"https:\/\/dedemesquita.com.br\/index.php?rest_route=\/wp\/v2\/users\/2"}],"replies":[{"embeddable":true,"href":"https:\/\/dedemesquita.com.br\/index.php?rest_route=%2Fwp%2Fv2%2Fcomments&post=6670"}],"version-history":[{"count":19,"href":"https:\/\/dedemesquita.com.br\/index.php?rest_route=\/wp\/v2\/posts\/6670\/revisions"}],"predecessor-version":[{"id":6707,"href":"https:\/\/dedemesquita.com.br\/index.php?rest_route=\/wp\/v2\/posts\/6670\/revisions\/6707"}],"wp:featuredmedia":[{"embeddable":true,"href":"https:\/\/dedemesquita.com.br\/index.php?rest_route=\/wp\/v2\/media\/6676"}],"wp:attachment":[{"href":"https:\/\/dedemesquita.com.br\/index.php?rest_route=%2Fwp%2Fv2%2Fmedia&parent=6670"}],"wp:term":[{"taxonomy":"category","embeddable":true,"href":"https:\/\/dedemesquita.com.br\/index.php?rest_route=%2Fwp%2Fv2%2Fcategories&post=6670"},{"taxonomy":"post_tag","embeddable":true,"href":"https:\/\/dedemesquita.com.br\/index.php?rest_route=%2Fwp%2Fv2%2Ftags&post=6670"}],"curies":[{"name":"wp","href":"https:\/\/api.w.org\/{rel}","templated":true}]}}