{"id":6603,"date":"2023-06-06T16:58:50","date_gmt":"2023-06-06T19:58:50","guid":{"rendered":"https:\/\/dedemesquita.com.br\/?p=6603"},"modified":"2023-06-06T17:32:20","modified_gmt":"2023-06-06T20:32:20","slug":"vera-rojas-deixa-o-hemopa-babados-da-rba-tv-danca-das-cadeiras-em-o-liberal-e-outras-noticias","status":"publish","type":"post","link":"https:\/\/dedemesquita.com.br\/?p=6603","title":{"rendered":"Vera Rojas deixa o Hemopa, babados da RBA TV, dan\u00e7a das cadeiras em O Liberal e outras not\u00edcias"},"content":{"rendered":"\n<p>Ter\u00e7a-feira, a bat-data com as atualiza\u00e7\u00f5es do que est\u00e1 rolando nas reda\u00e7\u00f5es de Bel\u00e9m e do Par\u00e1. <\/p>\n\n\n\n<p><strong>Veja Rojas &#8211; <\/strong>Um ciclo de 31 anos de trabalho se encerra e a jornalista <strong>Vera Rojas<\/strong> deixou a assessoria de comunica\u00e7\u00e3o da<strong> Funda\u00e7\u00e3o Centro de Hemoterapia e Hematologia do Par\u00e1 &#8211; Hemopa<\/strong>, porque se aposentou do servi\u00e7o p\u00fablico do Governo do Par\u00e1. Mas Vera continua como consultora de comunica\u00e7\u00e3o, por meio da empresa dela, a <strong>Executiva Comunica\u00e7\u00e3o<\/strong>. Ah! e ela continua com o mesmo n\u00famero de celular. Vera se despediu da assessoria do Hemopa com uma postagem no Facebook e recebeu carinho e apoio de muitos e muitos colegas de trabalho. &nbsp;<\/p>\n\n\n<div class=\"wp-block-image\">\n<figure class=\"aligncenter size-full\"><img loading=\"lazy\" decoding=\"async\" width=\"619\" height=\"700\" src=\"https:\/\/dedemesquita.com.br\/wp-content\/uploads\/2023\/06\/Vera-Rojas.jpg\" alt=\"\" class=\"wp-image-6607\"\/><figcaption class=\"wp-element-caption\">Veja Rojas deixou o Hemopa depois de 31 anos <\/figcaption><\/figure><\/div>\n\n\n<p><strong>Reda\u00e7\u00e3o Integrada O Liberal &#8211; <\/strong>Na semana passada, uma verdadeira \u201cdan\u00e7a das cadeiras\u201d dentro da Reda\u00e7\u00e3o Integrada O Liberal. E s\u00e3o muitas: <strong>Victor Furtado<\/strong> saiu da coordena\u00e7\u00e3o de Cidades para coordena\u00e7\u00e3o de Pol\u00edtica junto com <strong>Keila Ferreira<\/strong>; <strong>Fabiana Batista<\/strong> saiu da coordena\u00e7\u00e3o do caderno Regional para coordena\u00e7\u00e3o de Cidades junto com <strong>Jo\u00e3o Tiago<\/strong>; a rep\u00f3rter <strong>Daleth Oliveira<\/strong> saiu do caderno Pol\u00edtica para Cultura; a rep\u00f3rter <strong>Bruna Lima<\/strong> saiu de Cultura para o caderno Cidade; o rep\u00f3rter <strong>Igor Wilson<\/strong> saiu do caderno Regional para o de Pol\u00edtica; a rep\u00f3rter <strong>Amanda Martins<\/strong> saiu da rede social e agora est\u00e1 em Pol\u00edtica; a rep\u00f3rter <strong>Mariana Azevedo<\/strong> foi para rede social; e, por fim, o rep\u00f3rter <strong>Fernando Assun\u00e7\u00e3o<\/strong> saiu da reportagem geral da madrugada para caderno de Cidades e j\u00e1 come\u00e7ou com uma boa reportagem sobre a feira de produtos org\u00e2nicos da avenida Romulo Maiorana.<\/p>\n\n\n\n<p><strong>Amazon Sat &#8211; <\/strong>A rede<strong> Amazon Sat <\/strong>chegou via <em>streaming<\/em> ao estado do Par\u00e1 e tem rep\u00f3rter correspondente em Bel\u00e9m. O canal Amazon Sat, pertencente ao grupo <strong>Rede Amaz\u00f4nica<\/strong>, agora tem um correspondente em Bel\u00e9m, o jornalista <strong>Gilmar Pretti<\/strong>, que tamb\u00e9m \u00e9 rep\u00f3rter na r<strong>\u00e1dio CBN Amaz\u00f4nia Bel\u00e9m<\/strong>. Com um novo programa chamado \u201cAmaz\u00f4nia News\u201d, de segunda \u00e0 sexta-feira, ao vivo, rep\u00f3rteres de diferentes estados da regi\u00e3o Norte trazem informa\u00e7\u00f5es e fazem reportagem propositivas, mostrando o que h\u00e1 de melhor em cada estado. No Par\u00e1, \u00e9 poss\u00edvel assistir \u00e0 programa\u00e7\u00e3o do Amazon Sat pelo aplicativo para smartvs, celulares e tablets, ou por meio do site <a href=\"http:\/\/www.amazonsat.com.br\"><strong>www.amazonsat.com.br<\/strong><\/a> e na televis\u00e3o aberta para os estados do Amap\u00e1, Roraima, Rond\u00f4nia, Acre e Amazonas<\/p>\n\n\n<div class=\"wp-block-image\">\n<figure class=\"aligncenter size-full\"><img loading=\"lazy\" decoding=\"async\" width=\"700\" height=\"440\" src=\"https:\/\/dedemesquita.com.br\/wp-content\/uploads\/2023\/06\/WhatsApp-Image-2023-06-02-at-10.15.33.jpeg\" alt=\"\" class=\"wp-image-6619\"\/><figcaption class=\"wp-element-caption\">Gilmar Pretti \u00e9 o correspondente da Rede Amazon Sat no Par\u00e1 <\/figcaption><\/figure><\/div>\n\n\n<p><strong>Coren &#8211;<\/strong> Matheus Freire assumiu a assessoria de comunica\u00e7\u00e3o do <strong>Conselho Regional de Enfermagem do Par\u00e1 &#8211; Coren-PA<\/strong>, onde ele j\u00e1 havia atuado, de 2018 a 2019, como estagi\u00e1rio de comunica\u00e7\u00e3o. Lembrando que Thayse Assis, titular do Bom Dia Par\u00e1, deixou essa assessoria. Contato do Matheus: 91 9 8529-5932.<\/p>\n\n\n<div class=\"wp-block-image\">\n<figure class=\"aligncenter size-full\"><img loading=\"lazy\" decoding=\"async\" width=\"750\" height=\"725\" src=\"https:\/\/dedemesquita.com.br\/wp-content\/uploads\/2023\/06\/matheus-freire.jpg\" alt=\"\" class=\"wp-image-6613\"\/><figcaption class=\"wp-element-caption\">Matheus Freire assumiu a comunica\u00e7\u00e3o do COREN-PA<\/figcaption><\/figure><\/div>\n\n\n<p><strong>Gabriela &#8211; Gabriela Sobral<\/strong>, ex-Temple Comunica\u00e7\u00e3o, come\u00e7ou em um novo cargo de analista de Di\u00e1logo e Engajamento Pleno na <strong>mineradora Norsk Hydro<\/strong>.<\/p>\n\n\n<div class=\"wp-block-image\">\n<figure class=\"aligncenter size-full\"><img loading=\"lazy\" decoding=\"async\" width=\"531\" height=\"507\" src=\"https:\/\/dedemesquita.com.br\/wp-content\/uploads\/2023\/06\/gabriela-sobral.png\" alt=\"\" class=\"wp-image-6608\"\/><figcaption class=\"wp-element-caption\">Gabriela Sobral est\u00e1 na mineradora Hydro <\/figcaption><\/figure><\/div>\n\n\n<p><strong>Priscila &#8211; <\/strong>Tem rep\u00f3rter nova na <strong>TV Liberal<\/strong>: <strong>Priscila Pinheiro<\/strong>, ex-TV Nazar\u00e9 &nbsp;<\/p>\n\n\n<div class=\"wp-block-image\">\n<figure class=\"aligncenter size-full\"><img loading=\"lazy\" decoding=\"async\" width=\"584\" height=\"495\" src=\"https:\/\/dedemesquita.com.br\/wp-content\/uploads\/2023\/06\/priscila-pinheiro.jpg\" alt=\"\" class=\"wp-image-6609\"\/><figcaption class=\"wp-element-caption\">Priscila Pinheiro \u00e9 a nova rep\u00f3rter da TV Liberal, que agora tem sete rep\u00f3rteres <\/figcaption><\/figure><\/div>\n\n\n<p><strong>Muitos babados diretamente da TORRE &#8211; <\/strong>Por falar em rep\u00f3rteres, na semana passada, falei aqui sobre a situa\u00e7\u00e3o da TV Liberal com apenas seis rep\u00f3rteres, mas a <strong>RBA TV<\/strong> est\u00e1 em estado de pen\u00faria maior ainda. Apenas <strong>Sancha Luna<\/strong>, <strong>Wellington Jr.<\/strong>, <strong>Dinan Laredo<\/strong> e <strong>Marcos Aleixo<\/strong>, isso mesmo, quatro rep\u00f3rteres s\u00e3o os que seguram o jornalismo da RBA TV, que n\u00e3o contrata outros rep\u00f3rteres e ainda exige audi\u00eancia e boa participa\u00e7\u00e3o de mercado.<\/p>\n\n\n\n<p>Ainda no tema <strong>RBA TV<\/strong>, a \u201c<em>barbie<\/em>\u201d <strong>Nathalia Kahwage<\/strong> n\u00e3o est\u00e1 nada feliz com o programa que est\u00e1 apresentando naquela televis\u00e3o. Prometeram a ela uma esp\u00e9cie de <em>\u201crevista feminina de final de tarde\u201d<\/em>, mas o roteiro entregue \u00e9 s\u00f3 \u201ctiro, porrada e bomba\u201d, e a audi\u00eancia n\u00e3o melhora. Quem viu a bonita no ar chamando a entrada do \u201cTubar\u00e3o da Not\u00edcia\u201d, percebeu o constrangimento da quase lady <strong>#sqn<\/strong>. Falando em audi\u00eancia, o <strong>\u201cBora Cidade\u201d<\/strong> mexeu na estrutura de apresenta\u00e7\u00e3o, trocando<strong> Carol Bambo<\/strong> para o Jornal RBA e <strong>Daiane Balbinot <\/strong>indo para o jornal da hora do almo\u00e7o, mas segundo a <em>rede corredor<\/em>, o resultado n\u00e3o alterou nada, e o \u201cBora&#8230;\u201d amarga 3\u00b0 e 4\u00b0 lugares em audi\u00eancia, \u00e0s vezes, perdendo para a TV Cultura&#8230; Mas assim&#8230;<\/p>\n\n\n\n<p><strong>George \u00e9 mestre &#8211;<\/strong> O jornalista <strong>George Miranda<\/strong>, que trabalha na Temple Comunica\u00e7\u00e3o, defendeu e teve aprovada sua tese de mestrado no dia 2 de junho passado, pelo Instituto de Letras e Comunica\u00e7\u00e3o da UFPA. Parab\u00e9ns!<\/p>\n\n\n<div class=\"wp-block-image\">\n<figure class=\"aligncenter size-full\"><img loading=\"lazy\" decoding=\"async\" width=\"525\" height=\"800\" src=\"https:\/\/dedemesquita.com.br\/wp-content\/uploads\/2023\/06\/George-Miranda.jpeg\" alt=\"\" class=\"wp-image-6611\"\/><figcaption class=\"wp-element-caption\">George Miranda \u00e9 mestre em comunica\u00e7\u00e3o <\/figcaption><\/figure><\/div>\n\n\n<p><strong>Periferia em Foco &#8211; <\/strong>O programa de microbolsas de reportagem <strong>Comunidades Vivas<\/strong>, parceria entre o Instituto Sou da Paz e Ponte Jornalismo, recebeu 41 propostas de comunicadores de todo Brasil, com sele\u00e7\u00e3o de cinco propostas de pauta sobre boas pr\u00e1ticas de seguran\u00e7a p\u00fablica. <strong>C\u00e1ssio Miranda<\/strong>, coordenador de m\u00eddia do <strong>Periferia em Foco<\/strong>, foi um dos contemplados e vai produzir material jornal\u00edstico sobre o programa Territ\u00f3rios pela Paz &#8211; Terpaz, implementando nas Usinas da Paz, em Bel\u00e9m. Em breve, todo o processo de produ\u00e7\u00e3o jornal\u00edstica de C\u00e1ssio Miranda poder\u00e1 ser acompanhado nos canais da ag\u00eancia de comunica\u00e7\u00e3o Periferia em Foco.<\/p>\n\n\n<div class=\"wp-block-image\">\n<figure class=\"aligncenter size-full\"><img loading=\"lazy\" decoding=\"async\" width=\"719\" height=\"432\" src=\"https:\/\/dedemesquita.com.br\/wp-content\/uploads\/2023\/06\/Cassio-Miranda.jpeg\" alt=\"\" class=\"wp-image-6610\"\/><figcaption class=\"wp-element-caption\"> C\u00e1ssio Miranda \u00e9 o coordenador de m\u00eddia do Periferia em Foco<\/figcaption><\/figure><\/div>\n\n\n<p><strong>Cobertura &#8211; <\/strong>No dia 24 de maio, a imprensa se reuniu na cobertura da pauta dos 40 anos da Defensoria P\u00fablica do Estado do Par\u00e1. Na foto abaixo est\u00e3o <strong>Maur\u00edcio<\/strong> e <strong>Lucas<\/strong>, da RBA TV; <strong>Toni Gon\u00e7alves<\/strong>, o Carapir\u00e1; e <strong>Gilson<\/strong>, da R\u00e1dio Clube.<\/p>\n\n\n<div class=\"wp-block-image\">\n<figure class=\"aligncenter size-full\"><img loading=\"lazy\" decoding=\"async\" width=\"850\" height=\"552\" src=\"https:\/\/dedemesquita.com.br\/wp-content\/uploads\/2023\/06\/WhatsApp-Image-2023-05-26-at-08.55.53.jpeg\" alt=\"\" class=\"wp-image-6616\" srcset=\"https:\/\/dedemesquita.com.br\/wp-content\/uploads\/2023\/06\/WhatsApp-Image-2023-05-26-at-08.55.53.jpeg 850w, https:\/\/dedemesquita.com.br\/wp-content\/uploads\/2023\/06\/WhatsApp-Image-2023-05-26-at-08.55.53-768x499.jpeg 768w\" sizes=\"(max-width: 850px) 100vw, 850px\" \/><figcaption class=\"wp-element-caption\">Galera trabalha muito, mas se diverte e se confraterniza <\/figcaption><\/figure><\/div>","protected":false},"excerpt":{"rendered":"<p>Ter\u00e7a-feira, a bat-data com as atualiza\u00e7\u00f5es do que est\u00e1 rolando nas reda\u00e7\u00f5es de Bel\u00e9m e do Par\u00e1. Veja Rojas &#8211; Um ciclo de 31 anos de trabalho se encerra e a jornalista Vera Rojas deixou a assessoria de comunica\u00e7\u00e3o da Funda\u00e7\u00e3o Centro de Hemoterapia e Hematologia do Par\u00e1 &#8211; Hemopa, porque se aposentou do servi\u00e7o [&hellip;]<\/p>\n","protected":false},"author":2,"featured_media":6612,"comment_status":"open","ping_status":"open","sticky":false,"template":"","format":"standard","meta":{"footnotes":""},"categories":[51,14,29],"tags":[419,119,120,188,145,203,420,162,137],"class_list":["post-6603","post","type-post","status-publish","format-standard","has-post-thumbnail","hentry","category-destaque","category-imprensa","category-jornalismo","tag-amazon-sat","tag-jornalismo","tag-jornalistas-paraenses-em-acao","tag-periferia-em-foco","tag-rbatv","tag-redacao-integrada-o-liberal","tag-rede-amazonica","tag-temple-comunicacao","tag-tv-liberal"],"yoast_head":"<!-- This site is optimized with the Yoast SEO plugin v19.10 - https:\/\/yoast.com\/wordpress\/plugins\/seo\/ -->\n<title>Vera Rojas deixa o Hemopa, babados da RBA TV, dan\u00e7a das cadeiras em O Liberal e outras not\u00edcias - Ded\u00e9 Mesquita<\/title>\n<meta name=\"robots\" content=\"index, follow, max-snippet:-1, max-image-preview:large, max-video-preview:-1\" \/>\n<link rel=\"canonical\" href=\"https:\/\/dedemesquita.com.br\/?p=6603\" \/>\n<meta property=\"og:locale\" content=\"pt_BR\" \/>\n<meta property=\"og:type\" content=\"article\" \/>\n<meta property=\"og:title\" content=\"Vera Rojas deixa o Hemopa, babados da RBA TV, dan\u00e7a das cadeiras em O Liberal e outras not\u00edcias - Ded\u00e9 Mesquita\" \/>\n<meta property=\"og:description\" content=\"Ter\u00e7a-feira, a bat-data com as atualiza\u00e7\u00f5es do que est\u00e1 rolando nas reda\u00e7\u00f5es de Bel\u00e9m e do Par\u00e1. Veja Rojas &#8211; Um ciclo de 31 anos de trabalho se encerra e a jornalista Vera Rojas deixou a assessoria de comunica\u00e7\u00e3o da Funda\u00e7\u00e3o Centro de Hemoterapia e Hematologia do Par\u00e1 &#8211; Hemopa, porque se aposentou do servi\u00e7o [&hellip;]\" \/>\n<meta property=\"og:url\" content=\"https:\/\/dedemesquita.com.br\/?p=6603\" \/>\n<meta property=\"og:site_name\" content=\"Ded\u00e9 Mesquita\" \/>\n<meta property=\"article:publisher\" content=\"https:\/\/www.facebook.com\/dede.mesquita\" \/>\n<meta property=\"article:published_time\" content=\"2023-06-06T19:58:50+00:00\" \/>\n<meta property=\"article:modified_time\" content=\"2023-06-06T20:32:20+00:00\" \/>\n<meta property=\"og:image\" content=\"https:\/\/dedemesquita.com.br\/wp-content\/uploads\/2023\/06\/a1.jpg\" \/>\n\t<meta property=\"og:image:width\" content=\"950\" \/>\n\t<meta property=\"og:image:height\" content=\"712\" \/>\n\t<meta property=\"og:image:type\" content=\"image\/jpeg\" \/>\n<meta name=\"author\" content=\"Ded\u00e9 Mesquita\" \/>\n<meta name=\"twitter:card\" content=\"summary_large_image\" \/>\n<meta name=\"twitter:creator\" content=\"@dedemesquita\" \/>\n<meta name=\"twitter:site\" content=\"@dedemesquita\" \/>\n<meta name=\"twitter:label1\" content=\"Escrito por\" \/>\n\t<meta name=\"twitter:data1\" content=\"Ded\u00e9 Mesquita\" \/>\n\t<meta name=\"twitter:label2\" content=\"Est. tempo de leitura\" \/>\n\t<meta name=\"twitter:data2\" content=\"7 minutos\" \/>\n<script type=\"application\/ld+json\" class=\"yoast-schema-graph\">{\"@context\":\"https:\/\/schema.org\",\"@graph\":[{\"@type\":\"WebPage\",\"@id\":\"https:\/\/dedemesquita.com.br\/?p=6603\",\"url\":\"https:\/\/dedemesquita.com.br\/?p=6603\",\"name\":\"Vera Rojas deixa o Hemopa, babados da RBA TV, dan\u00e7a das cadeiras em O Liberal e outras not\u00edcias - Ded\u00e9 Mesquita\",\"isPartOf\":{\"@id\":\"https:\/\/dedemesquita.com.br\/#website\"},\"datePublished\":\"2023-06-06T19:58:50+00:00\",\"dateModified\":\"2023-06-06T20:32:20+00:00\",\"author\":{\"@id\":\"https:\/\/dedemesquita.com.br\/#\/schema\/person\/36571f81dd2d76dc3ab37231542c9e24\"},\"breadcrumb\":{\"@id\":\"https:\/\/dedemesquita.com.br\/?p=6603#breadcrumb\"},\"inLanguage\":\"pt-BR\",\"potentialAction\":[{\"@type\":\"ReadAction\",\"target\":[\"https:\/\/dedemesquita.com.br\/?p=6603\"]}]},{\"@type\":\"BreadcrumbList\",\"@id\":\"https:\/\/dedemesquita.com.br\/?p=6603#breadcrumb\",\"itemListElement\":[{\"@type\":\"ListItem\",\"position\":1,\"name\":\"In\u00edcio\",\"item\":\"https:\/\/dedemesquita.com.br\/\"},{\"@type\":\"ListItem\",\"position\":2,\"name\":\"Vera Rojas deixa o Hemopa, babados da RBA TV, dan\u00e7a das cadeiras em O Liberal e outras not\u00edcias\"}]},{\"@type\":\"WebSite\",\"@id\":\"https:\/\/dedemesquita.com.br\/#website\",\"url\":\"https:\/\/dedemesquita.com.br\/\",\"name\":\"Ded\u00e9 Mesquita\",\"description\":\"Um site que mostra os bastidores da imprensa no estado do Par\u00e1 e em Bel\u00e9m\",\"potentialAction\":[{\"@type\":\"SearchAction\",\"target\":{\"@type\":\"EntryPoint\",\"urlTemplate\":\"https:\/\/dedemesquita.com.br\/?s={search_term_string}\"},\"query-input\":\"required name=search_term_string\"}],\"inLanguage\":\"pt-BR\"},{\"@type\":\"Person\",\"@id\":\"https:\/\/dedemesquita.com.br\/#\/schema\/person\/36571f81dd2d76dc3ab37231542c9e24\",\"name\":\"Ded\u00e9 Mesquita\",\"image\":{\"@type\":\"ImageObject\",\"inLanguage\":\"pt-BR\",\"@id\":\"https:\/\/dedemesquita.com.br\/#\/schema\/person\/image\/\",\"url\":\"https:\/\/dedemesquita.com.br\/wp-content\/uploads\/2021\/02\/foto_perfil-150x150.jpg\",\"contentUrl\":\"https:\/\/dedemesquita.com.br\/wp-content\/uploads\/2021\/02\/foto_perfil-150x150.jpg\",\"caption\":\"Ded\u00e9 Mesquita\"},\"sameAs\":[\"https:\/\/dedemesquita.com.br\"]}]}<\/script>\n<!-- \/ Yoast SEO plugin. -->","yoast_head_json":{"title":"Vera Rojas deixa o Hemopa, babados da RBA TV, dan\u00e7a das cadeiras em O Liberal e outras not\u00edcias - Ded\u00e9 Mesquita","robots":{"index":"index","follow":"follow","max-snippet":"max-snippet:-1","max-image-preview":"max-image-preview:large","max-video-preview":"max-video-preview:-1"},"canonical":"https:\/\/dedemesquita.com.br\/?p=6603","og_locale":"pt_BR","og_type":"article","og_title":"Vera Rojas deixa o Hemopa, babados da RBA TV, dan\u00e7a das cadeiras em O Liberal e outras not\u00edcias - Ded\u00e9 Mesquita","og_description":"Ter\u00e7a-feira, a bat-data com as atualiza\u00e7\u00f5es do que est\u00e1 rolando nas reda\u00e7\u00f5es de Bel\u00e9m e do Par\u00e1. Veja Rojas &#8211; Um ciclo de 31 anos de trabalho se encerra e a jornalista Vera Rojas deixou a assessoria de comunica\u00e7\u00e3o da Funda\u00e7\u00e3o Centro de Hemoterapia e Hematologia do Par\u00e1 &#8211; Hemopa, porque se aposentou do servi\u00e7o [&hellip;]","og_url":"https:\/\/dedemesquita.com.br\/?p=6603","og_site_name":"Ded\u00e9 Mesquita","article_publisher":"https:\/\/www.facebook.com\/dede.mesquita","article_published_time":"2023-06-06T19:58:50+00:00","article_modified_time":"2023-06-06T20:32:20+00:00","og_image":[{"width":950,"height":712,"url":"https:\/\/dedemesquita.com.br\/wp-content\/uploads\/2023\/06\/a1.jpg","type":"image\/jpeg"}],"author":"Ded\u00e9 Mesquita","twitter_card":"summary_large_image","twitter_creator":"@dedemesquita","twitter_site":"@dedemesquita","twitter_misc":{"Escrito por":"Ded\u00e9 Mesquita","Est. tempo de leitura":"7 minutos"},"schema":{"@context":"https:\/\/schema.org","@graph":[{"@type":"WebPage","@id":"https:\/\/dedemesquita.com.br\/?p=6603","url":"https:\/\/dedemesquita.com.br\/?p=6603","name":"Vera Rojas deixa o Hemopa, babados da RBA TV, dan\u00e7a das cadeiras em O Liberal e outras not\u00edcias - Ded\u00e9 Mesquita","isPartOf":{"@id":"https:\/\/dedemesquita.com.br\/#website"},"datePublished":"2023-06-06T19:58:50+00:00","dateModified":"2023-06-06T20:32:20+00:00","author":{"@id":"https:\/\/dedemesquita.com.br\/#\/schema\/person\/36571f81dd2d76dc3ab37231542c9e24"},"breadcrumb":{"@id":"https:\/\/dedemesquita.com.br\/?p=6603#breadcrumb"},"inLanguage":"pt-BR","potentialAction":[{"@type":"ReadAction","target":["https:\/\/dedemesquita.com.br\/?p=6603"]}]},{"@type":"BreadcrumbList","@id":"https:\/\/dedemesquita.com.br\/?p=6603#breadcrumb","itemListElement":[{"@type":"ListItem","position":1,"name":"In\u00edcio","item":"https:\/\/dedemesquita.com.br\/"},{"@type":"ListItem","position":2,"name":"Vera Rojas deixa o Hemopa, babados da RBA TV, dan\u00e7a das cadeiras em O Liberal e outras not\u00edcias"}]},{"@type":"WebSite","@id":"https:\/\/dedemesquita.com.br\/#website","url":"https:\/\/dedemesquita.com.br\/","name":"Ded\u00e9 Mesquita","description":"Um site que mostra os bastidores da imprensa no estado do Par\u00e1 e em Bel\u00e9m","potentialAction":[{"@type":"SearchAction","target":{"@type":"EntryPoint","urlTemplate":"https:\/\/dedemesquita.com.br\/?s={search_term_string}"},"query-input":"required name=search_term_string"}],"inLanguage":"pt-BR"},{"@type":"Person","@id":"https:\/\/dedemesquita.com.br\/#\/schema\/person\/36571f81dd2d76dc3ab37231542c9e24","name":"Ded\u00e9 Mesquita","image":{"@type":"ImageObject","inLanguage":"pt-BR","@id":"https:\/\/dedemesquita.com.br\/#\/schema\/person\/image\/","url":"https:\/\/dedemesquita.com.br\/wp-content\/uploads\/2021\/02\/foto_perfil-150x150.jpg","contentUrl":"https:\/\/dedemesquita.com.br\/wp-content\/uploads\/2021\/02\/foto_perfil-150x150.jpg","caption":"Ded\u00e9 Mesquita"},"sameAs":["https:\/\/dedemesquita.com.br"]}]}},"_links":{"self":[{"href":"https:\/\/dedemesquita.com.br\/index.php?rest_route=\/wp\/v2\/posts\/6603"}],"collection":[{"href":"https:\/\/dedemesquita.com.br\/index.php?rest_route=\/wp\/v2\/posts"}],"about":[{"href":"https:\/\/dedemesquita.com.br\/index.php?rest_route=\/wp\/v2\/types\/post"}],"author":[{"embeddable":true,"href":"https:\/\/dedemesquita.com.br\/index.php?rest_route=\/wp\/v2\/users\/2"}],"replies":[{"embeddable":true,"href":"https:\/\/dedemesquita.com.br\/index.php?rest_route=%2Fwp%2Fv2%2Fcomments&post=6603"}],"version-history":[{"count":6,"href":"https:\/\/dedemesquita.com.br\/index.php?rest_route=\/wp\/v2\/posts\/6603\/revisions"}],"predecessor-version":[{"id":6620,"href":"https:\/\/dedemesquita.com.br\/index.php?rest_route=\/wp\/v2\/posts\/6603\/revisions\/6620"}],"wp:featuredmedia":[{"embeddable":true,"href":"https:\/\/dedemesquita.com.br\/index.php?rest_route=\/wp\/v2\/media\/6612"}],"wp:attachment":[{"href":"https:\/\/dedemesquita.com.br\/index.php?rest_route=%2Fwp%2Fv2%2Fmedia&parent=6603"}],"wp:term":[{"taxonomy":"category","embeddable":true,"href":"https:\/\/dedemesquita.com.br\/index.php?rest_route=%2Fwp%2Fv2%2Fcategories&post=6603"},{"taxonomy":"post_tag","embeddable":true,"href":"https:\/\/dedemesquita.com.br\/index.php?rest_route=%2Fwp%2Fv2%2Ftags&post=6603"}],"curies":[{"name":"wp","href":"https:\/\/api.w.org\/{rel}","templated":true}]}}