{"id":6356,"date":"2023-04-25T12:24:42","date_gmt":"2023-04-25T15:24:42","guid":{"rendered":"https:\/\/dedemesquita.com.br\/?p=6356"},"modified":"2023-04-25T12:28:27","modified_gmt":"2023-04-25T15:28:27","slug":"tv-liberal-lanca-site-celebrando-47-anos-da-emissora-e-outras-novidades-nas-redacoes-de-belem","status":"publish","type":"post","link":"https:\/\/dedemesquita.com.br\/?p=6356","title":{"rendered":"TV Liberal lan\u00e7a site celebrando 47 anos da emissora e outras novidades nas reda\u00e7\u00f5es de Bel\u00e9m"},"content":{"rendered":"\n<p>E eis que chega a ter\u00e7a-feira, a bat hora em que se atualiza as fofocas sobre a imprensa em Bel\u00e9m e no Par\u00e1. <\/p>\n\n\n\n<p><strong>Mem\u00f3ria &#8211; <\/strong>Esta semana, entrou no ar o site <strong>Mem\u00f3ria TV Liberal<\/strong>, que conta grande parte da hist\u00f3ria da emissora mais antiga em atividade no Par\u00e1, por meio de depoimentos de muitas das pessoas que passaram pela emissora ao longo das d\u00e9cadas, desde os anos 1970. S\u00e3o 47 anos de hist\u00f3ria de muitos jornalistas que j\u00e1 passaram por l\u00e1 e os que ainda continuam na emissora. O trabalho envolveu meses de pesquisa, entrevistas, produ\u00e7\u00e3o de texto, edi\u00e7\u00e3o, horas de imagens de arquivo e leitura de pilhas de jornais impressos antigos. Ao longo de um ano, mais de 20 profissionais daquela televis\u00e3o e colaboradores se engajaram em reunir um rico material que ajudou a contar a hist\u00f3ria da TV Liberal, afiliada da TV Globo, e a do Par\u00e1. O site tem um espa\u00e7o de colabora\u00e7\u00e3o dos espectadores e est\u00e1 em constante crescimento. Aqui o link do site: <strong><a href=\"http:\/\/www.memoriatvliberal.com.br\">www.memoriatvliberal.com.br<\/a> <\/strong>&nbsp;&nbsp;<\/p>\n\n\n<div class=\"wp-block-image\">\n<figure class=\"aligncenter size-full\"><img loading=\"lazy\" decoding=\"async\" width=\"750\" height=\"491\" src=\"https:\/\/dedemesquita.com.br\/wp-content\/uploads\/2023\/04\/Leo-Nunes.png\" alt=\"\" class=\"wp-image-6370\"\/><figcaption class=\"wp-element-caption\">Leo Nunes foi o respons\u00e1vel pela pesquisa, curadoria de conte\u00fado e entrevistas para o site <\/figcaption><\/figure><\/div>\n\n\n<p><strong>KA Comunica\u00e7\u00e3o Integrada &#8211; <\/strong>As jornalistas Adriana e Karla Pereira lan\u00e7aram oficialmente, na semana passada, a empresa dela, a KA Comunica\u00e7\u00e3o Integrada. O nome escolhido n\u00e3o poderia ser outro e alguns amigos e clientes das meninas foram respons\u00e1veis por essa escolha. K = Karla e A = Adriana.<\/p>\n\n\n<div class=\"wp-block-image\">\n<figure class=\"aligncenter size-full\"><img loading=\"lazy\" decoding=\"async\" width=\"711\" height=\"451\" src=\"https:\/\/dedemesquita.com.br\/wp-content\/uploads\/2023\/04\/logoooo.png\" alt=\"\" class=\"wp-image-6368\"\/><figcaption class=\"wp-element-caption\">Karla e Adriana Pereira lan\u00e7aram a empresa delas e a logomarca \u00e9 esta aqui <\/figcaption><\/figure><\/div>\n\n\n<p><strong>Matheus &#8211; Matheus Freire<\/strong> deixou a ag\u00eancia <strong>Eko &#8211; Estrat\u00e9gias em Comunica\u00e7\u00e3o<\/strong> e come\u00e7ou na <strong>Trivento Educa\u00e7\u00e3o <\/strong>que atende \u00e0 Faculdade Serra Dourada que tem unidades nos estados do Par\u00e1, Minas Gerais e S\u00e3o Paulo. <\/p>\n\n\n<div class=\"wp-block-image\">\n<figure class=\"aligncenter size-full\"><img loading=\"lazy\" decoding=\"async\" width=\"750\" height=\"710\" src=\"https:\/\/dedemesquita.com.br\/wp-content\/uploads\/2023\/04\/Matheus-Freire.jpeg\" alt=\"\" class=\"wp-image-6362\"\/><figcaption class=\"wp-element-caption\">Matheus Freire agora \u00e9 da \u00e1rea da educa\u00e7\u00e3o <\/figcaption><\/figure><\/div>\n\n\n<p><strong>Baixa na TV Liberal &#8211; <\/strong>Mais uma baixa na TV Liberal. A rep\u00f3rter <strong>M\u00f4nica Chagas<\/strong> s\u00f3 trabalha na emissora at\u00e9 a pr\u00f3xima sexta-feira, 28. Ela recebeu boa proposta de uma TV do interior do Rio de Janeiro e est\u00e1 de volta \u00e0quele Estado.<\/p>\n\n\n<div class=\"wp-block-image\">\n<figure class=\"aligncenter size-full\"><img loading=\"lazy\" decoding=\"async\" width=\"560\" height=\"558\" src=\"https:\/\/dedemesquita.com.br\/wp-content\/uploads\/2023\/04\/Monica-Chagas.png\" alt=\"\" class=\"wp-image-6367\" srcset=\"https:\/\/dedemesquita.com.br\/wp-content\/uploads\/2023\/04\/Monica-Chagas.png 560w, https:\/\/dedemesquita.com.br\/wp-content\/uploads\/2023\/04\/Monica-Chagas-150x150.png 150w\" sizes=\"(max-width: 560px) 100vw, 560px\" \/><figcaption class=\"wp-element-caption\">A carioca M\u00f4nica Chagas vai voltar para o Rio de Janeiro <\/figcaption><\/figure><\/div>\n\n\n<p>&nbsp;<strong>Thays &#8211; <\/strong>A jornalista paraense Thays Silva come\u00e7ou um novo cargo de produtora na Rede Novo Tempo de Comunica\u00e7\u00e3o, na cidade de Jacare\u00ed, interior de S\u00e3o Paulo.<\/p>\n\n\n\n<p><strong>Leba &#8211; Leba Peixoto<\/strong> come\u00e7ou em um novo cargo como analista de marketing na <strong>RE\/MAX Interativa<\/strong>, empresa do setor imobili\u00e1rio, em Bel\u00e9m. Leba tamb\u00e9m foi coordenadora de comunica\u00e7\u00e3o da Secretaria de Justi\u00e7a e Direitos Humanos do Par\u00e1, por dez anos, entre 2009 a 2019.<\/p>\n\n\n<div class=\"wp-block-image\">\n<figure class=\"aligncenter size-full\"><img loading=\"lazy\" decoding=\"async\" width=\"497\" height=\"423\" src=\"https:\/\/dedemesquita.com.br\/wp-content\/uploads\/2023\/04\/Leba_Peixoto-1.png\" alt=\"\" class=\"wp-image-6364\"\/><figcaption class=\"wp-element-caption\">Leba Peixoto passou para o marketing do setor imobili\u00e1rio em Bel\u00e9m <\/figcaption><\/figure><\/div>\n\n\n<p><strong>Talytha &#8211; Talytha Reis<\/strong> come\u00e7ou como rep\u00f3rter no portal <strong>Roma News<\/strong>.<\/p>\n\n\n<div class=\"wp-block-image\">\n<figure class=\"aligncenter size-full\"><img loading=\"lazy\" decoding=\"async\" width=\"593\" height=\"407\" src=\"https:\/\/dedemesquita.com.br\/wp-content\/uploads\/2023\/04\/Talytha_Reis.png\" alt=\"\" class=\"wp-image-6366\"\/><figcaption class=\"wp-element-caption\">Talytha \u00e9 a nova rep\u00f3rter do Roma News<\/figcaption><\/figure><\/div>\n\n\n<p><strong>Jordy &#8211; Gabriel Jordy<\/strong>, que passou pela TV Cultura, est\u00e1 agora como assessor de comunica\u00e7\u00e3o do <strong>Conselho Regional de Contabilidade do Par\u00e1<\/strong>.<\/p>\n\n\n<div class=\"wp-block-image\">\n<figure class=\"aligncenter size-full\"><img loading=\"lazy\" decoding=\"async\" width=\"679\" height=\"750\" src=\"https:\/\/dedemesquita.com.br\/wp-content\/uploads\/2023\/04\/Gabriel_Jordy.jpg\" alt=\"\" class=\"wp-image-6365\"\/><figcaption class=\"wp-element-caption\">Gabriel Jordy est\u00e1 no Conselho Regional de Contabilidade do Par\u00e1 <\/figcaption><\/figure><\/div>\n\n\n<p><strong>Palestra &#8211; <\/strong>A jornalista e escritora paraense <strong>Sonia Zaghetto<\/strong> faz uma palestra online <strong>\u201cVirginia Woolf, Mulheres e Literatura\u201d<\/strong> no dia <strong>27 de abril, quinta-feira, \u00e0s 19 horas<\/strong>, em promo\u00e7\u00e3o da Tagore Editora, sobre o relan\u00e7amento em mar\u00e7o passado do livro-ensaio \u201cUm Quarto S\u00f3 Para Si\u201d, de Virginia Woolf, que recebeu organiza\u00e7\u00e3o e 150 notas explicativas de Sonia. Os interessados podem se inscrever pelo e-mail <a href=\"alo@senhorcorvo.com.br\"><strong>alo@senhorcorvo.com.br<\/strong><\/a> e receber\u00e3o o link igualmente por e-mail. <strong>Tudo gr\u00e1tis<\/strong>.<\/p>\n\n\n<div class=\"wp-block-image\">\n<figure class=\"aligncenter size-full\"><img loading=\"lazy\" decoding=\"async\" width=\"541\" height=\"700\" src=\"https:\/\/dedemesquita.com.br\/wp-content\/uploads\/2023\/04\/palestra.jpeg\" alt=\"\" class=\"wp-image-6361\"\/><figcaption class=\"wp-element-caption\">A palestra de Sonia Zaghetto \u00e9 gr\u00e1tis. Aproveitem!!<\/figcaption><\/figure><\/div>","protected":false},"excerpt":{"rendered":"<p>E eis que chega a ter\u00e7a-feira, a bat hora em que se atualiza as fofocas sobre a imprensa em Bel\u00e9m e no Par\u00e1. Mem\u00f3ria &#8211; Esta semana, entrou no ar o site Mem\u00f3ria TV Liberal, que conta grande parte da hist\u00f3ria da emissora mais antiga em atividade no Par\u00e1, por meio de depoimentos de muitas [&hellip;]<\/p>\n","protected":false},"author":2,"featured_media":6373,"comment_status":"open","ping_status":"open","sticky":false,"template":"","format":"standard","meta":{"footnotes":""},"categories":[51,14,29],"tags":[119,120,396,183,397,137,386],"class_list":["post-6356","post","type-post","status-publish","format-standard","has-post-thumbnail","hentry","category-destaque","category-imprensa","category-jornalismo","tag-jornalismo","tag-jornalistas-paraenses-em-acao","tag-ka-comunicacao-integrada","tag-roma-news","tag-sonia-zaghetto-2","tag-tv-liberal","tag-virginia-woolf"],"yoast_head":"<!-- This site is optimized with the Yoast SEO plugin v19.10 - https:\/\/yoast.com\/wordpress\/plugins\/seo\/ -->\n<title>TV Liberal lan\u00e7a site celebrando 47 anos da emissora e outras novidades nas reda\u00e7\u00f5es de Bel\u00e9m - Ded\u00e9 Mesquita<\/title>\n<meta name=\"robots\" content=\"index, follow, max-snippet:-1, max-image-preview:large, max-video-preview:-1\" \/>\n<link rel=\"canonical\" href=\"https:\/\/dedemesquita.com.br\/?p=6356\" \/>\n<meta property=\"og:locale\" content=\"pt_BR\" \/>\n<meta property=\"og:type\" content=\"article\" \/>\n<meta property=\"og:title\" content=\"TV Liberal lan\u00e7a site celebrando 47 anos da emissora e outras novidades nas reda\u00e7\u00f5es de Bel\u00e9m - Ded\u00e9 Mesquita\" \/>\n<meta property=\"og:description\" content=\"E eis que chega a ter\u00e7a-feira, a bat hora em que se atualiza as fofocas sobre a imprensa em Bel\u00e9m e no Par\u00e1. Mem\u00f3ria &#8211; Esta semana, entrou no ar o site Mem\u00f3ria TV Liberal, que conta grande parte da hist\u00f3ria da emissora mais antiga em atividade no Par\u00e1, por meio de depoimentos de muitas [&hellip;]\" \/>\n<meta property=\"og:url\" content=\"https:\/\/dedemesquita.com.br\/?p=6356\" \/>\n<meta property=\"og:site_name\" content=\"Ded\u00e9 Mesquita\" \/>\n<meta property=\"article:publisher\" content=\"https:\/\/www.facebook.com\/dede.mesquita\" \/>\n<meta property=\"article:published_time\" content=\"2023-04-25T15:24:42+00:00\" \/>\n<meta property=\"article:modified_time\" content=\"2023-04-25T15:28:27+00:00\" \/>\n<meta property=\"og:image\" content=\"https:\/\/dedemesquita.com.br\/wp-content\/uploads\/2023\/04\/TV-Liberal.jpg\" \/>\n\t<meta property=\"og:image:width\" content=\"900\" \/>\n\t<meta property=\"og:image:height\" content=\"491\" \/>\n\t<meta property=\"og:image:type\" content=\"image\/jpeg\" \/>\n<meta name=\"author\" content=\"Ded\u00e9 Mesquita\" \/>\n<meta name=\"twitter:card\" content=\"summary_large_image\" \/>\n<meta name=\"twitter:creator\" content=\"@dedemesquita\" \/>\n<meta name=\"twitter:site\" content=\"@dedemesquita\" \/>\n<meta name=\"twitter:label1\" content=\"Escrito por\" \/>\n\t<meta name=\"twitter:data1\" content=\"Ded\u00e9 Mesquita\" \/>\n\t<meta name=\"twitter:label2\" content=\"Est. tempo de leitura\" \/>\n\t<meta name=\"twitter:data2\" content=\"5 minutos\" \/>\n<script type=\"application\/ld+json\" class=\"yoast-schema-graph\">{\"@context\":\"https:\/\/schema.org\",\"@graph\":[{\"@type\":\"WebPage\",\"@id\":\"https:\/\/dedemesquita.com.br\/?p=6356\",\"url\":\"https:\/\/dedemesquita.com.br\/?p=6356\",\"name\":\"TV Liberal lan\u00e7a site celebrando 47 anos da emissora e outras novidades nas reda\u00e7\u00f5es de Bel\u00e9m - Ded\u00e9 Mesquita\",\"isPartOf\":{\"@id\":\"https:\/\/dedemesquita.com.br\/#website\"},\"datePublished\":\"2023-04-25T15:24:42+00:00\",\"dateModified\":\"2023-04-25T15:28:27+00:00\",\"author\":{\"@id\":\"https:\/\/dedemesquita.com.br\/#\/schema\/person\/36571f81dd2d76dc3ab37231542c9e24\"},\"breadcrumb\":{\"@id\":\"https:\/\/dedemesquita.com.br\/?p=6356#breadcrumb\"},\"inLanguage\":\"pt-BR\",\"potentialAction\":[{\"@type\":\"ReadAction\",\"target\":[\"https:\/\/dedemesquita.com.br\/?p=6356\"]}]},{\"@type\":\"BreadcrumbList\",\"@id\":\"https:\/\/dedemesquita.com.br\/?p=6356#breadcrumb\",\"itemListElement\":[{\"@type\":\"ListItem\",\"position\":1,\"name\":\"In\u00edcio\",\"item\":\"https:\/\/dedemesquita.com.br\/\"},{\"@type\":\"ListItem\",\"position\":2,\"name\":\"TV Liberal lan\u00e7a site celebrando 47 anos da emissora e outras novidades nas reda\u00e7\u00f5es de Bel\u00e9m\"}]},{\"@type\":\"WebSite\",\"@id\":\"https:\/\/dedemesquita.com.br\/#website\",\"url\":\"https:\/\/dedemesquita.com.br\/\",\"name\":\"Ded\u00e9 Mesquita\",\"description\":\"Um site que mostra os bastidores da imprensa no estado do Par\u00e1 e em Bel\u00e9m\",\"potentialAction\":[{\"@type\":\"SearchAction\",\"target\":{\"@type\":\"EntryPoint\",\"urlTemplate\":\"https:\/\/dedemesquita.com.br\/?s={search_term_string}\"},\"query-input\":\"required name=search_term_string\"}],\"inLanguage\":\"pt-BR\"},{\"@type\":\"Person\",\"@id\":\"https:\/\/dedemesquita.com.br\/#\/schema\/person\/36571f81dd2d76dc3ab37231542c9e24\",\"name\":\"Ded\u00e9 Mesquita\",\"image\":{\"@type\":\"ImageObject\",\"inLanguage\":\"pt-BR\",\"@id\":\"https:\/\/dedemesquita.com.br\/#\/schema\/person\/image\/\",\"url\":\"https:\/\/dedemesquita.com.br\/wp-content\/uploads\/2021\/02\/foto_perfil-150x150.jpg\",\"contentUrl\":\"https:\/\/dedemesquita.com.br\/wp-content\/uploads\/2021\/02\/foto_perfil-150x150.jpg\",\"caption\":\"Ded\u00e9 Mesquita\"},\"sameAs\":[\"https:\/\/dedemesquita.com.br\"]}]}<\/script>\n<!-- \/ Yoast SEO plugin. -->","yoast_head_json":{"title":"TV Liberal lan\u00e7a site celebrando 47 anos da emissora e outras novidades nas reda\u00e7\u00f5es de Bel\u00e9m - Ded\u00e9 Mesquita","robots":{"index":"index","follow":"follow","max-snippet":"max-snippet:-1","max-image-preview":"max-image-preview:large","max-video-preview":"max-video-preview:-1"},"canonical":"https:\/\/dedemesquita.com.br\/?p=6356","og_locale":"pt_BR","og_type":"article","og_title":"TV Liberal lan\u00e7a site celebrando 47 anos da emissora e outras novidades nas reda\u00e7\u00f5es de Bel\u00e9m - Ded\u00e9 Mesquita","og_description":"E eis que chega a ter\u00e7a-feira, a bat hora em que se atualiza as fofocas sobre a imprensa em Bel\u00e9m e no Par\u00e1. Mem\u00f3ria &#8211; Esta semana, entrou no ar o site Mem\u00f3ria TV Liberal, que conta grande parte da hist\u00f3ria da emissora mais antiga em atividade no Par\u00e1, por meio de depoimentos de muitas [&hellip;]","og_url":"https:\/\/dedemesquita.com.br\/?p=6356","og_site_name":"Ded\u00e9 Mesquita","article_publisher":"https:\/\/www.facebook.com\/dede.mesquita","article_published_time":"2023-04-25T15:24:42+00:00","article_modified_time":"2023-04-25T15:28:27+00:00","og_image":[{"width":900,"height":491,"url":"https:\/\/dedemesquita.com.br\/wp-content\/uploads\/2023\/04\/TV-Liberal.jpg","type":"image\/jpeg"}],"author":"Ded\u00e9 Mesquita","twitter_card":"summary_large_image","twitter_creator":"@dedemesquita","twitter_site":"@dedemesquita","twitter_misc":{"Escrito por":"Ded\u00e9 Mesquita","Est. tempo de leitura":"5 minutos"},"schema":{"@context":"https:\/\/schema.org","@graph":[{"@type":"WebPage","@id":"https:\/\/dedemesquita.com.br\/?p=6356","url":"https:\/\/dedemesquita.com.br\/?p=6356","name":"TV Liberal lan\u00e7a site celebrando 47 anos da emissora e outras novidades nas reda\u00e7\u00f5es de Bel\u00e9m - Ded\u00e9 Mesquita","isPartOf":{"@id":"https:\/\/dedemesquita.com.br\/#website"},"datePublished":"2023-04-25T15:24:42+00:00","dateModified":"2023-04-25T15:28:27+00:00","author":{"@id":"https:\/\/dedemesquita.com.br\/#\/schema\/person\/36571f81dd2d76dc3ab37231542c9e24"},"breadcrumb":{"@id":"https:\/\/dedemesquita.com.br\/?p=6356#breadcrumb"},"inLanguage":"pt-BR","potentialAction":[{"@type":"ReadAction","target":["https:\/\/dedemesquita.com.br\/?p=6356"]}]},{"@type":"BreadcrumbList","@id":"https:\/\/dedemesquita.com.br\/?p=6356#breadcrumb","itemListElement":[{"@type":"ListItem","position":1,"name":"In\u00edcio","item":"https:\/\/dedemesquita.com.br\/"},{"@type":"ListItem","position":2,"name":"TV Liberal lan\u00e7a site celebrando 47 anos da emissora e outras novidades nas reda\u00e7\u00f5es de Bel\u00e9m"}]},{"@type":"WebSite","@id":"https:\/\/dedemesquita.com.br\/#website","url":"https:\/\/dedemesquita.com.br\/","name":"Ded\u00e9 Mesquita","description":"Um site que mostra os bastidores da imprensa no estado do Par\u00e1 e em Bel\u00e9m","potentialAction":[{"@type":"SearchAction","target":{"@type":"EntryPoint","urlTemplate":"https:\/\/dedemesquita.com.br\/?s={search_term_string}"},"query-input":"required name=search_term_string"}],"inLanguage":"pt-BR"},{"@type":"Person","@id":"https:\/\/dedemesquita.com.br\/#\/schema\/person\/36571f81dd2d76dc3ab37231542c9e24","name":"Ded\u00e9 Mesquita","image":{"@type":"ImageObject","inLanguage":"pt-BR","@id":"https:\/\/dedemesquita.com.br\/#\/schema\/person\/image\/","url":"https:\/\/dedemesquita.com.br\/wp-content\/uploads\/2021\/02\/foto_perfil-150x150.jpg","contentUrl":"https:\/\/dedemesquita.com.br\/wp-content\/uploads\/2021\/02\/foto_perfil-150x150.jpg","caption":"Ded\u00e9 Mesquita"},"sameAs":["https:\/\/dedemesquita.com.br"]}]}},"_links":{"self":[{"href":"https:\/\/dedemesquita.com.br\/index.php?rest_route=\/wp\/v2\/posts\/6356"}],"collection":[{"href":"https:\/\/dedemesquita.com.br\/index.php?rest_route=\/wp\/v2\/posts"}],"about":[{"href":"https:\/\/dedemesquita.com.br\/index.php?rest_route=\/wp\/v2\/types\/post"}],"author":[{"embeddable":true,"href":"https:\/\/dedemesquita.com.br\/index.php?rest_route=\/wp\/v2\/users\/2"}],"replies":[{"embeddable":true,"href":"https:\/\/dedemesquita.com.br\/index.php?rest_route=%2Fwp%2Fv2%2Fcomments&post=6356"}],"version-history":[{"count":5,"href":"https:\/\/dedemesquita.com.br\/index.php?rest_route=\/wp\/v2\/posts\/6356\/revisions"}],"predecessor-version":[{"id":6372,"href":"https:\/\/dedemesquita.com.br\/index.php?rest_route=\/wp\/v2\/posts\/6356\/revisions\/6372"}],"wp:featuredmedia":[{"embeddable":true,"href":"https:\/\/dedemesquita.com.br\/index.php?rest_route=\/wp\/v2\/media\/6373"}],"wp:attachment":[{"href":"https:\/\/dedemesquita.com.br\/index.php?rest_route=%2Fwp%2Fv2%2Fmedia&parent=6356"}],"wp:term":[{"taxonomy":"category","embeddable":true,"href":"https:\/\/dedemesquita.com.br\/index.php?rest_route=%2Fwp%2Fv2%2Fcategories&post=6356"},{"taxonomy":"post_tag","embeddable":true,"href":"https:\/\/dedemesquita.com.br\/index.php?rest_route=%2Fwp%2Fv2%2Ftags&post=6356"}],"curies":[{"name":"wp","href":"https:\/\/api.w.org\/{rel}","templated":true}]}}