{"id":6342,"date":"2023-04-20T11:42:55","date_gmt":"2023-04-20T14:42:55","guid":{"rendered":"https:\/\/dedemesquita.com.br\/?p=6342"},"modified":"2023-04-20T11:42:56","modified_gmt":"2023-04-20T14:42:56","slug":"mais-demissoes-em-o-liberal-mudanca-de-comando-na-radio-cultura-fm-e-outras-mais","status":"publish","type":"post","link":"https:\/\/dedemesquita.com.br\/?p=6342","title":{"rendered":"Mais demiss\u00f5es em O Liberal, mudan\u00e7a de comando na r\u00e1dio Cultura FM e outras mais"},"content":{"rendered":"\n<p>Tamanha quinta-feira e not\u00edcias precisam ser trazidas aqui para deixar todo mundo em cima do lance com as \u00faltimas nas reda\u00e7\u00f5es.<\/p>\n\n\n\n<p><strong>Mais demiss\u00f5es &#8211; <\/strong>Infelizmente, as novidades n\u00e3o s\u00e3o nada boas l\u00e1 pelos lados \u201cde tr\u00e1s do Bosque\u201d, com mais demiss\u00f5es na <strong>Reda\u00e7\u00e3o Integrada O Liberal. <\/strong>Recebi um relato que transcrevo aqui, sem tirar, nem por nenhuma v\u00edrgula.<\/p>\n\n\n\n<p><em>\u201cO Grupo Liberal, parecendo querer copiar a Rede Globo, deu in\u00edcio a uma onda de demiss\u00f5es nesta semana. Ter\u00e7a-feira \u00faltima, dia 18, a suposta crise culminou com a demiss\u00e3o de um motorista com 13 anos de casa. Ele tinha acabado de voltar das f\u00e9rias. A rep\u00f3rter <strong>La\u00eds Santana<\/strong>, da editoria de Cidades, tamb\u00e9m foi uma das profissionais desligadas da empresa no mesmo dia. La\u00eds voltou recentemente de uma licen\u00e7a m\u00e9dica e o \u201cseja bem-vinda de volta\u201d foi a sua demiss\u00e3o. Com isso, aquele n\u00facleo &#8211; de Cidades-, tamb\u00e9m conhecido como \u201cMilagres\u201d, tendo em vista que todos os pepinos recaem sobre l\u00e1, est\u00e1 operando com seis rep\u00f3rteres e um estagi\u00e1rio. Como dizem os mais antigos, eles t\u00eam que dar \u201cdas tripas ao cora\u00e7\u00e3o\u201d para fechar o caderno, sem computador, sem cadeira que preste, sem carro de reportagem, tendo que se virar e esperar a boa vontade dos motoristas de aplicativo aceitarem uma corrida. Os problemas, todos sem solu\u00e7\u00e3o, n\u00e3o param por a\u00ed. O que circula por aquelas bandas \u00e9 que mais demiss\u00f5es est\u00e3o previstas. Mas, na Reda\u00e7\u00e3o Integrada [O Liberal], a ordem que n\u00e3o falha \u00e9: \u201cTem que subir urgente!\u201d, tenha gente ou n\u00e3o.<\/em><\/p>\n\n\n<div class=\"wp-block-image\">\n<figure class=\"aligncenter size-full\"><img loading=\"lazy\" decoding=\"async\" width=\"567\" height=\"404\" src=\"https:\/\/dedemesquita.com.br\/wp-content\/uploads\/2023\/04\/lais_santana.jpg\" alt=\"\" class=\"wp-image-6352\"\/><figcaption class=\"wp-element-caption\">A rep\u00f3rter La\u00eds Santana \u00e9 mais uma na onda de demiss\u00f5es na Reda\u00e7\u00e3o Integrada O Liberal <\/figcaption><\/figure><\/div>\n\n\n<p><strong>Vou s\u00f3 repetir as den\u00fancias:<\/strong><\/p>\n\n\n\n<p>Seis rep\u00f3rteres e um estagi\u00e1rio na <strong>editoria de Cidades<\/strong>, a maior de todo jornal. S\u00f3 lembrando que essa editoria serve aos jornais <strong>O Liberal<\/strong>, <strong>Amaz\u00f4nia<\/strong> e ao pr\u00f3prio <strong>portal de internet<\/strong><\/p>\n\n\n\n<p>Sem computador<\/p>\n\n\n\n<p>Sem cadeira que preste<\/p>\n\n\n\n<p>Sem carro de reportagem<\/p>\n\n\n\n<p>Dependendo da \u201cboa vontade\u201d de carros de aplicativo<\/p>\n\n\n\n<p>Mais demiss\u00f5es vindo por a\u00ed<\/p>\n\n\n\n<p><strong>Outras not\u00edcias:<\/strong><\/p>\n\n\n\n<p><strong>TV Alepa &#8211;<\/strong> Depois da morte precoce do jornalista <strong>Afonso Gallindo<\/strong>, em janeiro deste ano, quem assumiu o cargo dele na dire\u00e7\u00e3o na TV Alepa foi <strong>Haynna H\u00e1lex.<\/strong><\/p>\n\n\n<div class=\"wp-block-image\">\n<figure class=\"aligncenter size-full\"><img loading=\"lazy\" decoding=\"async\" width=\"662\" height=\"467\" src=\"https:\/\/dedemesquita.com.br\/wp-content\/uploads\/2023\/04\/341170697_176271068648906_9108079135775679858_n.jpg\" alt=\"\" class=\"wp-image-6345\"\/><figcaption class=\"wp-element-caption\">Haynna H\u00e1lex passou a coordenar a TV Alepa <\/figcaption><\/figure><\/div>\n\n\n<p><strong>Funtelpa &#8211;<\/strong> Mais mudan\u00e7as na Funtelpa, com chegada de Miro Sanova por l\u00e1. <strong>Nonato Cavalcante <\/strong>deixou a dire\u00e7\u00e3o da r\u00e1dio Cultura FM, que passa a ser ocupada por <strong>Marcelo Mendes<\/strong>, fiel e antigo colaborador de Sanova, e com larga experi\u00eancia na \u00e1rea de comunica\u00e7\u00e3o, sendo, inclusive, ex-professor do curso de Jornalismo na Unama. <\/p>\n\n\n\n<p><em>[Ali\u00e1s, comenta-se \u00e0 boca pequena que essas mudan\u00e7as na Funtelpa, todas elas, est\u00e3o sendo uma bela \u201cpuxada de tapete\u201d \u00e0s pretens\u00f5es de&#8230; adivinhem? Isso, mesmo, <strong>Verinha<\/strong> &#8211; que, ali\u00e1s, est\u00e1 flanando por <strong>Londres, na Inglaterra<\/strong>, at\u00e9 o dia 23 pr\u00f3ximo -, \u201ca senhora das comunica\u00e7\u00f5es no estado do Par\u00e1\u201d. Me sopraram que a bonita estava com todas as indica\u00e7\u00f5es <strong>DELA<\/strong> para as mudan\u00e7as na Funtelpa em m\u00e3os e todas foram recusadas pelo Heldissss. M\u00e1 rap\u00e1!!!]<\/em><\/p>\n\n\n<div class=\"wp-block-image\">\n<figure class=\"aligncenter size-full\"><img loading=\"lazy\" decoding=\"async\" width=\"687\" height=\"493\" src=\"https:\/\/dedemesquita.com.br\/wp-content\/uploads\/2023\/04\/marcelo_mendes.jpg\" alt=\"\" class=\"wp-image-6353\"\/><figcaption class=\"wp-element-caption\">Marcelo Mendes \u00e9 o novo diretor na r\u00e1dio Cultura FM <\/figcaption><\/figure><\/div>\n\n\n<p><strong>Agress\u00e3o &#8211;<\/strong> O jornalista <strong>Kleyton Silva<\/strong> estava trabalhando em uma cobertura no <strong>Hangar &#8211; Conven\u00e7\u00f5es e Feiras da Amaz\u00f4nia, em Bel\u00e9m, na quinta-feira, 13<\/strong>, e, durante o trabalho, a mochila com equipamentos fotogr\u00e1ficos do jornalista foi revistada, sem o seu conhecimento, <strong>pelo coronel da Pol\u00edcia Militar do Par\u00e1, Leonardo Franco, chefe do Gabinete Militar do Minist\u00e9rio P\u00fablico do Par\u00e1<\/strong>. Ao tomar conhecimento do fato, Kleyton notificou a assessoria de comunica\u00e7\u00e3o do Minist\u00e9rio P\u00fablico e questionou o coronel a respeito do procedimento. Ao t\u00e9rmino do evento, quando Kleyton saiu do local, foi seguido at\u00e9 o estacionamento e teve o ve\u00edculo dele <strong>atacado pelo coronel e outras tr\u00eas pessoas n\u00e3o identificadas<\/strong>. O jornalista manteve-se trancado e o grupo n\u00e3o conseguiu retir\u00e1-lo do ve\u00edculo. Ao perceberem que o jornalista pedia ajuda externa, desistiram da a\u00e7\u00e3o. Enquanto se afastavam, gritaram que iriam procur\u00e1-lo e encontr\u00e1-lo. Na segunda-feira, 17, <strong>o carro de Kleyton passou por per\u00edcia em uma seccional de pol\u00edcia em Bel\u00e9m, em S\u00e3o Br\u00e1s.<\/strong><\/p>\n\n\n<div class=\"wp-block-image\">\n<figure class=\"aligncenter size-full\"><img loading=\"lazy\" decoding=\"async\" width=\"700\" height=\"700\" src=\"https:\/\/dedemesquita.com.br\/wp-content\/uploads\/2023\/04\/Kleyt.jpg\" alt=\"\" class=\"wp-image-6348\" srcset=\"https:\/\/dedemesquita.com.br\/wp-content\/uploads\/2023\/04\/Kleyt.jpg 700w, https:\/\/dedemesquita.com.br\/wp-content\/uploads\/2023\/04\/Kleyt-150x150.jpg 150w\" sizes=\"(max-width: 700px) 100vw, 700px\" \/><figcaption class=\"wp-element-caption\">Kleyton Silva foi agredido por um coronel da PM do Par\u00e1<\/figcaption><\/figure><\/div>\n\n<div class=\"wp-block-image\">\n<figure class=\"aligncenter size-full\"><img loading=\"lazy\" decoding=\"async\" width=\"900\" height=\"675\" src=\"https:\/\/dedemesquita.com.br\/wp-content\/uploads\/2023\/04\/pericia_carro2.jpg\" alt=\"\" class=\"wp-image-6349\" srcset=\"https:\/\/dedemesquita.com.br\/wp-content\/uploads\/2023\/04\/pericia_carro2.jpg 900w, https:\/\/dedemesquita.com.br\/wp-content\/uploads\/2023\/04\/pericia_carro2-768x576.jpg 768w\" sizes=\"(max-width: 900px) 100vw, 900px\" \/><figcaption class=\"wp-element-caption\">Per\u00edcia feita no carro de Kleyton na seccional de pol\u00edcia de S\u00e3o Br\u00e1s <\/figcaption><\/figure><\/div>\n\n\n<p><strong>Reuni\u00e3o &#8211; O Sindicato dos Jornalistas do Par\u00e1 &#8211; Sinjor-PA &#8211;<\/strong> participou de uma reuni\u00e3o nesta ter\u00e7a-feira, 18, com o<strong> secret\u00e1rio de seguran\u00e7a do estado do Par\u00e1, U\u00e1lame Machado<\/strong>, e jornalistas da <strong>Secretaria de Comunica\u00e7\u00e3o do Par\u00e1 &#8211; Secom-PA<\/strong> -, para tratar sobre o assunto da viol\u00eancia contra jornalistas no Estado. Os representantes do Sinjor-PA destacaram seis pontos na reuni\u00e3o: a apresenta\u00e7\u00e3o do I Relat\u00f3rio de Viol\u00eancias contra Jornalistas no Par\u00e1-2022; a lentid\u00e3o na investiga\u00e7\u00e3o dos processos de jornalistas; apresenta\u00e7\u00e3o do Relat\u00f3rio do Sinjor-PA no Conselho Estadual de Seguran\u00e7a P\u00fablica \u2013 CONSEP -; assento para o Sinjor-PA, como representa\u00e7\u00e3o de jornalistas, no CONSEP; a cria\u00e7\u00e3o de um observat\u00f3rio e de protocolo de enfrentamento \u00e0 viol\u00eancia aos jornalistas no Par\u00e1; e poss\u00edveis parcerias para eventos em conjunto como forma\u00e7\u00e3o para jornalistas. Sobre os casos de viol\u00eancias contra jornalistas, que est\u00e3o abertos, o secret\u00e1rio indicou um assessor da Pol\u00edcia Civil para acompanh\u00e1-los e estar em contato com o Sinjor. Dentre os casos mais graves, que o secret\u00e1rio se comprometeu em acompanhar, est\u00e3o dos jornalistas <strong>Waldiney Ferreira<\/strong>, de Oriximin\u00e1, regi\u00e3o nordeste do Par\u00e1; <strong>Sandro Andr\u00e9<\/strong>, de Tucuru\u00ed, regi\u00e3o sudoeste; e <strong>Kleyton Silva<\/strong>, de Bel\u00e9m. U\u00e1lame informou que j\u00e1 estava ciente do mais recente ataque contra o jornalista Kleyton Silva, assessor do Sindicato dos Servidores do Minist\u00e9rio P\u00fablico do Par\u00e1 \u2013 SISEMPPA -, que foi v\u00edtima de viol\u00eancia por parte do coronel Leonardo Franco, da Pol\u00edcia Militar do Par\u00e1, na \u00faltima quinta-feira, 13, no exerc\u00edcio da profiss\u00e3o.<\/p>\n\n\n<div class=\"wp-block-image\">\n<figure class=\"aligncenter size-full\"><img loading=\"lazy\" decoding=\"async\" width=\"900\" height=\"513\" src=\"https:\/\/dedemesquita.com.br\/wp-content\/uploads\/2023\/04\/SINJOR_reuniao.jpg\" alt=\"\" class=\"wp-image-6346\" srcset=\"https:\/\/dedemesquita.com.br\/wp-content\/uploads\/2023\/04\/SINJOR_reuniao.jpg 900w, https:\/\/dedemesquita.com.br\/wp-content\/uploads\/2023\/04\/SINJOR_reuniao-768x438.jpg 768w\" sizes=\"(max-width: 900px) 100vw, 900px\" \/><figcaption class=\"wp-element-caption\">Reuni\u00e3o do Sinjor-PA com o titular da Segup-PA, U\u00e1lame Machado, ao centro, ao lado de Vito Gemaque, presidente do Sindicato <\/figcaption><\/figure><\/div>","protected":false},"excerpt":{"rendered":"<p>Tamanha quinta-feira e not\u00edcias precisam ser trazidas aqui para deixar todo mundo em cima do lance com as \u00faltimas nas reda\u00e7\u00f5es. Mais demiss\u00f5es &#8211; Infelizmente, as novidades n\u00e3o s\u00e3o nada boas l\u00e1 pelos lados \u201cde tr\u00e1s do Bosque\u201d, com mais demiss\u00f5es na Reda\u00e7\u00e3o Integrada O Liberal. Recebi um relato que transcrevo aqui, sem tirar, nem [&hellip;]<\/p>\n","protected":false},"author":2,"featured_media":6351,"comment_status":"open","ping_status":"open","sticky":false,"template":"","format":"standard","meta":{"footnotes":""},"categories":[51,14,29],"tags":[147,119,120,153,144,143,130,395],"class_list":["post-6342","post","type-post","status-publish","format-standard","has-post-thumbnail","hentry","category-destaque","category-imprensa","category-jornalismo","tag-funtelpa","tag-jornalismo","tag-jornalistas-paraenses-em-acao","tag-ministerio-publico-do-para","tag-o-liberal","tag-radio-cultura-fm","tag-sinjor-pa","tag-tv-alepa"],"yoast_head":"<!-- This site is optimized with the Yoast SEO plugin v19.10 - https:\/\/yoast.com\/wordpress\/plugins\/seo\/ -->\n<title>Mais demiss\u00f5es em O Liberal, mudan\u00e7a de comando na r\u00e1dio Cultura FM e outras mais - Ded\u00e9 Mesquita<\/title>\n<meta name=\"robots\" content=\"index, follow, max-snippet:-1, max-image-preview:large, max-video-preview:-1\" \/>\n<link rel=\"canonical\" href=\"https:\/\/dedemesquita.com.br\/?p=6342\" \/>\n<meta property=\"og:locale\" content=\"pt_BR\" \/>\n<meta property=\"og:type\" content=\"article\" \/>\n<meta property=\"og:title\" content=\"Mais demiss\u00f5es em O Liberal, mudan\u00e7a de comando na r\u00e1dio Cultura FM e outras mais - Ded\u00e9 Mesquita\" \/>\n<meta property=\"og:description\" content=\"Tamanha quinta-feira e not\u00edcias precisam ser trazidas aqui para deixar todo mundo em cima do lance com as \u00faltimas nas reda\u00e7\u00f5es. Mais demiss\u00f5es &#8211; Infelizmente, as novidades n\u00e3o s\u00e3o nada boas l\u00e1 pelos lados \u201cde tr\u00e1s do Bosque\u201d, com mais demiss\u00f5es na Reda\u00e7\u00e3o Integrada O Liberal. Recebi um relato que transcrevo aqui, sem tirar, nem [&hellip;]\" \/>\n<meta property=\"og:url\" content=\"https:\/\/dedemesquita.com.br\/?p=6342\" \/>\n<meta property=\"og:site_name\" content=\"Ded\u00e9 Mesquita\" \/>\n<meta property=\"article:publisher\" content=\"https:\/\/www.facebook.com\/dede.mesquita\" \/>\n<meta property=\"article:published_time\" content=\"2023-04-20T14:42:55+00:00\" \/>\n<meta property=\"article:modified_time\" content=\"2023-04-20T14:42:56+00:00\" \/>\n<meta property=\"og:image\" content=\"https:\/\/dedemesquita.com.br\/wp-content\/uploads\/2023\/04\/a1.png\" \/>\n\t<meta property=\"og:image:width\" content=\"982\" \/>\n\t<meta property=\"og:image:height\" content=\"582\" \/>\n\t<meta property=\"og:image:type\" content=\"image\/png\" \/>\n<meta name=\"author\" content=\"Ded\u00e9 Mesquita\" \/>\n<meta name=\"twitter:card\" content=\"summary_large_image\" \/>\n<meta name=\"twitter:creator\" content=\"@dedemesquita\" \/>\n<meta name=\"twitter:site\" content=\"@dedemesquita\" \/>\n<meta name=\"twitter:label1\" content=\"Escrito por\" \/>\n\t<meta name=\"twitter:data1\" content=\"Ded\u00e9 Mesquita\" \/>\n\t<meta name=\"twitter:label2\" content=\"Est. tempo de leitura\" \/>\n\t<meta name=\"twitter:data2\" content=\"7 minutos\" \/>\n<script type=\"application\/ld+json\" class=\"yoast-schema-graph\">{\"@context\":\"https:\/\/schema.org\",\"@graph\":[{\"@type\":\"WebPage\",\"@id\":\"https:\/\/dedemesquita.com.br\/?p=6342\",\"url\":\"https:\/\/dedemesquita.com.br\/?p=6342\",\"name\":\"Mais demiss\u00f5es em O Liberal, mudan\u00e7a de comando na r\u00e1dio Cultura FM e outras mais - Ded\u00e9 Mesquita\",\"isPartOf\":{\"@id\":\"https:\/\/dedemesquita.com.br\/#website\"},\"datePublished\":\"2023-04-20T14:42:55+00:00\",\"dateModified\":\"2023-04-20T14:42:56+00:00\",\"author\":{\"@id\":\"https:\/\/dedemesquita.com.br\/#\/schema\/person\/36571f81dd2d76dc3ab37231542c9e24\"},\"breadcrumb\":{\"@id\":\"https:\/\/dedemesquita.com.br\/?p=6342#breadcrumb\"},\"inLanguage\":\"pt-BR\",\"potentialAction\":[{\"@type\":\"ReadAction\",\"target\":[\"https:\/\/dedemesquita.com.br\/?p=6342\"]}]},{\"@type\":\"BreadcrumbList\",\"@id\":\"https:\/\/dedemesquita.com.br\/?p=6342#breadcrumb\",\"itemListElement\":[{\"@type\":\"ListItem\",\"position\":1,\"name\":\"In\u00edcio\",\"item\":\"https:\/\/dedemesquita.com.br\/\"},{\"@type\":\"ListItem\",\"position\":2,\"name\":\"Mais demiss\u00f5es em O Liberal, mudan\u00e7a de comando na r\u00e1dio Cultura FM e outras mais\"}]},{\"@type\":\"WebSite\",\"@id\":\"https:\/\/dedemesquita.com.br\/#website\",\"url\":\"https:\/\/dedemesquita.com.br\/\",\"name\":\"Ded\u00e9 Mesquita\",\"description\":\"Um site que mostra os bastidores da imprensa no estado do Par\u00e1 e em Bel\u00e9m\",\"potentialAction\":[{\"@type\":\"SearchAction\",\"target\":{\"@type\":\"EntryPoint\",\"urlTemplate\":\"https:\/\/dedemesquita.com.br\/?s={search_term_string}\"},\"query-input\":\"required name=search_term_string\"}],\"inLanguage\":\"pt-BR\"},{\"@type\":\"Person\",\"@id\":\"https:\/\/dedemesquita.com.br\/#\/schema\/person\/36571f81dd2d76dc3ab37231542c9e24\",\"name\":\"Ded\u00e9 Mesquita\",\"image\":{\"@type\":\"ImageObject\",\"inLanguage\":\"pt-BR\",\"@id\":\"https:\/\/dedemesquita.com.br\/#\/schema\/person\/image\/\",\"url\":\"https:\/\/dedemesquita.com.br\/wp-content\/uploads\/2021\/02\/foto_perfil-150x150.jpg\",\"contentUrl\":\"https:\/\/dedemesquita.com.br\/wp-content\/uploads\/2021\/02\/foto_perfil-150x150.jpg\",\"caption\":\"Ded\u00e9 Mesquita\"},\"sameAs\":[\"https:\/\/dedemesquita.com.br\"]}]}<\/script>\n<!-- \/ Yoast SEO plugin. -->","yoast_head_json":{"title":"Mais demiss\u00f5es em O Liberal, mudan\u00e7a de comando na r\u00e1dio Cultura FM e outras mais - Ded\u00e9 Mesquita","robots":{"index":"index","follow":"follow","max-snippet":"max-snippet:-1","max-image-preview":"max-image-preview:large","max-video-preview":"max-video-preview:-1"},"canonical":"https:\/\/dedemesquita.com.br\/?p=6342","og_locale":"pt_BR","og_type":"article","og_title":"Mais demiss\u00f5es em O Liberal, mudan\u00e7a de comando na r\u00e1dio Cultura FM e outras mais - Ded\u00e9 Mesquita","og_description":"Tamanha quinta-feira e not\u00edcias precisam ser trazidas aqui para deixar todo mundo em cima do lance com as \u00faltimas nas reda\u00e7\u00f5es. Mais demiss\u00f5es &#8211; Infelizmente, as novidades n\u00e3o s\u00e3o nada boas l\u00e1 pelos lados \u201cde tr\u00e1s do Bosque\u201d, com mais demiss\u00f5es na Reda\u00e7\u00e3o Integrada O Liberal. Recebi um relato que transcrevo aqui, sem tirar, nem [&hellip;]","og_url":"https:\/\/dedemesquita.com.br\/?p=6342","og_site_name":"Ded\u00e9 Mesquita","article_publisher":"https:\/\/www.facebook.com\/dede.mesquita","article_published_time":"2023-04-20T14:42:55+00:00","article_modified_time":"2023-04-20T14:42:56+00:00","og_image":[{"width":982,"height":582,"url":"https:\/\/dedemesquita.com.br\/wp-content\/uploads\/2023\/04\/a1.png","type":"image\/png"}],"author":"Ded\u00e9 Mesquita","twitter_card":"summary_large_image","twitter_creator":"@dedemesquita","twitter_site":"@dedemesquita","twitter_misc":{"Escrito por":"Ded\u00e9 Mesquita","Est. tempo de leitura":"7 minutos"},"schema":{"@context":"https:\/\/schema.org","@graph":[{"@type":"WebPage","@id":"https:\/\/dedemesquita.com.br\/?p=6342","url":"https:\/\/dedemesquita.com.br\/?p=6342","name":"Mais demiss\u00f5es em O Liberal, mudan\u00e7a de comando na r\u00e1dio Cultura FM e outras mais - Ded\u00e9 Mesquita","isPartOf":{"@id":"https:\/\/dedemesquita.com.br\/#website"},"datePublished":"2023-04-20T14:42:55+00:00","dateModified":"2023-04-20T14:42:56+00:00","author":{"@id":"https:\/\/dedemesquita.com.br\/#\/schema\/person\/36571f81dd2d76dc3ab37231542c9e24"},"breadcrumb":{"@id":"https:\/\/dedemesquita.com.br\/?p=6342#breadcrumb"},"inLanguage":"pt-BR","potentialAction":[{"@type":"ReadAction","target":["https:\/\/dedemesquita.com.br\/?p=6342"]}]},{"@type":"BreadcrumbList","@id":"https:\/\/dedemesquita.com.br\/?p=6342#breadcrumb","itemListElement":[{"@type":"ListItem","position":1,"name":"In\u00edcio","item":"https:\/\/dedemesquita.com.br\/"},{"@type":"ListItem","position":2,"name":"Mais demiss\u00f5es em O Liberal, mudan\u00e7a de comando na r\u00e1dio Cultura FM e outras mais"}]},{"@type":"WebSite","@id":"https:\/\/dedemesquita.com.br\/#website","url":"https:\/\/dedemesquita.com.br\/","name":"Ded\u00e9 Mesquita","description":"Um site que mostra os bastidores da imprensa no estado do Par\u00e1 e em Bel\u00e9m","potentialAction":[{"@type":"SearchAction","target":{"@type":"EntryPoint","urlTemplate":"https:\/\/dedemesquita.com.br\/?s={search_term_string}"},"query-input":"required name=search_term_string"}],"inLanguage":"pt-BR"},{"@type":"Person","@id":"https:\/\/dedemesquita.com.br\/#\/schema\/person\/36571f81dd2d76dc3ab37231542c9e24","name":"Ded\u00e9 Mesquita","image":{"@type":"ImageObject","inLanguage":"pt-BR","@id":"https:\/\/dedemesquita.com.br\/#\/schema\/person\/image\/","url":"https:\/\/dedemesquita.com.br\/wp-content\/uploads\/2021\/02\/foto_perfil-150x150.jpg","contentUrl":"https:\/\/dedemesquita.com.br\/wp-content\/uploads\/2021\/02\/foto_perfil-150x150.jpg","caption":"Ded\u00e9 Mesquita"},"sameAs":["https:\/\/dedemesquita.com.br"]}]}},"_links":{"self":[{"href":"https:\/\/dedemesquita.com.br\/index.php?rest_route=\/wp\/v2\/posts\/6342"}],"collection":[{"href":"https:\/\/dedemesquita.com.br\/index.php?rest_route=\/wp\/v2\/posts"}],"about":[{"href":"https:\/\/dedemesquita.com.br\/index.php?rest_route=\/wp\/v2\/types\/post"}],"author":[{"embeddable":true,"href":"https:\/\/dedemesquita.com.br\/index.php?rest_route=\/wp\/v2\/users\/2"}],"replies":[{"embeddable":true,"href":"https:\/\/dedemesquita.com.br\/index.php?rest_route=%2Fwp%2Fv2%2Fcomments&post=6342"}],"version-history":[{"count":5,"href":"https:\/\/dedemesquita.com.br\/index.php?rest_route=\/wp\/v2\/posts\/6342\/revisions"}],"predecessor-version":[{"id":6354,"href":"https:\/\/dedemesquita.com.br\/index.php?rest_route=\/wp\/v2\/posts\/6342\/revisions\/6354"}],"wp:featuredmedia":[{"embeddable":true,"href":"https:\/\/dedemesquita.com.br\/index.php?rest_route=\/wp\/v2\/media\/6351"}],"wp:attachment":[{"href":"https:\/\/dedemesquita.com.br\/index.php?rest_route=%2Fwp%2Fv2%2Fmedia&parent=6342"}],"wp:term":[{"taxonomy":"category","embeddable":true,"href":"https:\/\/dedemesquita.com.br\/index.php?rest_route=%2Fwp%2Fv2%2Fcategories&post=6342"},{"taxonomy":"post_tag","embeddable":true,"href":"https:\/\/dedemesquita.com.br\/index.php?rest_route=%2Fwp%2Fv2%2Ftags&post=6342"}],"curies":[{"name":"wp","href":"https:\/\/api.w.org\/{rel}","templated":true}]}}