{"id":6316,"date":"2023-04-13T21:17:19","date_gmt":"2023-04-14T00:17:19","guid":{"rendered":"https:\/\/dedemesquita.com.br\/?p=6316"},"modified":"2023-04-13T23:20:27","modified_gmt":"2023-04-14T02:20:27","slug":"sinjor-pa-publica-nota-de-repudio-sobre-cobertura-desastrosa-de-rexpa-pelo-perfil-futebol-zueiro-e-deputado-bob-fllay","status":"publish","type":"post","link":"https:\/\/dedemesquita.com.br\/?p=6316","title":{"rendered":"Sinjor-PA publica Nota de Rep\u00fadio sobre cobertura desastrosa de RexPa pelo perfil Futebol Zueiro e deputado Bob Fllay"},"content":{"rendered":"\n<p>Este site j\u00e1 havia publicado na segunda-feira, 10, uma den\u00fancia-not\u00edcia sobre a desastrosa transmiss\u00e3o, pelo <strong>YouTube <\/strong>da <strong>TV Cultura do Par\u00e1<\/strong>, parte integrante da <strong>Funtelpa<\/strong>, do cl\u00e1ssico de esporte paraense Clube do Remo e Paysandu, no domingo, 9, por conta do perfil do Twitter <strong>Futebol Zueiro<\/strong>, com participa\u00e7\u00e3o do deputado estadual, o &#8220;emblem\u00e1tico&#8221;, <strong>Bob Fllay<\/strong>. <\/p>\n\n\n\n<p>Leia aqui: <a href=\"https:\/\/dedemesquita.com.br\/?p=6282\"><strong>Miro Sanova \u00e9 novo presidente da Funtelpa, mas situa\u00e7\u00e3o dos servidores est\u00e1 ca\u00f3tica nessa funda\u00e7\u00e3o<\/strong><\/a><\/p>\n\n\n\n<p>Veja aqui o print da parte em que falo sobre o assunto: <\/p>\n\n\n<div class=\"wp-block-image\">\n<figure class=\"aligncenter size-full\"><img loading=\"lazy\" decoding=\"async\" width=\"1219\" height=\"165\" src=\"https:\/\/dedemesquita.com.br\/wp-content\/uploads\/2023\/04\/a3.png\" alt=\"\" class=\"wp-image-6317\" srcset=\"https:\/\/dedemesquita.com.br\/wp-content\/uploads\/2023\/04\/a3.png 1219w, https:\/\/dedemesquita.com.br\/wp-content\/uploads\/2023\/04\/a3-768x104.png 768w\" sizes=\"(max-width: 1219px) 100vw, 1219px\" \/><figcaption class=\"wp-element-caption\">Publica\u00e7\u00e3o da postagem de segunda-feira, dia 10 <\/figcaption><\/figure><\/div>\n\n\n<p>A informa\u00e7\u00e3o que recebi \u00e9 que a participa\u00e7\u00e3o do <strong>Futebol Zueiro<\/strong> nas transmiss\u00f5es do YouTube <strong>N\u00c3O<\/strong> foi uma unanimidade entre a diretoria e produ\u00e7\u00e3o da Funtelpa. Esse perfil, cujos os integrantes se apresentam mascarados, sempre participou das transmiss\u00f5es da TV Cultura, mas <strong>na televis\u00e3o aberta<\/strong>, nos pr\u00e9-jogos. O perfil tem muitos seguidores no Twitter e tem um p\u00fablico fiel. O convite foi para o YouTube, com &#8220;carta branca&#8221;, e foi feito pelo pr\u00f3prio <strong>Binho Nascimento<\/strong>, <strong>ex-presidente da Funtelpa<\/strong>, mas que encontrou resist\u00eancia interna. <\/p>\n\n\n\n<p>Mas&#8230; a decis\u00e3o final e batida de martelo para a incensamento do <strong>Futebol Zueiro<\/strong> foi de Binho Nascimento. E deu nessa <em>patuscada<\/em> que vimos. Ent\u00e3o, &#8220;toma a tua merenda&#8221; a\u00ed,<strong> Miro Sanova<\/strong>, e resolve esse &#8220;pepino&#8221;.  <\/p>\n\n\n\n<p><strong>Rea\u00e7\u00e3o &#8211; <\/strong>E nesta quinta-feira, 13, o<strong> Sindicato dos Jornalistas do Par\u00e1 &#8211; Sinjor-PA<\/strong>, publicou uma <strong>Nota de Rep\u00fadio<\/strong> sobre esse assunto. <\/p>\n\n\n\n<p>Veja aqui: <\/p>\n\n\n\n<p><strong>NOTA DE REP\u00daDIO<\/strong><\/p>\n\n\n\n<p><strong>A Cultura n\u00e3o \u00e9 Zoeira! Respeitem a Funtelpa!<\/strong><\/p>\n\n\n\n<p>O Sindicato dos Jornalistas no Estado do Par\u00e1 &#8211; SINJOR-PA e o Sindicato dos Radialistas do Par\u00e1 -SINRAD-PA repudiam veementemente a transmiss\u00e3o do jogo entre Remo e Paysandu feita pelo grupo de influencers \u201cFutebol Zueiro\u201d no canal de Esporte da Cultura no YouTube, no dia 9 de abril, com a participa\u00e7\u00e3o do pol\u00edtico Bob Fllay, na qual observou-se o uso indiscriminado de palavr\u00f5es, falas preconceituosas e um total desrespeito com o p\u00fablico, os clubes, os profissionais de imprensa e a pr\u00f3pria Funtelpa.<\/p>\n\n\n\n<p>Quem assistiu \u00e0 \u201czoeira\u201d viu e ouviu palavr\u00f5es, discursos chulos, de \u00f3dio, mis\u00f3ginos e homof\u00f3bicos, posturas contr\u00e1rias aos valores do Campeonato Paraense, que este ano promoveu a\u00e7\u00f5es contra v\u00e1rios tipos de preconceito, ao C\u00f3digo de \u00c9tica dos Jornalistas Brasileiros e aos objetivos, fun\u00e7\u00f5es sociais e \u00e0 miss\u00e3o da Funda\u00e7\u00e3o Paraense de Radiodifus\u00e3o, entidade que mant\u00e9m ve\u00edculos p\u00fablicos educativos, alguns com mais de 46 anos de servi\u00e7os prestados \u00e0 educa\u00e7\u00e3o, informa\u00e7\u00e3o e cultura do estado do Par\u00e1.<\/p>\n\n\n\n<p>No Estatuto Social da Funda\u00e7\u00e3o consta a fun\u00e7\u00e3o de \u201cpromo\u00e7\u00e3o e produ\u00e7\u00e3o, por meio de r\u00e1dio, televis\u00e3o e portal, de atividades educativas, art\u00edsticas, culturais, cient\u00edficas e informativas, visando \u00e0 defesa e o aprimoramento integral da pessoa humana, por meio da forma\u00e7\u00e3o cr\u00edtica para o exerc\u00edcio da cidadania\u201d.<\/p>\n\n\n\n<p>N\u00e3o vamos aceitar que algumas pessoas, associadas com a gest\u00e3o da FUNTELPA, deturpem a imagem e a credibilidade da Rede Cultura e do trabalho de jornalistas que se dedicam na cobertura do esporte. Na condi\u00e7\u00e3o de deputado estadual, Bob Fllay deveria honrar o decoro do mandato e, acima de tudo, respeitar a Funda\u00e7\u00e3o P\u00fablica, a imprensa e o povo paraense.<\/p>\n\n\n\n<p>A internet n\u00e3o \u00e9 terra de ningu\u00e9m. Existem regras, existe a \u00e9tica e existe a lei.<\/p>\n\n\n\n<p>Queremos, portanto, a <strong>IMEDIATA RETRATA\u00c7\u00c3O<\/strong> por parte da atual gest\u00e3o, pelo conte\u00fado vexat\u00f3rio, homof\u00f3bico, mis\u00f3gino e degradante veiculado atrav\u00e9s do Canal do Youtube da Cultura, com falas que refor\u00e7am preconceitos contra minorias que sofrem viol\u00eancias constantes diariamente.<\/p>\n\n\n\n<p>A transmiss\u00e3o do Paraz\u00e3o tem grandes n\u00fameros de audi\u00eancia e alcan\u00e7a torcedores nos quatro cantos do mundo. Prezar pela qualidade no conte\u00fado \u00e9 de responsabilidade da Funda\u00e7\u00e3o. Por isso, \u00e9 inadmiss\u00edvel que seus canais oficiais sejam usados para divulgar um conte\u00fado inapropriado em hor\u00e1rio nobre, com linguagem chula, hostil e que fere toda a diversidade de p\u00fablicos da emissora.<\/p>\n\n\n\n<p>RESPEITEM a CULTURA!!!!<br>RESPEITEM a FUNTELPA!!!!<\/p>\n\n\n\n<p>Sindicato dos Jornalistas no Par\u00e1 &#8211; SINJOR-PA<\/p>\n\n\n\n<p>Sindicato dos Radialistas do Par\u00e1 &#8211; SINRAD-PA<\/p>\n\n\n<div class=\"wp-block-image\">\n<figure class=\"aligncenter size-full\"><img loading=\"lazy\" decoding=\"async\" width=\"750\" height=\"628\" src=\"https:\/\/dedemesquita.com.br\/wp-content\/uploads\/2023\/04\/WhatsApp-Image-2023-04-13-at-17.18.19.jpeg\" alt=\"\" class=\"wp-image-6319\"\/><figcaption class=\"wp-element-caption\">Respeitem a Funtelpa!<\/figcaption><\/figure><\/div>","protected":false},"excerpt":{"rendered":"<p>Este site j\u00e1 havia publicado na segunda-feira, 10, uma den\u00fancia-not\u00edcia sobre a desastrosa transmiss\u00e3o, pelo YouTube da TV Cultura do Par\u00e1, parte integrante da Funtelpa, do cl\u00e1ssico de esporte paraense Clube do Remo e Paysandu, no domingo, 9, por conta do perfil do Twitter Futebol Zueiro, com participa\u00e7\u00e3o do deputado estadual, o &#8220;emblem\u00e1tico&#8221;, Bob Fllay. [&hellip;]<\/p>\n","protected":false},"author":2,"featured_media":6320,"comment_status":"open","ping_status":"open","sticky":false,"template":"","format":"standard","meta":{"footnotes":""},"categories":[51,14,29],"tags":[392,147,391,119,120,130,197],"class_list":["post-6316","post","type-post","status-publish","format-standard","has-post-thumbnail","hentry","category-destaque","category-imprensa","category-jornalismo","tag-bob-fllay","tag-funtelpa","tag-futebol-zueiro","tag-jornalismo","tag-jornalistas-paraenses-em-acao","tag-sinjor-pa","tag-tv-cultura"],"yoast_head":"<!-- This site is optimized with the Yoast SEO plugin v19.10 - https:\/\/yoast.com\/wordpress\/plugins\/seo\/ -->\n<title>Sinjor-PA publica Nota de Rep\u00fadio sobre cobertura desastrosa de RexPa pelo perfil Futebol Zueiro e deputado Bob Fllay - Ded\u00e9 Mesquita<\/title>\n<meta name=\"robots\" content=\"index, follow, max-snippet:-1, max-image-preview:large, max-video-preview:-1\" \/>\n<link rel=\"canonical\" href=\"https:\/\/dedemesquita.com.br\/?p=6316\" \/>\n<meta property=\"og:locale\" content=\"pt_BR\" \/>\n<meta property=\"og:type\" content=\"article\" \/>\n<meta property=\"og:title\" content=\"Sinjor-PA publica Nota de Rep\u00fadio sobre cobertura desastrosa de RexPa pelo perfil Futebol Zueiro e deputado Bob Fllay - Ded\u00e9 Mesquita\" \/>\n<meta property=\"og:description\" content=\"Este site j\u00e1 havia publicado na segunda-feira, 10, uma den\u00fancia-not\u00edcia sobre a desastrosa transmiss\u00e3o, pelo YouTube da TV Cultura do Par\u00e1, parte integrante da Funtelpa, do cl\u00e1ssico de esporte paraense Clube do Remo e Paysandu, no domingo, 9, por conta do perfil do Twitter Futebol Zueiro, com participa\u00e7\u00e3o do deputado estadual, o &#8220;emblem\u00e1tico&#8221;, Bob Fllay. [&hellip;]\" \/>\n<meta property=\"og:url\" content=\"https:\/\/dedemesquita.com.br\/?p=6316\" \/>\n<meta property=\"og:site_name\" content=\"Ded\u00e9 Mesquita\" \/>\n<meta property=\"article:publisher\" content=\"https:\/\/www.facebook.com\/dede.mesquita\" \/>\n<meta property=\"article:published_time\" content=\"2023-04-14T00:17:19+00:00\" \/>\n<meta property=\"article:modified_time\" content=\"2023-04-14T02:20:27+00:00\" \/>\n<meta property=\"og:image\" content=\"https:\/\/dedemesquita.com.br\/wp-content\/uploads\/2023\/04\/a2.png\" \/>\n\t<meta property=\"og:image:width\" content=\"827\" \/>\n\t<meta property=\"og:image:height\" content=\"496\" \/>\n\t<meta property=\"og:image:type\" content=\"image\/png\" \/>\n<meta name=\"author\" content=\"Ded\u00e9 Mesquita\" \/>\n<meta name=\"twitter:card\" content=\"summary_large_image\" \/>\n<meta name=\"twitter:creator\" content=\"@dedemesquita\" \/>\n<meta name=\"twitter:site\" content=\"@dedemesquita\" \/>\n<meta name=\"twitter:label1\" content=\"Escrito por\" \/>\n\t<meta name=\"twitter:data1\" content=\"Ded\u00e9 Mesquita\" \/>\n\t<meta name=\"twitter:label2\" content=\"Est. tempo de leitura\" \/>\n\t<meta name=\"twitter:data2\" content=\"4 minutos\" \/>\n<script type=\"application\/ld+json\" class=\"yoast-schema-graph\">{\"@context\":\"https:\/\/schema.org\",\"@graph\":[{\"@type\":\"WebPage\",\"@id\":\"https:\/\/dedemesquita.com.br\/?p=6316\",\"url\":\"https:\/\/dedemesquita.com.br\/?p=6316\",\"name\":\"Sinjor-PA publica Nota de Rep\u00fadio sobre cobertura desastrosa de RexPa pelo perfil Futebol Zueiro e deputado Bob Fllay - Ded\u00e9 Mesquita\",\"isPartOf\":{\"@id\":\"https:\/\/dedemesquita.com.br\/#website\"},\"datePublished\":\"2023-04-14T00:17:19+00:00\",\"dateModified\":\"2023-04-14T02:20:27+00:00\",\"author\":{\"@id\":\"https:\/\/dedemesquita.com.br\/#\/schema\/person\/36571f81dd2d76dc3ab37231542c9e24\"},\"breadcrumb\":{\"@id\":\"https:\/\/dedemesquita.com.br\/?p=6316#breadcrumb\"},\"inLanguage\":\"pt-BR\",\"potentialAction\":[{\"@type\":\"ReadAction\",\"target\":[\"https:\/\/dedemesquita.com.br\/?p=6316\"]}]},{\"@type\":\"BreadcrumbList\",\"@id\":\"https:\/\/dedemesquita.com.br\/?p=6316#breadcrumb\",\"itemListElement\":[{\"@type\":\"ListItem\",\"position\":1,\"name\":\"In\u00edcio\",\"item\":\"https:\/\/dedemesquita.com.br\/\"},{\"@type\":\"ListItem\",\"position\":2,\"name\":\"Sinjor-PA publica Nota de Rep\u00fadio sobre cobertura desastrosa de RexPa pelo perfil Futebol Zueiro e deputado Bob Fllay\"}]},{\"@type\":\"WebSite\",\"@id\":\"https:\/\/dedemesquita.com.br\/#website\",\"url\":\"https:\/\/dedemesquita.com.br\/\",\"name\":\"Ded\u00e9 Mesquita\",\"description\":\"Um site que mostra os bastidores da imprensa no estado do Par\u00e1 e em Bel\u00e9m\",\"potentialAction\":[{\"@type\":\"SearchAction\",\"target\":{\"@type\":\"EntryPoint\",\"urlTemplate\":\"https:\/\/dedemesquita.com.br\/?s={search_term_string}\"},\"query-input\":\"required name=search_term_string\"}],\"inLanguage\":\"pt-BR\"},{\"@type\":\"Person\",\"@id\":\"https:\/\/dedemesquita.com.br\/#\/schema\/person\/36571f81dd2d76dc3ab37231542c9e24\",\"name\":\"Ded\u00e9 Mesquita\",\"image\":{\"@type\":\"ImageObject\",\"inLanguage\":\"pt-BR\",\"@id\":\"https:\/\/dedemesquita.com.br\/#\/schema\/person\/image\/\",\"url\":\"https:\/\/dedemesquita.com.br\/wp-content\/uploads\/2021\/02\/foto_perfil-150x150.jpg\",\"contentUrl\":\"https:\/\/dedemesquita.com.br\/wp-content\/uploads\/2021\/02\/foto_perfil-150x150.jpg\",\"caption\":\"Ded\u00e9 Mesquita\"},\"sameAs\":[\"https:\/\/dedemesquita.com.br\"]}]}<\/script>\n<!-- \/ Yoast SEO plugin. -->","yoast_head_json":{"title":"Sinjor-PA publica Nota de Rep\u00fadio sobre cobertura desastrosa de RexPa pelo perfil Futebol Zueiro e deputado Bob Fllay - Ded\u00e9 Mesquita","robots":{"index":"index","follow":"follow","max-snippet":"max-snippet:-1","max-image-preview":"max-image-preview:large","max-video-preview":"max-video-preview:-1"},"canonical":"https:\/\/dedemesquita.com.br\/?p=6316","og_locale":"pt_BR","og_type":"article","og_title":"Sinjor-PA publica Nota de Rep\u00fadio sobre cobertura desastrosa de RexPa pelo perfil Futebol Zueiro e deputado Bob Fllay - Ded\u00e9 Mesquita","og_description":"Este site j\u00e1 havia publicado na segunda-feira, 10, uma den\u00fancia-not\u00edcia sobre a desastrosa transmiss\u00e3o, pelo YouTube da TV Cultura do Par\u00e1, parte integrante da Funtelpa, do cl\u00e1ssico de esporte paraense Clube do Remo e Paysandu, no domingo, 9, por conta do perfil do Twitter Futebol Zueiro, com participa\u00e7\u00e3o do deputado estadual, o &#8220;emblem\u00e1tico&#8221;, Bob Fllay. [&hellip;]","og_url":"https:\/\/dedemesquita.com.br\/?p=6316","og_site_name":"Ded\u00e9 Mesquita","article_publisher":"https:\/\/www.facebook.com\/dede.mesquita","article_published_time":"2023-04-14T00:17:19+00:00","article_modified_time":"2023-04-14T02:20:27+00:00","og_image":[{"width":827,"height":496,"url":"https:\/\/dedemesquita.com.br\/wp-content\/uploads\/2023\/04\/a2.png","type":"image\/png"}],"author":"Ded\u00e9 Mesquita","twitter_card":"summary_large_image","twitter_creator":"@dedemesquita","twitter_site":"@dedemesquita","twitter_misc":{"Escrito por":"Ded\u00e9 Mesquita","Est. tempo de leitura":"4 minutos"},"schema":{"@context":"https:\/\/schema.org","@graph":[{"@type":"WebPage","@id":"https:\/\/dedemesquita.com.br\/?p=6316","url":"https:\/\/dedemesquita.com.br\/?p=6316","name":"Sinjor-PA publica Nota de Rep\u00fadio sobre cobertura desastrosa de RexPa pelo perfil Futebol Zueiro e deputado Bob Fllay - Ded\u00e9 Mesquita","isPartOf":{"@id":"https:\/\/dedemesquita.com.br\/#website"},"datePublished":"2023-04-14T00:17:19+00:00","dateModified":"2023-04-14T02:20:27+00:00","author":{"@id":"https:\/\/dedemesquita.com.br\/#\/schema\/person\/36571f81dd2d76dc3ab37231542c9e24"},"breadcrumb":{"@id":"https:\/\/dedemesquita.com.br\/?p=6316#breadcrumb"},"inLanguage":"pt-BR","potentialAction":[{"@type":"ReadAction","target":["https:\/\/dedemesquita.com.br\/?p=6316"]}]},{"@type":"BreadcrumbList","@id":"https:\/\/dedemesquita.com.br\/?p=6316#breadcrumb","itemListElement":[{"@type":"ListItem","position":1,"name":"In\u00edcio","item":"https:\/\/dedemesquita.com.br\/"},{"@type":"ListItem","position":2,"name":"Sinjor-PA publica Nota de Rep\u00fadio sobre cobertura desastrosa de RexPa pelo perfil Futebol Zueiro e deputado Bob Fllay"}]},{"@type":"WebSite","@id":"https:\/\/dedemesquita.com.br\/#website","url":"https:\/\/dedemesquita.com.br\/","name":"Ded\u00e9 Mesquita","description":"Um site que mostra os bastidores da imprensa no estado do Par\u00e1 e em Bel\u00e9m","potentialAction":[{"@type":"SearchAction","target":{"@type":"EntryPoint","urlTemplate":"https:\/\/dedemesquita.com.br\/?s={search_term_string}"},"query-input":"required name=search_term_string"}],"inLanguage":"pt-BR"},{"@type":"Person","@id":"https:\/\/dedemesquita.com.br\/#\/schema\/person\/36571f81dd2d76dc3ab37231542c9e24","name":"Ded\u00e9 Mesquita","image":{"@type":"ImageObject","inLanguage":"pt-BR","@id":"https:\/\/dedemesquita.com.br\/#\/schema\/person\/image\/","url":"https:\/\/dedemesquita.com.br\/wp-content\/uploads\/2021\/02\/foto_perfil-150x150.jpg","contentUrl":"https:\/\/dedemesquita.com.br\/wp-content\/uploads\/2021\/02\/foto_perfil-150x150.jpg","caption":"Ded\u00e9 Mesquita"},"sameAs":["https:\/\/dedemesquita.com.br"]}]}},"_links":{"self":[{"href":"https:\/\/dedemesquita.com.br\/index.php?rest_route=\/wp\/v2\/posts\/6316"}],"collection":[{"href":"https:\/\/dedemesquita.com.br\/index.php?rest_route=\/wp\/v2\/posts"}],"about":[{"href":"https:\/\/dedemesquita.com.br\/index.php?rest_route=\/wp\/v2\/types\/post"}],"author":[{"embeddable":true,"href":"https:\/\/dedemesquita.com.br\/index.php?rest_route=\/wp\/v2\/users\/2"}],"replies":[{"embeddable":true,"href":"https:\/\/dedemesquita.com.br\/index.php?rest_route=%2Fwp%2Fv2%2Fcomments&post=6316"}],"version-history":[{"count":3,"href":"https:\/\/dedemesquita.com.br\/index.php?rest_route=\/wp\/v2\/posts\/6316\/revisions"}],"predecessor-version":[{"id":6323,"href":"https:\/\/dedemesquita.com.br\/index.php?rest_route=\/wp\/v2\/posts\/6316\/revisions\/6323"}],"wp:featuredmedia":[{"embeddable":true,"href":"https:\/\/dedemesquita.com.br\/index.php?rest_route=\/wp\/v2\/media\/6320"}],"wp:attachment":[{"href":"https:\/\/dedemesquita.com.br\/index.php?rest_route=%2Fwp%2Fv2%2Fmedia&parent=6316"}],"wp:term":[{"taxonomy":"category","embeddable":true,"href":"https:\/\/dedemesquita.com.br\/index.php?rest_route=%2Fwp%2Fv2%2Fcategories&post=6316"},{"taxonomy":"post_tag","embeddable":true,"href":"https:\/\/dedemesquita.com.br\/index.php?rest_route=%2Fwp%2Fv2%2Ftags&post=6316"}],"curies":[{"name":"wp","href":"https:\/\/api.w.org\/{rel}","templated":true}]}}