{"id":6298,"date":"2023-04-11T19:17:12","date_gmt":"2023-04-11T22:17:12","guid":{"rendered":"https:\/\/dedemesquita.com.br\/?p=6298"},"modified":"2023-04-11T21:16:47","modified_gmt":"2023-04-12T00:16:47","slug":"nova-programacao-da-cbn-belem-mudancas-em-o-liberal-demissao-na-rba-tv-e-outras-noticias","status":"publish","type":"post","link":"https:\/\/dedemesquita.com.br\/?p=6298","title":{"rendered":"Nova programa\u00e7\u00e3o da CBN Bel\u00e9m, mudan\u00e7as em O Liberal, demiss\u00e3o na RBA TV e outras not\u00edcias"},"content":{"rendered":"\n<p>Uma ter\u00e7a-feira bem triste aqui no site. S\u00e3o not\u00edcias que, realmente, n\u00e3o gostaria de publicar, mas infelizmente s\u00e3o coisas inesperadas nessa vida. Vamos \u00e0s novidades porque tem not\u00edcias boas tamb\u00e9m. <\/p>\n\n\n\n<p><strong>Nova programa\u00e7\u00e3o na CBN Bel\u00e9m &#8211;<\/strong> A partir de 15 de abril, a r\u00e1dio <strong>CBN Amaz\u00f4nia Bel\u00e9m<\/strong> vai estrear uma nova programa\u00e7\u00e3o aos s\u00e1bados. O programa &#8220;Esta\u00e7\u00e3o CBN&#8221; ser\u00e1 das 9 \u00e0s 10 horas; em seguida, <strong>Douglas Dinelli<\/strong>, que volta \u00e0 essa r\u00e1dio, comanda o &#8220;CBN Agro&#8221;; <strong>Nathalia Kahwage<\/strong> estreia na r\u00e1dio em &#8220;Nossas Vozes&#8221;, voltado ao p\u00fablico e universo femininos; e <strong>Salom\u00e3o Mendes<\/strong>, ex-TV Liberal, comanda o &#8220;CBN Neg\u00f3cios&#8221;.<\/p>\n\n\n\n<p><strong>Mudan\u00e7as em O Liberal &#8211;<\/strong> <strong>Eduardo Laviano<\/strong> assumiu a vaga deixada pela jornalista <strong>Ana Danin<\/strong> no suplemento Liberal Amazon, da Reda\u00e7\u00e3o Integrada O Liberal. Danin deixou aquela reda\u00e7\u00e3o em fevereiro passado. Falando dessa reda\u00e7\u00e3o quem se desligou dela foi o fot\u00f3grafo <strong>Sidney Oliveira, o Amig\u00e3o<\/strong>.<\/p>\n\n\n<div class=\"wp-block-image\">\n<figure class=\"aligncenter size-full\"><img loading=\"lazy\" decoding=\"async\" width=\"682\" height=\"800\" src=\"https:\/\/dedemesquita.com.br\/wp-content\/uploads\/2023\/04\/Eduardo-Laviano.jpg\" alt=\"\" class=\"wp-image-6299\"\/><figcaption class=\"wp-element-caption\">Eduardo Laviano assumiu vaga de Ana Danin em Liberal Amazon <\/figcaption><\/figure><\/div>\n\n<div class=\"wp-block-image\">\n<figure class=\"aligncenter size-full\"><img loading=\"lazy\" decoding=\"async\" width=\"648\" height=\"489\" src=\"https:\/\/dedemesquita.com.br\/wp-content\/uploads\/2023\/04\/Sidney-Oliveira.jpg\" alt=\"\" class=\"wp-image-6300\"\/><figcaption class=\"wp-element-caption\">Sidney Oliveira deixou a reda\u00e7\u00e3o de O Liberal <\/figcaption><\/figure><\/div>\n\n\n<p><strong>Viggo &#8211;<\/strong> Quem tamb\u00e9m deixou uma reda\u00e7\u00e3o foi o <strong>Matheus Viggo<\/strong>, que n\u00e3o faz mais parte da equipe de produ\u00e7\u00e3o da RBA TV. J\u00e1 me chegou aos ouvidos que essa demiss\u00e3o tem dedo e digitais <em>\u201cvoc\u00eas-sabem-muito-bem-de-quem\u201d<\/em>. Viggo come\u00e7ou na emissora como estagi\u00e1rio, se formou, foi contratado e ficou quatro anos na empresa. <\/p>\n\n\n<div class=\"wp-block-image\">\n<figure class=\"aligncenter size-full\"><img loading=\"lazy\" decoding=\"async\" width=\"699\" height=\"496\" src=\"https:\/\/dedemesquita.com.br\/wp-content\/uploads\/2023\/04\/WhatsApp-Image-2023-04-11-at-17.56.39.jpeg\" alt=\"\" class=\"wp-image-6301\"\/><figcaption class=\"wp-element-caption\">Matheus Viggo n\u00e3o faz mais parte da RBA TV <\/figcaption><\/figure><\/div>\n\n\n<p><strong>Kassya &#8211; Kassya Fernandes<\/strong> assumiu um novo cargo de coordenadora local de projetos no Par\u00e1 no <strong>Programa das Na\u00e7\u00f5es Unidas para o Desenvolvimento &#8211; PNUD Brasil.<\/strong><\/p>\n\n\n<div class=\"wp-block-image\">\n<figure class=\"aligncenter size-full\"><img loading=\"lazy\" decoding=\"async\" width=\"800\" height=\"716\" src=\"https:\/\/dedemesquita.com.br\/wp-content\/uploads\/2023\/04\/Kassya-Fernandes.jpg\" alt=\"\" class=\"wp-image-6302\" srcset=\"https:\/\/dedemesquita.com.br\/wp-content\/uploads\/2023\/04\/Kassya-Fernandes.jpg 800w, https:\/\/dedemesquita.com.br\/wp-content\/uploads\/2023\/04\/Kassya-Fernandes-768x687.jpg 768w\" sizes=\"(max-width: 800px) 100vw, 800px\" \/><figcaption class=\"wp-element-caption\">Kassya Fernandes em novo cargo <\/figcaption><\/figure><\/div>\n\n\n<p><strong>Petta &#8211;<\/strong> <strong>Nathalia Petta<\/strong>, que trabalhou no Di\u00e1rio do Par\u00e1 e Secom-PA, se mudou para S\u00e3o Paulo h\u00e1 alguns anos e entrou para o time de Design Estrat\u00e9gico e Inova\u00e7\u00e3o da <strong>Rede Globo<\/strong>, h\u00e1 cerca de um m\u00eas.<\/p>\n\n\n<div class=\"wp-block-image\">\n<figure class=\"aligncenter size-full\"><img loading=\"lazy\" decoding=\"async\" width=\"654\" height=\"570\" src=\"https:\/\/dedemesquita.com.br\/wp-content\/uploads\/2023\/04\/NATHALIA_PETA.png\" alt=\"\" class=\"wp-image-6303\"\/><figcaption class=\"wp-element-caption\">Nathalia Petta est\u00e1 na Rede Globo <\/figcaption><\/figure><\/div>\n\n\n<p><strong>Semma &#8211;<\/strong> A jornalista <strong>Aycha Nunes<\/strong> trocou de assessoria de comunica\u00e7\u00e3o: deixou a Comiss\u00e3o Municipal de Defesa Civis de Bel\u00e9m &#8211; Comdec, e est\u00e1 na <strong>Secretaria Municipal de Meio Ambiente &#8211; Semma<\/strong>.<\/p>\n\n\n<div class=\"wp-block-image\">\n<figure class=\"aligncenter size-full\"><img loading=\"lazy\" decoding=\"async\" width=\"700\" height=\"618\" src=\"https:\/\/dedemesquita.com.br\/wp-content\/uploads\/2023\/04\/Aycha-Nunes-1.jpg\" alt=\"\" class=\"wp-image-6312\"\/><figcaption class=\"wp-element-caption\">Aycha Nunes passou para Semma <\/figcaption><\/figure><\/div>\n\n\n<p><strong>Novo livro &#8211;<\/strong> <strong>Anderson Ara\u00fajo<\/strong>, do portal DOL, vai lan\u00e7ar o segundo livro, que se chama <strong>\u201cManual Pr\u00e1tico de Como Vestir um Pai Morto\u201d.<\/strong><\/p>\n\n\n<div class=\"wp-block-image\">\n<figure class=\"aligncenter size-full\"><img loading=\"lazy\" decoding=\"async\" width=\"601\" height=\"445\" src=\"https:\/\/dedemesquita.com.br\/wp-content\/uploads\/2023\/04\/ANDERSON_ARAUJO.png\" alt=\"\" class=\"wp-image-6305\"\/><figcaption class=\"wp-element-caption\">Novo livro de Anderson Ara\u00fajo <\/figcaption><\/figure><\/div>\n\n\n<p><strong>Ellen Silva &#8211;<\/strong> Com muito pesar, informo que a jornalista <strong>Ellen Silva<\/strong>, que trabalhou na comunica\u00e7\u00e3o da Funda\u00e7\u00e3o Santa Casa, faleceu na segunda-feira, 10. Ellen era uma pessoa muito ligada \u00e0 cultura, em especial ao samba, e ao movimento negro em Bel\u00e9m. Meus sentimentos \u00e0 fam\u00edlia dela e muita luz \u00e0 pequena Helena. &nbsp;<\/p>\n\n\n<div class=\"wp-block-image\">\n<figure class=\"aligncenter size-full\"><img loading=\"lazy\" decoding=\"async\" width=\"800\" height=\"651\" src=\"https:\/\/dedemesquita.com.br\/wp-content\/uploads\/2023\/04\/Ellen_Silva.jpg\" alt=\"\" class=\"wp-image-6306\" srcset=\"https:\/\/dedemesquita.com.br\/wp-content\/uploads\/2023\/04\/Ellen_Silva.jpg 800w, https:\/\/dedemesquita.com.br\/wp-content\/uploads\/2023\/04\/Ellen_Silva-768x625.jpg 768w\" sizes=\"(max-width: 800px) 100vw, 800px\" \/><figcaption class=\"wp-element-caption\">Muita tristeza com a partida precoce de Ellen Silva <\/figcaption><\/figure><\/div>\n\n\n<p><br><br><\/p>\n","protected":false},"excerpt":{"rendered":"<p>Uma ter\u00e7a-feira bem triste aqui no site. S\u00e3o not\u00edcias que, realmente, n\u00e3o gostaria de publicar, mas infelizmente s\u00e3o coisas inesperadas nessa vida. Vamos \u00e0s novidades porque tem not\u00edcias boas tamb\u00e9m. Nova programa\u00e7\u00e3o na CBN Bel\u00e9m &#8211; A partir de 15 de abril, a r\u00e1dio CBN Amaz\u00f4nia Bel\u00e9m vai estrear uma nova programa\u00e7\u00e3o aos s\u00e1bados. O [&hellip;]<\/p>\n","protected":false},"author":2,"featured_media":6308,"comment_status":"open","ping_status":"open","sticky":false,"template":"","format":"standard","meta":{"footnotes":""},"categories":[51,14,29],"tags":[181,184,119,120,144,204],"class_list":["post-6298","post","type-post","status-publish","format-standard","has-post-thumbnail","hentry","category-destaque","category-imprensa","category-jornalismo","tag-diario-do-para","tag-dol","tag-jornalismo","tag-jornalistas-paraenses-em-acao","tag-o-liberal","tag-radio-cbn-belem"],"yoast_head":"<!-- This site is optimized with the Yoast SEO plugin v19.10 - https:\/\/yoast.com\/wordpress\/plugins\/seo\/ -->\n<title>Nova programa\u00e7\u00e3o da CBN Bel\u00e9m, mudan\u00e7as em O Liberal, demiss\u00e3o na RBA TV e outras not\u00edcias - Ded\u00e9 Mesquita<\/title>\n<meta name=\"robots\" content=\"index, follow, max-snippet:-1, max-image-preview:large, max-video-preview:-1\" \/>\n<link rel=\"canonical\" href=\"https:\/\/dedemesquita.com.br\/?p=6298\" \/>\n<meta property=\"og:locale\" content=\"pt_BR\" \/>\n<meta property=\"og:type\" content=\"article\" \/>\n<meta property=\"og:title\" content=\"Nova programa\u00e7\u00e3o da CBN Bel\u00e9m, mudan\u00e7as em O Liberal, demiss\u00e3o na RBA TV e outras not\u00edcias - Ded\u00e9 Mesquita\" \/>\n<meta property=\"og:description\" content=\"Uma ter\u00e7a-feira bem triste aqui no site. S\u00e3o not\u00edcias que, realmente, n\u00e3o gostaria de publicar, mas infelizmente s\u00e3o coisas inesperadas nessa vida. Vamos \u00e0s novidades porque tem not\u00edcias boas tamb\u00e9m. Nova programa\u00e7\u00e3o na CBN Bel\u00e9m &#8211; A partir de 15 de abril, a r\u00e1dio CBN Amaz\u00f4nia Bel\u00e9m vai estrear uma nova programa\u00e7\u00e3o aos s\u00e1bados. O [&hellip;]\" \/>\n<meta property=\"og:url\" content=\"https:\/\/dedemesquita.com.br\/?p=6298\" \/>\n<meta property=\"og:site_name\" content=\"Ded\u00e9 Mesquita\" \/>\n<meta property=\"article:publisher\" content=\"https:\/\/www.facebook.com\/dede.mesquita\" \/>\n<meta property=\"article:published_time\" content=\"2023-04-11T22:17:12+00:00\" \/>\n<meta property=\"article:modified_time\" content=\"2023-04-12T00:16:47+00:00\" \/>\n<meta property=\"og:image\" content=\"https:\/\/dedemesquita.com.br\/wp-content\/uploads\/2023\/04\/cbn.jpg\" \/>\n\t<meta property=\"og:image:width\" content=\"1000\" \/>\n\t<meta property=\"og:image:height\" content=\"562\" \/>\n\t<meta property=\"og:image:type\" content=\"image\/jpeg\" \/>\n<meta name=\"author\" content=\"Ded\u00e9 Mesquita\" \/>\n<meta name=\"twitter:card\" content=\"summary_large_image\" \/>\n<meta name=\"twitter:creator\" content=\"@dedemesquita\" \/>\n<meta name=\"twitter:site\" content=\"@dedemesquita\" \/>\n<meta name=\"twitter:label1\" content=\"Escrito por\" \/>\n\t<meta name=\"twitter:data1\" content=\"Ded\u00e9 Mesquita\" \/>\n\t<meta name=\"twitter:label2\" content=\"Est. tempo de leitura\" \/>\n\t<meta name=\"twitter:data2\" content=\"4 minutos\" \/>\n<script type=\"application\/ld+json\" class=\"yoast-schema-graph\">{\"@context\":\"https:\/\/schema.org\",\"@graph\":[{\"@type\":\"WebPage\",\"@id\":\"https:\/\/dedemesquita.com.br\/?p=6298\",\"url\":\"https:\/\/dedemesquita.com.br\/?p=6298\",\"name\":\"Nova programa\u00e7\u00e3o da CBN Bel\u00e9m, mudan\u00e7as em O Liberal, demiss\u00e3o na RBA TV e outras not\u00edcias - Ded\u00e9 Mesquita\",\"isPartOf\":{\"@id\":\"https:\/\/dedemesquita.com.br\/#website\"},\"datePublished\":\"2023-04-11T22:17:12+00:00\",\"dateModified\":\"2023-04-12T00:16:47+00:00\",\"author\":{\"@id\":\"https:\/\/dedemesquita.com.br\/#\/schema\/person\/36571f81dd2d76dc3ab37231542c9e24\"},\"breadcrumb\":{\"@id\":\"https:\/\/dedemesquita.com.br\/?p=6298#breadcrumb\"},\"inLanguage\":\"pt-BR\",\"potentialAction\":[{\"@type\":\"ReadAction\",\"target\":[\"https:\/\/dedemesquita.com.br\/?p=6298\"]}]},{\"@type\":\"BreadcrumbList\",\"@id\":\"https:\/\/dedemesquita.com.br\/?p=6298#breadcrumb\",\"itemListElement\":[{\"@type\":\"ListItem\",\"position\":1,\"name\":\"In\u00edcio\",\"item\":\"https:\/\/dedemesquita.com.br\/\"},{\"@type\":\"ListItem\",\"position\":2,\"name\":\"Nova programa\u00e7\u00e3o da CBN Bel\u00e9m, mudan\u00e7as em O Liberal, demiss\u00e3o na RBA TV e outras not\u00edcias\"}]},{\"@type\":\"WebSite\",\"@id\":\"https:\/\/dedemesquita.com.br\/#website\",\"url\":\"https:\/\/dedemesquita.com.br\/\",\"name\":\"Ded\u00e9 Mesquita\",\"description\":\"Um site que mostra os bastidores da imprensa no estado do Par\u00e1 e em Bel\u00e9m\",\"potentialAction\":[{\"@type\":\"SearchAction\",\"target\":{\"@type\":\"EntryPoint\",\"urlTemplate\":\"https:\/\/dedemesquita.com.br\/?s={search_term_string}\"},\"query-input\":\"required name=search_term_string\"}],\"inLanguage\":\"pt-BR\"},{\"@type\":\"Person\",\"@id\":\"https:\/\/dedemesquita.com.br\/#\/schema\/person\/36571f81dd2d76dc3ab37231542c9e24\",\"name\":\"Ded\u00e9 Mesquita\",\"image\":{\"@type\":\"ImageObject\",\"inLanguage\":\"pt-BR\",\"@id\":\"https:\/\/dedemesquita.com.br\/#\/schema\/person\/image\/\",\"url\":\"https:\/\/dedemesquita.com.br\/wp-content\/uploads\/2021\/02\/foto_perfil-150x150.jpg\",\"contentUrl\":\"https:\/\/dedemesquita.com.br\/wp-content\/uploads\/2021\/02\/foto_perfil-150x150.jpg\",\"caption\":\"Ded\u00e9 Mesquita\"},\"sameAs\":[\"https:\/\/dedemesquita.com.br\"]}]}<\/script>\n<!-- \/ Yoast SEO plugin. -->","yoast_head_json":{"title":"Nova programa\u00e7\u00e3o da CBN Bel\u00e9m, mudan\u00e7as em O Liberal, demiss\u00e3o na RBA TV e outras not\u00edcias - Ded\u00e9 Mesquita","robots":{"index":"index","follow":"follow","max-snippet":"max-snippet:-1","max-image-preview":"max-image-preview:large","max-video-preview":"max-video-preview:-1"},"canonical":"https:\/\/dedemesquita.com.br\/?p=6298","og_locale":"pt_BR","og_type":"article","og_title":"Nova programa\u00e7\u00e3o da CBN Bel\u00e9m, mudan\u00e7as em O Liberal, demiss\u00e3o na RBA TV e outras not\u00edcias - Ded\u00e9 Mesquita","og_description":"Uma ter\u00e7a-feira bem triste aqui no site. S\u00e3o not\u00edcias que, realmente, n\u00e3o gostaria de publicar, mas infelizmente s\u00e3o coisas inesperadas nessa vida. Vamos \u00e0s novidades porque tem not\u00edcias boas tamb\u00e9m. Nova programa\u00e7\u00e3o na CBN Bel\u00e9m &#8211; A partir de 15 de abril, a r\u00e1dio CBN Amaz\u00f4nia Bel\u00e9m vai estrear uma nova programa\u00e7\u00e3o aos s\u00e1bados. O [&hellip;]","og_url":"https:\/\/dedemesquita.com.br\/?p=6298","og_site_name":"Ded\u00e9 Mesquita","article_publisher":"https:\/\/www.facebook.com\/dede.mesquita","article_published_time":"2023-04-11T22:17:12+00:00","article_modified_time":"2023-04-12T00:16:47+00:00","og_image":[{"width":1000,"height":562,"url":"https:\/\/dedemesquita.com.br\/wp-content\/uploads\/2023\/04\/cbn.jpg","type":"image\/jpeg"}],"author":"Ded\u00e9 Mesquita","twitter_card":"summary_large_image","twitter_creator":"@dedemesquita","twitter_site":"@dedemesquita","twitter_misc":{"Escrito por":"Ded\u00e9 Mesquita","Est. tempo de leitura":"4 minutos"},"schema":{"@context":"https:\/\/schema.org","@graph":[{"@type":"WebPage","@id":"https:\/\/dedemesquita.com.br\/?p=6298","url":"https:\/\/dedemesquita.com.br\/?p=6298","name":"Nova programa\u00e7\u00e3o da CBN Bel\u00e9m, mudan\u00e7as em O Liberal, demiss\u00e3o na RBA TV e outras not\u00edcias - Ded\u00e9 Mesquita","isPartOf":{"@id":"https:\/\/dedemesquita.com.br\/#website"},"datePublished":"2023-04-11T22:17:12+00:00","dateModified":"2023-04-12T00:16:47+00:00","author":{"@id":"https:\/\/dedemesquita.com.br\/#\/schema\/person\/36571f81dd2d76dc3ab37231542c9e24"},"breadcrumb":{"@id":"https:\/\/dedemesquita.com.br\/?p=6298#breadcrumb"},"inLanguage":"pt-BR","potentialAction":[{"@type":"ReadAction","target":["https:\/\/dedemesquita.com.br\/?p=6298"]}]},{"@type":"BreadcrumbList","@id":"https:\/\/dedemesquita.com.br\/?p=6298#breadcrumb","itemListElement":[{"@type":"ListItem","position":1,"name":"In\u00edcio","item":"https:\/\/dedemesquita.com.br\/"},{"@type":"ListItem","position":2,"name":"Nova programa\u00e7\u00e3o da CBN Bel\u00e9m, mudan\u00e7as em O Liberal, demiss\u00e3o na RBA TV e outras not\u00edcias"}]},{"@type":"WebSite","@id":"https:\/\/dedemesquita.com.br\/#website","url":"https:\/\/dedemesquita.com.br\/","name":"Ded\u00e9 Mesquita","description":"Um site que mostra os bastidores da imprensa no estado do Par\u00e1 e em Bel\u00e9m","potentialAction":[{"@type":"SearchAction","target":{"@type":"EntryPoint","urlTemplate":"https:\/\/dedemesquita.com.br\/?s={search_term_string}"},"query-input":"required name=search_term_string"}],"inLanguage":"pt-BR"},{"@type":"Person","@id":"https:\/\/dedemesquita.com.br\/#\/schema\/person\/36571f81dd2d76dc3ab37231542c9e24","name":"Ded\u00e9 Mesquita","image":{"@type":"ImageObject","inLanguage":"pt-BR","@id":"https:\/\/dedemesquita.com.br\/#\/schema\/person\/image\/","url":"https:\/\/dedemesquita.com.br\/wp-content\/uploads\/2021\/02\/foto_perfil-150x150.jpg","contentUrl":"https:\/\/dedemesquita.com.br\/wp-content\/uploads\/2021\/02\/foto_perfil-150x150.jpg","caption":"Ded\u00e9 Mesquita"},"sameAs":["https:\/\/dedemesquita.com.br"]}]}},"_links":{"self":[{"href":"https:\/\/dedemesquita.com.br\/index.php?rest_route=\/wp\/v2\/posts\/6298"}],"collection":[{"href":"https:\/\/dedemesquita.com.br\/index.php?rest_route=\/wp\/v2\/posts"}],"about":[{"href":"https:\/\/dedemesquita.com.br\/index.php?rest_route=\/wp\/v2\/types\/post"}],"author":[{"embeddable":true,"href":"https:\/\/dedemesquita.com.br\/index.php?rest_route=\/wp\/v2\/users\/2"}],"replies":[{"embeddable":true,"href":"https:\/\/dedemesquita.com.br\/index.php?rest_route=%2Fwp%2Fv2%2Fcomments&post=6298"}],"version-history":[{"count":5,"href":"https:\/\/dedemesquita.com.br\/index.php?rest_route=\/wp\/v2\/posts\/6298\/revisions"}],"predecessor-version":[{"id":6314,"href":"https:\/\/dedemesquita.com.br\/index.php?rest_route=\/wp\/v2\/posts\/6298\/revisions\/6314"}],"wp:featuredmedia":[{"embeddable":true,"href":"https:\/\/dedemesquita.com.br\/index.php?rest_route=\/wp\/v2\/media\/6308"}],"wp:attachment":[{"href":"https:\/\/dedemesquita.com.br\/index.php?rest_route=%2Fwp%2Fv2%2Fmedia&parent=6298"}],"wp:term":[{"taxonomy":"category","embeddable":true,"href":"https:\/\/dedemesquita.com.br\/index.php?rest_route=%2Fwp%2Fv2%2Fcategories&post=6298"},{"taxonomy":"post_tag","embeddable":true,"href":"https:\/\/dedemesquita.com.br\/index.php?rest_route=%2Fwp%2Fv2%2Ftags&post=6298"}],"curies":[{"name":"wp","href":"https:\/\/api.w.org\/{rel}","templated":true}]}}