{"id":6259,"date":"2023-04-07T17:01:38","date_gmt":"2023-04-07T20:01:38","guid":{"rendered":"https:\/\/dedemesquita.com.br\/?p=6259"},"modified":"2023-04-07T18:05:05","modified_gmt":"2023-04-07T21:05:05","slug":"cobertura-da-tradicional-procissao-do-encontro-leva-imprensa-as-ruas-na-sexta-feira-santa","status":"publish","type":"post","link":"https:\/\/dedemesquita.com.br\/?p=6259","title":{"rendered":"Cobertura da tradicional Prociss\u00e3o do Encontro leva imprensa \u00e0s ruas na sexta-feira Santa"},"content":{"rendered":"\n<p>Nesta sexta-feira, 7, \u00e9  o Dia da Paix\u00e3o do Senhor, a famosa sexta-feira Santa, a qual, quem \u00e9 jornalista de reda\u00e7\u00e3o sabe muito o significa: nada de feriado, nem descanso. Hoje \u00e9 dia de muito trabalho nas reda\u00e7\u00f5es. <\/p>\n\n\n\n<p><strong>Ali\u00e1s, em tempo, hoje, 7 de abril, \u00e9 o <em>Dia do Jornalista<\/em>, e j\u00e1 aproveito para mandar um abra\u00e7\u00e3o a todos os coleguinhas que est\u00e3o nessa \u00e1rdua profiss\u00e3o, que nos traz, como canta Caetano Veloso &#8220;a dor e a del\u00edcia de ser o que \u00e9&#8221;. Parab\u00e9ns, mesmo, de cora\u00e7\u00e3o! <\/strong><\/p>\n\n\n\n<p>Voltando \u00e0 prociss\u00e3o, essa manifesta\u00e7\u00e3o de f\u00e9 cat\u00f3lica \u00e9 bem t\u00edpica de Bel\u00e9m. S\u00e3o duas prociss\u00f5es. A primeira, com a imagem do Senhor dos Passos, sai da Bas\u00edlica de Nossa Senhora de Nazar\u00e9 e segue pelas ruas mais do Centro da capital paraense. A segunda \u00e9 a de Nossa Senhora das Dores, que sai da igreja de S\u00e3o Jo\u00e3o e percorre as ruas da Cidade Velha e do velho Com\u00e9rcio. As duas se encontram em frente \u00e0 igreja de Nossa Senhora das Merc\u00eas, no Com\u00e9rcio. <\/p>\n\n\n\n<p>Depois do encontro, as duas imagens seguem para a Catedral de Bel\u00e9m, a igreja da S\u00e9. <\/p>\n\n\n\n<p>Todos os anos, \u00e9 sempre muito emocionante e cobrir a Prociss\u00e3o do Encontro. Veja quem estava por l\u00e1 na cobertura: <\/p>\n\n\n<div class=\"wp-block-image\">\n<figure class=\"aligncenter size-full\"><img loading=\"lazy\" decoding=\"async\" width=\"539\" height=\"800\" src=\"https:\/\/dedemesquita.com.br\/wp-content\/uploads\/2023\/04\/WhatsApp-Image-2023-04-07-at-16.29.58.jpeg\" alt=\"\" class=\"wp-image-6262\"\/><figcaption class=\"wp-element-caption\">Diego Monteiro e Mauro \u00c2ngelo do jornal Di\u00e1rio do Par\u00e1<\/figcaption><\/figure><\/div>\n\n<div class=\"wp-block-image\">\n<figure class=\"aligncenter size-full\"><img loading=\"lazy\" decoding=\"async\" width=\"800\" height=\"533\" src=\"https:\/\/dedemesquita.com.br\/wp-content\/uploads\/2023\/04\/WhatsApp-Image-2023-04-07-at-12.40.36.jpeg\" alt=\"\" class=\"wp-image-6263\" srcset=\"https:\/\/dedemesquita.com.br\/wp-content\/uploads\/2023\/04\/WhatsApp-Image-2023-04-07-at-12.40.36.jpeg 800w, https:\/\/dedemesquita.com.br\/wp-content\/uploads\/2023\/04\/WhatsApp-Image-2023-04-07-at-12.40.36-768x512.jpeg 768w\" sizes=\"(max-width: 800px) 100vw, 800px\" \/><figcaption class=\"wp-element-caption\">Coleguinhas da Funda\u00e7\u00e3o Nazar\u00e9 de Comunica\u00e7\u00e3o &#8211; foto de Thiago Gomes<\/figcaption><\/figure><\/div>\n\n<div class=\"wp-block-image\">\n<figure class=\"aligncenter size-full\"><img loading=\"lazy\" decoding=\"async\" width=\"800\" height=\"492\" src=\"https:\/\/dedemesquita.com.br\/wp-content\/uploads\/2023\/04\/WhatsApp-Image-2023-04-07-at-12.40.36-1.jpeg\" alt=\"\" class=\"wp-image-6264\" srcset=\"https:\/\/dedemesquita.com.br\/wp-content\/uploads\/2023\/04\/WhatsApp-Image-2023-04-07-at-12.40.36-1.jpeg 800w, https:\/\/dedemesquita.com.br\/wp-content\/uploads\/2023\/04\/WhatsApp-Image-2023-04-07-at-12.40.36-1-768x472.jpeg 768w\" sizes=\"(max-width: 800px) 100vw, 800px\" \/><figcaption class=\"wp-element-caption\">Fabyo Cruz, parceiro do Thiago Gomes, na cobertura da prociss\u00e3o de Nosso Senhor do Passos &#8211; foto de Thiago Gomes<\/figcaption><\/figure><\/div>\n\n<div class=\"wp-block-image\">\n<figure class=\"aligncenter size-full\"><img loading=\"lazy\" decoding=\"async\" width=\"800\" height=\"533\" src=\"https:\/\/dedemesquita.com.br\/wp-content\/uploads\/2023\/04\/WhatsApp-Image-2023-04-07-at-12.40.37.jpeg\" alt=\"\" class=\"wp-image-6265\" srcset=\"https:\/\/dedemesquita.com.br\/wp-content\/uploads\/2023\/04\/WhatsApp-Image-2023-04-07-at-12.40.37.jpeg 800w, https:\/\/dedemesquita.com.br\/wp-content\/uploads\/2023\/04\/WhatsApp-Image-2023-04-07-at-12.40.37-768x512.jpeg 768w\" sizes=\"(max-width: 800px) 100vw, 800px\" \/><figcaption class=\"wp-element-caption\">Coleguinha da Funda\u00e7\u00e3o Nazar\u00e9, muito concentrado &#8211; foto de Thiago Gomes<\/figcaption><\/figure><\/div>\n\n<div class=\"wp-block-image\">\n<figure class=\"aligncenter size-full\"><img loading=\"lazy\" decoding=\"async\" width=\"800\" height=\"547\" src=\"https:\/\/dedemesquita.com.br\/wp-content\/uploads\/2023\/04\/WhatsApp-Image-2023-04-07-at-12.40.37-1.jpeg\" alt=\"\" class=\"wp-image-6266\" srcset=\"https:\/\/dedemesquita.com.br\/wp-content\/uploads\/2023\/04\/WhatsApp-Image-2023-04-07-at-12.40.37-1.jpeg 800w, https:\/\/dedemesquita.com.br\/wp-content\/uploads\/2023\/04\/WhatsApp-Image-2023-04-07-at-12.40.37-1-768x525.jpeg 768w\" sizes=\"(max-width: 800px) 100vw, 800px\" \/><figcaption class=\"wp-element-caption\">C\u00e9lia Pinho, muito devota, ELA &#8211; foto de Thiago Gomes<\/figcaption><\/figure><\/div>\n\n<div class=\"wp-block-image\">\n<figure class=\"aligncenter size-full\"><img loading=\"lazy\" decoding=\"async\" width=\"800\" height=\"533\" src=\"https:\/\/dedemesquita.com.br\/wp-content\/uploads\/2023\/04\/WhatsApp-Image-2023-04-07-at-12.40.37-2.jpeg\" alt=\"\" class=\"wp-image-6267\" srcset=\"https:\/\/dedemesquita.com.br\/wp-content\/uploads\/2023\/04\/WhatsApp-Image-2023-04-07-at-12.40.37-2.jpeg 800w, https:\/\/dedemesquita.com.br\/wp-content\/uploads\/2023\/04\/WhatsApp-Image-2023-04-07-at-12.40.37-2-768x512.jpeg 768w\" sizes=\"(max-width: 800px) 100vw, 800px\" \/><figcaption class=\"wp-element-caption\">foto de Thiago Gomes<\/figcaption><\/figure><\/div>\n\n<div class=\"wp-block-image\">\n<figure class=\"aligncenter size-full\"><img loading=\"lazy\" decoding=\"async\" width=\"680\" height=\"800\" src=\"https:\/\/dedemesquita.com.br\/wp-content\/uploads\/2023\/04\/WhatsApp-Image-2023-04-07-at-12.40.57.jpeg\" alt=\"\" class=\"wp-image-6268\"\/><figcaption class=\"wp-element-caption\">Thiago Gomes flagrado pelo Lage Foto<\/figcaption><\/figure><\/div>\n\n<div class=\"wp-block-image\">\n<figure class=\"aligncenter size-full\"><img loading=\"lazy\" decoding=\"async\" width=\"717\" height=\"800\" src=\"https:\/\/dedemesquita.com.br\/wp-content\/uploads\/2023\/04\/WhatsApp-Image-2023-04-07-at-15.28.48.jpeg\" alt=\"\" class=\"wp-image-6269\"\/><figcaption class=\"wp-element-caption\">Encontros no Veropa. com Tarso Sarraf, Mauro \u00c2ngelo, Dilson Pimentel e Diego Monteiro &#8211; foto de Tarso Sarraf<\/figcaption><\/figure><\/div>\n\n<div class=\"wp-block-image\">\n<figure class=\"aligncenter size-full\"><img loading=\"lazy\" decoding=\"async\" width=\"720\" height=\"800\" src=\"https:\/\/dedemesquita.com.br\/wp-content\/uploads\/2023\/04\/WhatsApp-Image-2023-04-07-at-15.28.48-1.jpeg\" alt=\"\" class=\"wp-image-6270\"\/><figcaption class=\"wp-element-caption\">Tio Tarso na cobertura da prociss\u00e3o que chega \u00e0 igreja da S\u00e9 &#8211; foto de Tarso Sarraf<\/figcaption><\/figure><\/div>\n\n<div class=\"wp-block-image\">\n<figure class=\"aligncenter size-full\"><img loading=\"lazy\" decoding=\"async\" width=\"623\" height=\"900\" src=\"https:\/\/dedemesquita.com.br\/wp-content\/uploads\/2023\/04\/WhatsApp-Image-2023-04-07-at-15.28.51.jpeg\" alt=\"\" class=\"wp-image-6271\"\/><figcaption class=\"wp-element-caption\">Dilson Pimentel e Tarso Sarraf, em frente \u00e0 igreja de S\u00e3o Jo\u00e3o, de onde sai a prociss\u00e3o de Nossa Senhora das Dores &#8211; foto de Tarso Sarraf<\/figcaption><\/figure><\/div>\n\n<div class=\"wp-block-image\">\n<figure class=\"aligncenter size-full\"><img loading=\"lazy\" decoding=\"async\" width=\"800\" height=\"726\" src=\"https:\/\/dedemesquita.com.br\/wp-content\/uploads\/2023\/04\/WhatsApp-Image-2023-04-07-at-15.29.06.jpeg\" alt=\"\" class=\"wp-image-6272\" srcset=\"https:\/\/dedemesquita.com.br\/wp-content\/uploads\/2023\/04\/WhatsApp-Image-2023-04-07-at-15.29.06.jpeg 800w, https:\/\/dedemesquita.com.br\/wp-content\/uploads\/2023\/04\/WhatsApp-Image-2023-04-07-at-15.29.06-768x697.jpeg 768w\" sizes=\"(max-width: 800px) 100vw, 800px\" \/><figcaption class=\"wp-element-caption\">Tarso esperando a prociss\u00e3o pelas ruas do Com\u00e9rcio &#8211; foto de Dilson Pimentel<\/figcaption><\/figure><\/div>\n\n<div class=\"wp-block-image\">\n<figure class=\"aligncenter size-full\"><img loading=\"lazy\" decoding=\"async\" width=\"800\" height=\"600\" src=\"https:\/\/dedemesquita.com.br\/wp-content\/uploads\/2023\/04\/WhatsApp-Image-2023-04-07-at-15.29.42.jpeg\" alt=\"\" class=\"wp-image-6273\" srcset=\"https:\/\/dedemesquita.com.br\/wp-content\/uploads\/2023\/04\/WhatsApp-Image-2023-04-07-at-15.29.42.jpeg 800w, https:\/\/dedemesquita.com.br\/wp-content\/uploads\/2023\/04\/WhatsApp-Image-2023-04-07-at-15.29.42-768x576.jpeg 768w\" sizes=\"(max-width: 800px) 100vw, 800px\" \/><figcaption class=\"wp-element-caption\">Tarso j\u00e1 pensando em uma foto mais &#8220;conceitual&#8221; &#8211; foto de Dilson Pimentel<\/figcaption><\/figure><\/div>\n\n<div class=\"wp-block-image\">\n<figure class=\"aligncenter size-full\"><img loading=\"lazy\" decoding=\"async\" width=\"556\" height=\"800\" src=\"https:\/\/dedemesquita.com.br\/wp-content\/uploads\/2023\/04\/WhatsApp-Image-2023-04-07-at-15.29.17.jpeg\" alt=\"\" class=\"wp-image-6274\"\/><figcaption class=\"wp-element-caption\">Mauro \u00c2ngelo, do Di\u00e1rio do Par\u00e1, e Tarso Sarraf, de O Liberal, s\u00f3 esperando o momento de &#8216;apertar os bot\u00f5es&#8221; &#8211; foto de Dilson Pimentel<\/figcaption><\/figure><\/div>\n\n<div class=\"wp-block-image\">\n<figure class=\"aligncenter size-full\"><img loading=\"lazy\" decoding=\"async\" width=\"607\" height=\"800\" src=\"https:\/\/dedemesquita.com.br\/wp-content\/uploads\/2023\/04\/WhatsApp-Image-2023-04-07-at-17.38.12.jpeg\" alt=\"\" class=\"wp-image-6278\"\/><figcaption class=\"wp-element-caption\">Andrey Ara\u00fajo, do SBT Par\u00e1<\/figcaption><\/figure><\/div>\n\n<div class=\"wp-block-image\">\n<figure class=\"aligncenter size-full\"><img loading=\"lazy\" decoding=\"async\" width=\"800\" height=\"663\" src=\"https:\/\/dedemesquita.com.br\/wp-content\/uploads\/2023\/04\/a1.jpg\" alt=\"\" class=\"wp-image-6275\" srcset=\"https:\/\/dedemesquita.com.br\/wp-content\/uploads\/2023\/04\/a1.jpg 800w, https:\/\/dedemesquita.com.br\/wp-content\/uploads\/2023\/04\/a1-768x636.jpg 768w\" sizes=\"(max-width: 800px) 100vw, 800px\" \/><figcaption class=\"wp-element-caption\">Os peregrinos da prociss\u00e3o Den\u00edlson d\u00b4Almeida, C\u00e9lia Pinho, Rose Aranha e Z\u00e9 Carlos &#8211; foto de Z\u00e9 Carlos do PV<\/figcaption><\/figure><\/div>","protected":false},"excerpt":{"rendered":"<p>Nesta sexta-feira, 7, \u00e9 o Dia da Paix\u00e3o do Senhor, a famosa sexta-feira Santa, a qual, quem \u00e9 jornalista de reda\u00e7\u00e3o sabe muito o significa: nada de feriado, nem descanso. Hoje \u00e9 dia de muito trabalho nas reda\u00e7\u00f5es. Ali\u00e1s, em tempo, hoje, 7 de abril, \u00e9 o Dia do Jornalista, e j\u00e1 aproveito para mandar [&hellip;]<\/p>\n","protected":false},"author":2,"featured_media":6260,"comment_status":"open","ping_status":"open","sticky":false,"template":"","format":"standard","meta":{"footnotes":""},"categories":[51,14,29],"tags":[181,119,120,144],"class_list":["post-6259","post","type-post","status-publish","format-standard","has-post-thumbnail","hentry","category-destaque","category-imprensa","category-jornalismo","tag-diario-do-para","tag-jornalismo","tag-jornalistas-paraenses-em-acao","tag-o-liberal"],"yoast_head":"<!-- This site is optimized with the Yoast SEO plugin v19.10 - https:\/\/yoast.com\/wordpress\/plugins\/seo\/ -->\n<title>Cobertura da tradicional Prociss\u00e3o do Encontro leva imprensa \u00e0s ruas na sexta-feira Santa - Ded\u00e9 Mesquita<\/title>\n<meta name=\"robots\" content=\"index, follow, max-snippet:-1, max-image-preview:large, max-video-preview:-1\" \/>\n<link rel=\"canonical\" href=\"https:\/\/dedemesquita.com.br\/?p=6259\" \/>\n<meta property=\"og:locale\" content=\"pt_BR\" \/>\n<meta property=\"og:type\" content=\"article\" \/>\n<meta property=\"og:title\" content=\"Cobertura da tradicional Prociss\u00e3o do Encontro leva imprensa \u00e0s ruas na sexta-feira Santa - Ded\u00e9 Mesquita\" \/>\n<meta property=\"og:description\" content=\"Nesta sexta-feira, 7, \u00e9 o Dia da Paix\u00e3o do Senhor, a famosa sexta-feira Santa, a qual, quem \u00e9 jornalista de reda\u00e7\u00e3o sabe muito o significa: nada de feriado, nem descanso. Hoje \u00e9 dia de muito trabalho nas reda\u00e7\u00f5es. Ali\u00e1s, em tempo, hoje, 7 de abril, \u00e9 o Dia do Jornalista, e j\u00e1 aproveito para mandar [&hellip;]\" \/>\n<meta property=\"og:url\" content=\"https:\/\/dedemesquita.com.br\/?p=6259\" \/>\n<meta property=\"og:site_name\" content=\"Ded\u00e9 Mesquita\" \/>\n<meta property=\"article:publisher\" content=\"https:\/\/www.facebook.com\/dede.mesquita\" \/>\n<meta property=\"article:published_time\" content=\"2023-04-07T20:01:38+00:00\" \/>\n<meta property=\"article:modified_time\" content=\"2023-04-07T21:05:05+00:00\" \/>\n<meta property=\"og:image\" content=\"https:\/\/dedemesquita.com.br\/wp-content\/uploads\/2023\/04\/WhatsApp-Image-2023-04-07-at-15.29.55.jpeg\" \/>\n\t<meta property=\"og:image:width\" content=\"1000\" \/>\n\t<meta property=\"og:image:height\" content=\"627\" \/>\n\t<meta property=\"og:image:type\" content=\"image\/jpeg\" \/>\n<meta name=\"author\" content=\"Ded\u00e9 Mesquita\" \/>\n<meta name=\"twitter:card\" content=\"summary_large_image\" \/>\n<meta name=\"twitter:creator\" content=\"@dedemesquita\" \/>\n<meta name=\"twitter:site\" content=\"@dedemesquita\" \/>\n<meta name=\"twitter:label1\" content=\"Escrito por\" \/>\n\t<meta name=\"twitter:data1\" content=\"Ded\u00e9 Mesquita\" \/>\n\t<meta name=\"twitter:label2\" content=\"Est. tempo de leitura\" \/>\n\t<meta name=\"twitter:data2\" content=\"6 minutos\" \/>\n<script type=\"application\/ld+json\" class=\"yoast-schema-graph\">{\"@context\":\"https:\/\/schema.org\",\"@graph\":[{\"@type\":\"WebPage\",\"@id\":\"https:\/\/dedemesquita.com.br\/?p=6259\",\"url\":\"https:\/\/dedemesquita.com.br\/?p=6259\",\"name\":\"Cobertura da tradicional Prociss\u00e3o do Encontro leva imprensa \u00e0s ruas na sexta-feira Santa - Ded\u00e9 Mesquita\",\"isPartOf\":{\"@id\":\"https:\/\/dedemesquita.com.br\/#website\"},\"datePublished\":\"2023-04-07T20:01:38+00:00\",\"dateModified\":\"2023-04-07T21:05:05+00:00\",\"author\":{\"@id\":\"https:\/\/dedemesquita.com.br\/#\/schema\/person\/36571f81dd2d76dc3ab37231542c9e24\"},\"breadcrumb\":{\"@id\":\"https:\/\/dedemesquita.com.br\/?p=6259#breadcrumb\"},\"inLanguage\":\"pt-BR\",\"potentialAction\":[{\"@type\":\"ReadAction\",\"target\":[\"https:\/\/dedemesquita.com.br\/?p=6259\"]}]},{\"@type\":\"BreadcrumbList\",\"@id\":\"https:\/\/dedemesquita.com.br\/?p=6259#breadcrumb\",\"itemListElement\":[{\"@type\":\"ListItem\",\"position\":1,\"name\":\"In\u00edcio\",\"item\":\"https:\/\/dedemesquita.com.br\/\"},{\"@type\":\"ListItem\",\"position\":2,\"name\":\"Cobertura da tradicional Prociss\u00e3o do Encontro leva imprensa \u00e0s ruas na sexta-feira Santa\"}]},{\"@type\":\"WebSite\",\"@id\":\"https:\/\/dedemesquita.com.br\/#website\",\"url\":\"https:\/\/dedemesquita.com.br\/\",\"name\":\"Ded\u00e9 Mesquita\",\"description\":\"Um site que mostra os bastidores da imprensa no estado do Par\u00e1 e em Bel\u00e9m\",\"potentialAction\":[{\"@type\":\"SearchAction\",\"target\":{\"@type\":\"EntryPoint\",\"urlTemplate\":\"https:\/\/dedemesquita.com.br\/?s={search_term_string}\"},\"query-input\":\"required name=search_term_string\"}],\"inLanguage\":\"pt-BR\"},{\"@type\":\"Person\",\"@id\":\"https:\/\/dedemesquita.com.br\/#\/schema\/person\/36571f81dd2d76dc3ab37231542c9e24\",\"name\":\"Ded\u00e9 Mesquita\",\"image\":{\"@type\":\"ImageObject\",\"inLanguage\":\"pt-BR\",\"@id\":\"https:\/\/dedemesquita.com.br\/#\/schema\/person\/image\/\",\"url\":\"https:\/\/dedemesquita.com.br\/wp-content\/uploads\/2021\/02\/foto_perfil-150x150.jpg\",\"contentUrl\":\"https:\/\/dedemesquita.com.br\/wp-content\/uploads\/2021\/02\/foto_perfil-150x150.jpg\",\"caption\":\"Ded\u00e9 Mesquita\"},\"sameAs\":[\"https:\/\/dedemesquita.com.br\"]}]}<\/script>\n<!-- \/ Yoast SEO plugin. -->","yoast_head_json":{"title":"Cobertura da tradicional Prociss\u00e3o do Encontro leva imprensa \u00e0s ruas na sexta-feira Santa - Ded\u00e9 Mesquita","robots":{"index":"index","follow":"follow","max-snippet":"max-snippet:-1","max-image-preview":"max-image-preview:large","max-video-preview":"max-video-preview:-1"},"canonical":"https:\/\/dedemesquita.com.br\/?p=6259","og_locale":"pt_BR","og_type":"article","og_title":"Cobertura da tradicional Prociss\u00e3o do Encontro leva imprensa \u00e0s ruas na sexta-feira Santa - Ded\u00e9 Mesquita","og_description":"Nesta sexta-feira, 7, \u00e9 o Dia da Paix\u00e3o do Senhor, a famosa sexta-feira Santa, a qual, quem \u00e9 jornalista de reda\u00e7\u00e3o sabe muito o significa: nada de feriado, nem descanso. Hoje \u00e9 dia de muito trabalho nas reda\u00e7\u00f5es. Ali\u00e1s, em tempo, hoje, 7 de abril, \u00e9 o Dia do Jornalista, e j\u00e1 aproveito para mandar [&hellip;]","og_url":"https:\/\/dedemesquita.com.br\/?p=6259","og_site_name":"Ded\u00e9 Mesquita","article_publisher":"https:\/\/www.facebook.com\/dede.mesquita","article_published_time":"2023-04-07T20:01:38+00:00","article_modified_time":"2023-04-07T21:05:05+00:00","og_image":[{"width":1000,"height":627,"url":"https:\/\/dedemesquita.com.br\/wp-content\/uploads\/2023\/04\/WhatsApp-Image-2023-04-07-at-15.29.55.jpeg","type":"image\/jpeg"}],"author":"Ded\u00e9 Mesquita","twitter_card":"summary_large_image","twitter_creator":"@dedemesquita","twitter_site":"@dedemesquita","twitter_misc":{"Escrito por":"Ded\u00e9 Mesquita","Est. tempo de leitura":"6 minutos"},"schema":{"@context":"https:\/\/schema.org","@graph":[{"@type":"WebPage","@id":"https:\/\/dedemesquita.com.br\/?p=6259","url":"https:\/\/dedemesquita.com.br\/?p=6259","name":"Cobertura da tradicional Prociss\u00e3o do Encontro leva imprensa \u00e0s ruas na sexta-feira Santa - Ded\u00e9 Mesquita","isPartOf":{"@id":"https:\/\/dedemesquita.com.br\/#website"},"datePublished":"2023-04-07T20:01:38+00:00","dateModified":"2023-04-07T21:05:05+00:00","author":{"@id":"https:\/\/dedemesquita.com.br\/#\/schema\/person\/36571f81dd2d76dc3ab37231542c9e24"},"breadcrumb":{"@id":"https:\/\/dedemesquita.com.br\/?p=6259#breadcrumb"},"inLanguage":"pt-BR","potentialAction":[{"@type":"ReadAction","target":["https:\/\/dedemesquita.com.br\/?p=6259"]}]},{"@type":"BreadcrumbList","@id":"https:\/\/dedemesquita.com.br\/?p=6259#breadcrumb","itemListElement":[{"@type":"ListItem","position":1,"name":"In\u00edcio","item":"https:\/\/dedemesquita.com.br\/"},{"@type":"ListItem","position":2,"name":"Cobertura da tradicional Prociss\u00e3o do Encontro leva imprensa \u00e0s ruas na sexta-feira Santa"}]},{"@type":"WebSite","@id":"https:\/\/dedemesquita.com.br\/#website","url":"https:\/\/dedemesquita.com.br\/","name":"Ded\u00e9 Mesquita","description":"Um site que mostra os bastidores da imprensa no estado do Par\u00e1 e em Bel\u00e9m","potentialAction":[{"@type":"SearchAction","target":{"@type":"EntryPoint","urlTemplate":"https:\/\/dedemesquita.com.br\/?s={search_term_string}"},"query-input":"required name=search_term_string"}],"inLanguage":"pt-BR"},{"@type":"Person","@id":"https:\/\/dedemesquita.com.br\/#\/schema\/person\/36571f81dd2d76dc3ab37231542c9e24","name":"Ded\u00e9 Mesquita","image":{"@type":"ImageObject","inLanguage":"pt-BR","@id":"https:\/\/dedemesquita.com.br\/#\/schema\/person\/image\/","url":"https:\/\/dedemesquita.com.br\/wp-content\/uploads\/2021\/02\/foto_perfil-150x150.jpg","contentUrl":"https:\/\/dedemesquita.com.br\/wp-content\/uploads\/2021\/02\/foto_perfil-150x150.jpg","caption":"Ded\u00e9 Mesquita"},"sameAs":["https:\/\/dedemesquita.com.br"]}]}},"_links":{"self":[{"href":"https:\/\/dedemesquita.com.br\/index.php?rest_route=\/wp\/v2\/posts\/6259"}],"collection":[{"href":"https:\/\/dedemesquita.com.br\/index.php?rest_route=\/wp\/v2\/posts"}],"about":[{"href":"https:\/\/dedemesquita.com.br\/index.php?rest_route=\/wp\/v2\/types\/post"}],"author":[{"embeddable":true,"href":"https:\/\/dedemesquita.com.br\/index.php?rest_route=\/wp\/v2\/users\/2"}],"replies":[{"embeddable":true,"href":"https:\/\/dedemesquita.com.br\/index.php?rest_route=%2Fwp%2Fv2%2Fcomments&post=6259"}],"version-history":[{"count":5,"href":"https:\/\/dedemesquita.com.br\/index.php?rest_route=\/wp\/v2\/posts\/6259\/revisions"}],"predecessor-version":[{"id":6280,"href":"https:\/\/dedemesquita.com.br\/index.php?rest_route=\/wp\/v2\/posts\/6259\/revisions\/6280"}],"wp:featuredmedia":[{"embeddable":true,"href":"https:\/\/dedemesquita.com.br\/index.php?rest_route=\/wp\/v2\/media\/6260"}],"wp:attachment":[{"href":"https:\/\/dedemesquita.com.br\/index.php?rest_route=%2Fwp%2Fv2%2Fmedia&parent=6259"}],"wp:term":[{"taxonomy":"category","embeddable":true,"href":"https:\/\/dedemesquita.com.br\/index.php?rest_route=%2Fwp%2Fv2%2Fcategories&post=6259"},{"taxonomy":"post_tag","embeddable":true,"href":"https:\/\/dedemesquita.com.br\/index.php?rest_route=%2Fwp%2Fv2%2Ftags&post=6259"}],"curies":[{"name":"wp","href":"https:\/\/api.w.org\/{rel}","templated":true}]}}