{"id":6230,"date":"2023-04-04T15:51:12","date_gmt":"2023-04-04T18:51:12","guid":{"rendered":"https:\/\/dedemesquita.com.br\/?p=6230"},"modified":"2023-04-04T20:23:04","modified_gmt":"2023-04-04T23:23:04","slug":"futura-eleicao-para-o-sinjor-pa-ja-comeca-com-polemica-e-outras-noticias-da-imprensa-em-belem","status":"publish","type":"post","link":"https:\/\/dedemesquita.com.br\/?p=6230","title":{"rendered":"Futura elei\u00e7\u00e3o para o Sinjor-PA j\u00e1 come\u00e7a com pol\u00eamica e outras not\u00edcias da imprensa em Bel\u00e9m"},"content":{"rendered":"\n<p>\u00c9 eita, depois de eita, pois esta ter\u00e7a-feira, 4, est\u00e1 cheia das not\u00edcias e algumas bem pol\u00eamicas. Sem mais delongas &#8211; gostaste do &#8220;delongas&#8221;? &#8211; vamos a elas.<\/p>\n\n\n\n<p><strong>Pol\u00eamica na futura elei\u00e7\u00e3o &#8211; <\/strong>Est\u00e1 programada para o fim deste ano a elei\u00e7\u00e3o para a<strong> nova diretoria do Sindicato dos Jornalistas do Par\u00e1 &#8211; Sinjor-PA<\/strong>, mas a campanha parece que j\u00e1 come\u00e7ou. No final da semana passada, no dia 30, alguns jornalistas paraenses foram surpreendidos com uma mensagem, que chegou por meio de WhatsApp e\/ou e-mail, <strong>trazendo uma pesquisa do Instituto Doxa <\/strong>com perguntas sobre a atual gest\u00e3o do Sinjor, cujo presidente \u00e9 Vito Gemaque. Este site falou com <strong>Evandro Correa<\/strong>, do site O Antag\u00f4nico, candidato derrotado na \u00faltima elei\u00e7\u00e3o em 2021, e o questionei se ele tinha algo a ver com essa pesquisa. <strong>Ele confirmou<\/strong>, mas alertou que esse tipo de pesquisa \u00e9 perfeitamente normal em elei\u00e7\u00f5es que se aproximam. \u201cServe como um mapeamento para eu saber se me candidato novamente ou n\u00e3o\u201d, disse Evandro. Conversei tamb\u00e9m com um marqueteiro pol\u00edtico de Bel\u00e9m e ele me disse que, sim, essas pesquisas s\u00e3o normais. <\/p>\n\n\n<div class=\"wp-block-image\">\n<figure class=\"aligncenter size-full\"><img loading=\"lazy\" decoding=\"async\" width=\"603\" height=\"491\" src=\"https:\/\/dedemesquita.com.br\/wp-content\/uploads\/2023\/04\/Evandro2.jpg\" alt=\"\" class=\"wp-image-6239\"\/><figcaption class=\"wp-element-caption\">Evandro Correa \u00e9 o jornalista respons\u00e1vel pelo site O Antag\u00f4nico <\/figcaption><\/figure><\/div>\n\n\n<p><strong>O lado do Sinjor-PA &#8211; <\/strong>A atual diretoria do Sinjor-PA, por sua vez, considerou que a pesquisa viola \u201cos direitos fundamentais de liberdade e de privacidade, inclusive no meio digital, o que foi violado por meio de tal pesquisa\u201d. O Sinjor-PA, al\u00e9m de publicar uma <strong>Nota de Rep\u00fadio<\/strong>, garante que foi acionada a Assessoria Jur\u00eddica do sindicato e que as medidas cab\u00edveis sobre o assunto ser\u00e3o tomadas. Como eu disse: a campanha est\u00e1 na rua, mas ainda n\u00e3o h\u00e1 data para a elei\u00e7\u00e3o.<\/p>\n\n\n\n<p><strong>PS: <\/strong><em>quero deixar bem claro que sobre as elei\u00e7\u00f5es para o Sinjor-PA, este site se manter\u00e1 <strong>neutro<\/strong>, como em outras elei\u00e7\u00f5es desse Sindicato. Se alguma chapa concorrente me mandar as propostas, eu publicarei, absolutamente como de todas que me mandarem suas plataformas de trabalho. Assim como publicarei sobre as elei\u00e7\u00f5es em si, quem vencer e a futura posse. Para este site, a ELEI\u00c7\u00c3O \u00e9 a not\u00edcia. <\/em><\/p>\n\n\n<div class=\"wp-block-image\">\n<figure class=\"aligncenter size-full\"><img loading=\"lazy\" decoding=\"async\" width=\"526\" height=\"526\" src=\"https:\/\/dedemesquita.com.br\/wp-content\/uploads\/2023\/04\/nota.jpg\" alt=\"\" class=\"wp-image-6241\" srcset=\"https:\/\/dedemesquita.com.br\/wp-content\/uploads\/2023\/04\/nota.jpg 526w, https:\/\/dedemesquita.com.br\/wp-content\/uploads\/2023\/04\/nota-150x150.jpg 150w\" sizes=\"(max-width: 526px) 100vw, 526px\" \/><figcaption class=\"wp-element-caption\">Nota que o Sinjor-PA publicou na quinta-feira, dia 30 <\/figcaption><\/figure><\/div>\n\n\n<p><strong>Fernanda &#8211; <\/strong>A jornalista <strong>Fernanda Pacheco<\/strong>, que teve passagem pela comunica\u00e7\u00e3o da mineradora Vale, est\u00e1 em novo cargo. Ela assumiu a chefia regional de comunica\u00e7\u00e3o dos hospitais universit\u00e1rios do Par\u00e1 e Amap\u00e1.<\/p>\n\n\n<div class=\"wp-block-image\">\n<figure class=\"aligncenter size-full\"><img loading=\"lazy\" decoding=\"async\" width=\"323\" height=\"289\" src=\"https:\/\/dedemesquita.com.br\/wp-content\/uploads\/2023\/04\/FERNANDA.jpeg\" alt=\"\" class=\"wp-image-6232\"\/><figcaption class=\"wp-element-caption\">Fernanda Pacheco em nova fun\u00e7\u00e3o <\/figcaption><\/figure><\/div>\n\n\n<p><strong>Vice-governadoria &#8211;<\/strong> A <strong>Bianca Buena\u00f1o<\/strong>, ex-TV Liberal e Cosanpa, assumiu a <strong>comunica\u00e7\u00e3o da vice-governadora do Par\u00e1<\/strong>, Hana Ghassan Tuma. Contatos no 91 3216-88924; 91 3202-8426 e 91 98883-1147; e no e-mail:<strong> <a href=\"mailto:comunicacaocosanpa@gmail.com\">comunicacaocosanpa@gmail.com<\/a> &nbsp;<\/strong><\/p>\n\n\n<div class=\"wp-block-image\">\n<figure class=\"aligncenter size-full\"><img loading=\"lazy\" decoding=\"async\" width=\"427\" height=\"419\" src=\"https:\/\/dedemesquita.com.br\/wp-content\/uploads\/2023\/04\/BIANCA.jpg\" alt=\"\" class=\"wp-image-6251\"\/><figcaption class=\"wp-element-caption\">Bianca Buena\u00f1o passou \u00e0 comunica\u00e7\u00e3o da vice-governadora Hanna Ghassan<\/figcaption><\/figure><\/div>\n\n\n<p><strong>Sentinela &#8211; <\/strong>A jornalista <strong>Ana Carolina Matos<\/strong> acaba de lan\u00e7ar a <strong>Sentinela &#8211; Comunica\u00e7\u00e3o Estrat\u00e9gica<\/strong>, empresa dela de comunica\u00e7\u00e3o, com foco em redes sociais, assessoria de imprensa, clipping automatizado e marketing de conte\u00fado. Os perfis no Instagram s\u00e3o <strong><a href=\"https:\/\/www.instagram.com\/sentinelaco\/\">https:\/\/www.instagram.com\/sentinelaco\/<\/a> <\/strong>e <a href=\"https:\/\/www.instagram.com\/euanacalolina\/\"><strong>https:\/\/www.instagram.com\/euanacalolina\/<\/strong><\/a> <\/p>\n\n\n<div class=\"wp-block-image\">\n<figure class=\"aligncenter size-full\"><img loading=\"lazy\" decoding=\"async\" width=\"548\" height=\"526\" src=\"https:\/\/dedemesquita.com.br\/wp-content\/uploads\/2023\/04\/ANA-CAROLINA.png\" alt=\"\" class=\"wp-image-6248\"\/><figcaption class=\"wp-element-caption\">Ana Carolina Matos <\/figcaption><\/figure><\/div>\n\n\n<p><strong>Rodrigo &#8211; Rodrigo Reis<\/strong>, com passagens pela Pol\u00edcia Civil do Estado do Par\u00e1, TRT 8\u00aa Regi\u00e3o e Emater, assumiu o cargo de assessor de <strong>comunica\u00e7\u00e3o do deputado federal Henderson Pinto<\/strong>, do MDB, com atua\u00e7\u00e3o nos gabinetes sediados em Bel\u00e9m, Santar\u00e9m e Bras\u00edlia-DF.<\/p>\n\n\n<div class=\"wp-block-image\">\n<figure class=\"aligncenter size-full\"><img loading=\"lazy\" decoding=\"async\" width=\"605\" height=\"409\" src=\"https:\/\/dedemesquita.com.br\/wp-content\/uploads\/2023\/04\/REIS.png\" alt=\"\" class=\"wp-image-6249\"\/><figcaption class=\"wp-element-caption\">Rodrigo Reis <\/figcaption><\/figure><\/div>\n\n\n<p><strong>Favela Power &#8211; <\/strong>O jornalista Wellington Fraz\u00e3o, coordenador <strong>do coletivo Periferia em Foco<\/strong>, de Bel\u00e9m, vai participar do <strong>Favela Power<\/strong>, maior evento de <strong>Encontro de Favelas<\/strong>, organizado pela rede Gerando Falc\u00f5es, que vai reunir mil lideran\u00e7as sociais de todo o Pa\u00eds, empresas e chefes de Executivo com o objetivo de discutir iniciativas para construir um amanh\u00e3 sem pobreza. O evento come\u00e7a nesta quarta-feira, 5, no audit\u00f3rio Simon Bol\u00edvar, no Memorial da Am\u00e9rica Latina, em S\u00e3o Paulo. Com Fraz\u00e3o, est\u00e1 tamb\u00e9m o ativista social <strong>Carlos Gouv\u00eaa do Igarap\u00e9<\/strong>, que coordena um projeto de capacita\u00e7\u00e3o profissionalizante das periferias.<\/p>\n\n\n<div class=\"wp-block-image\">\n<figure class=\"aligncenter size-full\"><img loading=\"lazy\" decoding=\"async\" width=\"538\" height=\"446\" src=\"https:\/\/dedemesquita.com.br\/wp-content\/uploads\/2023\/04\/FRAZAO.jpg\" alt=\"\" class=\"wp-image-6233\"\/><figcaption class=\"wp-element-caption\">Wellington Fraz\u00e3o do coletivo Periferia em Foco <\/figcaption><\/figure><\/div>\n\n\n<p><strong>Doutor &#8211; Enderson Oliveira<\/strong>, do portal Di\u00e1rio on Line &#8211; DOL, na sexta-feira, dia 31, <strong>concluiu o doutorado<\/strong> no Programa de P\u00f3s-Gradua\u00e7\u00e3o em Sociologia e Antropologia da Universidade Federal do Par\u00e1.<\/p>\n\n\n<div class=\"wp-block-image\">\n<figure class=\"aligncenter size-full\"><img loading=\"lazy\" decoding=\"async\" width=\"647\" height=\"558\" src=\"https:\/\/dedemesquita.com.br\/wp-content\/uploads\/2023\/04\/ENDERSON_OLIVEIRA.png\" alt=\"\" class=\"wp-image-6234\"\/><figcaption class=\"wp-element-caption\">Enderson Oliveira terminou o doutorado pela UFPA <\/figcaption><\/figure><\/div>\n\n\n<p><strong>Morte &#8211;<\/strong> O jornalista paraense, de Santar\u00e9m, <strong>Palm\u00e9rio D\u00f3ria<\/strong>, faleceu na sexta-feira, 31. Doria trabalhou na TV Cultura do Par\u00e1, mas foi em S\u00e3o Paulo que alcan\u00e7ou reconhecimento nacional por meio da revista <strong>Interview<\/strong> e dos livros que escreveu, como <strong>&#8220;A Guerrilha do Araguaia&#8221;<\/strong>, de 1978, <strong>e &#8220;Honor\u00e1veis Bandidos: Um Retrato do Brasil na Era Sarney&#8221;<\/strong>, de 2009.<\/p>\n\n\n<div class=\"wp-block-image\">\n<figure class=\"aligncenter size-full\"><img loading=\"lazy\" decoding=\"async\" width=\"800\" height=\"450\" src=\"https:\/\/dedemesquita.com.br\/wp-content\/uploads\/2023\/04\/palmerio-doria-2023.jpeg\" alt=\"\" class=\"wp-image-6235\" srcset=\"https:\/\/dedemesquita.com.br\/wp-content\/uploads\/2023\/04\/palmerio-doria-2023.jpeg 800w, https:\/\/dedemesquita.com.br\/wp-content\/uploads\/2023\/04\/palmerio-doria-2023-768x432.jpeg 768w\" sizes=\"(max-width: 800px) 100vw, 800px\" \/><figcaption class=\"wp-element-caption\">O jornalismo brasileiro perdeu o paraense Palm\u00e9rio Doria <\/figcaption><\/figure><\/div>\n\n\n<p><strong>Google no Par\u00e1 &#8211; <\/strong>O presidente executivo do Google no Brasil, <strong>F\u00e1bio Coelho<\/strong>, esteve no Par\u00e1 para uma s\u00e9rie de visitas e eventos. Na segunda-feira, 3, ele visitou a reda\u00e7\u00e3o do jornal O Liberal e na ter\u00e7a-feira, 4, do evento &#8220;Sustentabilidade com o Google &#8211; Amaz\u00f4nia&#8221;, no Parque Mangal das Gar\u00e7as.<\/p>\n\n\n<div class=\"wp-block-image\">\n<figure class=\"aligncenter size-full\"><img loading=\"lazy\" decoding=\"async\" width=\"713\" height=\"633\" src=\"https:\/\/dedemesquita.com.br\/wp-content\/uploads\/2023\/04\/WhatsApp-Image-2023-04-04-at-14.42.14.jpeg\" alt=\"\" class=\"wp-image-6243\"\/><figcaption class=\"wp-element-caption\">O CEO do Google Brasil, Fabio Coelho &#8211; ao centro &#8211; e jornalistas de O Liberal <\/figcaption><\/figure><\/div>\n\n<div class=\"wp-block-image\">\n<figure class=\"aligncenter size-full\"><img loading=\"lazy\" decoding=\"async\" width=\"800\" height=\"451\" src=\"https:\/\/dedemesquita.com.br\/wp-content\/uploads\/2023\/04\/google.png\" alt=\"\" class=\"wp-image-6244\" srcset=\"https:\/\/dedemesquita.com.br\/wp-content\/uploads\/2023\/04\/google.png 800w, https:\/\/dedemesquita.com.br\/wp-content\/uploads\/2023\/04\/google-768x433.png 768w\" sizes=\"(max-width: 800px) 100vw, 800px\" \/><figcaption class=\"wp-element-caption\">Fabio Coelho e Carlos Fellip, na visita do primeiro ao jornal O Liberal (foto de Helo\u00e1 Canali)<\/figcaption><\/figure><\/div>\n\n\n<p><strong>Parceria &#8211; <\/strong>O podcast <strong>Carta Amaz\u00f4nia<\/strong>, produzido pelos jornalistas Adison Ferreira, Cecilia Amorim e Eraldo Paulino, fechou uma parceria com o <strong>projeto Rede Cidad\u00e3 InfoAmazonia<\/strong>, iniciativa da plataforma InfoAmazonia que busca conectar comunicadores locais e m\u00eddias regionais da Amaz\u00f4nia Legal.&nbsp;A expectativa \u00e9 a cocriar e difundir conte\u00fados com <strong>temas socioambientais produzidos no territ\u00f3rio amaz\u00f4nico<\/strong>. Lan\u00e7ada em outubro do ano passado, a Rede Cidad\u00e3 InfoAmazonia teve como ponto de partida a elabora\u00e7\u00e3o do Mapa Vivo de M\u00eddias da Amaz\u00f4nia, que traz dados de ve\u00edculos de comunica\u00e7\u00e3o dos nove estados da Amaz\u00f4nia Legal.<\/p>\n\n\n<div class=\"wp-block-image\">\n<figure class=\"aligncenter size-full\"><img loading=\"lazy\" decoding=\"async\" width=\"800\" height=\"678\" src=\"https:\/\/dedemesquita.com.br\/wp-content\/uploads\/2023\/04\/ADISON-FERREIRA.jpg\" alt=\"\" class=\"wp-image-6245\" srcset=\"https:\/\/dedemesquita.com.br\/wp-content\/uploads\/2023\/04\/ADISON-FERREIRA.jpg 800w, https:\/\/dedemesquita.com.br\/wp-content\/uploads\/2023\/04\/ADISON-FERREIRA-768x651.jpg 768w\" sizes=\"(max-width: 800px) 100vw, 800px\" \/><figcaption class=\"wp-element-caption\">Adison Ferreira \u00e9 um dos produtores do podcast Carta Amaz\u00f4nia <\/figcaption><\/figure><\/div>\n\n\n<p><strong>Palestra de S\u00f4nia &#8211; <\/strong>A jornalista e escritora paraense <strong>S\u00f4nia Zaghetto<\/strong> far\u00e1 uma palestra online no dia 27 de abril, \u00e0s 19 horas, em promo\u00e7\u00e3o da Tagore Editora, sobre o relan\u00e7amento em mar\u00e7o passado o livro-ensaio \u201cUm Quarto S\u00f3 Para Si\u201d, de Virginia Woolf, que recebeu organiza\u00e7\u00e3o e 150 notas explicativas de S\u00f4nia. Os interessados podem se inscrever pelo e-mai<strong>l <a href=\"mailto:alo@senhorcorvo.com.br\">alo@senhorcorvo.com.br<\/a><\/strong> e receber\u00e3o o link igualmente por e-mail. Tudo gr\u00e1tis.<\/p>\n\n\n<div class=\"wp-block-image\">\n<figure class=\"aligncenter size-full\"><img loading=\"lazy\" decoding=\"async\" width=\"490\" height=\"568\" src=\"https:\/\/dedemesquita.com.br\/wp-content\/uploads\/2023\/04\/Sonia-Zaghetto2.png\" alt=\"\" class=\"wp-image-6236\"\/><figcaption class=\"wp-element-caption\">S\u00f4nia Zaghetto faz palestra sobre o trabalho desenvolvido no livro &#8220;Um Quarto S\u00f3 Para Si&#8221;, de Virginia Woolf <\/figcaption><\/figure><\/div>\n\n\n<p><strong>Novo livro de Paulo Roberto &#8211; <\/strong>Na sexta-feira, 31, o jornalista <strong>Paulo Roberto Ferreira<\/strong> lan\u00e7ou seu novo livro, <strong>&#8220;Roubaram Meu Libertango\u201d<\/strong>, pela editora Paka-Tatu. \u00c9 o quinto livro de Ferreira e traz 31 cr\u00f4nicas que ir\u00e3o divertir os leitores, provocar saudades e reflex\u00f5es sobre os mais variados temas e acontecimentos.<\/p>\n\n\n<div class=\"wp-block-image\">\n<figure class=\"aligncenter size-full\"><img loading=\"lazy\" decoding=\"async\" width=\"790\" height=\"900\" src=\"https:\/\/dedemesquita.com.br\/wp-content\/uploads\/2023\/04\/PAULO_ROBERTO.jpg\" alt=\"\" class=\"wp-image-6237\" srcset=\"https:\/\/dedemesquita.com.br\/wp-content\/uploads\/2023\/04\/PAULO_ROBERTO.jpg 790w, https:\/\/dedemesquita.com.br\/wp-content\/uploads\/2023\/04\/PAULO_ROBERTO-768x875.jpg 768w\" sizes=\"(max-width: 790px) 100vw, 790px\" \/><figcaption class=\"wp-element-caption\">Paulo Roberto Ferreira lan\u00e7ou seu quinto livro &#8220;Roubaram Meu Libertango&#8221; <\/figcaption><\/figure><\/div>\n\n\n<p><\/p>\n","protected":false},"excerpt":{"rendered":"<p>\u00c9 eita, depois de eita, pois esta ter\u00e7a-feira, 4, est\u00e1 cheia das not\u00edcias e algumas bem pol\u00eamicas. Sem mais delongas &#8211; gostaste do &#8220;delongas&#8221;? &#8211; vamos a elas. Pol\u00eamica na futura elei\u00e7\u00e3o &#8211; Est\u00e1 programada para o fim deste ano a elei\u00e7\u00e3o para a nova diretoria do Sindicato dos Jornalistas do Par\u00e1 &#8211; Sinjor-PA, mas [&hellip;]<\/p>\n","protected":false},"author":2,"featured_media":6240,"comment_status":"open","ping_status":"open","sticky":false,"template":"","format":"standard","meta":{"footnotes":""},"categories":[51,14,29],"tags":[181,388,119,120,144,130],"class_list":["post-6230","post","type-post","status-publish","format-standard","has-post-thumbnail","hentry","category-destaque","category-imprensa","category-jornalismo","tag-diario-do-para","tag-google-brasil","tag-jornalismo","tag-jornalistas-paraenses-em-acao","tag-o-liberal","tag-sinjor-pa"],"yoast_head":"<!-- This site is optimized with the Yoast SEO plugin v19.10 - https:\/\/yoast.com\/wordpress\/plugins\/seo\/ -->\n<title>Futura elei\u00e7\u00e3o para o Sinjor-PA j\u00e1 come\u00e7a com pol\u00eamica e outras not\u00edcias da imprensa em Bel\u00e9m - Ded\u00e9 Mesquita<\/title>\n<meta name=\"robots\" content=\"index, follow, max-snippet:-1, max-image-preview:large, max-video-preview:-1\" \/>\n<link rel=\"canonical\" href=\"https:\/\/dedemesquita.com.br\/?p=6230\" \/>\n<meta property=\"og:locale\" content=\"pt_BR\" \/>\n<meta property=\"og:type\" content=\"article\" \/>\n<meta property=\"og:title\" content=\"Futura elei\u00e7\u00e3o para o Sinjor-PA j\u00e1 come\u00e7a com pol\u00eamica e outras not\u00edcias da imprensa em Bel\u00e9m - Ded\u00e9 Mesquita\" \/>\n<meta property=\"og:description\" content=\"\u00c9 eita, depois de eita, pois esta ter\u00e7a-feira, 4, est\u00e1 cheia das not\u00edcias e algumas bem pol\u00eamicas. Sem mais delongas &#8211; gostaste do &#8220;delongas&#8221;? &#8211; vamos a elas. Pol\u00eamica na futura elei\u00e7\u00e3o &#8211; Est\u00e1 programada para o fim deste ano a elei\u00e7\u00e3o para a nova diretoria do Sindicato dos Jornalistas do Par\u00e1 &#8211; Sinjor-PA, mas [&hellip;]\" \/>\n<meta property=\"og:url\" content=\"https:\/\/dedemesquita.com.br\/?p=6230\" \/>\n<meta property=\"og:site_name\" content=\"Ded\u00e9 Mesquita\" \/>\n<meta property=\"article:publisher\" content=\"https:\/\/www.facebook.com\/dede.mesquita\" \/>\n<meta property=\"article:published_time\" content=\"2023-04-04T18:51:12+00:00\" \/>\n<meta property=\"article:modified_time\" content=\"2023-04-04T23:23:04+00:00\" \/>\n<meta property=\"og:image\" content=\"https:\/\/dedemesquita.com.br\/wp-content\/uploads\/2023\/04\/SINJOR.jpg\" \/>\n\t<meta property=\"og:image:width\" content=\"900\" \/>\n\t<meta property=\"og:image:height\" content=\"354\" \/>\n\t<meta property=\"og:image:type\" content=\"image\/jpeg\" \/>\n<meta name=\"author\" content=\"Ded\u00e9 Mesquita\" \/>\n<meta name=\"twitter:card\" content=\"summary_large_image\" \/>\n<meta name=\"twitter:creator\" content=\"@dedemesquita\" \/>\n<meta name=\"twitter:site\" content=\"@dedemesquita\" \/>\n<meta name=\"twitter:label1\" content=\"Escrito por\" \/>\n\t<meta name=\"twitter:data1\" content=\"Ded\u00e9 Mesquita\" \/>\n\t<meta name=\"twitter:label2\" content=\"Est. tempo de leitura\" \/>\n\t<meta name=\"twitter:data2\" content=\"9 minutos\" \/>\n<script type=\"application\/ld+json\" class=\"yoast-schema-graph\">{\"@context\":\"https:\/\/schema.org\",\"@graph\":[{\"@type\":\"WebPage\",\"@id\":\"https:\/\/dedemesquita.com.br\/?p=6230\",\"url\":\"https:\/\/dedemesquita.com.br\/?p=6230\",\"name\":\"Futura elei\u00e7\u00e3o para o Sinjor-PA j\u00e1 come\u00e7a com pol\u00eamica e outras not\u00edcias da imprensa em Bel\u00e9m - Ded\u00e9 Mesquita\",\"isPartOf\":{\"@id\":\"https:\/\/dedemesquita.com.br\/#website\"},\"datePublished\":\"2023-04-04T18:51:12+00:00\",\"dateModified\":\"2023-04-04T23:23:04+00:00\",\"author\":{\"@id\":\"https:\/\/dedemesquita.com.br\/#\/schema\/person\/36571f81dd2d76dc3ab37231542c9e24\"},\"breadcrumb\":{\"@id\":\"https:\/\/dedemesquita.com.br\/?p=6230#breadcrumb\"},\"inLanguage\":\"pt-BR\",\"potentialAction\":[{\"@type\":\"ReadAction\",\"target\":[\"https:\/\/dedemesquita.com.br\/?p=6230\"]}]},{\"@type\":\"BreadcrumbList\",\"@id\":\"https:\/\/dedemesquita.com.br\/?p=6230#breadcrumb\",\"itemListElement\":[{\"@type\":\"ListItem\",\"position\":1,\"name\":\"In\u00edcio\",\"item\":\"https:\/\/dedemesquita.com.br\/\"},{\"@type\":\"ListItem\",\"position\":2,\"name\":\"Futura elei\u00e7\u00e3o para o Sinjor-PA j\u00e1 come\u00e7a com pol\u00eamica e outras not\u00edcias da imprensa em Bel\u00e9m\"}]},{\"@type\":\"WebSite\",\"@id\":\"https:\/\/dedemesquita.com.br\/#website\",\"url\":\"https:\/\/dedemesquita.com.br\/\",\"name\":\"Ded\u00e9 Mesquita\",\"description\":\"Um site que mostra os bastidores da imprensa no estado do Par\u00e1 e em Bel\u00e9m\",\"potentialAction\":[{\"@type\":\"SearchAction\",\"target\":{\"@type\":\"EntryPoint\",\"urlTemplate\":\"https:\/\/dedemesquita.com.br\/?s={search_term_string}\"},\"query-input\":\"required name=search_term_string\"}],\"inLanguage\":\"pt-BR\"},{\"@type\":\"Person\",\"@id\":\"https:\/\/dedemesquita.com.br\/#\/schema\/person\/36571f81dd2d76dc3ab37231542c9e24\",\"name\":\"Ded\u00e9 Mesquita\",\"image\":{\"@type\":\"ImageObject\",\"inLanguage\":\"pt-BR\",\"@id\":\"https:\/\/dedemesquita.com.br\/#\/schema\/person\/image\/\",\"url\":\"https:\/\/dedemesquita.com.br\/wp-content\/uploads\/2021\/02\/foto_perfil-150x150.jpg\",\"contentUrl\":\"https:\/\/dedemesquita.com.br\/wp-content\/uploads\/2021\/02\/foto_perfil-150x150.jpg\",\"caption\":\"Ded\u00e9 Mesquita\"},\"sameAs\":[\"https:\/\/dedemesquita.com.br\"]}]}<\/script>\n<!-- \/ Yoast SEO plugin. -->","yoast_head_json":{"title":"Futura elei\u00e7\u00e3o para o Sinjor-PA j\u00e1 come\u00e7a com pol\u00eamica e outras not\u00edcias da imprensa em Bel\u00e9m - Ded\u00e9 Mesquita","robots":{"index":"index","follow":"follow","max-snippet":"max-snippet:-1","max-image-preview":"max-image-preview:large","max-video-preview":"max-video-preview:-1"},"canonical":"https:\/\/dedemesquita.com.br\/?p=6230","og_locale":"pt_BR","og_type":"article","og_title":"Futura elei\u00e7\u00e3o para o Sinjor-PA j\u00e1 come\u00e7a com pol\u00eamica e outras not\u00edcias da imprensa em Bel\u00e9m - Ded\u00e9 Mesquita","og_description":"\u00c9 eita, depois de eita, pois esta ter\u00e7a-feira, 4, est\u00e1 cheia das not\u00edcias e algumas bem pol\u00eamicas. Sem mais delongas &#8211; gostaste do &#8220;delongas&#8221;? &#8211; vamos a elas. Pol\u00eamica na futura elei\u00e7\u00e3o &#8211; Est\u00e1 programada para o fim deste ano a elei\u00e7\u00e3o para a nova diretoria do Sindicato dos Jornalistas do Par\u00e1 &#8211; Sinjor-PA, mas [&hellip;]","og_url":"https:\/\/dedemesquita.com.br\/?p=6230","og_site_name":"Ded\u00e9 Mesquita","article_publisher":"https:\/\/www.facebook.com\/dede.mesquita","article_published_time":"2023-04-04T18:51:12+00:00","article_modified_time":"2023-04-04T23:23:04+00:00","og_image":[{"width":900,"height":354,"url":"https:\/\/dedemesquita.com.br\/wp-content\/uploads\/2023\/04\/SINJOR.jpg","type":"image\/jpeg"}],"author":"Ded\u00e9 Mesquita","twitter_card":"summary_large_image","twitter_creator":"@dedemesquita","twitter_site":"@dedemesquita","twitter_misc":{"Escrito por":"Ded\u00e9 Mesquita","Est. tempo de leitura":"9 minutos"},"schema":{"@context":"https:\/\/schema.org","@graph":[{"@type":"WebPage","@id":"https:\/\/dedemesquita.com.br\/?p=6230","url":"https:\/\/dedemesquita.com.br\/?p=6230","name":"Futura elei\u00e7\u00e3o para o Sinjor-PA j\u00e1 come\u00e7a com pol\u00eamica e outras not\u00edcias da imprensa em Bel\u00e9m - Ded\u00e9 Mesquita","isPartOf":{"@id":"https:\/\/dedemesquita.com.br\/#website"},"datePublished":"2023-04-04T18:51:12+00:00","dateModified":"2023-04-04T23:23:04+00:00","author":{"@id":"https:\/\/dedemesquita.com.br\/#\/schema\/person\/36571f81dd2d76dc3ab37231542c9e24"},"breadcrumb":{"@id":"https:\/\/dedemesquita.com.br\/?p=6230#breadcrumb"},"inLanguage":"pt-BR","potentialAction":[{"@type":"ReadAction","target":["https:\/\/dedemesquita.com.br\/?p=6230"]}]},{"@type":"BreadcrumbList","@id":"https:\/\/dedemesquita.com.br\/?p=6230#breadcrumb","itemListElement":[{"@type":"ListItem","position":1,"name":"In\u00edcio","item":"https:\/\/dedemesquita.com.br\/"},{"@type":"ListItem","position":2,"name":"Futura elei\u00e7\u00e3o para o Sinjor-PA j\u00e1 come\u00e7a com pol\u00eamica e outras not\u00edcias da imprensa em Bel\u00e9m"}]},{"@type":"WebSite","@id":"https:\/\/dedemesquita.com.br\/#website","url":"https:\/\/dedemesquita.com.br\/","name":"Ded\u00e9 Mesquita","description":"Um site que mostra os bastidores da imprensa no estado do Par\u00e1 e em Bel\u00e9m","potentialAction":[{"@type":"SearchAction","target":{"@type":"EntryPoint","urlTemplate":"https:\/\/dedemesquita.com.br\/?s={search_term_string}"},"query-input":"required name=search_term_string"}],"inLanguage":"pt-BR"},{"@type":"Person","@id":"https:\/\/dedemesquita.com.br\/#\/schema\/person\/36571f81dd2d76dc3ab37231542c9e24","name":"Ded\u00e9 Mesquita","image":{"@type":"ImageObject","inLanguage":"pt-BR","@id":"https:\/\/dedemesquita.com.br\/#\/schema\/person\/image\/","url":"https:\/\/dedemesquita.com.br\/wp-content\/uploads\/2021\/02\/foto_perfil-150x150.jpg","contentUrl":"https:\/\/dedemesquita.com.br\/wp-content\/uploads\/2021\/02\/foto_perfil-150x150.jpg","caption":"Ded\u00e9 Mesquita"},"sameAs":["https:\/\/dedemesquita.com.br"]}]}},"_links":{"self":[{"href":"https:\/\/dedemesquita.com.br\/index.php?rest_route=\/wp\/v2\/posts\/6230"}],"collection":[{"href":"https:\/\/dedemesquita.com.br\/index.php?rest_route=\/wp\/v2\/posts"}],"about":[{"href":"https:\/\/dedemesquita.com.br\/index.php?rest_route=\/wp\/v2\/types\/post"}],"author":[{"embeddable":true,"href":"https:\/\/dedemesquita.com.br\/index.php?rest_route=\/wp\/v2\/users\/2"}],"replies":[{"embeddable":true,"href":"https:\/\/dedemesquita.com.br\/index.php?rest_route=%2Fwp%2Fv2%2Fcomments&post=6230"}],"version-history":[{"count":10,"href":"https:\/\/dedemesquita.com.br\/index.php?rest_route=\/wp\/v2\/posts\/6230\/revisions"}],"predecessor-version":[{"id":6257,"href":"https:\/\/dedemesquita.com.br\/index.php?rest_route=\/wp\/v2\/posts\/6230\/revisions\/6257"}],"wp:featuredmedia":[{"embeddable":true,"href":"https:\/\/dedemesquita.com.br\/index.php?rest_route=\/wp\/v2\/media\/6240"}],"wp:attachment":[{"href":"https:\/\/dedemesquita.com.br\/index.php?rest_route=%2Fwp%2Fv2%2Fmedia&parent=6230"}],"wp:term":[{"taxonomy":"category","embeddable":true,"href":"https:\/\/dedemesquita.com.br\/index.php?rest_route=%2Fwp%2Fv2%2Fcategories&post=6230"},{"taxonomy":"post_tag","embeddable":true,"href":"https:\/\/dedemesquita.com.br\/index.php?rest_route=%2Fwp%2Fv2%2Ftags&post=6230"}],"curies":[{"name":"wp","href":"https:\/\/api.w.org\/{rel}","templated":true}]}}