{"id":6168,"date":"2023-03-30T16:33:41","date_gmt":"2023-03-30T19:33:41","guid":{"rendered":"https:\/\/dedemesquita.com.br\/?p=6168"},"modified":"2023-03-30T18:03:31","modified_gmt":"2023-03-30T21:03:31","slug":"imprensa-marca-presenca-em-jogos-na-reabertura-do-estadio-mangueirao","status":"publish","type":"post","link":"https:\/\/dedemesquita.com.br\/?p=6168","title":{"rendered":"Imprensa marca presen\u00e7a em jogos na reabertura do est\u00e1dio Mangueir\u00e3o"},"content":{"rendered":"\n<p>O est\u00e1dio Ol\u00edmpico do Par\u00e1 Jornalista Edgar Proen\u00e7a, o famoso Mangueir\u00e3o, depois de quase quatro anos fechado para uma reforma intermin\u00e1vel e milion\u00e1ria, foi reaberto no \u00faltimo domingo, dia 26, para o que foi chamado &#8220;evento-teste&#8221;: o jogo Cl\u00e1ssico Rei da Amaz\u00f4nia, Clube do Remo x Paysandu, pela semifinal da Copa Verde 2023. Nessa partida, a vit\u00f3ria foi do Le\u00e3o por 1 x 0.<\/p>\n\n\n\n<p>Na quarta-feira, 29, na segunda partida da semifinal da Copa Verde, mais um &#8220;evento-teste&#8221;. Neste jogo, o Paysandu ganhou do Clube do Remo por 2 x 1, no tempo normal, com a decis\u00e3o sendo nos p\u00eanaltis, com vit\u00f3ria do Paysandu por 4 x 2.<\/p>\n\n\n\n<p>Segundo informa\u00e7\u00f5es do Governo do Par\u00e1, a [re]inaugura\u00e7\u00e3o do Mangueir\u00e3o ser\u00e1 no dia 9 de abril, na \u00faltima rodada do Campeonato Paraense de Futebol 2023 &#8211; Paraz\u00e3o.<\/p>\n\n\n\n<p>E \u00e9 claro que a volta do &#8220;Colosso do Bengui&#8221; tem levado muitos colegas da imprensa para as coberturas futebol\u00edsticas. Vejam quem j\u00e1 passou por l\u00e1. <\/p>\n\n\n<div class=\"wp-block-image\">\n<figure class=\"aligncenter size-full\"><img loading=\"lazy\" decoding=\"async\" width=\"738\" height=\"446\" src=\"https:\/\/dedemesquita.com.br\/wp-content\/uploads\/2023\/03\/WhatsApp-Image-2023-03-30-at-15.36.15.jpeg\" alt=\"\" class=\"wp-image-6172\"\/><figcaption class=\"wp-element-caption\">No primeiro jogo, domingo, 26, a turma da SEAP, com Caroline Rocha, Marcelo Souza e Uch\u00f4a Silva<\/figcaption><\/figure><\/div>\n\n<div class=\"wp-block-image\">\n<figure class=\"aligncenter size-full\"><img loading=\"lazy\" decoding=\"async\" width=\"633\" height=\"700\" src=\"https:\/\/dedemesquita.com.br\/wp-content\/uploads\/2023\/03\/WhatsApp-Image-2023-03-30-at-16.14.46.jpeg\" alt=\"\" class=\"wp-image-6173\"\/><figcaption class=\"wp-element-caption\">Desfilando gra\u00e7a e beleza no Mangueir\u00e3o a Bruna Cabral, da comunica\u00e7\u00e3o da SEEL<\/figcaption><\/figure><\/div>\n\n<div class=\"wp-block-image\">\n<figure class=\"aligncenter size-full\"><img loading=\"lazy\" decoding=\"async\" width=\"553\" height=\"800\" src=\"https:\/\/dedemesquita.com.br\/wp-content\/uploads\/2023\/03\/WhatsApp-Image-2023-03-30-at-15.54.26-1.jpeg\" alt=\"\" class=\"wp-image-6174\"\/><figcaption class=\"wp-element-caption\">Bruno Cruz selfiando no novo Mangueir\u00e3o <\/figcaption><\/figure><\/div>\n\n<div class=\"wp-block-image\">\n<figure class=\"aligncenter size-full\"><img loading=\"lazy\" decoding=\"async\" width=\"720\" height=\"543\" src=\"https:\/\/dedemesquita.com.br\/wp-content\/uploads\/2023\/03\/WhatsApp-Image-2023-03-30-at-15.54.26.jpeg\" alt=\"\" class=\"wp-image-6175\"\/><figcaption class=\"wp-element-caption\">Bruno Cruz, Fernando Torres, Thiago Gomes, Osmarino Souza, Tarso Sarraf e Marx Vasconcelos [<strong>me mandem os nomes das meninas a\u00ed da foto. Plise<\/strong>.]<\/figcaption><\/figure><\/div>\n\n<div class=\"wp-block-image\">\n<figure class=\"aligncenter size-full\"><img loading=\"lazy\" decoding=\"async\" width=\"800\" height=\"600\" src=\"https:\/\/dedemesquita.com.br\/wp-content\/uploads\/2023\/03\/WhatsApp-Image-2023-03-29-at-23.27.17.jpeg\" alt=\"\" class=\"wp-image-6176\" srcset=\"https:\/\/dedemesquita.com.br\/wp-content\/uploads\/2023\/03\/WhatsApp-Image-2023-03-29-at-23.27.17.jpeg 800w, https:\/\/dedemesquita.com.br\/wp-content\/uploads\/2023\/03\/WhatsApp-Image-2023-03-29-at-23.27.17-768x576.jpeg 768w\" sizes=\"(max-width: 800px) 100vw, 800px\" \/><figcaption class=\"wp-element-caption\">Osmarino Souza, Bruno Cruz, Wagner Almeida e Cezar Magalh\u00e3es <\/figcaption><\/figure><\/div>\n\n<div class=\"wp-block-image\">\n<figure class=\"aligncenter size-full\"><img loading=\"lazy\" decoding=\"async\" width=\"716\" height=\"495\" src=\"https:\/\/dedemesquita.com.br\/wp-content\/uploads\/2023\/03\/WhatsApp-Image-2023-03-30-at-07.13.45.jpeg\" alt=\"\" class=\"wp-image-6177\"\/><figcaption class=\"wp-element-caption\">David Alves, da Secom-PA <\/figcaption><\/figure><\/div>\n\n<div class=\"wp-block-image\">\n<figure class=\"aligncenter size-full\"><img loading=\"lazy\" decoding=\"async\" width=\"720\" height=\"720\" src=\"https:\/\/dedemesquita.com.br\/wp-content\/uploads\/2023\/03\/WhatsApp-Image-2023-03-30-at-07.14.09.jpeg\" alt=\"\" class=\"wp-image-6178\" srcset=\"https:\/\/dedemesquita.com.br\/wp-content\/uploads\/2023\/03\/WhatsApp-Image-2023-03-30-at-07.14.09.jpeg 720w, https:\/\/dedemesquita.com.br\/wp-content\/uploads\/2023\/03\/WhatsApp-Image-2023-03-30-at-07.14.09-150x150.jpeg 150w\" sizes=\"(max-width: 720px) 100vw, 720px\" \/><figcaption class=\"wp-element-caption\">David Alves,. apenasmente, com essa pequena tele<\/figcaption><\/figure><\/div>\n\n<div class=\"wp-block-image\">\n<figure class=\"aligncenter size-full\"><img loading=\"lazy\" decoding=\"async\" width=\"571\" height=\"800\" src=\"https:\/\/dedemesquita.com.br\/wp-content\/uploads\/2023\/03\/WhatsApp-Image-2023-03-30-at-15.39.35-1.jpeg\" alt=\"\" class=\"wp-image-6179\"\/><figcaption class=\"wp-element-caption\">Tarso Sarraf tamb\u00e9m com a sua boa tele [foto de David Alves]<\/figcaption><\/figure><\/div>\n\n<div class=\"wp-block-image\">\n<figure class=\"aligncenter size-full\"><img loading=\"lazy\" decoding=\"async\" width=\"541\" height=\"800\" src=\"https:\/\/dedemesquita.com.br\/wp-content\/uploads\/2023\/03\/WhatsApp-Image-2023-03-30-at-15.39.35.jpeg\" alt=\"\" class=\"wp-image-6180\"\/><figcaption class=\"wp-element-caption\">A dupla que nunca pode faltar: Wagner Santana, do Di\u00e1rio do Par\u00e1, e Tarso Sarraf, de O Liberal<\/figcaption><\/figure><\/div>\n\n<div class=\"wp-block-image\">\n<figure class=\"aligncenter size-full\"><img loading=\"lazy\" decoding=\"async\" width=\"900\" height=\"675\" src=\"https:\/\/dedemesquita.com.br\/wp-content\/uploads\/2023\/03\/WhatsApp-Image-2023-03-29-at-23.27.35.jpeg\" alt=\"\" class=\"wp-image-6181\" srcset=\"https:\/\/dedemesquita.com.br\/wp-content\/uploads\/2023\/03\/WhatsApp-Image-2023-03-29-at-23.27.35.jpeg 900w, https:\/\/dedemesquita.com.br\/wp-content\/uploads\/2023\/03\/WhatsApp-Image-2023-03-29-at-23.27.35-768x576.jpeg 768w\" sizes=\"(max-width: 900px) 100vw, 900px\" \/><figcaption class=\"wp-element-caption\">Cezar Magalh\u00e3es, de volta \u00e0s coberturas futebol\u00edsticas, e Wagner Almeida, do Di\u00e1rio do Par\u00e1 <\/figcaption><\/figure><\/div>\n\n<div class=\"wp-block-image\">\n<figure class=\"aligncenter size-full\"><img loading=\"lazy\" decoding=\"async\" width=\"641\" height=\"900\" src=\"https:\/\/dedemesquita.com.br\/wp-content\/uploads\/2023\/03\/WhatsApp-Image-2023-03-30-at-16.31.45.jpeg\" alt=\"\" class=\"wp-image-6183\"\/><figcaption class=\"wp-element-caption\">Gustavo Pena, que deixou a TV Liberal, e Bruna Cabral, da SEEL <\/figcaption><\/figure><\/div>","protected":false},"excerpt":{"rendered":"<p>O est\u00e1dio Ol\u00edmpico do Par\u00e1 Jornalista Edgar Proen\u00e7a, o famoso Mangueir\u00e3o, depois de quase quatro anos fechado para uma reforma intermin\u00e1vel e milion\u00e1ria, foi reaberto no \u00faltimo domingo, dia 26, para o que foi chamado &#8220;evento-teste&#8221;: o jogo Cl\u00e1ssico Rei da Amaz\u00f4nia, Clube do Remo x Paysandu, pela semifinal da Copa Verde 2023. Nessa partida, [&hellip;]<\/p>\n","protected":false},"author":2,"featured_media":6171,"comment_status":"open","ping_status":"open","sticky":false,"template":"","format":"standard","meta":{"footnotes":""},"categories":[51,14,29],"tags":[181,119,120,144,150,244],"class_list":["post-6168","post","type-post","status-publish","format-standard","has-post-thumbnail","hentry","category-destaque","category-imprensa","category-jornalismo","tag-diario-do-para","tag-jornalismo","tag-jornalistas-paraenses-em-acao","tag-o-liberal","tag-secom-pa","tag-seel"],"yoast_head":"<!-- This site is optimized with the Yoast SEO plugin v19.10 - https:\/\/yoast.com\/wordpress\/plugins\/seo\/ -->\n<title>Imprensa marca presen\u00e7a em jogos na reabertura do est\u00e1dio Mangueir\u00e3o - Ded\u00e9 Mesquita<\/title>\n<meta name=\"robots\" content=\"index, follow, max-snippet:-1, max-image-preview:large, max-video-preview:-1\" \/>\n<link rel=\"canonical\" href=\"https:\/\/dedemesquita.com.br\/?p=6168\" \/>\n<meta property=\"og:locale\" content=\"pt_BR\" \/>\n<meta property=\"og:type\" content=\"article\" \/>\n<meta property=\"og:title\" content=\"Imprensa marca presen\u00e7a em jogos na reabertura do est\u00e1dio Mangueir\u00e3o - Ded\u00e9 Mesquita\" \/>\n<meta property=\"og:description\" content=\"O est\u00e1dio Ol\u00edmpico do Par\u00e1 Jornalista Edgar Proen\u00e7a, o famoso Mangueir\u00e3o, depois de quase quatro anos fechado para uma reforma intermin\u00e1vel e milion\u00e1ria, foi reaberto no \u00faltimo domingo, dia 26, para o que foi chamado &#8220;evento-teste&#8221;: o jogo Cl\u00e1ssico Rei da Amaz\u00f4nia, Clube do Remo x Paysandu, pela semifinal da Copa Verde 2023. Nessa partida, [&hellip;]\" \/>\n<meta property=\"og:url\" content=\"https:\/\/dedemesquita.com.br\/?p=6168\" \/>\n<meta property=\"og:site_name\" content=\"Ded\u00e9 Mesquita\" \/>\n<meta property=\"article:publisher\" content=\"https:\/\/www.facebook.com\/dede.mesquita\" \/>\n<meta property=\"article:published_time\" content=\"2023-03-30T19:33:41+00:00\" \/>\n<meta property=\"article:modified_time\" content=\"2023-03-30T21:03:31+00:00\" \/>\n<meta property=\"og:image\" content=\"https:\/\/dedemesquita.com.br\/wp-content\/uploads\/2023\/03\/WhatsApp-Image-2023-03-29-at-23.26.15.jpeg\" \/>\n\t<meta property=\"og:image:width\" content=\"800\" \/>\n\t<meta property=\"og:image:height\" content=\"573\" \/>\n\t<meta property=\"og:image:type\" content=\"image\/jpeg\" \/>\n<meta name=\"author\" content=\"Ded\u00e9 Mesquita\" \/>\n<meta name=\"twitter:card\" content=\"summary_large_image\" \/>\n<meta name=\"twitter:creator\" content=\"@dedemesquita\" \/>\n<meta name=\"twitter:site\" content=\"@dedemesquita\" \/>\n<meta name=\"twitter:label1\" content=\"Escrito por\" \/>\n\t<meta name=\"twitter:data1\" content=\"Ded\u00e9 Mesquita\" \/>\n\t<meta name=\"twitter:label2\" content=\"Est. tempo de leitura\" \/>\n\t<meta name=\"twitter:data2\" content=\"4 minutos\" \/>\n<script type=\"application\/ld+json\" class=\"yoast-schema-graph\">{\"@context\":\"https:\/\/schema.org\",\"@graph\":[{\"@type\":\"WebPage\",\"@id\":\"https:\/\/dedemesquita.com.br\/?p=6168\",\"url\":\"https:\/\/dedemesquita.com.br\/?p=6168\",\"name\":\"Imprensa marca presen\u00e7a em jogos na reabertura do est\u00e1dio Mangueir\u00e3o - Ded\u00e9 Mesquita\",\"isPartOf\":{\"@id\":\"https:\/\/dedemesquita.com.br\/#website\"},\"datePublished\":\"2023-03-30T19:33:41+00:00\",\"dateModified\":\"2023-03-30T21:03:31+00:00\",\"author\":{\"@id\":\"https:\/\/dedemesquita.com.br\/#\/schema\/person\/36571f81dd2d76dc3ab37231542c9e24\"},\"breadcrumb\":{\"@id\":\"https:\/\/dedemesquita.com.br\/?p=6168#breadcrumb\"},\"inLanguage\":\"pt-BR\",\"potentialAction\":[{\"@type\":\"ReadAction\",\"target\":[\"https:\/\/dedemesquita.com.br\/?p=6168\"]}]},{\"@type\":\"BreadcrumbList\",\"@id\":\"https:\/\/dedemesquita.com.br\/?p=6168#breadcrumb\",\"itemListElement\":[{\"@type\":\"ListItem\",\"position\":1,\"name\":\"In\u00edcio\",\"item\":\"https:\/\/dedemesquita.com.br\/\"},{\"@type\":\"ListItem\",\"position\":2,\"name\":\"Imprensa marca presen\u00e7a em jogos na reabertura do est\u00e1dio Mangueir\u00e3o\"}]},{\"@type\":\"WebSite\",\"@id\":\"https:\/\/dedemesquita.com.br\/#website\",\"url\":\"https:\/\/dedemesquita.com.br\/\",\"name\":\"Ded\u00e9 Mesquita\",\"description\":\"Um site que mostra os bastidores da imprensa no estado do Par\u00e1 e em Bel\u00e9m\",\"potentialAction\":[{\"@type\":\"SearchAction\",\"target\":{\"@type\":\"EntryPoint\",\"urlTemplate\":\"https:\/\/dedemesquita.com.br\/?s={search_term_string}\"},\"query-input\":\"required name=search_term_string\"}],\"inLanguage\":\"pt-BR\"},{\"@type\":\"Person\",\"@id\":\"https:\/\/dedemesquita.com.br\/#\/schema\/person\/36571f81dd2d76dc3ab37231542c9e24\",\"name\":\"Ded\u00e9 Mesquita\",\"image\":{\"@type\":\"ImageObject\",\"inLanguage\":\"pt-BR\",\"@id\":\"https:\/\/dedemesquita.com.br\/#\/schema\/person\/image\/\",\"url\":\"https:\/\/dedemesquita.com.br\/wp-content\/uploads\/2021\/02\/foto_perfil-150x150.jpg\",\"contentUrl\":\"https:\/\/dedemesquita.com.br\/wp-content\/uploads\/2021\/02\/foto_perfil-150x150.jpg\",\"caption\":\"Ded\u00e9 Mesquita\"},\"sameAs\":[\"https:\/\/dedemesquita.com.br\"]}]}<\/script>\n<!-- \/ Yoast SEO plugin. -->","yoast_head_json":{"title":"Imprensa marca presen\u00e7a em jogos na reabertura do est\u00e1dio Mangueir\u00e3o - Ded\u00e9 Mesquita","robots":{"index":"index","follow":"follow","max-snippet":"max-snippet:-1","max-image-preview":"max-image-preview:large","max-video-preview":"max-video-preview:-1"},"canonical":"https:\/\/dedemesquita.com.br\/?p=6168","og_locale":"pt_BR","og_type":"article","og_title":"Imprensa marca presen\u00e7a em jogos na reabertura do est\u00e1dio Mangueir\u00e3o - Ded\u00e9 Mesquita","og_description":"O est\u00e1dio Ol\u00edmpico do Par\u00e1 Jornalista Edgar Proen\u00e7a, o famoso Mangueir\u00e3o, depois de quase quatro anos fechado para uma reforma intermin\u00e1vel e milion\u00e1ria, foi reaberto no \u00faltimo domingo, dia 26, para o que foi chamado &#8220;evento-teste&#8221;: o jogo Cl\u00e1ssico Rei da Amaz\u00f4nia, Clube do Remo x Paysandu, pela semifinal da Copa Verde 2023. Nessa partida, [&hellip;]","og_url":"https:\/\/dedemesquita.com.br\/?p=6168","og_site_name":"Ded\u00e9 Mesquita","article_publisher":"https:\/\/www.facebook.com\/dede.mesquita","article_published_time":"2023-03-30T19:33:41+00:00","article_modified_time":"2023-03-30T21:03:31+00:00","og_image":[{"width":800,"height":573,"url":"https:\/\/dedemesquita.com.br\/wp-content\/uploads\/2023\/03\/WhatsApp-Image-2023-03-29-at-23.26.15.jpeg","type":"image\/jpeg"}],"author":"Ded\u00e9 Mesquita","twitter_card":"summary_large_image","twitter_creator":"@dedemesquita","twitter_site":"@dedemesquita","twitter_misc":{"Escrito por":"Ded\u00e9 Mesquita","Est. tempo de leitura":"4 minutos"},"schema":{"@context":"https:\/\/schema.org","@graph":[{"@type":"WebPage","@id":"https:\/\/dedemesquita.com.br\/?p=6168","url":"https:\/\/dedemesquita.com.br\/?p=6168","name":"Imprensa marca presen\u00e7a em jogos na reabertura do est\u00e1dio Mangueir\u00e3o - Ded\u00e9 Mesquita","isPartOf":{"@id":"https:\/\/dedemesquita.com.br\/#website"},"datePublished":"2023-03-30T19:33:41+00:00","dateModified":"2023-03-30T21:03:31+00:00","author":{"@id":"https:\/\/dedemesquita.com.br\/#\/schema\/person\/36571f81dd2d76dc3ab37231542c9e24"},"breadcrumb":{"@id":"https:\/\/dedemesquita.com.br\/?p=6168#breadcrumb"},"inLanguage":"pt-BR","potentialAction":[{"@type":"ReadAction","target":["https:\/\/dedemesquita.com.br\/?p=6168"]}]},{"@type":"BreadcrumbList","@id":"https:\/\/dedemesquita.com.br\/?p=6168#breadcrumb","itemListElement":[{"@type":"ListItem","position":1,"name":"In\u00edcio","item":"https:\/\/dedemesquita.com.br\/"},{"@type":"ListItem","position":2,"name":"Imprensa marca presen\u00e7a em jogos na reabertura do est\u00e1dio Mangueir\u00e3o"}]},{"@type":"WebSite","@id":"https:\/\/dedemesquita.com.br\/#website","url":"https:\/\/dedemesquita.com.br\/","name":"Ded\u00e9 Mesquita","description":"Um site que mostra os bastidores da imprensa no estado do Par\u00e1 e em Bel\u00e9m","potentialAction":[{"@type":"SearchAction","target":{"@type":"EntryPoint","urlTemplate":"https:\/\/dedemesquita.com.br\/?s={search_term_string}"},"query-input":"required name=search_term_string"}],"inLanguage":"pt-BR"},{"@type":"Person","@id":"https:\/\/dedemesquita.com.br\/#\/schema\/person\/36571f81dd2d76dc3ab37231542c9e24","name":"Ded\u00e9 Mesquita","image":{"@type":"ImageObject","inLanguage":"pt-BR","@id":"https:\/\/dedemesquita.com.br\/#\/schema\/person\/image\/","url":"https:\/\/dedemesquita.com.br\/wp-content\/uploads\/2021\/02\/foto_perfil-150x150.jpg","contentUrl":"https:\/\/dedemesquita.com.br\/wp-content\/uploads\/2021\/02\/foto_perfil-150x150.jpg","caption":"Ded\u00e9 Mesquita"},"sameAs":["https:\/\/dedemesquita.com.br"]}]}},"_links":{"self":[{"href":"https:\/\/dedemesquita.com.br\/index.php?rest_route=\/wp\/v2\/posts\/6168"}],"collection":[{"href":"https:\/\/dedemesquita.com.br\/index.php?rest_route=\/wp\/v2\/posts"}],"about":[{"href":"https:\/\/dedemesquita.com.br\/index.php?rest_route=\/wp\/v2\/types\/post"}],"author":[{"embeddable":true,"href":"https:\/\/dedemesquita.com.br\/index.php?rest_route=\/wp\/v2\/users\/2"}],"replies":[{"embeddable":true,"href":"https:\/\/dedemesquita.com.br\/index.php?rest_route=%2Fwp%2Fv2%2Fcomments&post=6168"}],"version-history":[{"count":6,"href":"https:\/\/dedemesquita.com.br\/index.php?rest_route=\/wp\/v2\/posts\/6168\/revisions"}],"predecessor-version":[{"id":6187,"href":"https:\/\/dedemesquita.com.br\/index.php?rest_route=\/wp\/v2\/posts\/6168\/revisions\/6187"}],"wp:featuredmedia":[{"embeddable":true,"href":"https:\/\/dedemesquita.com.br\/index.php?rest_route=\/wp\/v2\/media\/6171"}],"wp:attachment":[{"href":"https:\/\/dedemesquita.com.br\/index.php?rest_route=%2Fwp%2Fv2%2Fmedia&parent=6168"}],"wp:term":[{"taxonomy":"category","embeddable":true,"href":"https:\/\/dedemesquita.com.br\/index.php?rest_route=%2Fwp%2Fv2%2Fcategories&post=6168"},{"taxonomy":"post_tag","embeddable":true,"href":"https:\/\/dedemesquita.com.br\/index.php?rest_route=%2Fwp%2Fv2%2Ftags&post=6168"}],"curies":[{"name":"wp","href":"https:\/\/api.w.org\/{rel}","templated":true}]}}