{"id":6050,"date":"2023-03-14T14:06:16","date_gmt":"2023-03-14T17:06:16","guid":{"rendered":"https:\/\/dedemesquita.com.br\/?p=6050"},"modified":"2023-03-14T18:02:52","modified_gmt":"2023-03-14T21:02:52","slug":"fabiano-villela-vai-deixar-a-tv-liberal-e-mais-novidades-da-imprensa-de-belem","status":"publish","type":"post","link":"https:\/\/dedemesquita.com.br\/?p=6050","title":{"rendered":"Fabiano Villela vai deixar a TV Liberal e mais novidades da imprensa de Bel\u00e9m"},"content":{"rendered":"\n<p>Come\u00e7amos a ter\u00e7a-feira de atualiza\u00e7\u00f5es com muitas novidades sobre a imprensa de Bel\u00e9m e do Par\u00e1<\/p>\n\n\n\n<p><strong>Fabiano &#8211;<\/strong> Depois de um bom par de anos, o rep\u00f3rter de rede da Globo, na TV Liberal, o carioca <strong>Fabiano Villela<\/strong>, deixa aquela emissora no final deste m\u00eas de mar\u00e7o. Fabiano ser\u00e1 transferido para a Globo Minas Gerais. S\u00f3 lembrando que Fabiano \u00e9 o terceiro rep\u00f3rter de rede, de fora do Par\u00e1, na TV Liberal, antes dele foram Jonas Campos, do Rio Grande do Sul; e Roberto Paiva, de S\u00e3o Paulo.<\/p>\n\n\n\n<p><strong>Lucas &#8211; <\/strong>O jornalista <strong>Lucas Costa<\/strong> deixou a Reda\u00e7\u00e3o Integrada O Liberal, onde ficou durante cinco anos. Ele come\u00e7ou como estagi\u00e1rio, depois rep\u00f3rter de cultura no impresso, passou pela m\u00eddia on-line, e teve como \u00faltima fun\u00e7\u00e3o a reportagem para redes sociais.<\/p>\n\n\n<div class=\"wp-block-image\">\n<figure class=\"aligncenter size-full\"><img loading=\"lazy\" decoding=\"async\" width=\"542\" height=\"440\" src=\"https:\/\/dedemesquita.com.br\/wp-content\/uploads\/2023\/03\/LUCAS_COSTA.png\" alt=\"\" class=\"wp-image-6061\"\/><figcaption class=\"wp-element-caption\">Lucas Costa deixou a Reda\u00e7\u00e3o Integrada O Liberal  &#8211; foto de Filipe Bispo<\/figcaption><\/figure><\/div>\n\n\n<p><strong>Nil Muniz &#8211;<\/strong> O jornalista paraense <strong>Nil Muniz<\/strong>, que foi da Secom-PA e passou pela comunica\u00e7\u00e3o da hidrel\u00e9trica de Belo Monte, em Altamira, mudou de estado, mas n\u00e3o de empresa. Ele continua como analista de comunica\u00e7\u00e3o na ag\u00eancia <strong>MassMedia<\/strong>, mas agora em S\u00e3o Paulo. Ele come\u00e7ou na coordena\u00e7\u00e3o do atendimento de assessoria de imprensa da Ecovias &#8211; Sistema Anchieta-Imigrantes e Ecopistas &#8211; corredor Ayrton Senna-Carvalho Pinto, administrados pelo <strong>grupo EcoRodovias.<\/strong><\/p>\n\n\n<div class=\"wp-block-image\">\n<figure class=\"aligncenter size-full\"><img loading=\"lazy\" decoding=\"async\" width=\"750\" height=\"545\" src=\"https:\/\/dedemesquita.com.br\/wp-content\/uploads\/2023\/03\/NIL-MUNIZ.png\" alt=\"\" class=\"wp-image-6062\"\/><figcaption class=\"wp-element-caption\">Nil Muniz continua na ag\u00eancia Mass Media, agora em S\u00e3o Paulo <\/figcaption><\/figure><\/div>\n\n\n<p><strong>Bruno &#8211;<\/strong> O jornalista <strong>Bruno Nascimento<\/strong> deixou a comunica\u00e7\u00e3o da Associa\u00e7\u00e3o dos Cabos e Soldados da Pol\u00edcia Militar e Bombeiros Militar do Par\u00e1 &#8211; ACSPMBMPA, na qual ficou por quase quatro anos, para assumir a vaga de analista de comunica\u00e7\u00e3o na <strong>OAB Santa Catarina<\/strong>, em Florian\u00f3polis.<\/p>\n\n\n<div class=\"wp-block-image\">\n<figure class=\"aligncenter size-full\"><img loading=\"lazy\" decoding=\"async\" width=\"745\" height=\"777\" src=\"https:\/\/dedemesquita.com.br\/wp-content\/uploads\/2023\/03\/BRUNO-NASCIMENTO.jpeg\" alt=\"\" class=\"wp-image-6078\"\/><figcaption class=\"wp-element-caption\">Bruno Nascimento deixou Bel\u00e9m por Florian\u00f3polis <\/figcaption><\/figure><\/div>\n\n\n<p><strong>Helena &#8211; <\/strong>A jornalista <strong>Helena Saria<\/strong> come\u00e7ou a trabalhar na <strong>assessoria de comunica\u00e7\u00e3o de Carmen Foro<\/strong>, secret\u00e1ria de Articula\u00e7\u00e3o Institucional, A\u00e7\u00f5es Tem\u00e1ticas e Participa\u00e7\u00e3o Pol\u00edtica do Minist\u00e9rio das Mulheres. Contato com a Helena: <strong>91 98591-6625<\/strong>. <\/p>\n\n\n<div class=\"wp-block-image\">\n<figure class=\"aligncenter size-full\"><img loading=\"lazy\" decoding=\"async\" width=\"750\" height=\"666\" src=\"https:\/\/dedemesquita.com.br\/wp-content\/uploads\/2023\/03\/WhatsApp-Image-2023-03-09-at-13.15.12.jpeg\" alt=\"\" class=\"wp-image-6059\"\/><figcaption class=\"wp-element-caption\">Helena Saria est\u00e1 em nova fun\u00e7\u00e3o <\/figcaption><\/figure><\/div>\n\n\n<p><strong>Feito em Casa &#8211; <\/strong>O programa \u201cFeito em Casa\u201d, capitaneado pela radialista <strong>Helo\u00edsa Huhn<\/strong>, na r\u00e1dio e TV Nova Bel\u00e9m, passou a ter uma sequ\u00eancia chamada <strong>\u201cPol\u00edtica em Casa\u201d<\/strong>, que \u00e9 comandado pela jornalista <strong>Cl\u00e9o Soares<\/strong>.<\/p>\n\n\n\n<p><strong>Fab\u00edola &#8211; Fab\u00edola Batista<\/strong> passou a integrar a equipe da ag\u00eancia <strong>Fato Relevante<\/strong>, contratada como executiva s\u00eanior. Ex-Temple, In Press Porter Novelli e Secom do Governo do Estado do Par\u00e1, ela atuar\u00e1 a partir de Bel\u00e9m.<\/p>\n\n\n\n<p><strong>Dominik &#8211; Dominik Giusti<\/strong> come\u00e7ou em um novo cargo de coordenadora de comunica\u00e7\u00e3o e relacionamento na ag\u00eancia <strong>Tuya Comunica\u00e7\u00e3o e Conex\u00f5es<\/strong>, que \u00e9 a nova empresa dela, em substitui\u00e7\u00e3o \u00e0 Sorella Conte\u00fado. Domi continua como empreendedora que sempre foi, al\u00e9m de ter o emprego em Bras\u00edlia, na comunica\u00e7\u00e3o do&nbsp;<strong>Instituto Sociedade, Popula\u00e7\u00e3o e Natureza \u2013 ISPN<\/strong>, como j\u00e1 comentei aqui. <\/p>\n\n\n<div class=\"wp-block-image\">\n<figure class=\"aligncenter size-full\"><img loading=\"lazy\" decoding=\"async\" width=\"700\" height=\"662\" src=\"https:\/\/dedemesquita.com.br\/wp-content\/uploads\/2023\/01\/DOMINIK.jpg\" alt=\"\" class=\"wp-image-5781\"\/><figcaption class=\"wp-element-caption\">Dominik Giusti tem nova ag\u00eancia, a Tuya, em substitui\u00e7\u00e3o \u00e0 Sorella Conte\u00fado<\/figcaption><\/figure><\/div>\n\n\n<p><strong>Adepar\u00e1 &#8211;<\/strong> A <strong>Adepar\u00e1 <\/strong>tem nova assessora. <strong>Ivana Barreto<\/strong>, que estava na assessoria de imprensa da Prefeitura de Benevides, assumiu a vaga deixada por Manuela Viana. Contatos: <strong><a href=\"mailto:adeparaimprensa@gmail.com\">adeparaimprensa@gmail.com<\/a> <\/strong>e 91 99115 3763. A <strong>Rosa Cardoso<\/strong> continua nessa assessoria, no contato 91 99986 4652<\/p>\n\n\n<div class=\"wp-block-image\">\n<figure class=\"aligncenter size-full\"><img loading=\"lazy\" decoding=\"async\" width=\"850\" height=\"793\" src=\"https:\/\/dedemesquita.com.br\/wp-content\/uploads\/2023\/01\/IVANA_BARRETO.jpeg\" alt=\"\" class=\"wp-image-5699\" srcset=\"https:\/\/dedemesquita.com.br\/wp-content\/uploads\/2023\/01\/IVANA_BARRETO.jpeg 850w, https:\/\/dedemesquita.com.br\/wp-content\/uploads\/2023\/01\/IVANA_BARRETO-768x716.jpeg 768w\" sizes=\"(max-width: 850px) 100vw, 850px\" \/><figcaption class=\"wp-element-caption\">Ivana Barreto \u00e9 a nova assessora da Adepar\u00e1 <\/figcaption><\/figure><\/div>\n\n\n<p><strong>Comunica\u00e7\u00e3o<\/strong> &#8211; A jornalista e empres\u00e1ria <strong>Cleide Pinheiro<\/strong>, s\u00f3cia-diretora da <strong>Temple Comunica\u00e7\u00e3o<\/strong>, vai palestrar sobre reputa\u00e7\u00e3o na era das crises e dos cancelamentos, em um encontro com empreendedores paraenses. Promovido pelo Instituto TELA, por meio da Rede de Empreendedores Crist\u00e3os, o evento ocorrer\u00e1 nos dias 16 e 17 deste m\u00eas, no audit\u00f3rio Albano Franco, da FIEPA, em Bel\u00e9m. Empres\u00e1rios de diversos segmentos estar\u00e3o presentes. A programa\u00e7\u00e3o reunir\u00e1 representantes de v\u00e1rias regi\u00f5es do pa\u00eds com o objetivo de ampliar a rede de empreendedores locais. As inscri\u00e7\u00f5es e a programa\u00e7\u00e3o completa do encontro est\u00e3o dispon\u00edveis no site<strong> <a href=\"http:\/\/www.telanegociosemissoes.com.br\">www.telanegociosemissoes.com.br<\/a><\/strong><\/p>\n\n\n<div class=\"wp-block-image\">\n<figure class=\"aligncenter size-full\"><img loading=\"lazy\" decoding=\"async\" width=\"750\" height=\"499\" src=\"https:\/\/dedemesquita.com.br\/wp-content\/uploads\/2023\/03\/Foto-da-Cleide-Pinheiro-1.jpeg\" alt=\"\" class=\"wp-image-6058\" srcset=\"https:\/\/dedemesquita.com.br\/wp-content\/uploads\/2023\/03\/Foto-da-Cleide-Pinheiro-1.jpeg 750w, https:\/\/dedemesquita.com.br\/wp-content\/uploads\/2023\/03\/Foto-da-Cleide-Pinheiro-1-600x398.jpeg 600w\" sizes=\"(max-width: 750px) 100vw, 750px\" \/><figcaption class=\"wp-element-caption\">Cleide Pinheiro vai fazer palestra sobre reputa\u00e7\u00e3o na era das crises e dos cancelamentos<\/figcaption><\/figure><\/div>\n\n\n<p><strong>Livro &#8211; <\/strong>O jornalista <strong>Francisco Sidou<\/strong> lan\u00e7ou seu mais novo livro, na semana passada, <strong>\u201cMeros Toques de um Jornalista Cidad\u00e3o\u201d<\/strong>, uma colet\u00e2nea de artigos publicados e reminisc\u00eancias de d\u00e9cadas da atua\u00e7\u00e3o dele na imprensa paraense, com sess\u00e3o de aut\u00f3grafos no palacete Bolonha, em Bel\u00e9m. O livro tem pref\u00e1cio do juiz Ernane Malato e \u201corelha\u201d da jornalista Franssinete Florenzano, presidente da Academia Paraense de Jornalismo, e as ilustra\u00e7\u00f5es s\u00e3o do artista Paulo Emmanuel.<\/p>\n\n\n<div class=\"wp-block-image\">\n<figure class=\"aligncenter size-full\"><img loading=\"lazy\" decoding=\"async\" width=\"800\" height=\"472\" src=\"https:\/\/dedemesquita.com.br\/wp-content\/uploads\/2023\/03\/SIDOU.jpg\" alt=\"\" class=\"wp-image-6064\" srcset=\"https:\/\/dedemesquita.com.br\/wp-content\/uploads\/2023\/03\/SIDOU.jpg 800w, https:\/\/dedemesquita.com.br\/wp-content\/uploads\/2023\/03\/SIDOU-768x453.jpg 768w\" sizes=\"(max-width: 800px) 100vw, 800px\" \/><figcaption class=\"wp-element-caption\">Francisco Sidou (de chap\u00e9u) lan\u00e7ou novo livro <\/figcaption><\/figure><\/div>\n\n\n<p><strong>Tupinamb\u00e1 &#8211; Angelo Madson Tupinamb\u00e1<\/strong>, da <strong>ONG Idade M\u00eddia<\/strong> &#8211; Comunica\u00e7\u00e3o para Cidadania, mostrou a r\u00e1dio Ribeirinha Murukutu, que fica \u00e0s margens do rio Guam\u00e1, no Territ\u00f3rio Hist\u00f3rico e Ancestral Murucutu, bairro Curi\u00f3-Utinga, em Bel\u00e9m, em grava\u00e7\u00e3o para &#8220;Sucess Histories&#8221;, <strong>da ag\u00eancia Internews<\/strong>, programa Enraizado na Confian\u00e7a &#8211; Rooted in Trust 2.0 &#8211; e USAID United States Agency for International Development.<\/p>\n\n\n<div class=\"wp-block-image\">\n<figure class=\"aligncenter size-full\"><img loading=\"lazy\" decoding=\"async\" width=\"750\" height=\"438\" src=\"https:\/\/dedemesquita.com.br\/wp-content\/uploads\/2023\/03\/RADIO.jpg\" alt=\"\" class=\"wp-image-6065\"\/><figcaption class=\"wp-element-caption\">Angelo Madson Tupinamb\u00e1 durante a grava\u00e7\u00e3o do programa <\/figcaption><\/figure><\/div>\n\n\n<p><strong>Marx na mostra da ARFOC &#8211; <\/strong>No domingo, dia 5, os coleguinhas <strong>Marx Vasconcelos<\/strong>&nbsp;e&nbsp;<strong>Tarso Sarraf<\/strong>, selecionados para a 17a. Mostra Anual de Fotojornalismo da ARFOC-SP, a Associa\u00e7\u00e3o de Rep\u00f3rteres Fotogr\u00e1ficos e&nbsp;Cinematogr\u00e1ficos no Estado de S\u00e3o Paulo, tiveram as fotos deles projetadas&nbsp;no elevado Jo\u00e3o Goulart, mais conhecido como&nbsp;Minhoc\u00e3o, no Centro da capital paulista, S\u00e3o Paulo. Marx est\u00e1 na categoria&nbsp;Individual&nbsp;e Tarso na categoria&nbsp;V\u00eddeo-reportagem.<\/p>\n\n\n<div class=\"wp-block-image\">\n<figure class=\"aligncenter size-full\"><img loading=\"lazy\" decoding=\"async\" width=\"800\" height=\"564\" src=\"https:\/\/dedemesquita.com.br\/wp-content\/uploads\/2023\/03\/WhatsApp-Image-2023-03-08-at-08.32.36.jpeg\" alt=\"\" class=\"wp-image-6055\" srcset=\"https:\/\/dedemesquita.com.br\/wp-content\/uploads\/2023\/03\/WhatsApp-Image-2023-03-08-at-08.32.36.jpeg 800w, https:\/\/dedemesquita.com.br\/wp-content\/uploads\/2023\/03\/WhatsApp-Image-2023-03-08-at-08.32.36-768x541.jpeg 768w\" sizes=\"(max-width: 800px) 100vw, 800px\" \/><figcaption class=\"wp-element-caption\">A foto de Marx selecionada pela ARFOC-SP <\/figcaption><\/figure><\/div>\n\n<div class=\"wp-block-image\">\n<figure class=\"aligncenter size-full\"><img loading=\"lazy\" decoding=\"async\" width=\"601\" height=\"800\" src=\"https:\/\/dedemesquita.com.br\/wp-content\/uploads\/2023\/03\/WhatsApp-Image-2023-03-08-at-08.32.35.jpeg\" alt=\"\" class=\"wp-image-6056\"\/><figcaption class=\"wp-element-caption\">Marx sendo fotografado durante a participa\u00e7\u00e3o dele na mostra da ARFOC-SP<\/figcaption><\/figure><\/div>\n\n<div class=\"wp-block-image\">\n<figure class=\"aligncenter size-full\"><img loading=\"lazy\" decoding=\"async\" width=\"800\" height=\"648\" src=\"https:\/\/dedemesquita.com.br\/wp-content\/uploads\/2023\/03\/WhatsApp-Image-2023-03-08-at-08.32.19.jpeg\" alt=\"\" class=\"wp-image-6057\" srcset=\"https:\/\/dedemesquita.com.br\/wp-content\/uploads\/2023\/03\/WhatsApp-Image-2023-03-08-at-08.32.19.jpeg 800w, https:\/\/dedemesquita.com.br\/wp-content\/uploads\/2023\/03\/WhatsApp-Image-2023-03-08-at-08.32.19-768x622.jpeg 768w\" sizes=\"(max-width: 800px) 100vw, 800px\" \/><figcaption class=\"wp-element-caption\">A proje\u00e7\u00e3o da foto de Marx em um dos pr\u00e9dios que ladeiam o elevado Minhoc\u00e3o, em S\u00e3o Paulo <\/figcaption><\/figure><\/div>","protected":false},"excerpt":{"rendered":"<p>Come\u00e7amos a ter\u00e7a-feira de atualiza\u00e7\u00f5es com muitas novidades sobre a imprensa de Bel\u00e9m e do Par\u00e1 Fabiano &#8211; Depois de um bom par de anos, o rep\u00f3rter de rede da Globo, na TV Liberal, o carioca Fabiano Villela, deixa aquela emissora no final deste m\u00eas de mar\u00e7o. Fabiano ser\u00e1 transferido para a Globo Minas Gerais. [&hellip;]<\/p>\n","protected":false},"author":2,"featured_media":6060,"comment_status":"open","ping_status":"open","sticky":false,"template":"","format":"standard","meta":{"footnotes":""},"categories":[51,14,29],"tags":[119,120,144,162,137],"class_list":["post-6050","post","type-post","status-publish","format-standard","has-post-thumbnail","hentry","category-destaque","category-imprensa","category-jornalismo","tag-jornalismo","tag-jornalistas-paraenses-em-acao","tag-o-liberal","tag-temple-comunicacao","tag-tv-liberal"],"yoast_head":"<!-- This site is optimized with the Yoast SEO plugin v19.10 - https:\/\/yoast.com\/wordpress\/plugins\/seo\/ -->\n<title>Fabiano Villela vai deixar a TV Liberal e mais novidades da imprensa de Bel\u00e9m - Ded\u00e9 Mesquita<\/title>\n<meta name=\"robots\" content=\"index, follow, max-snippet:-1, max-image-preview:large, max-video-preview:-1\" \/>\n<link rel=\"canonical\" href=\"https:\/\/dedemesquita.com.br\/?p=6050\" \/>\n<meta property=\"og:locale\" content=\"pt_BR\" \/>\n<meta property=\"og:type\" content=\"article\" \/>\n<meta property=\"og:title\" content=\"Fabiano Villela vai deixar a TV Liberal e mais novidades da imprensa de Bel\u00e9m - Ded\u00e9 Mesquita\" \/>\n<meta property=\"og:description\" content=\"Come\u00e7amos a ter\u00e7a-feira de atualiza\u00e7\u00f5es com muitas novidades sobre a imprensa de Bel\u00e9m e do Par\u00e1 Fabiano &#8211; Depois de um bom par de anos, o rep\u00f3rter de rede da Globo, na TV Liberal, o carioca Fabiano Villela, deixa aquela emissora no final deste m\u00eas de mar\u00e7o. Fabiano ser\u00e1 transferido para a Globo Minas Gerais. [&hellip;]\" \/>\n<meta property=\"og:url\" content=\"https:\/\/dedemesquita.com.br\/?p=6050\" \/>\n<meta property=\"og:site_name\" content=\"Ded\u00e9 Mesquita\" \/>\n<meta property=\"article:publisher\" content=\"https:\/\/www.facebook.com\/dede.mesquita\" \/>\n<meta property=\"article:published_time\" content=\"2023-03-14T17:06:16+00:00\" \/>\n<meta property=\"article:modified_time\" content=\"2023-03-14T21:02:52+00:00\" \/>\n<meta property=\"og:image\" content=\"https:\/\/dedemesquita.com.br\/wp-content\/uploads\/2023\/03\/FABIANO-VILLELA.jpg\" \/>\n\t<meta property=\"og:image:width\" content=\"1000\" \/>\n\t<meta property=\"og:image:height\" content=\"624\" \/>\n\t<meta property=\"og:image:type\" content=\"image\/jpeg\" \/>\n<meta name=\"author\" content=\"Ded\u00e9 Mesquita\" \/>\n<meta name=\"twitter:card\" content=\"summary_large_image\" \/>\n<meta name=\"twitter:creator\" content=\"@dedemesquita\" \/>\n<meta name=\"twitter:site\" content=\"@dedemesquita\" \/>\n<meta name=\"twitter:label1\" content=\"Escrito por\" \/>\n\t<meta name=\"twitter:data1\" content=\"Ded\u00e9 Mesquita\" \/>\n\t<meta name=\"twitter:label2\" content=\"Est. tempo de leitura\" \/>\n\t<meta name=\"twitter:data2\" content=\"8 minutos\" \/>\n<script type=\"application\/ld+json\" class=\"yoast-schema-graph\">{\"@context\":\"https:\/\/schema.org\",\"@graph\":[{\"@type\":\"WebPage\",\"@id\":\"https:\/\/dedemesquita.com.br\/?p=6050\",\"url\":\"https:\/\/dedemesquita.com.br\/?p=6050\",\"name\":\"Fabiano Villela vai deixar a TV Liberal e mais novidades da imprensa de Bel\u00e9m - Ded\u00e9 Mesquita\",\"isPartOf\":{\"@id\":\"https:\/\/dedemesquita.com.br\/#website\"},\"datePublished\":\"2023-03-14T17:06:16+00:00\",\"dateModified\":\"2023-03-14T21:02:52+00:00\",\"author\":{\"@id\":\"https:\/\/dedemesquita.com.br\/#\/schema\/person\/36571f81dd2d76dc3ab37231542c9e24\"},\"breadcrumb\":{\"@id\":\"https:\/\/dedemesquita.com.br\/?p=6050#breadcrumb\"},\"inLanguage\":\"pt-BR\",\"potentialAction\":[{\"@type\":\"ReadAction\",\"target\":[\"https:\/\/dedemesquita.com.br\/?p=6050\"]}]},{\"@type\":\"BreadcrumbList\",\"@id\":\"https:\/\/dedemesquita.com.br\/?p=6050#breadcrumb\",\"itemListElement\":[{\"@type\":\"ListItem\",\"position\":1,\"name\":\"In\u00edcio\",\"item\":\"https:\/\/dedemesquita.com.br\/\"},{\"@type\":\"ListItem\",\"position\":2,\"name\":\"Fabiano Villela vai deixar a TV Liberal e mais novidades da imprensa de Bel\u00e9m\"}]},{\"@type\":\"WebSite\",\"@id\":\"https:\/\/dedemesquita.com.br\/#website\",\"url\":\"https:\/\/dedemesquita.com.br\/\",\"name\":\"Ded\u00e9 Mesquita\",\"description\":\"Um site que mostra os bastidores da imprensa no estado do Par\u00e1 e em Bel\u00e9m\",\"potentialAction\":[{\"@type\":\"SearchAction\",\"target\":{\"@type\":\"EntryPoint\",\"urlTemplate\":\"https:\/\/dedemesquita.com.br\/?s={search_term_string}\"},\"query-input\":\"required name=search_term_string\"}],\"inLanguage\":\"pt-BR\"},{\"@type\":\"Person\",\"@id\":\"https:\/\/dedemesquita.com.br\/#\/schema\/person\/36571f81dd2d76dc3ab37231542c9e24\",\"name\":\"Ded\u00e9 Mesquita\",\"image\":{\"@type\":\"ImageObject\",\"inLanguage\":\"pt-BR\",\"@id\":\"https:\/\/dedemesquita.com.br\/#\/schema\/person\/image\/\",\"url\":\"https:\/\/dedemesquita.com.br\/wp-content\/uploads\/2021\/02\/foto_perfil-150x150.jpg\",\"contentUrl\":\"https:\/\/dedemesquita.com.br\/wp-content\/uploads\/2021\/02\/foto_perfil-150x150.jpg\",\"caption\":\"Ded\u00e9 Mesquita\"},\"sameAs\":[\"https:\/\/dedemesquita.com.br\"]}]}<\/script>\n<!-- \/ Yoast SEO plugin. -->","yoast_head_json":{"title":"Fabiano Villela vai deixar a TV Liberal e mais novidades da imprensa de Bel\u00e9m - Ded\u00e9 Mesquita","robots":{"index":"index","follow":"follow","max-snippet":"max-snippet:-1","max-image-preview":"max-image-preview:large","max-video-preview":"max-video-preview:-1"},"canonical":"https:\/\/dedemesquita.com.br\/?p=6050","og_locale":"pt_BR","og_type":"article","og_title":"Fabiano Villela vai deixar a TV Liberal e mais novidades da imprensa de Bel\u00e9m - Ded\u00e9 Mesquita","og_description":"Come\u00e7amos a ter\u00e7a-feira de atualiza\u00e7\u00f5es com muitas novidades sobre a imprensa de Bel\u00e9m e do Par\u00e1 Fabiano &#8211; Depois de um bom par de anos, o rep\u00f3rter de rede da Globo, na TV Liberal, o carioca Fabiano Villela, deixa aquela emissora no final deste m\u00eas de mar\u00e7o. Fabiano ser\u00e1 transferido para a Globo Minas Gerais. [&hellip;]","og_url":"https:\/\/dedemesquita.com.br\/?p=6050","og_site_name":"Ded\u00e9 Mesquita","article_publisher":"https:\/\/www.facebook.com\/dede.mesquita","article_published_time":"2023-03-14T17:06:16+00:00","article_modified_time":"2023-03-14T21:02:52+00:00","og_image":[{"width":1000,"height":624,"url":"https:\/\/dedemesquita.com.br\/wp-content\/uploads\/2023\/03\/FABIANO-VILLELA.jpg","type":"image\/jpeg"}],"author":"Ded\u00e9 Mesquita","twitter_card":"summary_large_image","twitter_creator":"@dedemesquita","twitter_site":"@dedemesquita","twitter_misc":{"Escrito por":"Ded\u00e9 Mesquita","Est. tempo de leitura":"8 minutos"},"schema":{"@context":"https:\/\/schema.org","@graph":[{"@type":"WebPage","@id":"https:\/\/dedemesquita.com.br\/?p=6050","url":"https:\/\/dedemesquita.com.br\/?p=6050","name":"Fabiano Villela vai deixar a TV Liberal e mais novidades da imprensa de Bel\u00e9m - Ded\u00e9 Mesquita","isPartOf":{"@id":"https:\/\/dedemesquita.com.br\/#website"},"datePublished":"2023-03-14T17:06:16+00:00","dateModified":"2023-03-14T21:02:52+00:00","author":{"@id":"https:\/\/dedemesquita.com.br\/#\/schema\/person\/36571f81dd2d76dc3ab37231542c9e24"},"breadcrumb":{"@id":"https:\/\/dedemesquita.com.br\/?p=6050#breadcrumb"},"inLanguage":"pt-BR","potentialAction":[{"@type":"ReadAction","target":["https:\/\/dedemesquita.com.br\/?p=6050"]}]},{"@type":"BreadcrumbList","@id":"https:\/\/dedemesquita.com.br\/?p=6050#breadcrumb","itemListElement":[{"@type":"ListItem","position":1,"name":"In\u00edcio","item":"https:\/\/dedemesquita.com.br\/"},{"@type":"ListItem","position":2,"name":"Fabiano Villela vai deixar a TV Liberal e mais novidades da imprensa de Bel\u00e9m"}]},{"@type":"WebSite","@id":"https:\/\/dedemesquita.com.br\/#website","url":"https:\/\/dedemesquita.com.br\/","name":"Ded\u00e9 Mesquita","description":"Um site que mostra os bastidores da imprensa no estado do Par\u00e1 e em Bel\u00e9m","potentialAction":[{"@type":"SearchAction","target":{"@type":"EntryPoint","urlTemplate":"https:\/\/dedemesquita.com.br\/?s={search_term_string}"},"query-input":"required name=search_term_string"}],"inLanguage":"pt-BR"},{"@type":"Person","@id":"https:\/\/dedemesquita.com.br\/#\/schema\/person\/36571f81dd2d76dc3ab37231542c9e24","name":"Ded\u00e9 Mesquita","image":{"@type":"ImageObject","inLanguage":"pt-BR","@id":"https:\/\/dedemesquita.com.br\/#\/schema\/person\/image\/","url":"https:\/\/dedemesquita.com.br\/wp-content\/uploads\/2021\/02\/foto_perfil-150x150.jpg","contentUrl":"https:\/\/dedemesquita.com.br\/wp-content\/uploads\/2021\/02\/foto_perfil-150x150.jpg","caption":"Ded\u00e9 Mesquita"},"sameAs":["https:\/\/dedemesquita.com.br"]}]}},"_links":{"self":[{"href":"https:\/\/dedemesquita.com.br\/index.php?rest_route=\/wp\/v2\/posts\/6050"}],"collection":[{"href":"https:\/\/dedemesquita.com.br\/index.php?rest_route=\/wp\/v2\/posts"}],"about":[{"href":"https:\/\/dedemesquita.com.br\/index.php?rest_route=\/wp\/v2\/types\/post"}],"author":[{"embeddable":true,"href":"https:\/\/dedemesquita.com.br\/index.php?rest_route=\/wp\/v2\/users\/2"}],"replies":[{"embeddable":true,"href":"https:\/\/dedemesquita.com.br\/index.php?rest_route=%2Fwp%2Fv2%2Fcomments&post=6050"}],"version-history":[{"count":14,"href":"https:\/\/dedemesquita.com.br\/index.php?rest_route=\/wp\/v2\/posts\/6050\/revisions"}],"predecessor-version":[{"id":6080,"href":"https:\/\/dedemesquita.com.br\/index.php?rest_route=\/wp\/v2\/posts\/6050\/revisions\/6080"}],"wp:featuredmedia":[{"embeddable":true,"href":"https:\/\/dedemesquita.com.br\/index.php?rest_route=\/wp\/v2\/media\/6060"}],"wp:attachment":[{"href":"https:\/\/dedemesquita.com.br\/index.php?rest_route=%2Fwp%2Fv2%2Fmedia&parent=6050"}],"wp:term":[{"taxonomy":"category","embeddable":true,"href":"https:\/\/dedemesquita.com.br\/index.php?rest_route=%2Fwp%2Fv2%2Fcategories&post=6050"},{"taxonomy":"post_tag","embeddable":true,"href":"https:\/\/dedemesquita.com.br\/index.php?rest_route=%2Fwp%2Fv2%2Ftags&post=6050"}],"curies":[{"name":"wp","href":"https:\/\/api.w.org\/{rel}","templated":true}]}}