{"id":6009,"date":"2023-03-03T14:25:10","date_gmt":"2023-03-03T17:25:10","guid":{"rendered":"https:\/\/dedemesquita.com.br\/?p=6009"},"modified":"2023-03-03T14:25:11","modified_gmt":"2023-03-03T17:25:11","slug":"rba-tv-divulga-nova-programacao-mas-voce-soube-antes-no-site-da-dede","status":"publish","type":"post","link":"https:\/\/dedemesquita.com.br\/?p=6009","title":{"rendered":"RBA TV divulga nova programa\u00e7\u00e3o, mas voc\u00ea soube antes no site da Ded\u00e9"},"content":{"rendered":"\n<p>Todos n\u00f3s sabemos que somos movidos a BOAS fontes. Ainda nesta semana, eu publiquei aqui <a href=\"https:\/\/dedemesquita.com.br\/?p=5918\"><strong>Nathalia Kahwage na RBA TV, pesquisa sobre liberdade de imprensa na Amaz\u00f4nia e muito mais<\/strong><\/a> e essa postagem bombou no site e atualmente tem cerca de 1.000 visualiza\u00e7\u00f5es. <\/p>\n\n\n\n<p>J\u00e1 me perguntaram como eu, morando h\u00e1 tr\u00eas anos aqui no Rio de Janeiro, tenho tantas informa\u00e7\u00f5es de primeira m\u00e3o, de coisas que est\u00e3o acontecendo em Bel\u00e9m. A resposta \u00e9 simples: fontes. <strong>As boas fontes<\/strong>. J\u00e1 me contaram, inclusive, que algumas pessoas do jornalismo da RBA TV souberam das muitas mudan\u00e7as naquela reda\u00e7\u00e3o por meio deste site. Vejam voc\u00eas. <\/p>\n\n\n\n<p>E, sem mais delongas e perdas de tempo, confiram a nova programa\u00e7\u00e3o da RBA TV, agora com os nomes oficiais dos programas e hor\u00e1rios certinhos. <\/p>\n\n\n\n<p>E por uma bela coincid\u00eancia, a programa\u00e7\u00e3o da RBA TV, <strong>canal 13<\/strong>, estreia na segunda-feira, <strong>dia 13 de mar\u00e7o<\/strong>. <\/p>\n\n\n<div class=\"wp-block-image\">\n<figure class=\"aligncenter size-full\"><img loading=\"lazy\" decoding=\"async\" width=\"800\" height=\"800\" src=\"https:\/\/dedemesquita.com.br\/wp-content\/uploads\/2023\/03\/WhatsApp-Image-2023-03-03-at-13.45.38.jpeg\" alt=\"\" class=\"wp-image-6011\" srcset=\"https:\/\/dedemesquita.com.br\/wp-content\/uploads\/2023\/03\/WhatsApp-Image-2023-03-03-at-13.45.38.jpeg 800w, https:\/\/dedemesquita.com.br\/wp-content\/uploads\/2023\/03\/WhatsApp-Image-2023-03-03-at-13.45.38-150x150.jpeg 150w, https:\/\/dedemesquita.com.br\/wp-content\/uploads\/2023\/03\/WhatsApp-Image-2023-03-03-at-13.45.38-768x768.jpeg 768w\" sizes=\"(max-width: 800px) 100vw, 800px\" \/><figcaption class=\"wp-element-caption\">A mudan\u00e7a come\u00e7a \u00e0 11h50 com Daiane Balbinot e Agenor Santos no &#8220;Bora Cidade&#8221;<\/figcaption><\/figure><\/div>\n\n<div class=\"wp-block-image\">\n<figure class=\"aligncenter size-full\"><img loading=\"lazy\" decoding=\"async\" width=\"505\" height=\"900\" src=\"https:\/\/dedemesquita.com.br\/wp-content\/uploads\/2023\/03\/WhatsApp-Image-2023-03-03-at-13.45.39-2.jpeg\" alt=\"\" class=\"wp-image-6012\"\/><figcaption class=\"wp-element-caption\">O novo programa &#8220;RBA Urgente&#8221;, com Nath\u00e1lia Kahwage, come\u00e7a \u00e0s 17h30 <\/figcaption><\/figure><\/div>\n\n<div class=\"wp-block-image\">\n<figure class=\"aligncenter size-full\"><img loading=\"lazy\" decoding=\"async\" width=\"800\" height=\"800\" src=\"https:\/\/dedemesquita.com.br\/wp-content\/uploads\/2023\/03\/WhatsApp-Image-2023-03-03-at-13.45.39.jpeg\" alt=\"\" class=\"wp-image-6013\" srcset=\"https:\/\/dedemesquita.com.br\/wp-content\/uploads\/2023\/03\/WhatsApp-Image-2023-03-03-at-13.45.39.jpeg 800w, https:\/\/dedemesquita.com.br\/wp-content\/uploads\/2023\/03\/WhatsApp-Image-2023-03-03-at-13.45.39-150x150.jpeg 150w, https:\/\/dedemesquita.com.br\/wp-content\/uploads\/2023\/03\/WhatsApp-Image-2023-03-03-at-13.45.39-768x768.jpeg 768w\" sizes=\"(max-width: 800px) 100vw, 800px\" \/><figcaption class=\"wp-element-caption\">E Carol Bambo vai para a bancada do Jornal da RBA <\/figcaption><\/figure><\/div>","protected":false},"excerpt":{"rendered":"<p>Todos n\u00f3s sabemos que somos movidos a BOAS fontes. Ainda nesta semana, eu publiquei aqui Nathalia Kahwage na RBA TV, pesquisa sobre liberdade de imprensa na Amaz\u00f4nia e muito mais e essa postagem bombou no site e atualmente tem cerca de 1.000 visualiza\u00e7\u00f5es. J\u00e1 me perguntaram como eu, morando h\u00e1 tr\u00eas anos aqui no Rio [&hellip;]<\/p>\n","protected":false},"author":2,"featured_media":6014,"comment_status":"open","ping_status":"open","sticky":false,"template":"","format":"standard","meta":{"footnotes":""},"categories":[51,14,29],"tags":[119,120,145],"class_list":["post-6009","post","type-post","status-publish","format-standard","has-post-thumbnail","hentry","category-destaque","category-imprensa","category-jornalismo","tag-jornalismo","tag-jornalistas-paraenses-em-acao","tag-rbatv"],"yoast_head":"<!-- This site is optimized with the Yoast SEO plugin v19.10 - https:\/\/yoast.com\/wordpress\/plugins\/seo\/ -->\n<title>RBA TV divulga nova programa\u00e7\u00e3o, mas voc\u00ea soube antes no site da Ded\u00e9 - Ded\u00e9 Mesquita<\/title>\n<meta name=\"robots\" content=\"index, follow, max-snippet:-1, max-image-preview:large, max-video-preview:-1\" \/>\n<link rel=\"canonical\" href=\"https:\/\/dedemesquita.com.br\/?p=6009\" \/>\n<meta property=\"og:locale\" content=\"pt_BR\" \/>\n<meta property=\"og:type\" content=\"article\" \/>\n<meta property=\"og:title\" content=\"RBA TV divulga nova programa\u00e7\u00e3o, mas voc\u00ea soube antes no site da Ded\u00e9 - Ded\u00e9 Mesquita\" \/>\n<meta property=\"og:description\" content=\"Todos n\u00f3s sabemos que somos movidos a BOAS fontes. Ainda nesta semana, eu publiquei aqui Nathalia Kahwage na RBA TV, pesquisa sobre liberdade de imprensa na Amaz\u00f4nia e muito mais e essa postagem bombou no site e atualmente tem cerca de 1.000 visualiza\u00e7\u00f5es. J\u00e1 me perguntaram como eu, morando h\u00e1 tr\u00eas anos aqui no Rio [&hellip;]\" \/>\n<meta property=\"og:url\" content=\"https:\/\/dedemesquita.com.br\/?p=6009\" \/>\n<meta property=\"og:site_name\" content=\"Ded\u00e9 Mesquita\" \/>\n<meta property=\"article:publisher\" content=\"https:\/\/www.facebook.com\/dede.mesquita\" \/>\n<meta property=\"article:published_time\" content=\"2023-03-03T17:25:10+00:00\" \/>\n<meta property=\"article:modified_time\" content=\"2023-03-03T17:25:11+00:00\" \/>\n<meta property=\"og:image\" content=\"https:\/\/dedemesquita.com.br\/wp-content\/uploads\/2023\/03\/WhatsApp-Image-2023-03-03-at-13.45.39-1.jpeg\" \/>\n\t<meta property=\"og:image:width\" content=\"900\" \/>\n\t<meta property=\"og:image:height\" content=\"899\" \/>\n\t<meta property=\"og:image:type\" content=\"image\/jpeg\" \/>\n<meta name=\"author\" content=\"Ded\u00e9 Mesquita\" \/>\n<meta name=\"twitter:card\" content=\"summary_large_image\" \/>\n<meta name=\"twitter:creator\" content=\"@dedemesquita\" \/>\n<meta name=\"twitter:site\" content=\"@dedemesquita\" \/>\n<meta name=\"twitter:label1\" content=\"Escrito por\" \/>\n\t<meta name=\"twitter:data1\" content=\"Ded\u00e9 Mesquita\" \/>\n\t<meta name=\"twitter:label2\" content=\"Est. tempo de leitura\" \/>\n\t<meta name=\"twitter:data2\" content=\"2 minutos\" \/>\n<script type=\"application\/ld+json\" class=\"yoast-schema-graph\">{\"@context\":\"https:\/\/schema.org\",\"@graph\":[{\"@type\":\"WebPage\",\"@id\":\"https:\/\/dedemesquita.com.br\/?p=6009\",\"url\":\"https:\/\/dedemesquita.com.br\/?p=6009\",\"name\":\"RBA TV divulga nova programa\u00e7\u00e3o, mas voc\u00ea soube antes no site da Ded\u00e9 - Ded\u00e9 Mesquita\",\"isPartOf\":{\"@id\":\"https:\/\/dedemesquita.com.br\/#website\"},\"datePublished\":\"2023-03-03T17:25:10+00:00\",\"dateModified\":\"2023-03-03T17:25:11+00:00\",\"author\":{\"@id\":\"https:\/\/dedemesquita.com.br\/#\/schema\/person\/36571f81dd2d76dc3ab37231542c9e24\"},\"breadcrumb\":{\"@id\":\"https:\/\/dedemesquita.com.br\/?p=6009#breadcrumb\"},\"inLanguage\":\"pt-BR\",\"potentialAction\":[{\"@type\":\"ReadAction\",\"target\":[\"https:\/\/dedemesquita.com.br\/?p=6009\"]}]},{\"@type\":\"BreadcrumbList\",\"@id\":\"https:\/\/dedemesquita.com.br\/?p=6009#breadcrumb\",\"itemListElement\":[{\"@type\":\"ListItem\",\"position\":1,\"name\":\"In\u00edcio\",\"item\":\"https:\/\/dedemesquita.com.br\/\"},{\"@type\":\"ListItem\",\"position\":2,\"name\":\"RBA TV divulga nova programa\u00e7\u00e3o, mas voc\u00ea soube antes no site da Ded\u00e9\"}]},{\"@type\":\"WebSite\",\"@id\":\"https:\/\/dedemesquita.com.br\/#website\",\"url\":\"https:\/\/dedemesquita.com.br\/\",\"name\":\"Ded\u00e9 Mesquita\",\"description\":\"Um site que mostra os bastidores da imprensa no estado do Par\u00e1 e em Bel\u00e9m\",\"potentialAction\":[{\"@type\":\"SearchAction\",\"target\":{\"@type\":\"EntryPoint\",\"urlTemplate\":\"https:\/\/dedemesquita.com.br\/?s={search_term_string}\"},\"query-input\":\"required name=search_term_string\"}],\"inLanguage\":\"pt-BR\"},{\"@type\":\"Person\",\"@id\":\"https:\/\/dedemesquita.com.br\/#\/schema\/person\/36571f81dd2d76dc3ab37231542c9e24\",\"name\":\"Ded\u00e9 Mesquita\",\"image\":{\"@type\":\"ImageObject\",\"inLanguage\":\"pt-BR\",\"@id\":\"https:\/\/dedemesquita.com.br\/#\/schema\/person\/image\/\",\"url\":\"https:\/\/dedemesquita.com.br\/wp-content\/uploads\/2021\/02\/foto_perfil-150x150.jpg\",\"contentUrl\":\"https:\/\/dedemesquita.com.br\/wp-content\/uploads\/2021\/02\/foto_perfil-150x150.jpg\",\"caption\":\"Ded\u00e9 Mesquita\"},\"sameAs\":[\"https:\/\/dedemesquita.com.br\"]}]}<\/script>\n<!-- \/ Yoast SEO plugin. -->","yoast_head_json":{"title":"RBA TV divulga nova programa\u00e7\u00e3o, mas voc\u00ea soube antes no site da Ded\u00e9 - Ded\u00e9 Mesquita","robots":{"index":"index","follow":"follow","max-snippet":"max-snippet:-1","max-image-preview":"max-image-preview:large","max-video-preview":"max-video-preview:-1"},"canonical":"https:\/\/dedemesquita.com.br\/?p=6009","og_locale":"pt_BR","og_type":"article","og_title":"RBA TV divulga nova programa\u00e7\u00e3o, mas voc\u00ea soube antes no site da Ded\u00e9 - Ded\u00e9 Mesquita","og_description":"Todos n\u00f3s sabemos que somos movidos a BOAS fontes. Ainda nesta semana, eu publiquei aqui Nathalia Kahwage na RBA TV, pesquisa sobre liberdade de imprensa na Amaz\u00f4nia e muito mais e essa postagem bombou no site e atualmente tem cerca de 1.000 visualiza\u00e7\u00f5es. J\u00e1 me perguntaram como eu, morando h\u00e1 tr\u00eas anos aqui no Rio [&hellip;]","og_url":"https:\/\/dedemesquita.com.br\/?p=6009","og_site_name":"Ded\u00e9 Mesquita","article_publisher":"https:\/\/www.facebook.com\/dede.mesquita","article_published_time":"2023-03-03T17:25:10+00:00","article_modified_time":"2023-03-03T17:25:11+00:00","og_image":[{"width":900,"height":899,"url":"https:\/\/dedemesquita.com.br\/wp-content\/uploads\/2023\/03\/WhatsApp-Image-2023-03-03-at-13.45.39-1.jpeg","type":"image\/jpeg"}],"author":"Ded\u00e9 Mesquita","twitter_card":"summary_large_image","twitter_creator":"@dedemesquita","twitter_site":"@dedemesquita","twitter_misc":{"Escrito por":"Ded\u00e9 Mesquita","Est. tempo de leitura":"2 minutos"},"schema":{"@context":"https:\/\/schema.org","@graph":[{"@type":"WebPage","@id":"https:\/\/dedemesquita.com.br\/?p=6009","url":"https:\/\/dedemesquita.com.br\/?p=6009","name":"RBA TV divulga nova programa\u00e7\u00e3o, mas voc\u00ea soube antes no site da Ded\u00e9 - Ded\u00e9 Mesquita","isPartOf":{"@id":"https:\/\/dedemesquita.com.br\/#website"},"datePublished":"2023-03-03T17:25:10+00:00","dateModified":"2023-03-03T17:25:11+00:00","author":{"@id":"https:\/\/dedemesquita.com.br\/#\/schema\/person\/36571f81dd2d76dc3ab37231542c9e24"},"breadcrumb":{"@id":"https:\/\/dedemesquita.com.br\/?p=6009#breadcrumb"},"inLanguage":"pt-BR","potentialAction":[{"@type":"ReadAction","target":["https:\/\/dedemesquita.com.br\/?p=6009"]}]},{"@type":"BreadcrumbList","@id":"https:\/\/dedemesquita.com.br\/?p=6009#breadcrumb","itemListElement":[{"@type":"ListItem","position":1,"name":"In\u00edcio","item":"https:\/\/dedemesquita.com.br\/"},{"@type":"ListItem","position":2,"name":"RBA TV divulga nova programa\u00e7\u00e3o, mas voc\u00ea soube antes no site da Ded\u00e9"}]},{"@type":"WebSite","@id":"https:\/\/dedemesquita.com.br\/#website","url":"https:\/\/dedemesquita.com.br\/","name":"Ded\u00e9 Mesquita","description":"Um site que mostra os bastidores da imprensa no estado do Par\u00e1 e em Bel\u00e9m","potentialAction":[{"@type":"SearchAction","target":{"@type":"EntryPoint","urlTemplate":"https:\/\/dedemesquita.com.br\/?s={search_term_string}"},"query-input":"required name=search_term_string"}],"inLanguage":"pt-BR"},{"@type":"Person","@id":"https:\/\/dedemesquita.com.br\/#\/schema\/person\/36571f81dd2d76dc3ab37231542c9e24","name":"Ded\u00e9 Mesquita","image":{"@type":"ImageObject","inLanguage":"pt-BR","@id":"https:\/\/dedemesquita.com.br\/#\/schema\/person\/image\/","url":"https:\/\/dedemesquita.com.br\/wp-content\/uploads\/2021\/02\/foto_perfil-150x150.jpg","contentUrl":"https:\/\/dedemesquita.com.br\/wp-content\/uploads\/2021\/02\/foto_perfil-150x150.jpg","caption":"Ded\u00e9 Mesquita"},"sameAs":["https:\/\/dedemesquita.com.br"]}]}},"_links":{"self":[{"href":"https:\/\/dedemesquita.com.br\/index.php?rest_route=\/wp\/v2\/posts\/6009"}],"collection":[{"href":"https:\/\/dedemesquita.com.br\/index.php?rest_route=\/wp\/v2\/posts"}],"about":[{"href":"https:\/\/dedemesquita.com.br\/index.php?rest_route=\/wp\/v2\/types\/post"}],"author":[{"embeddable":true,"href":"https:\/\/dedemesquita.com.br\/index.php?rest_route=\/wp\/v2\/users\/2"}],"replies":[{"embeddable":true,"href":"https:\/\/dedemesquita.com.br\/index.php?rest_route=%2Fwp%2Fv2%2Fcomments&post=6009"}],"version-history":[{"count":2,"href":"https:\/\/dedemesquita.com.br\/index.php?rest_route=\/wp\/v2\/posts\/6009\/revisions"}],"predecessor-version":[{"id":6015,"href":"https:\/\/dedemesquita.com.br\/index.php?rest_route=\/wp\/v2\/posts\/6009\/revisions\/6015"}],"wp:featuredmedia":[{"embeddable":true,"href":"https:\/\/dedemesquita.com.br\/index.php?rest_route=\/wp\/v2\/media\/6014"}],"wp:attachment":[{"href":"https:\/\/dedemesquita.com.br\/index.php?rest_route=%2Fwp%2Fv2%2Fmedia&parent=6009"}],"wp:term":[{"taxonomy":"category","embeddable":true,"href":"https:\/\/dedemesquita.com.br\/index.php?rest_route=%2Fwp%2Fv2%2Fcategories&post=6009"},{"taxonomy":"post_tag","embeddable":true,"href":"https:\/\/dedemesquita.com.br\/index.php?rest_route=%2Fwp%2Fv2%2Ftags&post=6009"}],"curies":[{"name":"wp","href":"https:\/\/api.w.org\/{rel}","templated":true}]}}