{"id":5973,"date":"2023-03-02T12:03:00","date_gmt":"2023-03-02T15:03:00","guid":{"rendered":"https:\/\/dedemesquita.com.br\/?p=5973"},"modified":"2023-03-02T19:57:53","modified_gmt":"2023-03-02T22:57:53","slug":"desfile-do-bloco-de-jornalistas-unidos-do-like-foi-muito-babado","status":"publish","type":"post","link":"https:\/\/dedemesquita.com.br\/?p=5973","title":{"rendered":"Desfile do bloco de jornalistas Unidos do Like foi muito babado"},"content":{"rendered":"\n<p>No \u00faltimo domingo, 26, o bloco Unidos do Like, que re\u00fane a fina flor dos jornalistas mais descolados de Bel\u00e9m, saiu mais uma vez \u00e0s ruas da capital paraense, depois de dois anos de hiato por conta da pandemia de covid-19. <\/p>\n\n\n\n<p>Desta vez, o ponto de encontro, de sa\u00edda e de volta foi o gastrobar Manga Jambu, no bairro do Umarizal. Veja algumas fotos de quem esteve por l\u00e1. <\/p>\n\n\n<div class=\"wp-block-image\">\n<figure class=\"aligncenter size-full\"><img loading=\"lazy\" decoding=\"async\" width=\"800\" height=\"600\" src=\"https:\/\/dedemesquita.com.br\/wp-content\/uploads\/2023\/03\/WhatsApp-Image-2023-02-28-at-11.03.40-2.jpeg\" alt=\"\" class=\"wp-image-5975\" srcset=\"https:\/\/dedemesquita.com.br\/wp-content\/uploads\/2023\/03\/WhatsApp-Image-2023-02-28-at-11.03.40-2.jpeg 800w, https:\/\/dedemesquita.com.br\/wp-content\/uploads\/2023\/03\/WhatsApp-Image-2023-02-28-at-11.03.40-2-768x576.jpeg 768w\" sizes=\"(max-width: 800px) 100vw, 800px\" \/><figcaption class=\"wp-element-caption\">Adelaide Oliveira foi de Elke Maravilha, enquanto que Ivana Oliveira exerceu a fun\u00e7\u00e3o de Musa do Bloco Unidos do Like (foto de Bruno Carachesti) <\/figcaption><\/figure><\/div>\n\n<div class=\"wp-block-image\">\n<figure class=\"aligncenter size-full\"><img loading=\"lazy\" decoding=\"async\" width=\"800\" height=\"600\" src=\"https:\/\/dedemesquita.com.br\/wp-content\/uploads\/2023\/03\/WhatsApp-Image-2023-02-28-at-11.03.40-5.jpeg\" alt=\"\" class=\"wp-image-5977\" srcset=\"https:\/\/dedemesquita.com.br\/wp-content\/uploads\/2023\/03\/WhatsApp-Image-2023-02-28-at-11.03.40-5.jpeg 800w, https:\/\/dedemesquita.com.br\/wp-content\/uploads\/2023\/03\/WhatsApp-Image-2023-02-28-at-11.03.40-5-768x576.jpeg 768w\" sizes=\"(max-width: 800px) 100vw, 800px\" \/><figcaption class=\"wp-element-caption\">Ivana Oliveira incorporou o papel de musa do bloco  (foto de Bruno Carachesti) <\/figcaption><\/figure><\/div>\n\n<div class=\"wp-block-image\">\n<figure class=\"aligncenter size-full\"><img loading=\"lazy\" decoding=\"async\" width=\"504\" height=\"800\" src=\"https:\/\/dedemesquita.com.br\/wp-content\/uploads\/2023\/03\/WhatsApp-Image-2023-02-26-at-18.33.52.jpeg\" alt=\"\" class=\"wp-image-5978\"\/><figcaption class=\"wp-element-caption\">O Boy Magia do Bloco, Carlos Brito, foi de Pantera Negra, e se juntou ao Nielson Bargas, Diego Monteiro e a esposa Rayara, e T\u00e2nia Menezes, esta, de enfermeira <\/figcaption><\/figure><\/div>\n\n<div class=\"wp-block-image\">\n<figure class=\"aligncenter size-full\"><img loading=\"lazy\" decoding=\"async\" width=\"600\" height=\"800\" src=\"https:\/\/dedemesquita.com.br\/wp-content\/uploads\/2023\/03\/WhatsApp-Image-2023-02-26-at-18.33.28.jpeg\" alt=\"\" class=\"wp-image-5979\"\/><figcaption class=\"wp-element-caption\">Rayara, Diego, T\u00e2nia e Nikita, que tamb\u00e9m comemorou anivers\u00e1rio no bloco, e fez uma homenagem ao antol\u00f3gico Viado da Bike <\/figcaption><\/figure><\/div>\n\n<div class=\"wp-block-image\">\n<figure class=\"aligncenter size-full\"><img loading=\"lazy\" decoding=\"async\" width=\"561\" height=\"800\" src=\"https:\/\/dedemesquita.com.br\/wp-content\/uploads\/2023\/03\/WhatsApp-Image-2023-02-26-at-18.34.09.jpeg\" alt=\"\" class=\"wp-image-5980\"\/><figcaption class=\"wp-element-caption\">Esse casalz\u00e3o da p*rr* toda, Diego e Rayara<\/figcaption><\/figure><\/div>\n\n<div class=\"wp-block-image\">\n<figure class=\"aligncenter size-full\"><img loading=\"lazy\" decoding=\"async\" width=\"1000\" height=\"645\" src=\"https:\/\/dedemesquita.com.br\/wp-content\/uploads\/2023\/03\/a1.jpg\" alt=\"\" class=\"wp-image-5981\" srcset=\"https:\/\/dedemesquita.com.br\/wp-content\/uploads\/2023\/03\/a1.jpg 1000w, https:\/\/dedemesquita.com.br\/wp-content\/uploads\/2023\/03\/a1-768x495.jpg 768w\" sizes=\"(max-width: 1000px) 100vw, 1000px\" \/><figcaption class=\"wp-element-caption\">Adelaide, Emiliana Costa, Ivana Oliveira, Raquel Costa e Luiz\u00e3o <\/figcaption><\/figure><\/div>\n\n<div class=\"wp-block-image\">\n<figure class=\"aligncenter size-full\"><img loading=\"lazy\" decoding=\"async\" width=\"800\" height=\"517\" src=\"https:\/\/dedemesquita.com.br\/wp-content\/uploads\/2023\/03\/a2.jpg\" alt=\"\" class=\"wp-image-5982\" srcset=\"https:\/\/dedemesquita.com.br\/wp-content\/uploads\/2023\/03\/a2.jpg 800w, https:\/\/dedemesquita.com.br\/wp-content\/uploads\/2023\/03\/a2-768x496.jpg 768w\" sizes=\"(max-width: 800px) 100vw, 800px\" \/><figcaption class=\"wp-element-caption\">Raul Bentes, com a Melhor Fantasia do Bloco &#8211; de Passaporte de Gl\u00f3ria Maria -, a autora da fantasia, Andr\u00e9a Rezende, Raquel, Luiz\u00e3o e Adelaide <\/figcaption><\/figure><\/div>\n\n<div class=\"wp-block-image\">\n<figure class=\"aligncenter size-full\"><img loading=\"lazy\" decoding=\"async\" width=\"800\" height=\"515\" src=\"https:\/\/dedemesquita.com.br\/wp-content\/uploads\/2023\/03\/a3.jpg\" alt=\"\" class=\"wp-image-5983\" srcset=\"https:\/\/dedemesquita.com.br\/wp-content\/uploads\/2023\/03\/a3.jpg 800w, https:\/\/dedemesquita.com.br\/wp-content\/uploads\/2023\/03\/a3-768x494.jpg 768w\" sizes=\"(max-width: 800px) 100vw, 800px\" \/><figcaption class=\"wp-element-caption\">Raquel, Nikita e Luiz\u00e3o <\/figcaption><\/figure><\/div>\n\n<div class=\"wp-block-image\">\n<figure class=\"aligncenter size-full\"><img loading=\"lazy\" decoding=\"async\" width=\"800\" height=\"569\" src=\"https:\/\/dedemesquita.com.br\/wp-content\/uploads\/2023\/03\/a4.jpg\" alt=\"\" class=\"wp-image-5984\" srcset=\"https:\/\/dedemesquita.com.br\/wp-content\/uploads\/2023\/03\/a4.jpg 800w, https:\/\/dedemesquita.com.br\/wp-content\/uploads\/2023\/03\/a4-768x546.jpg 768w\" sizes=\"(max-width: 800px) 100vw, 800px\" \/><figcaption class=\"wp-element-caption\">Tarso Sarraf, Luiz\u00e3o, Raquel Costa e Chrys Pamplona <\/figcaption><\/figure><\/div>\n\n<div class=\"wp-block-image\">\n<figure class=\"aligncenter size-full\"><img loading=\"lazy\" decoding=\"async\" width=\"800\" height=\"549\" src=\"https:\/\/dedemesquita.com.br\/wp-content\/uploads\/2023\/03\/a5.jpg\" alt=\"\" class=\"wp-image-5985\" srcset=\"https:\/\/dedemesquita.com.br\/wp-content\/uploads\/2023\/03\/a5.jpg 800w, https:\/\/dedemesquita.com.br\/wp-content\/uploads\/2023\/03\/a5-768x527.jpg 768w\" sizes=\"(max-width: 800px) 100vw, 800px\" \/><figcaption class=\"wp-element-caption\">S\u00f3 o Unidos do Like pra tirar o Daniel Nardin do &#8220;retiro espiritual&#8221;, aqui ele com Luiz\u00e3o, Raquel e Chrys <\/figcaption><\/figure><\/div>\n\n<div class=\"wp-block-image\">\n<figure class=\"aligncenter size-full\"><img loading=\"lazy\" decoding=\"async\" width=\"800\" height=\"510\" src=\"https:\/\/dedemesquita.com.br\/wp-content\/uploads\/2023\/03\/a6.jpg\" alt=\"\" class=\"wp-image-5986\" srcset=\"https:\/\/dedemesquita.com.br\/wp-content\/uploads\/2023\/03\/a6.jpg 800w, https:\/\/dedemesquita.com.br\/wp-content\/uploads\/2023\/03\/a6-768x490.jpg 768w\" sizes=\"(max-width: 800px) 100vw, 800px\" \/><figcaption class=\"wp-element-caption\">Nara Bandeira, a Madrinha do Bloco Unidos do Like 2023 e o Luiz\u00e3o <\/figcaption><\/figure><\/div>\n\n<div class=\"wp-block-image\">\n<figure class=\"aligncenter size-full\"><img loading=\"lazy\" decoding=\"async\" width=\"800\" height=\"550\" src=\"https:\/\/dedemesquita.com.br\/wp-content\/uploads\/2023\/03\/a7.jpg\" alt=\"\" class=\"wp-image-5987\" srcset=\"https:\/\/dedemesquita.com.br\/wp-content\/uploads\/2023\/03\/a7.jpg 800w, https:\/\/dedemesquita.com.br\/wp-content\/uploads\/2023\/03\/a7-768x528.jpg 768w\" sizes=\"(max-width: 800px) 100vw, 800px\" \/><figcaption class=\"wp-element-caption\">Luiz\u00e3o e Raquel, outro casalz\u00e3o da p*rr* toda <\/figcaption><\/figure><\/div>\n\n<div class=\"wp-block-image\">\n<figure class=\"aligncenter size-full\"><img loading=\"lazy\" decoding=\"async\" width=\"800\" height=\"533\" src=\"https:\/\/dedemesquita.com.br\/wp-content\/uploads\/2023\/03\/a1-1.jpg\" alt=\"\" class=\"wp-image-5993\" srcset=\"https:\/\/dedemesquita.com.br\/wp-content\/uploads\/2023\/03\/a1-1.jpg 800w, https:\/\/dedemesquita.com.br\/wp-content\/uploads\/2023\/03\/a1-1-768x512.jpg 768w\" sizes=\"(max-width: 800px) 100vw, 800px\" \/><figcaption class=\"wp-element-caption\">Michel Ribeira, Christian Maciel, Nikita, a &#8220;M\u00e3e do Ano&#8221;, Priscilla Amaral, e Anna Paula Mello <\/figcaption><\/figure><\/div>\n\n<div class=\"wp-block-image\">\n<figure class=\"aligncenter size-full\"><img loading=\"lazy\" decoding=\"async\" width=\"799\" height=\"533\" src=\"https:\/\/dedemesquita.com.br\/wp-content\/uploads\/2023\/03\/52719482601_06342b2861_c.jpg\" alt=\"\" class=\"wp-image-5996\" srcset=\"https:\/\/dedemesquita.com.br\/wp-content\/uploads\/2023\/03\/52719482601_06342b2861_c.jpg 799w, https:\/\/dedemesquita.com.br\/wp-content\/uploads\/2023\/03\/52719482601_06342b2861_c-768x512.jpg 768w\" sizes=\"(max-width: 799px) 100vw, 799px\" \/><figcaption class=\"wp-element-caption\">O Unidos do Like nas ruas do Umarizal <\/figcaption><\/figure><\/div>\n\n<div class=\"wp-block-image\">\n<figure class=\"aligncenter size-full\"><img loading=\"lazy\" decoding=\"async\" width=\"799\" height=\"533\" src=\"https:\/\/dedemesquita.com.br\/wp-content\/uploads\/2023\/03\/52719747644_b2ac034b7c_c.jpg\" alt=\"\" class=\"wp-image-5997\" srcset=\"https:\/\/dedemesquita.com.br\/wp-content\/uploads\/2023\/03\/52719747644_b2ac034b7c_c.jpg 799w, https:\/\/dedemesquita.com.br\/wp-content\/uploads\/2023\/03\/52719747644_b2ac034b7c_c-768x512.jpg 768w\" sizes=\"(max-width: 799px) 100vw, 799px\" \/><figcaption class=\"wp-element-caption\">Olha s\u00f3 essa galera toda junta se divertindo <\/figcaption><\/figure><\/div>\n\n<div class=\"wp-block-image\">\n<figure class=\"aligncenter size-full\"><img loading=\"lazy\" decoding=\"async\" width=\"799\" height=\"533\" src=\"https:\/\/dedemesquita.com.br\/wp-content\/uploads\/2023\/03\/52719747524_00d87d8a70_c.jpg\" alt=\"\" class=\"wp-image-5998\" srcset=\"https:\/\/dedemesquita.com.br\/wp-content\/uploads\/2023\/03\/52719747524_00d87d8a70_c.jpg 799w, https:\/\/dedemesquita.com.br\/wp-content\/uploads\/2023\/03\/52719747524_00d87d8a70_c-768x512.jpg 768w\" sizes=\"(max-width: 799px) 100vw, 799px\" \/><figcaption class=\"wp-element-caption\">Uma farra que todos os coleguinhas bem merecem <\/figcaption><\/figure><\/div>\n\n<div class=\"wp-block-image\">\n<figure class=\"aligncenter size-full\"><img loading=\"lazy\" decoding=\"async\" width=\"799\" height=\"533\" src=\"https:\/\/dedemesquita.com.br\/wp-content\/uploads\/2023\/03\/52719900240_15f03aa1ce_c.jpg\" alt=\"\" class=\"wp-image-6001\" srcset=\"https:\/\/dedemesquita.com.br\/wp-content\/uploads\/2023\/03\/52719900240_15f03aa1ce_c.jpg 799w, https:\/\/dedemesquita.com.br\/wp-content\/uploads\/2023\/03\/52719900240_15f03aa1ce_c-768x512.jpg 768w\" sizes=\"(max-width: 799px) 100vw, 799px\" \/><figcaption class=\"wp-element-caption\">A melhor fantasia do bloco Unidos do Like foi a do Raul Bentes que foi de &#8220;Passaporte de Gl\u00f3ria Maria&#8221;, na foto, ele e Adelaide<\/figcaption><\/figure><\/div>\n\n<div class=\"wp-block-image\">\n<figure class=\"aligncenter size-full\"><img loading=\"lazy\" decoding=\"async\" width=\"800\" height=\"533\" src=\"https:\/\/dedemesquita.com.br\/wp-content\/uploads\/2023\/03\/52718959007_ea78d2dada_k.jpg\" alt=\"\" class=\"wp-image-6002\" srcset=\"https:\/\/dedemesquita.com.br\/wp-content\/uploads\/2023\/03\/52718959007_ea78d2dada_k.jpg 800w, https:\/\/dedemesquita.com.br\/wp-content\/uploads\/2023\/03\/52718959007_ea78d2dada_k-768x512.jpg 768w\" sizes=\"(max-width: 800px) 100vw, 800px\" \/><figcaption class=\"wp-element-caption\">E a Mayra Leal que foi de &#8220;O Melhor do Brasil: Leite de Rosas&#8221;, e arrasou!!<\/figcaption><\/figure><\/div>\n\n<div class=\"wp-block-image\">\n<figure class=\"aligncenter size-full\"><img loading=\"lazy\" decoding=\"async\" width=\"799\" height=\"533\" src=\"https:\/\/dedemesquita.com.br\/wp-content\/uploads\/2023\/03\/52719965518_b97ba3a9c8_c.jpg\" alt=\"\" class=\"wp-image-6005\" srcset=\"https:\/\/dedemesquita.com.br\/wp-content\/uploads\/2023\/03\/52719965518_b97ba3a9c8_c.jpg 799w, https:\/\/dedemesquita.com.br\/wp-content\/uploads\/2023\/03\/52719965518_b97ba3a9c8_c-768x512.jpg 768w\" sizes=\"(max-width: 799px) 100vw, 799px\" \/><figcaption class=\"wp-element-caption\">Eu ainda n\u00e3o &#8220;alcancei&#8221; a fantasia do Diogo Puget, mas que ficou &#8220;da hora&#8221;, ah! ficou!!!<\/figcaption><\/figure><\/div>","protected":false},"excerpt":{"rendered":"<p>No \u00faltimo domingo, 26, o bloco Unidos do Like, que re\u00fane a fina flor dos jornalistas mais descolados de Bel\u00e9m, saiu mais uma vez \u00e0s ruas da capital paraense, depois de dois anos de hiato por conta da pandemia de covid-19. Desta vez, o ponto de encontro, de sa\u00edda e de volta foi o gastrobar [&hellip;]<\/p>\n","protected":false},"author":2,"featured_media":5974,"comment_status":"open","ping_status":"open","sticky":false,"template":"","format":"standard","meta":{"footnotes":""},"categories":[51,14,29],"tags":[119,120,138,197,366],"class_list":["post-5973","post","type-post","status-publish","format-standard","has-post-thumbnail","hentry","category-destaque","category-imprensa","category-jornalismo","tag-jornalismo","tag-jornalistas-paraenses-em-acao","tag-record-belem","tag-tv-cultura","tag-unidos-do-like"],"yoast_head":"<!-- This site is optimized with the Yoast SEO plugin v19.10 - https:\/\/yoast.com\/wordpress\/plugins\/seo\/ -->\n<title>Desfile do bloco de jornalistas Unidos do Like foi muito babado - Ded\u00e9 Mesquita<\/title>\n<meta name=\"robots\" content=\"index, follow, max-snippet:-1, max-image-preview:large, max-video-preview:-1\" \/>\n<link rel=\"canonical\" href=\"https:\/\/dedemesquita.com.br\/?p=5973\" \/>\n<meta property=\"og:locale\" content=\"pt_BR\" \/>\n<meta property=\"og:type\" content=\"article\" \/>\n<meta property=\"og:title\" content=\"Desfile do bloco de jornalistas Unidos do Like foi muito babado - Ded\u00e9 Mesquita\" \/>\n<meta property=\"og:description\" content=\"No \u00faltimo domingo, 26, o bloco Unidos do Like, que re\u00fane a fina flor dos jornalistas mais descolados de Bel\u00e9m, saiu mais uma vez \u00e0s ruas da capital paraense, depois de dois anos de hiato por conta da pandemia de covid-19. Desta vez, o ponto de encontro, de sa\u00edda e de volta foi o gastrobar [&hellip;]\" \/>\n<meta property=\"og:url\" content=\"https:\/\/dedemesquita.com.br\/?p=5973\" \/>\n<meta property=\"og:site_name\" content=\"Ded\u00e9 Mesquita\" \/>\n<meta property=\"article:publisher\" content=\"https:\/\/www.facebook.com\/dede.mesquita\" \/>\n<meta property=\"article:published_time\" content=\"2023-03-02T15:03:00+00:00\" \/>\n<meta property=\"article:modified_time\" content=\"2023-03-02T22:57:53+00:00\" \/>\n<meta property=\"og:image\" content=\"https:\/\/dedemesquita.com.br\/wp-content\/uploads\/2023\/03\/WhatsApp-Image-2023-02-28-at-11.03.40.jpeg\" \/>\n\t<meta property=\"og:image:width\" content=\"1000\" \/>\n\t<meta property=\"og:image:height\" content=\"750\" \/>\n\t<meta property=\"og:image:type\" content=\"image\/jpeg\" \/>\n<meta name=\"author\" content=\"Ded\u00e9 Mesquita\" \/>\n<meta name=\"twitter:card\" content=\"summary_large_image\" \/>\n<meta name=\"twitter:creator\" content=\"@dedemesquita\" \/>\n<meta name=\"twitter:site\" content=\"@dedemesquita\" \/>\n<meta name=\"twitter:label1\" content=\"Escrito por\" \/>\n\t<meta name=\"twitter:data1\" content=\"Ded\u00e9 Mesquita\" \/>\n\t<meta name=\"twitter:label2\" content=\"Est. tempo de leitura\" \/>\n\t<meta name=\"twitter:data2\" content=\"6 minutos\" \/>\n<script type=\"application\/ld+json\" class=\"yoast-schema-graph\">{\"@context\":\"https:\/\/schema.org\",\"@graph\":[{\"@type\":\"WebPage\",\"@id\":\"https:\/\/dedemesquita.com.br\/?p=5973\",\"url\":\"https:\/\/dedemesquita.com.br\/?p=5973\",\"name\":\"Desfile do bloco de jornalistas Unidos do Like foi muito babado - Ded\u00e9 Mesquita\",\"isPartOf\":{\"@id\":\"https:\/\/dedemesquita.com.br\/#website\"},\"datePublished\":\"2023-03-02T15:03:00+00:00\",\"dateModified\":\"2023-03-02T22:57:53+00:00\",\"author\":{\"@id\":\"https:\/\/dedemesquita.com.br\/#\/schema\/person\/36571f81dd2d76dc3ab37231542c9e24\"},\"breadcrumb\":{\"@id\":\"https:\/\/dedemesquita.com.br\/?p=5973#breadcrumb\"},\"inLanguage\":\"pt-BR\",\"potentialAction\":[{\"@type\":\"ReadAction\",\"target\":[\"https:\/\/dedemesquita.com.br\/?p=5973\"]}]},{\"@type\":\"BreadcrumbList\",\"@id\":\"https:\/\/dedemesquita.com.br\/?p=5973#breadcrumb\",\"itemListElement\":[{\"@type\":\"ListItem\",\"position\":1,\"name\":\"In\u00edcio\",\"item\":\"https:\/\/dedemesquita.com.br\/\"},{\"@type\":\"ListItem\",\"position\":2,\"name\":\"Desfile do bloco de jornalistas Unidos do Like foi muito babado\"}]},{\"@type\":\"WebSite\",\"@id\":\"https:\/\/dedemesquita.com.br\/#website\",\"url\":\"https:\/\/dedemesquita.com.br\/\",\"name\":\"Ded\u00e9 Mesquita\",\"description\":\"Um site que mostra os bastidores da imprensa no estado do Par\u00e1 e em Bel\u00e9m\",\"potentialAction\":[{\"@type\":\"SearchAction\",\"target\":{\"@type\":\"EntryPoint\",\"urlTemplate\":\"https:\/\/dedemesquita.com.br\/?s={search_term_string}\"},\"query-input\":\"required name=search_term_string\"}],\"inLanguage\":\"pt-BR\"},{\"@type\":\"Person\",\"@id\":\"https:\/\/dedemesquita.com.br\/#\/schema\/person\/36571f81dd2d76dc3ab37231542c9e24\",\"name\":\"Ded\u00e9 Mesquita\",\"image\":{\"@type\":\"ImageObject\",\"inLanguage\":\"pt-BR\",\"@id\":\"https:\/\/dedemesquita.com.br\/#\/schema\/person\/image\/\",\"url\":\"https:\/\/dedemesquita.com.br\/wp-content\/uploads\/2021\/02\/foto_perfil-150x150.jpg\",\"contentUrl\":\"https:\/\/dedemesquita.com.br\/wp-content\/uploads\/2021\/02\/foto_perfil-150x150.jpg\",\"caption\":\"Ded\u00e9 Mesquita\"},\"sameAs\":[\"https:\/\/dedemesquita.com.br\"]}]}<\/script>\n<!-- \/ Yoast SEO plugin. -->","yoast_head_json":{"title":"Desfile do bloco de jornalistas Unidos do Like foi muito babado - Ded\u00e9 Mesquita","robots":{"index":"index","follow":"follow","max-snippet":"max-snippet:-1","max-image-preview":"max-image-preview:large","max-video-preview":"max-video-preview:-1"},"canonical":"https:\/\/dedemesquita.com.br\/?p=5973","og_locale":"pt_BR","og_type":"article","og_title":"Desfile do bloco de jornalistas Unidos do Like foi muito babado - Ded\u00e9 Mesquita","og_description":"No \u00faltimo domingo, 26, o bloco Unidos do Like, que re\u00fane a fina flor dos jornalistas mais descolados de Bel\u00e9m, saiu mais uma vez \u00e0s ruas da capital paraense, depois de dois anos de hiato por conta da pandemia de covid-19. Desta vez, o ponto de encontro, de sa\u00edda e de volta foi o gastrobar [&hellip;]","og_url":"https:\/\/dedemesquita.com.br\/?p=5973","og_site_name":"Ded\u00e9 Mesquita","article_publisher":"https:\/\/www.facebook.com\/dede.mesquita","article_published_time":"2023-03-02T15:03:00+00:00","article_modified_time":"2023-03-02T22:57:53+00:00","og_image":[{"width":1000,"height":750,"url":"https:\/\/dedemesquita.com.br\/wp-content\/uploads\/2023\/03\/WhatsApp-Image-2023-02-28-at-11.03.40.jpeg","type":"image\/jpeg"}],"author":"Ded\u00e9 Mesquita","twitter_card":"summary_large_image","twitter_creator":"@dedemesquita","twitter_site":"@dedemesquita","twitter_misc":{"Escrito por":"Ded\u00e9 Mesquita","Est. tempo de leitura":"6 minutos"},"schema":{"@context":"https:\/\/schema.org","@graph":[{"@type":"WebPage","@id":"https:\/\/dedemesquita.com.br\/?p=5973","url":"https:\/\/dedemesquita.com.br\/?p=5973","name":"Desfile do bloco de jornalistas Unidos do Like foi muito babado - Ded\u00e9 Mesquita","isPartOf":{"@id":"https:\/\/dedemesquita.com.br\/#website"},"datePublished":"2023-03-02T15:03:00+00:00","dateModified":"2023-03-02T22:57:53+00:00","author":{"@id":"https:\/\/dedemesquita.com.br\/#\/schema\/person\/36571f81dd2d76dc3ab37231542c9e24"},"breadcrumb":{"@id":"https:\/\/dedemesquita.com.br\/?p=5973#breadcrumb"},"inLanguage":"pt-BR","potentialAction":[{"@type":"ReadAction","target":["https:\/\/dedemesquita.com.br\/?p=5973"]}]},{"@type":"BreadcrumbList","@id":"https:\/\/dedemesquita.com.br\/?p=5973#breadcrumb","itemListElement":[{"@type":"ListItem","position":1,"name":"In\u00edcio","item":"https:\/\/dedemesquita.com.br\/"},{"@type":"ListItem","position":2,"name":"Desfile do bloco de jornalistas Unidos do Like foi muito babado"}]},{"@type":"WebSite","@id":"https:\/\/dedemesquita.com.br\/#website","url":"https:\/\/dedemesquita.com.br\/","name":"Ded\u00e9 Mesquita","description":"Um site que mostra os bastidores da imprensa no estado do Par\u00e1 e em Bel\u00e9m","potentialAction":[{"@type":"SearchAction","target":{"@type":"EntryPoint","urlTemplate":"https:\/\/dedemesquita.com.br\/?s={search_term_string}"},"query-input":"required name=search_term_string"}],"inLanguage":"pt-BR"},{"@type":"Person","@id":"https:\/\/dedemesquita.com.br\/#\/schema\/person\/36571f81dd2d76dc3ab37231542c9e24","name":"Ded\u00e9 Mesquita","image":{"@type":"ImageObject","inLanguage":"pt-BR","@id":"https:\/\/dedemesquita.com.br\/#\/schema\/person\/image\/","url":"https:\/\/dedemesquita.com.br\/wp-content\/uploads\/2021\/02\/foto_perfil-150x150.jpg","contentUrl":"https:\/\/dedemesquita.com.br\/wp-content\/uploads\/2021\/02\/foto_perfil-150x150.jpg","caption":"Ded\u00e9 Mesquita"},"sameAs":["https:\/\/dedemesquita.com.br"]}]}},"_links":{"self":[{"href":"https:\/\/dedemesquita.com.br\/index.php?rest_route=\/wp\/v2\/posts\/5973"}],"collection":[{"href":"https:\/\/dedemesquita.com.br\/index.php?rest_route=\/wp\/v2\/posts"}],"about":[{"href":"https:\/\/dedemesquita.com.br\/index.php?rest_route=\/wp\/v2\/types\/post"}],"author":[{"embeddable":true,"href":"https:\/\/dedemesquita.com.br\/index.php?rest_route=\/wp\/v2\/users\/2"}],"replies":[{"embeddable":true,"href":"https:\/\/dedemesquita.com.br\/index.php?rest_route=%2Fwp%2Fv2%2Fcomments&post=5973"}],"version-history":[{"count":10,"href":"https:\/\/dedemesquita.com.br\/index.php?rest_route=\/wp\/v2\/posts\/5973\/revisions"}],"predecessor-version":[{"id":6007,"href":"https:\/\/dedemesquita.com.br\/index.php?rest_route=\/wp\/v2\/posts\/5973\/revisions\/6007"}],"wp:featuredmedia":[{"embeddable":true,"href":"https:\/\/dedemesquita.com.br\/index.php?rest_route=\/wp\/v2\/media\/5974"}],"wp:attachment":[{"href":"https:\/\/dedemesquita.com.br\/index.php?rest_route=%2Fwp%2Fv2%2Fmedia&parent=5973"}],"wp:term":[{"taxonomy":"category","embeddable":true,"href":"https:\/\/dedemesquita.com.br\/index.php?rest_route=%2Fwp%2Fv2%2Fcategories&post=5973"},{"taxonomy":"post_tag","embeddable":true,"href":"https:\/\/dedemesquita.com.br\/index.php?rest_route=%2Fwp%2Fv2%2Ftags&post=5973"}],"curies":[{"name":"wp","href":"https:\/\/api.w.org\/{rel}","templated":true}]}}