{"id":5943,"date":"2023-03-01T09:16:32","date_gmt":"2023-03-01T12:16:32","guid":{"rendered":"https:\/\/dedemesquita.com.br\/?p=5943"},"modified":"2023-03-01T10:29:38","modified_gmt":"2023-03-01T13:29:38","slug":"relatorio-de-violencia-contra-jornalistas-e-lancado-em-belem-e-mais-mudancas-nas-assessorias-de-comunicacao","status":"publish","type":"post","link":"https:\/\/dedemesquita.com.br\/?p=5943","title":{"rendered":"Relat\u00f3rio de Viol\u00eancia contra Jornalistas \u00e9 lan\u00e7ado em Bel\u00e9m e mais mudan\u00e7as nas assessorias de comunica\u00e7\u00e3o"},"content":{"rendered":"\n<p>O Par\u00e1 \u00e9 o estado com maior n\u00famero de casos de viol\u00eancia contra jornalistas da Amaz\u00f4nia Legal e o terceiro do pa\u00eds. Os \u00edndices est\u00e3o no <strong>Relat\u00f3rio 2022 da Federa\u00e7\u00e3o Nacional dos Jornalistas &#8211; Fenaj<\/strong>, lan\u00e7ado nacionalmente neste ano, tendo como base os dados do Sindicato de Jornalistas no Estado do Par\u00e1 &#8211; Sinjor-PA, que registrou 21 situa\u00e7\u00f5es de viol\u00eancia contra os profissionais da categoria.<\/p>\n\n\n\n<p>No Par\u00e1, o Sinjor lan\u00e7a nesta quinta-feira, 2, o I <a><strong>Relat\u00f3rio de Viol\u00eancia contra Jornalistas e a Liberdade de Imprensa<\/strong><\/a>, com os dados referentes ao Estado. O lan\u00e7amento, que ser\u00e1 feito em parceria com a Comiss\u00e3o de Defesa da Liberdade de Imprensa e Express\u00e3o da OAB, vai ocorrer a partir das 18 horas, no audit\u00f3rio B-100 da Universidade da Amaz\u00f4nia &#8211; Unama, localizado na avenida Alcindo Cacela, n\u00famero 287, no Umarizal, em Bel\u00e9m. O evento tamb\u00e9m ser\u00e1 transmitido via internet pelas redes sociais do Sinjor.<\/p>\n\n\n\n<p>O documento ser\u00e1 distribu\u00eddo para gestores p\u00fablicos, \u00f3rg\u00e3os de seguran\u00e7a, entidades de defesa dos direitos humanos, institui\u00e7\u00f5es de ensino e pesquisadores. Qualquer cidad\u00e3o tamb\u00e9m poder\u00e1 ter acesso ao documento virtual solicitando \u00e0 entidade. A diretoria do Sinjor pretende ainda reunir com a Secretaria de Seguran\u00e7a P\u00fablica do Estado e articular, junto a parlamentares, uma Audi\u00eancia P\u00fablica na Assembleia Legislativa do Par\u00e1 &#8211; Alepa, para dar os devidos encaminhamentos para garantir seguran\u00e7a e prote\u00e7\u00e3o aos jornalistas no livre exerc\u00edcio profissional.<\/p>\n\n\n\n<p><strong>Mostra ARFOC &#8211;<\/strong> Os coleguinhas retratistas e supertalentosos de Bel\u00e9m, <strong>Marx Vasconcelos<\/strong> e <strong>Tarso Sarraf<\/strong>, foram selecionados para a 17a. Mostra Anual de Fotojornalismo da ARFOC-SP, a Associa\u00e7\u00e3o de Rep\u00f3rteres Fotogr\u00e1ficos e\u00a0Cinematogr\u00e1ficos no Estado de S\u00e3o Paulo. As fotos dos dois, junto com fot\u00f3grafos selecionados do Brasil todo, ser\u00e3o projetados <strong>neste domingo, dia 5, a partir das 19h30<\/strong>, <strong>at\u00e9 \u00e0s 22h<\/strong>, no elevado Jo\u00e3o Goulart, mais conhecido como <strong>Minhoc\u00e3o<\/strong>, na rampa de acesso do metr\u00f4 Marechal Deodoro, no Centro da capital paulista. Marx est\u00e1 categoria <strong>Individual<\/strong> e Tarso na categoria <strong>V\u00eddeo-reportagem<\/strong><\/p>\n\n\n<div class=\"wp-block-image\">\n<figure class=\"aligncenter size-full\"><img loading=\"lazy\" decoding=\"async\" width=\"800\" height=\"532\" src=\"https:\/\/dedemesquita.com.br\/wp-content\/uploads\/2023\/03\/WhatsApp-Image-2023-03-01-at-10.17.22.jpeg\" alt=\"\" class=\"wp-image-5967\" srcset=\"https:\/\/dedemesquita.com.br\/wp-content\/uploads\/2023\/03\/WhatsApp-Image-2023-03-01-at-10.17.22.jpeg 800w, https:\/\/dedemesquita.com.br\/wp-content\/uploads\/2023\/03\/WhatsApp-Image-2023-03-01-at-10.17.22-768x511.jpeg 768w, https:\/\/dedemesquita.com.br\/wp-content\/uploads\/2023\/03\/WhatsApp-Image-2023-03-01-at-10.17.22-600x398.jpeg 600w\" sizes=\"(max-width: 800px) 100vw, 800px\" \/><figcaption class=\"wp-element-caption\">Marx Vasconcelos estreia na Mostra Anual da ARFOC-SP<\/figcaption><\/figure><\/div>\n\n<div class=\"wp-block-image\">\n<figure class=\"aligncenter size-full\"><img loading=\"lazy\" decoding=\"async\" width=\"601\" height=\"437\" src=\"https:\/\/dedemesquita.com.br\/wp-content\/uploads\/2023\/03\/tars.png\" alt=\"\" class=\"wp-image-5969\"\/><figcaption class=\"wp-element-caption\">Tarso Sarraf est\u00e1 na Mostra ARFOC-SO na categoria V\u00eddeo-reportagem <\/figcaption><\/figure><\/div>\n\n\n<p class=\"has-text-align-center\"><strong><em> M U D A N \u00c7 A S  N A S  R E D A \u00c7 \u00d5 E S  <\/em><\/strong><\/p>\n\n\n\n<p>Mal fechei as atualiza\u00e7\u00f5es das dan\u00e7as das cadeiras nas reda\u00e7\u00f5es e j\u00e1 tem um monte delas, com foco maior nas assessorias de comunica\u00e7\u00e3o da Prefeitura de Bel\u00e9m e no Governo Par\u00e1. Depois, voc\u00eas ficam falando mal de mim&#8230; Estou colocando contatos de todo mundo e facilitando a vida de todos. Atualizem o mailing!!!!<\/p>\n\n\n\n<p><strong>\u00c9rika &#8211; <\/strong>Quem est\u00e1 de volta \u00e0 comunica\u00e7\u00e3o institucional \u00e9 a jornalista <strong>\u00c9rika Morhy<\/strong> que ficou com a vaga de Ronaldo Gillet na <strong>Secretaria Municipal de Administra\u00e7\u00e3o &#8211; Semad<\/strong>. Contato dela: <a href=\"mailto:ascom.semad.pmb@gmail.com\">ascom.semad.pmb@gmail.com<\/a> &nbsp;e <strong>91 98733-2813<\/strong><\/p>\n\n\n<div class=\"wp-block-image\">\n<figure class=\"aligncenter size-full\"><img loading=\"lazy\" decoding=\"async\" width=\"800\" height=\"708\" src=\"https:\/\/dedemesquita.com.br\/wp-content\/uploads\/2023\/03\/ERKA.jpg\" alt=\"\" class=\"wp-image-5953\" srcset=\"https:\/\/dedemesquita.com.br\/wp-content\/uploads\/2023\/03\/ERKA.jpg 800w, https:\/\/dedemesquita.com.br\/wp-content\/uploads\/2023\/03\/ERKA-768x680.jpg 768w\" sizes=\"(max-width: 800px) 100vw, 800px\" \/><figcaption class=\"wp-element-caption\">\u00c9rika Morhy, \u00e0 esquerda, e Cleide Magalh\u00e3es, diretora de jornalismo da Comus\/ Ag\u00eancia Bel\u00e9m <\/figcaption><\/figure><\/div>\n\n\n<p><strong>Semec &#8211; <\/strong>Na Secretaria Municipal de Educa\u00e7\u00e3o e Cultura &#8211; <strong>Semec<\/strong>, quem refor\u00e7a o time \u00e9 <strong>Silvia Sales<\/strong>, com o telefone <strong>91 9985-6345<\/strong>. Ela est\u00e1 na equipe junto com<strong> L\u00edlian Leit\u00e3o<\/strong> e <strong>T\u00e1bita Oliveira<\/strong>. &nbsp;&nbsp;<\/p>\n\n\n\n<p><strong>Calixto &#8211; <\/strong>No <strong>Instituto de Assist\u00eancia dos Servidores de Bel\u00e9m &#8211; Iasb<\/strong>, quem assumiu a comunica\u00e7\u00e3o foi o <strong>Isidoro Calixto<\/strong>, com o contato <strong>91 99310-2573<\/strong><\/p>\n\n\n<div class=\"wp-block-image\">\n<figure class=\"aligncenter size-full\"><img loading=\"lazy\" decoding=\"async\" width=\"665\" height=\"495\" src=\"https:\/\/dedemesquita.com.br\/wp-content\/uploads\/2023\/03\/isidoro.jpg\" alt=\"\" class=\"wp-image-5954\"\/><figcaption class=\"wp-element-caption\">Isidoro Calixto na comunica\u00e7\u00e3o institucional&#8230;<\/figcaption><\/figure><\/div>\n\n\n<p>E agora as assessorias de comunica\u00e7\u00e3o do <strong>Governo do Estado<\/strong>, que teve algumas mudan\u00e7as de secret\u00e1rios e assessores.<\/p>\n\n\n\n<p><strong>Dani Franco &#8211; <\/strong>Na <strong>Secretaria Estrat\u00e9gica de Articula\u00e7\u00e3o da Cidadania &#8211; SEAC<\/strong>, assumiu o Igor Normando, e a assessoria de comunica\u00e7\u00e3o est\u00e1 com a <strong>Dani Franco<\/strong>, que est\u00e1 de volta a Bel\u00e9m, ap\u00f3s uma temporada no estado do Amazonas. Contato dela:<strong> 91 98425-6171<\/strong> e E-mail: <a href=\"mailto:danifranco@gmail.com\">danifranco@gmail.com<\/a><\/p>\n\n\n<div class=\"wp-block-image\">\n<figure class=\"aligncenter size-full\"><img loading=\"lazy\" decoding=\"async\" width=\"750\" height=\"650\" src=\"https:\/\/dedemesquita.com.br\/wp-content\/uploads\/2023\/03\/DANI_FRANCO.jpg\" alt=\"\" class=\"wp-image-5950\"\/><figcaption class=\"wp-element-caption\">Dani Franco est\u00e1 trabalhando com Igor Normando <\/figcaption><\/figure><\/div>\n\n\n<p><strong>Elck &#8211; <\/strong>Na <strong>Secretaria de Estado de Justi\u00e7a e Direitos Humanos &#8211; SEJUDH<\/strong>, o gestor \u00e9 Evandro Pereira da Silva e a assessora de comunica\u00e7\u00e3o \u00e9 a <strong>Elck Oliveira<\/strong>, no telefone: <strong>91 98501 3412<\/strong> e e-mail: <a href=\"mailto:imprensa.sejudh@gmail.com\">imprensa.sejudh@gmail.com<\/a><\/p>\n\n\n<div class=\"wp-block-image\">\n<figure class=\"aligncenter size-full\"><img loading=\"lazy\" decoding=\"async\" width=\"687\" height=\"488\" src=\"https:\/\/dedemesquita.com.br\/wp-content\/uploads\/2023\/03\/ELCK.jpg\" alt=\"\" class=\"wp-image-5951\"\/><figcaption class=\"wp-element-caption\">Elck Oliveira na \u00e1rea de direitos humanos <\/figcaption><\/figure><\/div>\n\n\n<p><strong>IASEP &#8211; <\/strong>No Instituto de Assist\u00eancia dos Servidores do Estado do Par\u00e1 &#8211; IASEP, cujo presidente \u00e9 Bernardo Albuquerque de Almeida, a assessora \u00e9 <strong>Caroline Rocha<\/strong>, no e-mail <a href=\"mailto:comunicacaoiasep@gmail.com\">comunicacaoiasep@gmail.com<\/a> e telefone: <strong>91 99283-5337<\/strong><\/p>\n\n\n\n<p><strong>CPH &#8211; <\/strong>Na Companhia de Portos e Hidrovias do Par\u00e1 &#8211; CPH, no lugar do Bruno Magno, que foi para a Seduc, est\u00e1 <strong>Matheus Freitas<\/strong>, nos contatos: <strong>91 98236-0316<\/strong>\/ <strong>91 99941-3490<\/strong> e e-mail <a href=\"mailto:ascomcph@gmail.com\">ascomcph@gmail.com<\/a><\/p>\n\n\n\n<p><strong>ARCON &#8211; <\/strong>A Ag\u00eancia de Regula\u00e7\u00e3o e Controle de Servi\u00e7os P\u00fablicos do Estado do Par\u00e1 &#8211; ARCON, tamb\u00e9m mudou de assessora de comunica\u00e7\u00e3o. Saiu a Cybele Puget e est\u00e1 a <strong>Dayane Ba\u00eda<\/strong>. Contatos: <a href=\"mailto:ascomarcon@gmail.com\">ascomarcon@gmail.com<\/a>, <strong>91 98836-5992<\/strong> e <a href=\"mailto:dayanebaia@gmail.com\">dayanebaia@gmail.com<\/a><\/p>\n\n\n<div class=\"wp-block-image\">\n<figure class=\"aligncenter size-full\"><img loading=\"lazy\" decoding=\"async\" width=\"800\" height=\"555\" src=\"https:\/\/dedemesquita.com.br\/wp-content\/uploads\/2023\/03\/dayane.jpg\" alt=\"\" class=\"wp-image-5952\" srcset=\"https:\/\/dedemesquita.com.br\/wp-content\/uploads\/2023\/03\/dayane.jpg 800w, https:\/\/dedemesquita.com.br\/wp-content\/uploads\/2023\/03\/dayane-768x533.jpg 768w\" sizes=\"(max-width: 800px) 100vw, 800px\" \/><figcaption class=\"wp-element-caption\">Dayane Ba\u00eda na Arcon <\/figcaption><\/figure><\/div>\n\n\n<p><strong>Keyth &#8211; <\/strong>Saindo de Bel\u00e9m para S\u00e3o Paulo, a jornalista paraense <strong>Keyth Washington<\/strong> come\u00e7ando em um novo cargo de comunica\u00e7\u00e3o empresarial na ag\u00eancia CDN Comunica\u00e7\u00e3o.<\/p>\n\n\n<div class=\"wp-block-image\">\n<figure class=\"aligncenter size-full\"><img loading=\"lazy\" decoding=\"async\" width=\"720\" height=\"751\" src=\"https:\/\/dedemesquita.com.br\/wp-content\/uploads\/2023\/03\/WhatsApp-Image-2023-03-01-at-09.08.56.jpeg\" alt=\"\" class=\"wp-image-5956\"\/><figcaption class=\"wp-element-caption\">Keyth Washington, sucesso, mana! Est\u00e1s me devendo uma visita!! <\/figcaption><\/figure><\/div>","protected":false},"excerpt":{"rendered":"<p>O Par\u00e1 \u00e9 o estado com maior n\u00famero de casos de viol\u00eancia contra jornalistas da Amaz\u00f4nia Legal e o terceiro do pa\u00eds. Os \u00edndices est\u00e3o no Relat\u00f3rio 2022 da Federa\u00e7\u00e3o Nacional dos Jornalistas &#8211; Fenaj, lan\u00e7ado nacionalmente neste ano, tendo como base os dados do Sindicato de Jornalistas no Estado do Par\u00e1 &#8211; Sinjor-PA, que [&hellip;]<\/p>\n","protected":false},"author":2,"featured_media":5948,"comment_status":"open","ping_status":"open","sticky":false,"template":"","format":"standard","meta":{"footnotes":""},"categories":[51,14,29],"tags":[136,119,120,150],"class_list":["post-5943","post","type-post","status-publish","format-standard","has-post-thumbnail","hentry","category-destaque","category-imprensa","category-jornalismo","tag-comus-agencia-belem","tag-jornalismo","tag-jornalistas-paraenses-em-acao","tag-secom-pa"],"yoast_head":"<!-- This site is optimized with the Yoast SEO plugin v19.10 - https:\/\/yoast.com\/wordpress\/plugins\/seo\/ -->\n<title>Relat\u00f3rio de Viol\u00eancia contra Jornalistas \u00e9 lan\u00e7ado em Bel\u00e9m e mais mudan\u00e7as nas assessorias de comunica\u00e7\u00e3o - Ded\u00e9 Mesquita<\/title>\n<meta name=\"robots\" content=\"index, follow, max-snippet:-1, max-image-preview:large, max-video-preview:-1\" \/>\n<link rel=\"canonical\" href=\"https:\/\/dedemesquita.com.br\/?p=5943\" \/>\n<meta property=\"og:locale\" content=\"pt_BR\" \/>\n<meta property=\"og:type\" content=\"article\" \/>\n<meta property=\"og:title\" content=\"Relat\u00f3rio de Viol\u00eancia contra Jornalistas \u00e9 lan\u00e7ado em Bel\u00e9m e mais mudan\u00e7as nas assessorias de comunica\u00e7\u00e3o - Ded\u00e9 Mesquita\" \/>\n<meta property=\"og:description\" content=\"O Par\u00e1 \u00e9 o estado com maior n\u00famero de casos de viol\u00eancia contra jornalistas da Amaz\u00f4nia Legal e o terceiro do pa\u00eds. Os \u00edndices est\u00e3o no Relat\u00f3rio 2022 da Federa\u00e7\u00e3o Nacional dos Jornalistas &#8211; Fenaj, lan\u00e7ado nacionalmente neste ano, tendo como base os dados do Sindicato de Jornalistas no Estado do Par\u00e1 &#8211; Sinjor-PA, que [&hellip;]\" \/>\n<meta property=\"og:url\" content=\"https:\/\/dedemesquita.com.br\/?p=5943\" \/>\n<meta property=\"og:site_name\" content=\"Ded\u00e9 Mesquita\" \/>\n<meta property=\"article:publisher\" content=\"https:\/\/www.facebook.com\/dede.mesquita\" \/>\n<meta property=\"article:published_time\" content=\"2023-03-01T12:16:32+00:00\" \/>\n<meta property=\"article:modified_time\" content=\"2023-03-01T13:29:38+00:00\" \/>\n<meta property=\"og:image\" content=\"https:\/\/dedemesquita.com.br\/wp-content\/uploads\/2023\/03\/WhatsApp-Image-2023-02-28-at-20.41.54.jpeg\" \/>\n\t<meta property=\"og:image:width\" content=\"1000\" \/>\n\t<meta property=\"og:image:height\" content=\"627\" \/>\n\t<meta property=\"og:image:type\" content=\"image\/jpeg\" \/>\n<meta name=\"author\" content=\"Ded\u00e9 Mesquita\" \/>\n<meta name=\"twitter:card\" content=\"summary_large_image\" \/>\n<meta name=\"twitter:creator\" content=\"@dedemesquita\" \/>\n<meta name=\"twitter:site\" content=\"@dedemesquita\" \/>\n<meta name=\"twitter:label1\" content=\"Escrito por\" \/>\n\t<meta name=\"twitter:data1\" content=\"Ded\u00e9 Mesquita\" \/>\n\t<meta name=\"twitter:label2\" content=\"Est. tempo de leitura\" \/>\n\t<meta name=\"twitter:data2\" content=\"6 minutos\" \/>\n<script type=\"application\/ld+json\" class=\"yoast-schema-graph\">{\"@context\":\"https:\/\/schema.org\",\"@graph\":[{\"@type\":\"WebPage\",\"@id\":\"https:\/\/dedemesquita.com.br\/?p=5943\",\"url\":\"https:\/\/dedemesquita.com.br\/?p=5943\",\"name\":\"Relat\u00f3rio de Viol\u00eancia contra Jornalistas \u00e9 lan\u00e7ado em Bel\u00e9m e mais mudan\u00e7as nas assessorias de comunica\u00e7\u00e3o - Ded\u00e9 Mesquita\",\"isPartOf\":{\"@id\":\"https:\/\/dedemesquita.com.br\/#website\"},\"datePublished\":\"2023-03-01T12:16:32+00:00\",\"dateModified\":\"2023-03-01T13:29:38+00:00\",\"author\":{\"@id\":\"https:\/\/dedemesquita.com.br\/#\/schema\/person\/36571f81dd2d76dc3ab37231542c9e24\"},\"breadcrumb\":{\"@id\":\"https:\/\/dedemesquita.com.br\/?p=5943#breadcrumb\"},\"inLanguage\":\"pt-BR\",\"potentialAction\":[{\"@type\":\"ReadAction\",\"target\":[\"https:\/\/dedemesquita.com.br\/?p=5943\"]}]},{\"@type\":\"BreadcrumbList\",\"@id\":\"https:\/\/dedemesquita.com.br\/?p=5943#breadcrumb\",\"itemListElement\":[{\"@type\":\"ListItem\",\"position\":1,\"name\":\"In\u00edcio\",\"item\":\"https:\/\/dedemesquita.com.br\/\"},{\"@type\":\"ListItem\",\"position\":2,\"name\":\"Relat\u00f3rio de Viol\u00eancia contra Jornalistas \u00e9 lan\u00e7ado em Bel\u00e9m e mais mudan\u00e7as nas assessorias de comunica\u00e7\u00e3o\"}]},{\"@type\":\"WebSite\",\"@id\":\"https:\/\/dedemesquita.com.br\/#website\",\"url\":\"https:\/\/dedemesquita.com.br\/\",\"name\":\"Ded\u00e9 Mesquita\",\"description\":\"Um site que mostra os bastidores da imprensa no estado do Par\u00e1 e em Bel\u00e9m\",\"potentialAction\":[{\"@type\":\"SearchAction\",\"target\":{\"@type\":\"EntryPoint\",\"urlTemplate\":\"https:\/\/dedemesquita.com.br\/?s={search_term_string}\"},\"query-input\":\"required name=search_term_string\"}],\"inLanguage\":\"pt-BR\"},{\"@type\":\"Person\",\"@id\":\"https:\/\/dedemesquita.com.br\/#\/schema\/person\/36571f81dd2d76dc3ab37231542c9e24\",\"name\":\"Ded\u00e9 Mesquita\",\"image\":{\"@type\":\"ImageObject\",\"inLanguage\":\"pt-BR\",\"@id\":\"https:\/\/dedemesquita.com.br\/#\/schema\/person\/image\/\",\"url\":\"https:\/\/dedemesquita.com.br\/wp-content\/uploads\/2021\/02\/foto_perfil-150x150.jpg\",\"contentUrl\":\"https:\/\/dedemesquita.com.br\/wp-content\/uploads\/2021\/02\/foto_perfil-150x150.jpg\",\"caption\":\"Ded\u00e9 Mesquita\"},\"sameAs\":[\"https:\/\/dedemesquita.com.br\"]}]}<\/script>\n<!-- \/ Yoast SEO plugin. -->","yoast_head_json":{"title":"Relat\u00f3rio de Viol\u00eancia contra Jornalistas \u00e9 lan\u00e7ado em Bel\u00e9m e mais mudan\u00e7as nas assessorias de comunica\u00e7\u00e3o - Ded\u00e9 Mesquita","robots":{"index":"index","follow":"follow","max-snippet":"max-snippet:-1","max-image-preview":"max-image-preview:large","max-video-preview":"max-video-preview:-1"},"canonical":"https:\/\/dedemesquita.com.br\/?p=5943","og_locale":"pt_BR","og_type":"article","og_title":"Relat\u00f3rio de Viol\u00eancia contra Jornalistas \u00e9 lan\u00e7ado em Bel\u00e9m e mais mudan\u00e7as nas assessorias de comunica\u00e7\u00e3o - Ded\u00e9 Mesquita","og_description":"O Par\u00e1 \u00e9 o estado com maior n\u00famero de casos de viol\u00eancia contra jornalistas da Amaz\u00f4nia Legal e o terceiro do pa\u00eds. Os \u00edndices est\u00e3o no Relat\u00f3rio 2022 da Federa\u00e7\u00e3o Nacional dos Jornalistas &#8211; Fenaj, lan\u00e7ado nacionalmente neste ano, tendo como base os dados do Sindicato de Jornalistas no Estado do Par\u00e1 &#8211; Sinjor-PA, que [&hellip;]","og_url":"https:\/\/dedemesquita.com.br\/?p=5943","og_site_name":"Ded\u00e9 Mesquita","article_publisher":"https:\/\/www.facebook.com\/dede.mesquita","article_published_time":"2023-03-01T12:16:32+00:00","article_modified_time":"2023-03-01T13:29:38+00:00","og_image":[{"width":1000,"height":627,"url":"https:\/\/dedemesquita.com.br\/wp-content\/uploads\/2023\/03\/WhatsApp-Image-2023-02-28-at-20.41.54.jpeg","type":"image\/jpeg"}],"author":"Ded\u00e9 Mesquita","twitter_card":"summary_large_image","twitter_creator":"@dedemesquita","twitter_site":"@dedemesquita","twitter_misc":{"Escrito por":"Ded\u00e9 Mesquita","Est. tempo de leitura":"6 minutos"},"schema":{"@context":"https:\/\/schema.org","@graph":[{"@type":"WebPage","@id":"https:\/\/dedemesquita.com.br\/?p=5943","url":"https:\/\/dedemesquita.com.br\/?p=5943","name":"Relat\u00f3rio de Viol\u00eancia contra Jornalistas \u00e9 lan\u00e7ado em Bel\u00e9m e mais mudan\u00e7as nas assessorias de comunica\u00e7\u00e3o - Ded\u00e9 Mesquita","isPartOf":{"@id":"https:\/\/dedemesquita.com.br\/#website"},"datePublished":"2023-03-01T12:16:32+00:00","dateModified":"2023-03-01T13:29:38+00:00","author":{"@id":"https:\/\/dedemesquita.com.br\/#\/schema\/person\/36571f81dd2d76dc3ab37231542c9e24"},"breadcrumb":{"@id":"https:\/\/dedemesquita.com.br\/?p=5943#breadcrumb"},"inLanguage":"pt-BR","potentialAction":[{"@type":"ReadAction","target":["https:\/\/dedemesquita.com.br\/?p=5943"]}]},{"@type":"BreadcrumbList","@id":"https:\/\/dedemesquita.com.br\/?p=5943#breadcrumb","itemListElement":[{"@type":"ListItem","position":1,"name":"In\u00edcio","item":"https:\/\/dedemesquita.com.br\/"},{"@type":"ListItem","position":2,"name":"Relat\u00f3rio de Viol\u00eancia contra Jornalistas \u00e9 lan\u00e7ado em Bel\u00e9m e mais mudan\u00e7as nas assessorias de comunica\u00e7\u00e3o"}]},{"@type":"WebSite","@id":"https:\/\/dedemesquita.com.br\/#website","url":"https:\/\/dedemesquita.com.br\/","name":"Ded\u00e9 Mesquita","description":"Um site que mostra os bastidores da imprensa no estado do Par\u00e1 e em Bel\u00e9m","potentialAction":[{"@type":"SearchAction","target":{"@type":"EntryPoint","urlTemplate":"https:\/\/dedemesquita.com.br\/?s={search_term_string}"},"query-input":"required name=search_term_string"}],"inLanguage":"pt-BR"},{"@type":"Person","@id":"https:\/\/dedemesquita.com.br\/#\/schema\/person\/36571f81dd2d76dc3ab37231542c9e24","name":"Ded\u00e9 Mesquita","image":{"@type":"ImageObject","inLanguage":"pt-BR","@id":"https:\/\/dedemesquita.com.br\/#\/schema\/person\/image\/","url":"https:\/\/dedemesquita.com.br\/wp-content\/uploads\/2021\/02\/foto_perfil-150x150.jpg","contentUrl":"https:\/\/dedemesquita.com.br\/wp-content\/uploads\/2021\/02\/foto_perfil-150x150.jpg","caption":"Ded\u00e9 Mesquita"},"sameAs":["https:\/\/dedemesquita.com.br"]}]}},"_links":{"self":[{"href":"https:\/\/dedemesquita.com.br\/index.php?rest_route=\/wp\/v2\/posts\/5943"}],"collection":[{"href":"https:\/\/dedemesquita.com.br\/index.php?rest_route=\/wp\/v2\/posts"}],"about":[{"href":"https:\/\/dedemesquita.com.br\/index.php?rest_route=\/wp\/v2\/types\/post"}],"author":[{"embeddable":true,"href":"https:\/\/dedemesquita.com.br\/index.php?rest_route=\/wp\/v2\/users\/2"}],"replies":[{"embeddable":true,"href":"https:\/\/dedemesquita.com.br\/index.php?rest_route=%2Fwp%2Fv2%2Fcomments&post=5943"}],"version-history":[{"count":14,"href":"https:\/\/dedemesquita.com.br\/index.php?rest_route=\/wp\/v2\/posts\/5943\/revisions"}],"predecessor-version":[{"id":5971,"href":"https:\/\/dedemesquita.com.br\/index.php?rest_route=\/wp\/v2\/posts\/5943\/revisions\/5971"}],"wp:featuredmedia":[{"embeddable":true,"href":"https:\/\/dedemesquita.com.br\/index.php?rest_route=\/wp\/v2\/media\/5948"}],"wp:attachment":[{"href":"https:\/\/dedemesquita.com.br\/index.php?rest_route=%2Fwp%2Fv2%2Fmedia&parent=5943"}],"wp:term":[{"taxonomy":"category","embeddable":true,"href":"https:\/\/dedemesquita.com.br\/index.php?rest_route=%2Fwp%2Fv2%2Fcategories&post=5943"},{"taxonomy":"post_tag","embeddable":true,"href":"https:\/\/dedemesquita.com.br\/index.php?rest_route=%2Fwp%2Fv2%2Ftags&post=5943"}],"curies":[{"name":"wp","href":"https:\/\/api.w.org\/{rel}","templated":true}]}}