{"id":5880,"date":"2023-02-22T08:26:41","date_gmt":"2023-02-22T11:26:41","guid":{"rendered":"https:\/\/dedemesquita.com.br\/?p=5880"},"modified":"2023-02-23T11:10:41","modified_gmt":"2023-02-23T14:10:41","slug":"imprensa-na-cobertura-do-carnaval-em-vigia-sao-caetano-do-odivelas-rio-de-janeiro-e-belem","status":"publish","type":"post","link":"https:\/\/dedemesquita.com.br\/?p=5880","title":{"rendered":"Imprensa na cobertura do carnaval em Vigia, S\u00e3o Caetano do Odivelas, Rio de Janeiro e Bel\u00e9m"},"content":{"rendered":"\n<p>J\u00e1 dizia\/ cantava aquela ex-banda de pop rock que muita gente gosta &#8220;todo carnaval tem seu fim&#8221;, com a chegada da quarta-feira de Cinzas, hoje, 22. Mas a folia foi tamb\u00e9m de muito trabalho para a galera da imprensa, para quem n\u00e3o tem tempo ruim e pautas nunca faltam deixam de chegar. <\/p>\n\n\n\n<p><strong>Crias &#8211; <\/strong>Cronologicamente, no s\u00e1bado, dia 11, foi realizado pelas ruas do bairro do Tel\u00e9grafo o tradicional desfile da escola de samba Crias do Curro Velho. Uma das atra\u00e7\u00f5es do cortejo foi a porta-bandeira da escola que \u00e9 cadeirante e deu muito show.  <\/p>\n\n\n<div class=\"wp-block-image\">\n<figure class=\"aligncenter size-full\"><img loading=\"lazy\" decoding=\"async\" width=\"720\" height=\"720\" src=\"https:\/\/dedemesquita.com.br\/wp-content\/uploads\/2023\/02\/WhatsApp-Image-2023-02-22-at-15.53.35.jpeg\" alt=\"\" class=\"wp-image-5899\" srcset=\"https:\/\/dedemesquita.com.br\/wp-content\/uploads\/2023\/02\/WhatsApp-Image-2023-02-22-at-15.53.35.jpeg 720w, https:\/\/dedemesquita.com.br\/wp-content\/uploads\/2023\/02\/WhatsApp-Image-2023-02-22-at-15.53.35-150x150.jpeg 150w\" sizes=\"(max-width: 720px) 100vw, 720px\" \/><figcaption class=\"wp-element-caption\">Diego Monteiro, do jornal Di\u00e1rio do Par\u00e1, entrevistou a porta-bandeira da escola de samba Crias do Curro Velho <\/figcaption><\/figure><\/div>\n\n\n<p><strong>Sapuca\u00ed &#8211; <\/strong>Continuando, mostramos a cobertura do desfile da escola de samba<strong> Para\u00edso do Tuiuti<\/strong>, no Rio de Janeiro &#8211; RJ, que levou \u00e0 avenida Marqu\u00eas de Sapuca\u00ed um enredo que envolveu os b\u00fafalos da ilha do Maraj\u00f3 e a arte de Mestre Damasceno, de Salvaterra, no domingo de Carnaval, dia 19. <\/p>\n\n\n<div class=\"wp-block-image\">\n<figure class=\"aligncenter size-full\"><img loading=\"lazy\" decoding=\"async\" width=\"800\" height=\"748\" src=\"https:\/\/dedemesquita.com.br\/wp-content\/uploads\/2023\/02\/ROBERTA.jpg\" alt=\"\" class=\"wp-image-5882\" srcset=\"https:\/\/dedemesquita.com.br\/wp-content\/uploads\/2023\/02\/ROBERTA.jpg 800w, https:\/\/dedemesquita.com.br\/wp-content\/uploads\/2023\/02\/ROBERTA-768x718.jpg 768w\" sizes=\"(max-width: 800px) 100vw, 800px\" \/><figcaption class=\"wp-element-caption\">Roberta Brand\u00e3o na cobertura do carnaval da Samb\u00f3dromo da Marqu\u00eas de Sapuca\u00ed, no Rio de Janeiro <\/figcaption><\/figure><\/div>\n\n\n<p>A jornalista paraense <strong>Roberta Brand\u00e3o<\/strong> estava na Sapuca\u00ed como assessora do Mestre Damasceno. Al\u00e9m dela, na escola, desfilaram os jornalistas paraenses <strong>Laiana Damasceno<\/strong>, ex-Roma News; <strong>Leonardo Santos<\/strong>, da Globo News, e <strong>Phillippe Sendas<\/strong>. Tamb\u00e9m na cobertura do desfile estavam o radialista de Salvaterra, <strong>Dario Pedrosa<\/strong>; o videomaker <strong>Marcelo Silva<\/strong> e o cineasta, professor e assessor do Mestre, <strong>Guto Nunes<\/strong>. <\/p>\n\n\n<div class=\"wp-block-image\">\n<figure class=\"aligncenter size-full\"><img loading=\"lazy\" decoding=\"async\" width=\"306\" height=\"462\" src=\"https:\/\/dedemesquita.com.br\/wp-content\/uploads\/2023\/02\/a1.png\" alt=\"\" class=\"wp-image-5892\"\/><figcaption class=\"wp-element-caption\">Laiana Damasceno no desfile do Para\u00edso do Tuiuti <\/figcaption><\/figure><\/div>\n\n\n<p><strong>S\u00e3o Caetano de Odivelas &#8211;<\/strong> O <strong>Den\u00edlson d\u00b4Almeida<\/strong> deu um tempinho da edi\u00e7\u00e3o do programa &#8220;Bora Cidade&#8221;, da RBA TV, e foi para a cobertura do carnaval de <strong>S\u00e3o Caetano de Odivelas<\/strong>, na regi\u00e3o nordeste do Par\u00e1, que mistura marchinhas de carnaval e o tradicional boi de m\u00e1scaras, em uma das folias mais originais do Par\u00e1. <\/p>\n\n\n<div class=\"wp-block-image\">\n<figure class=\"aligncenter size-full\"><img loading=\"lazy\" decoding=\"async\" width=\"720\" height=\"454\" src=\"https:\/\/dedemesquita.com.br\/wp-content\/uploads\/2023\/02\/WhatsApp-Image-2023-02-21-at-05.10.47.jpeg\" alt=\"\" class=\"wp-image-5883\"\/><figcaption class=\"wp-element-caption\">Den\u00edlson d\u00b4Almeida e Mauro \u00c2ngelo em S\u00e3o Caetano de Odivelas <\/figcaption><\/figure><\/div>\n\n\n<p><strong>Vigia &#8211;<\/strong> Na segunda-feira Gorda, no \u00faltimo dia 20, a festa ficou por conta do carnaval em <strong>Vigia de Nazar\u00e9<\/strong>, tamb\u00e9m na regi\u00e3o nordeste do Par\u00e1. A verdadeira ferra come\u00e7a por volta de meio-dia com a sa\u00edda dos blocos As Virgienses e Os Cabrasurdos, nos quais, homens se vestem de mulher e vice e versa. \u00c0 noite, ainda tem o bloco A Gaiola das Loucas, com o p\u00fablico LGBTQIA+. <\/p>\n\n\n<div class=\"wp-block-image\">\n<figure class=\"aligncenter size-full\"><img loading=\"lazy\" decoding=\"async\" width=\"745\" height=\"689\" src=\"https:\/\/dedemesquita.com.br\/wp-content\/uploads\/2023\/02\/WhatsApp-Image-2023-02-22-at-07.14.52-2.jpeg\" alt=\"\" class=\"wp-image-5889\"\/><figcaption class=\"wp-element-caption\">Thiago Gomes e Fabyo Cruz, do grupo O Liberal, no carnaval de Vigia de Nazar\u00e9 <\/figcaption><\/figure><\/div>\n\n<div class=\"wp-block-image\">\n<figure class=\"aligncenter size-full\"><img loading=\"lazy\" decoding=\"async\" width=\"671\" height=\"800\" src=\"https:\/\/dedemesquita.com.br\/wp-content\/uploads\/2023\/02\/WhatsApp-Image-2023-02-22-at-07.14.52-1.jpeg\" alt=\"\" class=\"wp-image-5885\"\/><figcaption class=\"wp-element-caption\">O intr\u00e9pido rep\u00f3rter Wellington Jr., da RBA TV, e mais atr\u00e1s, o Diego Monteiro  <\/figcaption><\/figure><\/div>\n\n<div class=\"wp-block-image\">\n<figure class=\"aligncenter size-full\"><img loading=\"lazy\" decoding=\"async\" width=\"560\" height=\"554\" src=\"https:\/\/dedemesquita.com.br\/wp-content\/uploads\/2023\/02\/a2.png\" alt=\"\" class=\"wp-image-5886\"\/><figcaption class=\"wp-element-caption\">Wellington Jr. e o cinegrafista Alexandre Costa <\/figcaption><\/figure><\/div>\n\n<div class=\"wp-block-image\">\n<figure class=\"aligncenter size-full\"><img loading=\"lazy\" decoding=\"async\" width=\"553\" height=\"529\" src=\"https:\/\/dedemesquita.com.br\/wp-content\/uploads\/2023\/02\/a3.png\" alt=\"\" class=\"wp-image-5887\"\/><figcaption class=\"wp-element-caption\">E tem que cair na farra, mesmo, Wellington Jr.<\/figcaption><\/figure><\/div>\n\n<div class=\"wp-block-image\">\n<figure class=\"aligncenter size-full\"><img loading=\"lazy\" decoding=\"async\" width=\"679\" height=\"649\" src=\"https:\/\/dedemesquita.com.br\/wp-content\/uploads\/2023\/02\/WhatsApp-Image-2023-02-22-at-15.53.05.jpeg\" alt=\"\" class=\"wp-image-5897\"\/><figcaption class=\"wp-element-caption\">Wellington Jr. e Diego Monteiro, de novo <\/figcaption><\/figure><\/div>\n\n\n<p><strong>Esta\u00e7\u00e3o &#8211;<\/strong> Na ter\u00e7a-feira Gorda, 21, no encerramento do carnaval 2023, oficialmente, ainda teve o Bailinho da Esta\u00e7\u00e3o, com uma festa de carnaval super tradicional na Esta\u00e7\u00e3o das Docas, voltada totalmente para as crian\u00e7as. <\/p>\n\n\n<div class=\"wp-block-image\">\n<figure class=\"aligncenter size-full\"><img loading=\"lazy\" decoding=\"async\" width=\"595\" height=\"800\" src=\"https:\/\/dedemesquita.com.br\/wp-content\/uploads\/2023\/02\/WhatsApp-Image-2023-02-22-at-07.14.51.jpeg\" alt=\"\" class=\"wp-image-5888\"\/><figcaption class=\"wp-element-caption\">Wagner Santana e Diego Monteiro, no jornal Di\u00e1rio do Par\u00e1, na cobertura do Bailinho da Esta\u00e7\u00e3o <\/figcaption><\/figure><\/div>","protected":false},"excerpt":{"rendered":"<p>J\u00e1 dizia\/ cantava aquela ex-banda de pop rock que muita gente gosta &#8220;todo carnaval tem seu fim&#8221;, com a chegada da quarta-feira de Cinzas, hoje, 22. Mas a folia foi tamb\u00e9m de muito trabalho para a galera da imprensa, para quem n\u00e3o tem tempo ruim e pautas nunca faltam deixam de chegar. Crias &#8211; Cronologicamente, [&hellip;]<\/p>\n","protected":false},"author":2,"featured_media":5890,"comment_status":"open","ping_status":"open","sticky":false,"template":"","format":"standard","meta":{"footnotes":""},"categories":[51,14,29],"tags":[181,119,120,264],"class_list":["post-5880","post","type-post","status-publish","format-standard","has-post-thumbnail","hentry","category-destaque","category-imprensa","category-jornalismo","tag-diario-do-para","tag-jornalismo","tag-jornalistas-paraenses-em-acao","tag-oliberal-com"],"yoast_head":"<!-- This site is optimized with the Yoast SEO plugin v19.10 - https:\/\/yoast.com\/wordpress\/plugins\/seo\/ -->\n<title>Imprensa na cobertura do carnaval em Vigia, S\u00e3o Caetano do Odivelas, Rio de Janeiro e Bel\u00e9m - Ded\u00e9 Mesquita<\/title>\n<meta name=\"robots\" content=\"index, follow, max-snippet:-1, max-image-preview:large, max-video-preview:-1\" \/>\n<link rel=\"canonical\" href=\"https:\/\/dedemesquita.com.br\/?p=5880\" \/>\n<meta property=\"og:locale\" content=\"pt_BR\" \/>\n<meta property=\"og:type\" content=\"article\" \/>\n<meta property=\"og:title\" content=\"Imprensa na cobertura do carnaval em Vigia, S\u00e3o Caetano do Odivelas, Rio de Janeiro e Bel\u00e9m - Ded\u00e9 Mesquita\" \/>\n<meta property=\"og:description\" content=\"J\u00e1 dizia\/ cantava aquela ex-banda de pop rock que muita gente gosta &#8220;todo carnaval tem seu fim&#8221;, com a chegada da quarta-feira de Cinzas, hoje, 22. Mas a folia foi tamb\u00e9m de muito trabalho para a galera da imprensa, para quem n\u00e3o tem tempo ruim e pautas nunca faltam deixam de chegar. Crias &#8211; Cronologicamente, [&hellip;]\" \/>\n<meta property=\"og:url\" content=\"https:\/\/dedemesquita.com.br\/?p=5880\" \/>\n<meta property=\"og:site_name\" content=\"Ded\u00e9 Mesquita\" \/>\n<meta property=\"article:publisher\" content=\"https:\/\/www.facebook.com\/dede.mesquita\" \/>\n<meta property=\"article:published_time\" content=\"2023-02-22T11:26:41+00:00\" \/>\n<meta property=\"article:modified_time\" content=\"2023-02-23T14:10:41+00:00\" \/>\n<meta property=\"og:image\" content=\"https:\/\/dedemesquita.com.br\/wp-content\/uploads\/2023\/02\/WhatsApp-Image-2023-02-22-at-07.14.52-2-1.jpeg\" \/>\n\t<meta property=\"og:image:width\" content=\"750\" \/>\n\t<meta property=\"og:image:height\" content=\"738\" \/>\n\t<meta property=\"og:image:type\" content=\"image\/jpeg\" \/>\n<meta name=\"author\" content=\"Ded\u00e9 Mesquita\" \/>\n<meta name=\"twitter:card\" content=\"summary_large_image\" \/>\n<meta name=\"twitter:creator\" content=\"@dedemesquita\" \/>\n<meta name=\"twitter:site\" content=\"@dedemesquita\" \/>\n<meta name=\"twitter:label1\" content=\"Escrito por\" \/>\n\t<meta name=\"twitter:data1\" content=\"Ded\u00e9 Mesquita\" \/>\n\t<meta name=\"twitter:label2\" content=\"Est. tempo de leitura\" \/>\n\t<meta name=\"twitter:data2\" content=\"5 minutos\" \/>\n<script type=\"application\/ld+json\" class=\"yoast-schema-graph\">{\"@context\":\"https:\/\/schema.org\",\"@graph\":[{\"@type\":\"WebPage\",\"@id\":\"https:\/\/dedemesquita.com.br\/?p=5880\",\"url\":\"https:\/\/dedemesquita.com.br\/?p=5880\",\"name\":\"Imprensa na cobertura do carnaval em Vigia, S\u00e3o Caetano do Odivelas, Rio de Janeiro e Bel\u00e9m - Ded\u00e9 Mesquita\",\"isPartOf\":{\"@id\":\"https:\/\/dedemesquita.com.br\/#website\"},\"datePublished\":\"2023-02-22T11:26:41+00:00\",\"dateModified\":\"2023-02-23T14:10:41+00:00\",\"author\":{\"@id\":\"https:\/\/dedemesquita.com.br\/#\/schema\/person\/36571f81dd2d76dc3ab37231542c9e24\"},\"breadcrumb\":{\"@id\":\"https:\/\/dedemesquita.com.br\/?p=5880#breadcrumb\"},\"inLanguage\":\"pt-BR\",\"potentialAction\":[{\"@type\":\"ReadAction\",\"target\":[\"https:\/\/dedemesquita.com.br\/?p=5880\"]}]},{\"@type\":\"BreadcrumbList\",\"@id\":\"https:\/\/dedemesquita.com.br\/?p=5880#breadcrumb\",\"itemListElement\":[{\"@type\":\"ListItem\",\"position\":1,\"name\":\"In\u00edcio\",\"item\":\"https:\/\/dedemesquita.com.br\/\"},{\"@type\":\"ListItem\",\"position\":2,\"name\":\"Imprensa na cobertura do carnaval em Vigia, S\u00e3o Caetano do Odivelas, Rio de Janeiro e Bel\u00e9m\"}]},{\"@type\":\"WebSite\",\"@id\":\"https:\/\/dedemesquita.com.br\/#website\",\"url\":\"https:\/\/dedemesquita.com.br\/\",\"name\":\"Ded\u00e9 Mesquita\",\"description\":\"Um site que mostra os bastidores da imprensa no estado do Par\u00e1 e em Bel\u00e9m\",\"potentialAction\":[{\"@type\":\"SearchAction\",\"target\":{\"@type\":\"EntryPoint\",\"urlTemplate\":\"https:\/\/dedemesquita.com.br\/?s={search_term_string}\"},\"query-input\":\"required name=search_term_string\"}],\"inLanguage\":\"pt-BR\"},{\"@type\":\"Person\",\"@id\":\"https:\/\/dedemesquita.com.br\/#\/schema\/person\/36571f81dd2d76dc3ab37231542c9e24\",\"name\":\"Ded\u00e9 Mesquita\",\"image\":{\"@type\":\"ImageObject\",\"inLanguage\":\"pt-BR\",\"@id\":\"https:\/\/dedemesquita.com.br\/#\/schema\/person\/image\/\",\"url\":\"https:\/\/dedemesquita.com.br\/wp-content\/uploads\/2021\/02\/foto_perfil-150x150.jpg\",\"contentUrl\":\"https:\/\/dedemesquita.com.br\/wp-content\/uploads\/2021\/02\/foto_perfil-150x150.jpg\",\"caption\":\"Ded\u00e9 Mesquita\"},\"sameAs\":[\"https:\/\/dedemesquita.com.br\"]}]}<\/script>\n<!-- \/ Yoast SEO plugin. -->","yoast_head_json":{"title":"Imprensa na cobertura do carnaval em Vigia, S\u00e3o Caetano do Odivelas, Rio de Janeiro e Bel\u00e9m - Ded\u00e9 Mesquita","robots":{"index":"index","follow":"follow","max-snippet":"max-snippet:-1","max-image-preview":"max-image-preview:large","max-video-preview":"max-video-preview:-1"},"canonical":"https:\/\/dedemesquita.com.br\/?p=5880","og_locale":"pt_BR","og_type":"article","og_title":"Imprensa na cobertura do carnaval em Vigia, S\u00e3o Caetano do Odivelas, Rio de Janeiro e Bel\u00e9m - Ded\u00e9 Mesquita","og_description":"J\u00e1 dizia\/ cantava aquela ex-banda de pop rock que muita gente gosta &#8220;todo carnaval tem seu fim&#8221;, com a chegada da quarta-feira de Cinzas, hoje, 22. Mas a folia foi tamb\u00e9m de muito trabalho para a galera da imprensa, para quem n\u00e3o tem tempo ruim e pautas nunca faltam deixam de chegar. Crias &#8211; Cronologicamente, [&hellip;]","og_url":"https:\/\/dedemesquita.com.br\/?p=5880","og_site_name":"Ded\u00e9 Mesquita","article_publisher":"https:\/\/www.facebook.com\/dede.mesquita","article_published_time":"2023-02-22T11:26:41+00:00","article_modified_time":"2023-02-23T14:10:41+00:00","og_image":[{"width":750,"height":738,"url":"https:\/\/dedemesquita.com.br\/wp-content\/uploads\/2023\/02\/WhatsApp-Image-2023-02-22-at-07.14.52-2-1.jpeg","type":"image\/jpeg"}],"author":"Ded\u00e9 Mesquita","twitter_card":"summary_large_image","twitter_creator":"@dedemesquita","twitter_site":"@dedemesquita","twitter_misc":{"Escrito por":"Ded\u00e9 Mesquita","Est. tempo de leitura":"5 minutos"},"schema":{"@context":"https:\/\/schema.org","@graph":[{"@type":"WebPage","@id":"https:\/\/dedemesquita.com.br\/?p=5880","url":"https:\/\/dedemesquita.com.br\/?p=5880","name":"Imprensa na cobertura do carnaval em Vigia, S\u00e3o Caetano do Odivelas, Rio de Janeiro e Bel\u00e9m - Ded\u00e9 Mesquita","isPartOf":{"@id":"https:\/\/dedemesquita.com.br\/#website"},"datePublished":"2023-02-22T11:26:41+00:00","dateModified":"2023-02-23T14:10:41+00:00","author":{"@id":"https:\/\/dedemesquita.com.br\/#\/schema\/person\/36571f81dd2d76dc3ab37231542c9e24"},"breadcrumb":{"@id":"https:\/\/dedemesquita.com.br\/?p=5880#breadcrumb"},"inLanguage":"pt-BR","potentialAction":[{"@type":"ReadAction","target":["https:\/\/dedemesquita.com.br\/?p=5880"]}]},{"@type":"BreadcrumbList","@id":"https:\/\/dedemesquita.com.br\/?p=5880#breadcrumb","itemListElement":[{"@type":"ListItem","position":1,"name":"In\u00edcio","item":"https:\/\/dedemesquita.com.br\/"},{"@type":"ListItem","position":2,"name":"Imprensa na cobertura do carnaval em Vigia, S\u00e3o Caetano do Odivelas, Rio de Janeiro e Bel\u00e9m"}]},{"@type":"WebSite","@id":"https:\/\/dedemesquita.com.br\/#website","url":"https:\/\/dedemesquita.com.br\/","name":"Ded\u00e9 Mesquita","description":"Um site que mostra os bastidores da imprensa no estado do Par\u00e1 e em Bel\u00e9m","potentialAction":[{"@type":"SearchAction","target":{"@type":"EntryPoint","urlTemplate":"https:\/\/dedemesquita.com.br\/?s={search_term_string}"},"query-input":"required name=search_term_string"}],"inLanguage":"pt-BR"},{"@type":"Person","@id":"https:\/\/dedemesquita.com.br\/#\/schema\/person\/36571f81dd2d76dc3ab37231542c9e24","name":"Ded\u00e9 Mesquita","image":{"@type":"ImageObject","inLanguage":"pt-BR","@id":"https:\/\/dedemesquita.com.br\/#\/schema\/person\/image\/","url":"https:\/\/dedemesquita.com.br\/wp-content\/uploads\/2021\/02\/foto_perfil-150x150.jpg","contentUrl":"https:\/\/dedemesquita.com.br\/wp-content\/uploads\/2021\/02\/foto_perfil-150x150.jpg","caption":"Ded\u00e9 Mesquita"},"sameAs":["https:\/\/dedemesquita.com.br"]}]}},"_links":{"self":[{"href":"https:\/\/dedemesquita.com.br\/index.php?rest_route=\/wp\/v2\/posts\/5880"}],"collection":[{"href":"https:\/\/dedemesquita.com.br\/index.php?rest_route=\/wp\/v2\/posts"}],"about":[{"href":"https:\/\/dedemesquita.com.br\/index.php?rest_route=\/wp\/v2\/types\/post"}],"author":[{"embeddable":true,"href":"https:\/\/dedemesquita.com.br\/index.php?rest_route=\/wp\/v2\/users\/2"}],"replies":[{"embeddable":true,"href":"https:\/\/dedemesquita.com.br\/index.php?rest_route=%2Fwp%2Fv2%2Fcomments&post=5880"}],"version-history":[{"count":7,"href":"https:\/\/dedemesquita.com.br\/index.php?rest_route=\/wp\/v2\/posts\/5880\/revisions"}],"predecessor-version":[{"id":5903,"href":"https:\/\/dedemesquita.com.br\/index.php?rest_route=\/wp\/v2\/posts\/5880\/revisions\/5903"}],"wp:featuredmedia":[{"embeddable":true,"href":"https:\/\/dedemesquita.com.br\/index.php?rest_route=\/wp\/v2\/media\/5890"}],"wp:attachment":[{"href":"https:\/\/dedemesquita.com.br\/index.php?rest_route=%2Fwp%2Fv2%2Fmedia&parent=5880"}],"wp:term":[{"taxonomy":"category","embeddable":true,"href":"https:\/\/dedemesquita.com.br\/index.php?rest_route=%2Fwp%2Fv2%2Fcategories&post=5880"},{"taxonomy":"post_tag","embeddable":true,"href":"https:\/\/dedemesquita.com.br\/index.php?rest_route=%2Fwp%2Fv2%2Ftags&post=5880"}],"curies":[{"name":"wp","href":"https:\/\/api.w.org\/{rel}","templated":true}]}}