{"id":5855,"date":"2023-02-20T18:56:25","date_gmt":"2023-02-20T21:56:25","guid":{"rendered":"https:\/\/dedemesquita.com.br\/?p=5855"},"modified":"2023-02-21T14:48:07","modified_gmt":"2023-02-21T17:48:07","slug":"a-tradicao-do-bloco-pretinhos-do-mangue-e-a-imprensa-na-cobertura","status":"publish","type":"post","link":"https:\/\/dedemesquita.com.br\/?p=5855","title":{"rendered":"A tradi\u00e7\u00e3o do bloco Pretinhos do Mangue e a imprensa na cobertura"},"content":{"rendered":"\n<p>Ap\u00f3s dois anos sem&nbsp;Carnaval, por causa da pandemia de covid-19, o tradicional bloco&nbsp;Pretinhos do Mangue&nbsp;arrastou milhares de foli\u00f5es pelas ruas de&nbsp;Curu\u00e7\u00e1, munic\u00edpio no nordeste paraense, na tarde de domingo, dia 19. Foi o&nbsp;34\u00ba desfile do bloco, que, com o tema&nbsp;\u201cAbre alas, que o Pretinhos voltou\u201d, se apresentar\u00e1 novamente nas ruas da cidade na ter\u00e7a-feira, dia 21. A expectativa inicial era de que&nbsp;mais de 17 mil brincantes&nbsp;participassem da folia, na tarde de domingo.<\/p>\n\n\n\n<p><strong>Farra &#8211; <\/strong>Por volta das 16h30, o \u201cPretinho do Mangue\u201d levou para o corredor da folia o&nbsp;\u201cCarro da Ostra\u201d, uma homenagem ao cultivo de ostras, que \u00e9 muito forte no munic\u00edpio. O carro tamb\u00e9m contou com a presen\u00e7a de uma mulher que sai de dentro de uma ostra, valorizando, assim, a&nbsp;beleza da mulher curu\u00e7aense. Havia tamb\u00e9m o tradicional&nbsp;&#8220;Carro Abre-Alas&#8221;, com um&nbsp;caranguejo&nbsp;medindo&nbsp;quatro metros de comprimento e um de altura, realizando movimentos, com gar\u00e7as e guar\u00e1s em seu entorno, simbolizando o cen\u00e1rio do mangue. <\/p>\n\n\n\n<p>O caranguejo \u00e9 o mascote do bloco. Al\u00e9m do tamb\u00e9m tradicional \u201cCarro da Barraca do Avoado\u201d, que apresenta a culin\u00e1ria local (peixe assado, caranguejo, turu, camar\u00e3o e, como novidade, a ostra.<\/p>\n\n\n\n<p><strong>Imprensa &#8211; <\/strong>A cobertura da imprensa do bloco \u00e9 mais que tradicional. E no domingo, 19, estavam por l\u00e1 muito colegas garantindo as melhores imagens e a palavras. Veja em quem foi: <\/p>\n\n\n<div class=\"wp-block-image\">\n<figure class=\"aligncenter size-full\"><img loading=\"lazy\" decoding=\"async\" width=\"662\" height=\"900\" src=\"https:\/\/dedemesquita.com.br\/wp-content\/uploads\/2023\/02\/WhatsApp-Image-2023-02-20-at-09.56.16.jpeg\" alt=\"\" class=\"wp-image-5858\"\/><figcaption class=\"wp-element-caption\">S\u00f3 os retratistas, Wagner Santana, do Di\u00e1rio do Par\u00e1; Alex Ribeiro, da Ag\u00eancia Par\u00e1; e Igor Mota, do jornal O Liberal\/ Amaz\u00f4nia (foto de Wagner Santana)<\/figcaption><\/figure><\/div>\n\n<div class=\"wp-block-image\">\n<figure class=\"aligncenter size-full\"><img loading=\"lazy\" decoding=\"async\" width=\"674\" height=\"900\" src=\"https:\/\/dedemesquita.com.br\/wp-content\/uploads\/2023\/02\/WhatsApp-Image-2023-02-20-at-09.57.07.jpeg\" alt=\"\" class=\"wp-image-5859\"\/><figcaption class=\"wp-element-caption\">Wagner Santana, Dilson Pimentel e Wesley Costa (foto de Wagner Santana)<\/figcaption><\/figure><\/div>\n\n<div class=\"wp-block-image\">\n<figure class=\"aligncenter size-full\"><img loading=\"lazy\" decoding=\"async\" width=\"739\" height=\"800\" src=\"https:\/\/dedemesquita.com.br\/wp-content\/uploads\/2023\/02\/WhatsApp-Image-2023-02-20-at-09.56.29.jpeg\" alt=\"\" class=\"wp-image-5860\"\/><figcaption class=\"wp-element-caption\">O povo de texto: Dilson Pimentel, do jornal O Liberal, e Wesley Costa, do Di\u00e1rio do Par\u00e1 (foto de Wagner Santana)<\/figcaption><\/figure><\/div>\n\n<div class=\"wp-block-image\">\n<figure class=\"aligncenter size-full\"><img loading=\"lazy\" decoding=\"async\" width=\"464\" height=\"800\" src=\"https:\/\/dedemesquita.com.br\/wp-content\/uploads\/2023\/02\/WhatsApp-Image-2023-02-20-at-09.57.24.jpeg\" alt=\"\" class=\"wp-image-5861\"\/><figcaption class=\"wp-element-caption\">Wesley Costa na fun\u00e7\u00e3o (foto de Wagner Santana) <\/figcaption><\/figure><\/div>\n\n<div class=\"wp-block-image\">\n<figure class=\"aligncenter size-full\"><img loading=\"lazy\" decoding=\"async\" width=\"403\" height=\"759\" src=\"https:\/\/dedemesquita.com.br\/wp-content\/uploads\/2023\/02\/WhatsApp-Image-2023-02-20-at-09.57.46.jpeg\" alt=\"\" class=\"wp-image-5862\"\/><figcaption class=\"wp-element-caption\">Galera que trabalha junta (foto de Wagner Santana)<\/figcaption><\/figure><\/div>\n\n<div class=\"wp-block-image\">\n<figure class=\"aligncenter size-full\"><img loading=\"lazy\" decoding=\"async\" width=\"800\" height=\"449\" src=\"https:\/\/dedemesquita.com.br\/wp-content\/uploads\/2023\/02\/WhatsApp-Image-2023-02-20-at-09.59.35-1.jpeg\" alt=\"\" class=\"wp-image-5863\" srcset=\"https:\/\/dedemesquita.com.br\/wp-content\/uploads\/2023\/02\/WhatsApp-Image-2023-02-20-at-09.59.35-1.jpeg 800w, https:\/\/dedemesquita.com.br\/wp-content\/uploads\/2023\/02\/WhatsApp-Image-2023-02-20-at-09.59.35-1-768x431.jpeg 768w\" sizes=\"(max-width: 800px) 100vw, 800px\" \/><figcaption class=\"wp-element-caption\">Wagner Santana muito concentrado (foto de Igor Mota)<\/figcaption><\/figure><\/div>\n\n<div class=\"wp-block-image\">\n<figure class=\"aligncenter size-full\"><img loading=\"lazy\" decoding=\"async\" width=\"800\" height=\"600\" src=\"https:\/\/dedemesquita.com.br\/wp-content\/uploads\/2023\/02\/WhatsApp-Image-2023-02-20-at-10.24.41.jpeg\" alt=\"\" class=\"wp-image-5864\" srcset=\"https:\/\/dedemesquita.com.br\/wp-content\/uploads\/2023\/02\/WhatsApp-Image-2023-02-20-at-10.24.41.jpeg 800w, https:\/\/dedemesquita.com.br\/wp-content\/uploads\/2023\/02\/WhatsApp-Image-2023-02-20-at-10.24.41-768x576.jpeg 768w\" sizes=\"(max-width: 800px) 100vw, 800px\" \/><figcaption class=\"wp-element-caption\">Wagner, menino, olha se tu cai da\u00ed, homem&#8230; (foto de Igor Mota)<\/figcaption><\/figure><\/div>\n\n<div class=\"wp-block-image\">\n<figure class=\"aligncenter size-full\"><img loading=\"lazy\" decoding=\"async\" width=\"800\" height=\"600\" src=\"https:\/\/dedemesquita.com.br\/wp-content\/uploads\/2023\/02\/WhatsApp-Image-2023-02-20-at-10.24.10.jpeg\" alt=\"\" class=\"wp-image-5865\" srcset=\"https:\/\/dedemesquita.com.br\/wp-content\/uploads\/2023\/02\/WhatsApp-Image-2023-02-20-at-10.24.10.jpeg 800w, https:\/\/dedemesquita.com.br\/wp-content\/uploads\/2023\/02\/WhatsApp-Image-2023-02-20-at-10.24.10-768x576.jpeg 768w\" sizes=\"(max-width: 800px) 100vw, 800px\" \/><figcaption class=\"wp-element-caption\">Wagner Santana e Wesley Costa num bom camarote da avenida (foto de Dilson Pimentel)<\/figcaption><\/figure><\/div>\n\n<div class=\"wp-block-image\">\n<figure class=\"aligncenter size-full\"><img loading=\"lazy\" decoding=\"async\" width=\"800\" height=\"533\" src=\"https:\/\/dedemesquita.com.br\/wp-content\/uploads\/2023\/02\/WhatsApp-Image-2023-02-20-at-10.23.27.jpeg\" alt=\"\" class=\"wp-image-5866\" srcset=\"https:\/\/dedemesquita.com.br\/wp-content\/uploads\/2023\/02\/WhatsApp-Image-2023-02-20-at-10.23.27.jpeg 800w, https:\/\/dedemesquita.com.br\/wp-content\/uploads\/2023\/02\/WhatsApp-Image-2023-02-20-at-10.23.27-768x512.jpeg 768w\" sizes=\"(max-width: 800px) 100vw, 800px\" \/><figcaption class=\"wp-element-caption\">Essa dupla din\u00e2mica, com Igor Mota e Dilson Pimentel (foto de Wagner Santana)<\/figcaption><\/figure><\/div>\n\n<div class=\"wp-block-image\">\n<figure class=\"aligncenter size-full\"><img loading=\"lazy\" decoding=\"async\" width=\"800\" height=\"533\" src=\"https:\/\/dedemesquita.com.br\/wp-content\/uploads\/2023\/02\/WhatsApp-Image-2023-02-20-at-10.02.19-1.jpeg\" alt=\"\" class=\"wp-image-5868\" srcset=\"https:\/\/dedemesquita.com.br\/wp-content\/uploads\/2023\/02\/WhatsApp-Image-2023-02-20-at-10.02.19-1.jpeg 800w, https:\/\/dedemesquita.com.br\/wp-content\/uploads\/2023\/02\/WhatsApp-Image-2023-02-20-at-10.02.19-1-768x512.jpeg 768w\" sizes=\"(max-width: 800px) 100vw, 800px\" \/><figcaption class=\"wp-element-caption\">Sobrou pra o Dilson (foto de Wagner Santana)<\/figcaption><\/figure><\/div>\n\n<div class=\"wp-block-image\">\n<figure class=\"aligncenter size-full\"><img loading=\"lazy\" decoding=\"async\" width=\"850\" height=\"850\" src=\"https:\/\/dedemesquita.com.br\/wp-content\/uploads\/2023\/02\/WhatsApp-Image-2023-02-20-at-09.59.35-4.jpeg\" alt=\"\" class=\"wp-image-5869\" srcset=\"https:\/\/dedemesquita.com.br\/wp-content\/uploads\/2023\/02\/WhatsApp-Image-2023-02-20-at-09.59.35-4.jpeg 850w, https:\/\/dedemesquita.com.br\/wp-content\/uploads\/2023\/02\/WhatsApp-Image-2023-02-20-at-09.59.35-4-150x150.jpeg 150w, https:\/\/dedemesquita.com.br\/wp-content\/uploads\/2023\/02\/WhatsApp-Image-2023-02-20-at-09.59.35-4-768x768.jpeg 768w\" sizes=\"(max-width: 850px) 100vw, 850px\" \/><figcaption class=\"wp-element-caption\">Mas antes tem que se alimentar, n\u00e9, Comandante? (foto de Igor Mota)<\/figcaption><\/figure><\/div>\n\n<div class=\"wp-block-image\">\n<figure class=\"aligncenter size-full\"><img loading=\"lazy\" decoding=\"async\" width=\"800\" height=\"751\" src=\"https:\/\/dedemesquita.com.br\/wp-content\/uploads\/2023\/02\/WhatsApp-Image-2023-02-20-at-10.02.19.jpeg\" alt=\"\" class=\"wp-image-5867\" srcset=\"https:\/\/dedemesquita.com.br\/wp-content\/uploads\/2023\/02\/WhatsApp-Image-2023-02-20-at-10.02.19.jpeg 800w, https:\/\/dedemesquita.com.br\/wp-content\/uploads\/2023\/02\/WhatsApp-Image-2023-02-20-at-10.02.19-768x721.jpeg 768w\" sizes=\"(max-width: 800px) 100vw, 800px\" \/><figcaption class=\"wp-element-caption\">Alex Ribeiro. Ei, Secom\/ Ag\u00eancia Par\u00e1, que tal dar os cr\u00e9ditos das fotos do Alex nas postagem da ag\u00eancia sobre o Pretinhos do Mangue nas redes sociais, hein????? (foto de Wagner Santana)<\/figcaption><\/figure><\/div>\n\n<div class=\"wp-block-image\">\n<figure class=\"aligncenter size-full\"><img loading=\"lazy\" decoding=\"async\" width=\"800\" height=\"533\" src=\"https:\/\/dedemesquita.com.br\/wp-content\/uploads\/2023\/02\/WhatsApp-Image-2023-02-20-at-19.01.50.jpeg\" alt=\"\" class=\"wp-image-5874\" srcset=\"https:\/\/dedemesquita.com.br\/wp-content\/uploads\/2023\/02\/WhatsApp-Image-2023-02-20-at-19.01.50.jpeg 800w, https:\/\/dedemesquita.com.br\/wp-content\/uploads\/2023\/02\/WhatsApp-Image-2023-02-20-at-19.01.50-768x512.jpeg 768w\" sizes=\"(max-width: 800px) 100vw, 800px\" \/><figcaption class=\"wp-element-caption\">Isso, Wagner, tira o sapato que \u00e9 melhor (foto de Alex Ribeiro)<\/figcaption><\/figure><\/div>\n\n<div class=\"wp-block-image\">\n<figure class=\"aligncenter size-full\"><img loading=\"lazy\" decoding=\"async\" width=\"800\" height=\"533\" src=\"https:\/\/dedemesquita.com.br\/wp-content\/uploads\/2023\/02\/WhatsApp-Image-2023-02-20-at-19.01.50-1.jpeg\" alt=\"\" class=\"wp-image-5875\" srcset=\"https:\/\/dedemesquita.com.br\/wp-content\/uploads\/2023\/02\/WhatsApp-Image-2023-02-20-at-19.01.50-1.jpeg 800w, https:\/\/dedemesquita.com.br\/wp-content\/uploads\/2023\/02\/WhatsApp-Image-2023-02-20-at-19.01.50-1-768x512.jpeg 768w\" sizes=\"(max-width: 800px) 100vw, 800px\" \/><figcaption class=\"wp-element-caption\">E os foli\u00f5es capricham nessa pose, gente (foto de Alex Ribeiro)<\/figcaption><\/figure><\/div>\n\n<div class=\"wp-block-image\">\n<figure class=\"aligncenter size-full\"><img loading=\"lazy\" decoding=\"async\" width=\"800\" height=\"533\" src=\"https:\/\/dedemesquita.com.br\/wp-content\/uploads\/2023\/02\/WhatsApp-Image-2023-02-20-at-19.01.51.jpeg\" alt=\"\" class=\"wp-image-5876\" srcset=\"https:\/\/dedemesquita.com.br\/wp-content\/uploads\/2023\/02\/WhatsApp-Image-2023-02-20-at-19.01.51.jpeg 800w, https:\/\/dedemesquita.com.br\/wp-content\/uploads\/2023\/02\/WhatsApp-Image-2023-02-20-at-19.01.51-768x512.jpeg 768w\" sizes=\"(max-width: 800px) 100vw, 800px\" \/><figcaption class=\"wp-element-caption\">Wagner Santana e Igor Mota (foto de Alex Ribeiro)<\/figcaption><\/figure><\/div>\n\n\n<p><strong><em>Com informa\u00e7\u00f5es de Dilson Pimentel, jornal O Liberal <\/em><\/strong><\/p>\n","protected":false},"excerpt":{"rendered":"<p>Ap\u00f3s dois anos sem&nbsp;Carnaval, por causa da pandemia de covid-19, o tradicional bloco&nbsp;Pretinhos do Mangue&nbsp;arrastou milhares de foli\u00f5es pelas ruas de&nbsp;Curu\u00e7\u00e1, munic\u00edpio no nordeste paraense, na tarde de domingo, dia 19. Foi o&nbsp;34\u00ba desfile do bloco, que, com o tema&nbsp;\u201cAbre alas, que o Pretinhos voltou\u201d, se apresentar\u00e1 novamente nas ruas da cidade na ter\u00e7a-feira, dia [&hellip;]<\/p>\n","protected":false},"author":2,"featured_media":5857,"comment_status":"open","ping_status":"open","sticky":false,"template":"","format":"standard","meta":{"footnotes":""},"categories":[51,14,29],"tags":[181,119,120,144,150],"class_list":["post-5855","post","type-post","status-publish","format-standard","has-post-thumbnail","hentry","category-destaque","category-imprensa","category-jornalismo","tag-diario-do-para","tag-jornalismo","tag-jornalistas-paraenses-em-acao","tag-o-liberal","tag-secom-pa"],"yoast_head":"<!-- This site is optimized with the Yoast SEO plugin v19.10 - https:\/\/yoast.com\/wordpress\/plugins\/seo\/ -->\n<title>A tradi\u00e7\u00e3o do bloco Pretinhos do Mangue e a imprensa na cobertura - Ded\u00e9 Mesquita<\/title>\n<meta name=\"robots\" content=\"index, follow, max-snippet:-1, max-image-preview:large, max-video-preview:-1\" \/>\n<link rel=\"canonical\" href=\"https:\/\/dedemesquita.com.br\/?p=5855\" \/>\n<meta property=\"og:locale\" content=\"pt_BR\" \/>\n<meta property=\"og:type\" content=\"article\" \/>\n<meta property=\"og:title\" content=\"A tradi\u00e7\u00e3o do bloco Pretinhos do Mangue e a imprensa na cobertura - Ded\u00e9 Mesquita\" \/>\n<meta property=\"og:description\" content=\"Ap\u00f3s dois anos sem&nbsp;Carnaval, por causa da pandemia de covid-19, o tradicional bloco&nbsp;Pretinhos do Mangue&nbsp;arrastou milhares de foli\u00f5es pelas ruas de&nbsp;Curu\u00e7\u00e1, munic\u00edpio no nordeste paraense, na tarde de domingo, dia 19. Foi o&nbsp;34\u00ba desfile do bloco, que, com o tema&nbsp;\u201cAbre alas, que o Pretinhos voltou\u201d, se apresentar\u00e1 novamente nas ruas da cidade na ter\u00e7a-feira, dia [&hellip;]\" \/>\n<meta property=\"og:url\" content=\"https:\/\/dedemesquita.com.br\/?p=5855\" \/>\n<meta property=\"og:site_name\" content=\"Ded\u00e9 Mesquita\" \/>\n<meta property=\"article:publisher\" content=\"https:\/\/www.facebook.com\/dede.mesquita\" \/>\n<meta property=\"article:published_time\" content=\"2023-02-20T21:56:25+00:00\" \/>\n<meta property=\"article:modified_time\" content=\"2023-02-21T17:48:07+00:00\" \/>\n<meta property=\"og:image\" content=\"https:\/\/dedemesquita.com.br\/wp-content\/uploads\/2023\/02\/WhatsApp-Image-2023-02-20-at-09.59.35-2.jpeg\" \/>\n\t<meta property=\"og:image:width\" content=\"800\" \/>\n\t<meta property=\"og:image:height\" content=\"449\" \/>\n\t<meta property=\"og:image:type\" content=\"image\/jpeg\" \/>\n<meta name=\"author\" content=\"Ded\u00e9 Mesquita\" \/>\n<meta name=\"twitter:card\" content=\"summary_large_image\" \/>\n<meta name=\"twitter:creator\" content=\"@dedemesquita\" \/>\n<meta name=\"twitter:site\" content=\"@dedemesquita\" \/>\n<meta name=\"twitter:label1\" content=\"Escrito por\" \/>\n\t<meta name=\"twitter:data1\" content=\"Ded\u00e9 Mesquita\" \/>\n\t<meta name=\"twitter:label2\" content=\"Est. tempo de leitura\" \/>\n\t<meta name=\"twitter:data2\" content=\"6 minutos\" \/>\n<script type=\"application\/ld+json\" class=\"yoast-schema-graph\">{\"@context\":\"https:\/\/schema.org\",\"@graph\":[{\"@type\":\"WebPage\",\"@id\":\"https:\/\/dedemesquita.com.br\/?p=5855\",\"url\":\"https:\/\/dedemesquita.com.br\/?p=5855\",\"name\":\"A tradi\u00e7\u00e3o do bloco Pretinhos do Mangue e a imprensa na cobertura - Ded\u00e9 Mesquita\",\"isPartOf\":{\"@id\":\"https:\/\/dedemesquita.com.br\/#website\"},\"datePublished\":\"2023-02-20T21:56:25+00:00\",\"dateModified\":\"2023-02-21T17:48:07+00:00\",\"author\":{\"@id\":\"https:\/\/dedemesquita.com.br\/#\/schema\/person\/36571f81dd2d76dc3ab37231542c9e24\"},\"breadcrumb\":{\"@id\":\"https:\/\/dedemesquita.com.br\/?p=5855#breadcrumb\"},\"inLanguage\":\"pt-BR\",\"potentialAction\":[{\"@type\":\"ReadAction\",\"target\":[\"https:\/\/dedemesquita.com.br\/?p=5855\"]}]},{\"@type\":\"BreadcrumbList\",\"@id\":\"https:\/\/dedemesquita.com.br\/?p=5855#breadcrumb\",\"itemListElement\":[{\"@type\":\"ListItem\",\"position\":1,\"name\":\"In\u00edcio\",\"item\":\"https:\/\/dedemesquita.com.br\/\"},{\"@type\":\"ListItem\",\"position\":2,\"name\":\"A tradi\u00e7\u00e3o do bloco Pretinhos do Mangue e a imprensa na cobertura\"}]},{\"@type\":\"WebSite\",\"@id\":\"https:\/\/dedemesquita.com.br\/#website\",\"url\":\"https:\/\/dedemesquita.com.br\/\",\"name\":\"Ded\u00e9 Mesquita\",\"description\":\"Um site que mostra os bastidores da imprensa no estado do Par\u00e1 e em Bel\u00e9m\",\"potentialAction\":[{\"@type\":\"SearchAction\",\"target\":{\"@type\":\"EntryPoint\",\"urlTemplate\":\"https:\/\/dedemesquita.com.br\/?s={search_term_string}\"},\"query-input\":\"required name=search_term_string\"}],\"inLanguage\":\"pt-BR\"},{\"@type\":\"Person\",\"@id\":\"https:\/\/dedemesquita.com.br\/#\/schema\/person\/36571f81dd2d76dc3ab37231542c9e24\",\"name\":\"Ded\u00e9 Mesquita\",\"image\":{\"@type\":\"ImageObject\",\"inLanguage\":\"pt-BR\",\"@id\":\"https:\/\/dedemesquita.com.br\/#\/schema\/person\/image\/\",\"url\":\"https:\/\/dedemesquita.com.br\/wp-content\/uploads\/2021\/02\/foto_perfil-150x150.jpg\",\"contentUrl\":\"https:\/\/dedemesquita.com.br\/wp-content\/uploads\/2021\/02\/foto_perfil-150x150.jpg\",\"caption\":\"Ded\u00e9 Mesquita\"},\"sameAs\":[\"https:\/\/dedemesquita.com.br\"]}]}<\/script>\n<!-- \/ Yoast SEO plugin. -->","yoast_head_json":{"title":"A tradi\u00e7\u00e3o do bloco Pretinhos do Mangue e a imprensa na cobertura - Ded\u00e9 Mesquita","robots":{"index":"index","follow":"follow","max-snippet":"max-snippet:-1","max-image-preview":"max-image-preview:large","max-video-preview":"max-video-preview:-1"},"canonical":"https:\/\/dedemesquita.com.br\/?p=5855","og_locale":"pt_BR","og_type":"article","og_title":"A tradi\u00e7\u00e3o do bloco Pretinhos do Mangue e a imprensa na cobertura - Ded\u00e9 Mesquita","og_description":"Ap\u00f3s dois anos sem&nbsp;Carnaval, por causa da pandemia de covid-19, o tradicional bloco&nbsp;Pretinhos do Mangue&nbsp;arrastou milhares de foli\u00f5es pelas ruas de&nbsp;Curu\u00e7\u00e1, munic\u00edpio no nordeste paraense, na tarde de domingo, dia 19. Foi o&nbsp;34\u00ba desfile do bloco, que, com o tema&nbsp;\u201cAbre alas, que o Pretinhos voltou\u201d, se apresentar\u00e1 novamente nas ruas da cidade na ter\u00e7a-feira, dia [&hellip;]","og_url":"https:\/\/dedemesquita.com.br\/?p=5855","og_site_name":"Ded\u00e9 Mesquita","article_publisher":"https:\/\/www.facebook.com\/dede.mesquita","article_published_time":"2023-02-20T21:56:25+00:00","article_modified_time":"2023-02-21T17:48:07+00:00","og_image":[{"width":800,"height":449,"url":"https:\/\/dedemesquita.com.br\/wp-content\/uploads\/2023\/02\/WhatsApp-Image-2023-02-20-at-09.59.35-2.jpeg","type":"image\/jpeg"}],"author":"Ded\u00e9 Mesquita","twitter_card":"summary_large_image","twitter_creator":"@dedemesquita","twitter_site":"@dedemesquita","twitter_misc":{"Escrito por":"Ded\u00e9 Mesquita","Est. tempo de leitura":"6 minutos"},"schema":{"@context":"https:\/\/schema.org","@graph":[{"@type":"WebPage","@id":"https:\/\/dedemesquita.com.br\/?p=5855","url":"https:\/\/dedemesquita.com.br\/?p=5855","name":"A tradi\u00e7\u00e3o do bloco Pretinhos do Mangue e a imprensa na cobertura - Ded\u00e9 Mesquita","isPartOf":{"@id":"https:\/\/dedemesquita.com.br\/#website"},"datePublished":"2023-02-20T21:56:25+00:00","dateModified":"2023-02-21T17:48:07+00:00","author":{"@id":"https:\/\/dedemesquita.com.br\/#\/schema\/person\/36571f81dd2d76dc3ab37231542c9e24"},"breadcrumb":{"@id":"https:\/\/dedemesquita.com.br\/?p=5855#breadcrumb"},"inLanguage":"pt-BR","potentialAction":[{"@type":"ReadAction","target":["https:\/\/dedemesquita.com.br\/?p=5855"]}]},{"@type":"BreadcrumbList","@id":"https:\/\/dedemesquita.com.br\/?p=5855#breadcrumb","itemListElement":[{"@type":"ListItem","position":1,"name":"In\u00edcio","item":"https:\/\/dedemesquita.com.br\/"},{"@type":"ListItem","position":2,"name":"A tradi\u00e7\u00e3o do bloco Pretinhos do Mangue e a imprensa na cobertura"}]},{"@type":"WebSite","@id":"https:\/\/dedemesquita.com.br\/#website","url":"https:\/\/dedemesquita.com.br\/","name":"Ded\u00e9 Mesquita","description":"Um site que mostra os bastidores da imprensa no estado do Par\u00e1 e em Bel\u00e9m","potentialAction":[{"@type":"SearchAction","target":{"@type":"EntryPoint","urlTemplate":"https:\/\/dedemesquita.com.br\/?s={search_term_string}"},"query-input":"required name=search_term_string"}],"inLanguage":"pt-BR"},{"@type":"Person","@id":"https:\/\/dedemesquita.com.br\/#\/schema\/person\/36571f81dd2d76dc3ab37231542c9e24","name":"Ded\u00e9 Mesquita","image":{"@type":"ImageObject","inLanguage":"pt-BR","@id":"https:\/\/dedemesquita.com.br\/#\/schema\/person\/image\/","url":"https:\/\/dedemesquita.com.br\/wp-content\/uploads\/2021\/02\/foto_perfil-150x150.jpg","contentUrl":"https:\/\/dedemesquita.com.br\/wp-content\/uploads\/2021\/02\/foto_perfil-150x150.jpg","caption":"Ded\u00e9 Mesquita"},"sameAs":["https:\/\/dedemesquita.com.br"]}]}},"_links":{"self":[{"href":"https:\/\/dedemesquita.com.br\/index.php?rest_route=\/wp\/v2\/posts\/5855"}],"collection":[{"href":"https:\/\/dedemesquita.com.br\/index.php?rest_route=\/wp\/v2\/posts"}],"about":[{"href":"https:\/\/dedemesquita.com.br\/index.php?rest_route=\/wp\/v2\/types\/post"}],"author":[{"embeddable":true,"href":"https:\/\/dedemesquita.com.br\/index.php?rest_route=\/wp\/v2\/users\/2"}],"replies":[{"embeddable":true,"href":"https:\/\/dedemesquita.com.br\/index.php?rest_route=%2Fwp%2Fv2%2Fcomments&post=5855"}],"version-history":[{"count":7,"href":"https:\/\/dedemesquita.com.br\/index.php?rest_route=\/wp\/v2\/posts\/5855\/revisions"}],"predecessor-version":[{"id":5879,"href":"https:\/\/dedemesquita.com.br\/index.php?rest_route=\/wp\/v2\/posts\/5855\/revisions\/5879"}],"wp:featuredmedia":[{"embeddable":true,"href":"https:\/\/dedemesquita.com.br\/index.php?rest_route=\/wp\/v2\/media\/5857"}],"wp:attachment":[{"href":"https:\/\/dedemesquita.com.br\/index.php?rest_route=%2Fwp%2Fv2%2Fmedia&parent=5855"}],"wp:term":[{"taxonomy":"category","embeddable":true,"href":"https:\/\/dedemesquita.com.br\/index.php?rest_route=%2Fwp%2Fv2%2Fcategories&post=5855"},{"taxonomy":"post_tag","embeddable":true,"href":"https:\/\/dedemesquita.com.br\/index.php?rest_route=%2Fwp%2Fv2%2Ftags&post=5855"}],"curies":[{"name":"wp","href":"https:\/\/api.w.org\/{rel}","templated":true}]}}