{"id":5815,"date":"2023-02-15T13:21:15","date_gmt":"2023-02-15T16:21:15","guid":{"rendered":"https:\/\/dedemesquita.com.br\/?p=5815"},"modified":"2023-02-15T15:50:19","modified_gmt":"2023-02-15T18:50:19","slug":"temple-comunicacao-comeca-preparativos-dos-25-anos-da-agencia-e-outras-novidades-da-imprensa","status":"publish","type":"post","link":"https:\/\/dedemesquita.com.br\/?p=5815","title":{"rendered":"Temple Comunica\u00e7\u00e3o come\u00e7a preparativos dos 25 anos da ag\u00eancia e outras novidades da imprensa"},"content":{"rendered":"\n<p>Por motivos de viagem de volta ao Brasil, as atualiza\u00e7\u00f5es de ter\u00e7a ser\u00e3o feitas na quarta-feira, mas que j\u00e1 est\u00e3o aqui. N\u00e3o te aborrece&#8230;<\/p>\n\n\n\n<p><strong>25 anos &#8211;<\/strong> Para celebrar os 25 anos da <strong>Temple Comunica\u00e7\u00e3<\/strong>o, as s\u00f3cias-diretoras da empresa, <strong>Cleide Pinheiro<\/strong> e <strong>Mirtes Morbach<\/strong>, iniciaram uma s\u00e9rie de visitas a institui\u00e7\u00f5es parceiras pelo Brasil. Na quinta-feira, dia 9, elas estiveram em S\u00e3o Paulo, na sede da Associa\u00e7\u00e3o Brasileira de Comunica\u00e7\u00e3o Empresarial (Aberje), e presentearam o diretor-executivo da entidade, Hamilton dos Santos, com o livro &#8220;As Aves do Par\u00e1&#8221;, produzido pela ag\u00eancia em uma edi\u00e7\u00e3o hist\u00f3rica para o anivers\u00e1rio de Bel\u00e9m.<\/p>\n\n\n\n<p><strong>Monique &#8211; <\/strong>A jornalista e social medial <strong>Monique Costa<\/strong>, com passagens pelo DOL, Prefeitura de Abaetetuba e Levant Ideias, est\u00e1 de mudan\u00e7a para S\u00e3o Paulo. A coleguinha manda muito bem nas diversas \u00e1reas da comunica\u00e7\u00e3o e est\u00e1 precisando de uma chance de trabalho na capital paulista. Quem tiver o &#8220;caminho das pedras&#8221; mande para ela, <em>oquei<\/em>? <strong>Contato dela: 91 98107 8350. <\/strong><\/p>\n\n\n<div class=\"wp-block-image\">\n<figure class=\"aligncenter size-full\"><img loading=\"lazy\" decoding=\"async\" width=\"645\" height=\"491\" src=\"https:\/\/dedemesquita.com.br\/wp-content\/uploads\/2023\/02\/MONIQUE_COSTA.jpg\" alt=\"\" class=\"wp-image-5830\"\/><figcaption class=\"wp-element-caption\">Monique Costa est\u00e1 de mudan\u00e7a para S\u00e3o Paulo<\/figcaption><\/figure><\/div>\n\n\n<p><strong>Camila &#8211; <\/strong>A jornalista <strong>Camila Barros<\/strong> tamb\u00e9m est\u00e1 na assessoria parlamentar. E atende a dois deputados do PT: a deputada federal <strong>Dilvanda Faro<\/strong>, desde o mandato desta na Alepa; e agora, ela tamb\u00e9m assumiu a comunica\u00e7\u00e3o do deputado estadual <strong>Elias Santiago<\/strong>. Contatos com a Camila s\u00e3o: <strong>91 99302 9467<\/strong> (WhatsApp) e no e-mail <a href=\"mailto:camilaemiliabarros@gmail.com\"><strong>camilaemiliabarros@gmail.com<\/strong><\/a>. Ali\u00e1s, a coleguinha est\u00e1 terminando uma p\u00f3s-gradua\u00e7\u00e3o em comunica\u00e7\u00e3o e marketing pol\u00edtico, justamente, por estar trabalhando nessa \u00e1rea e levantando a pauta das mulheres nas redes sociais dela. Recomendo!<\/p>\n\n\n<div class=\"wp-block-image\">\n<figure class=\"aligncenter size-full\"><img loading=\"lazy\" decoding=\"async\" width=\"800\" height=\"555\" src=\"https:\/\/dedemesquita.com.br\/wp-content\/uploads\/2023\/02\/CAMILA_BARROS.png\" alt=\"\" class=\"wp-image-5820\" srcset=\"https:\/\/dedemesquita.com.br\/wp-content\/uploads\/2023\/02\/CAMILA_BARROS.png 800w, https:\/\/dedemesquita.com.br\/wp-content\/uploads\/2023\/02\/CAMILA_BARROS-768x533.png 768w\" sizes=\"(max-width: 800px) 100vw, 800px\" \/><figcaption class=\"wp-element-caption\">Camila Barros em foto de Thiago Gomes. Sigam essa mo\u00e7a. <\/figcaption><\/figure><\/div>\n\n\n<p><strong>Ezequiel <\/strong>&#8211; O produtor de conte\u00fado e social media <strong>Ezequiel Miranda<\/strong>, desde 30 de janeiro passado, deixou o <strong>portal oliberal.com<\/strong>, em um ciclo de um pouco mais de um ano, como social media daquele jornal.<\/p>\n\n\n<div class=\"wp-block-image\">\n<figure class=\"aligncenter size-full\"><img loading=\"lazy\" decoding=\"async\" width=\"850\" height=\"680\" src=\"https:\/\/dedemesquita.com.br\/wp-content\/uploads\/2023\/02\/EZEQUIEL_MIRANDA.jpg\" alt=\"\" class=\"wp-image-5821\" srcset=\"https:\/\/dedemesquita.com.br\/wp-content\/uploads\/2023\/02\/EZEQUIEL_MIRANDA.jpg 850w, https:\/\/dedemesquita.com.br\/wp-content\/uploads\/2023\/02\/EZEQUIEL_MIRANDA-768x614.jpg 768w\" sizes=\"(max-width: 850px) 100vw, 850px\" \/><figcaption class=\"wp-element-caption\">Ezequiel Miranda deixou o portal O Liberal.com<\/figcaption><\/figure><\/div>\n\n\n<p><strong>Kadu &#8211;<\/strong> O <strong>Kadu Alvorada<\/strong> deixou Bel\u00e9m e se mudou para S\u00e3o Paulo, onde come\u00e7ou em um novo cargo de social creator da <strong>Sony Pictures Brasil<\/strong> na ag\u00eancia <strong>DOJO<\/strong>.<\/p>\n\n\n<div class=\"wp-block-image\">\n<figure class=\"aligncenter size-full\"><img loading=\"lazy\" decoding=\"async\" width=\"661\" height=\"491\" src=\"https:\/\/dedemesquita.com.br\/wp-content\/uploads\/2023\/02\/KADU_ALVORADA.jpg\" alt=\"\" class=\"wp-image-5822\"\/><figcaption class=\"wp-element-caption\">Kadu Alvorada agora est\u00e1 desfilando talento em S\u00e3o Paulo <\/figcaption><\/figure><\/div>\n\n\n<p><strong>Dergan &#8211;<\/strong> O jornalista <strong>Alberto Dergan<\/strong> assumiu o cargo de supervisor de comunica\u00e7\u00e3o no <strong>Instituto Nacional de Desenvolvimento Social e Humano (INDSH)<\/strong>.<\/p>\n\n\n<div class=\"wp-block-image\">\n<figure class=\"aligncenter size-full\"><img loading=\"lazy\" decoding=\"async\" width=\"500\" height=\"500\" src=\"https:\/\/dedemesquita.com.br\/wp-content\/uploads\/2023\/02\/DERGAN.jpg\" alt=\"\" class=\"wp-image-5824\" srcset=\"https:\/\/dedemesquita.com.br\/wp-content\/uploads\/2023\/02\/DERGAN.jpg 500w, https:\/\/dedemesquita.com.br\/wp-content\/uploads\/2023\/02\/DERGAN-150x150.jpg 150w\" sizes=\"(max-width: 500px) 100vw, 500px\" \/><figcaption class=\"wp-element-caption\">Alberto Dergan est\u00e1 em novo cargo <\/figcaption><\/figure><\/div>\n\n\n<p><strong>Leka &#8211;<\/strong> A fot\u00f3grafa <strong>Alessandra Serr\u00e3o, a Leka<\/strong>, passou a integrar a assessoria de comunica\u00e7\u00e3o do deputado estadual <strong>Carlos Vin\u00edcius<\/strong>, do MDB, na Assembleia Legislativa do Par\u00e1 &#8211; Alepa.<\/p>\n\n\n<div class=\"wp-block-image\">\n<figure class=\"aligncenter size-full\"><img loading=\"lazy\" decoding=\"async\" width=\"850\" height=\"825\" src=\"https:\/\/dedemesquita.com.br\/wp-content\/uploads\/2023\/02\/LEKA.jpg\" alt=\"\" class=\"wp-image-5827\" srcset=\"https:\/\/dedemesquita.com.br\/wp-content\/uploads\/2023\/02\/LEKA.jpg 850w, https:\/\/dedemesquita.com.br\/wp-content\/uploads\/2023\/02\/LEKA-768x745.jpg 768w\" sizes=\"(max-width: 850px) 100vw, 850px\" \/><figcaption class=\"wp-element-caption\">Alessandra Serr\u00e3o, a Leka, est\u00e1 na assessoria do deputado Carlos Vin\u00edcius <\/figcaption><\/figure><\/div>\n\n\n<p><strong>Jamylla &#8211;<\/strong> A jornalista <strong>Jamyla Magno<\/strong> est\u00e1 na assessoria de comunica\u00e7\u00e3o do deputado estadual <strong>Adriano Coelho<\/strong>, do PDT.<\/p>\n\n\n<div class=\"wp-block-image\">\n<figure class=\"aligncenter size-full\"><img loading=\"lazy\" decoding=\"async\" width=\"750\" height=\"653\" src=\"https:\/\/dedemesquita.com.br\/wp-content\/uploads\/2023\/02\/JAMYLA.jpg\" alt=\"\" class=\"wp-image-5826\"\/><figcaption class=\"wp-element-caption\">Jamyla Magno na assessoria do deputado estadual Adriano Coelho <\/figcaption><\/figure><\/div>\n\n\n<p><strong>Neneto &#8211;<\/strong> J\u00e1 o <strong>Ant\u00f4nio Neto, o Neneto<\/strong>, continua na comunica\u00e7\u00e3o do deputado estadual <strong>F\u00e1bio Figueiras<\/strong>, do PSB.<\/p>\n\n\n<div class=\"wp-block-image\">\n<figure class=\"aligncenter size-full\"><img loading=\"lazy\" decoding=\"async\" width=\"700\" height=\"448\" src=\"https:\/\/dedemesquita.com.br\/wp-content\/uploads\/2023\/02\/NENETO.jpg\" alt=\"\" class=\"wp-image-5823\"\/><figcaption class=\"wp-element-caption\">Neneto continua com a comunica\u00e7\u00e3o de F\u00e1bio Filgueiras <\/figcaption><\/figure><\/div>\n\n\n<p><strong>Indica\u00e7\u00e3o &#8211; <\/strong>A jornalista paraense <strong>Ingrid P\u00edpolos<\/strong> foi indicada na <strong>S\u00e9tima Edi\u00e7\u00e3o do Pr\u00eamio Mulheres que Fazem a Diferen\u00e7a<\/strong>, promovido pela Associa\u00e7\u00e3o Empresarial de Florian\u00f3polis (ACIF), e que vai ser realizado no Dia Internacional da Mulher, 8 de mar\u00e7o. O pr\u00eamio visa reconhecer mulheres empreendedoras em diferentes \u00e1reas de atua\u00e7\u00e3o e tem como foco a valoriza\u00e7\u00e3o do protagonismo feminino em Santa Catarina &#8211; SC.<\/p>\n\n\n<div class=\"wp-block-image\">\n<figure class=\"aligncenter size-full\"><img loading=\"lazy\" decoding=\"async\" width=\"630\" height=\"497\" src=\"https:\/\/dedemesquita.com.br\/wp-content\/uploads\/2023\/02\/INGRID.jpg\" alt=\"\" class=\"wp-image-5825\"\/><figcaption class=\"wp-element-caption\">Ingrido P\u00edpolos indicada a mais um pr\u00eamio em Florian\u00f3polis <\/figcaption><\/figure><\/div>\n\n\n<p><strong>Entrevista &#8211;<\/strong> A entrevistas das jornalistas <strong>Adriana<\/strong> e <strong>Karla Pereira<\/strong> ao portal <strong>Roma News <\/strong>para a jornalista <strong>Laiana Damasceno<\/strong> j\u00e1 pode ser ouvida neste link:<strong> <a href=\"https:\/\/lnkd.in\/dc2UmVp4\">https:\/\/lnkd.in\/dc2UmVp4<\/a><\/strong><\/p>\n\n\n<div class=\"wp-block-image\">\n<figure class=\"aligncenter size-full\"><img loading=\"lazy\" decoding=\"async\" width=\"860\" height=\"603\" src=\"https:\/\/dedemesquita.com.br\/wp-content\/uploads\/2023\/02\/me3ninas.jpg\" alt=\"\" class=\"wp-image-5829\" srcset=\"https:\/\/dedemesquita.com.br\/wp-content\/uploads\/2023\/02\/me3ninas.jpg 860w, https:\/\/dedemesquita.com.br\/wp-content\/uploads\/2023\/02\/me3ninas-768x538.jpg 768w\" sizes=\"(max-width: 860px) 100vw, 860px\" \/><figcaption class=\"wp-element-caption\">Adriana Pereira, Laiana Damasceno e Karla Pereira, em meio a uma &#8220;conversa de comadres&#8221;, teve muito papo sobre comunica\u00e7\u00e3o e m\u00eddia <\/figcaption><\/figure><\/div>","protected":false},"excerpt":{"rendered":"<p>Por motivos de viagem de volta ao Brasil, as atualiza\u00e7\u00f5es de ter\u00e7a ser\u00e3o feitas na quarta-feira, mas que j\u00e1 est\u00e3o aqui. N\u00e3o te aborrece&#8230; 25 anos &#8211; Para celebrar os 25 anos da Temple Comunica\u00e7\u00e3o, as s\u00f3cias-diretoras da empresa, Cleide Pinheiro e Mirtes Morbach, iniciaram uma s\u00e9rie de visitas a institui\u00e7\u00f5es parceiras pelo Brasil. Na [&hellip;]<\/p>\n","protected":false},"author":2,"featured_media":5817,"comment_status":"open","ping_status":"open","sticky":false,"template":"","format":"standard","meta":{"footnotes":""},"categories":[51,14,29],"tags":[119,120,144,162],"class_list":["post-5815","post","type-post","status-publish","format-standard","has-post-thumbnail","hentry","category-destaque","category-imprensa","category-jornalismo","tag-jornalismo","tag-jornalistas-paraenses-em-acao","tag-o-liberal","tag-temple-comunicacao"],"yoast_head":"<!-- This site is optimized with the Yoast SEO plugin v19.10 - https:\/\/yoast.com\/wordpress\/plugins\/seo\/ -->\n<title>Temple Comunica\u00e7\u00e3o come\u00e7a preparativos dos 25 anos da ag\u00eancia e outras novidades da imprensa - Ded\u00e9 Mesquita<\/title>\n<meta name=\"robots\" content=\"index, follow, max-snippet:-1, max-image-preview:large, max-video-preview:-1\" \/>\n<link rel=\"canonical\" href=\"https:\/\/dedemesquita.com.br\/?p=5815\" \/>\n<meta property=\"og:locale\" content=\"pt_BR\" \/>\n<meta property=\"og:type\" content=\"article\" \/>\n<meta property=\"og:title\" content=\"Temple Comunica\u00e7\u00e3o come\u00e7a preparativos dos 25 anos da ag\u00eancia e outras novidades da imprensa - Ded\u00e9 Mesquita\" \/>\n<meta property=\"og:description\" content=\"Por motivos de viagem de volta ao Brasil, as atualiza\u00e7\u00f5es de ter\u00e7a ser\u00e3o feitas na quarta-feira, mas que j\u00e1 est\u00e3o aqui. N\u00e3o te aborrece&#8230; 25 anos &#8211; Para celebrar os 25 anos da Temple Comunica\u00e7\u00e3o, as s\u00f3cias-diretoras da empresa, Cleide Pinheiro e Mirtes Morbach, iniciaram uma s\u00e9rie de visitas a institui\u00e7\u00f5es parceiras pelo Brasil. Na [&hellip;]\" \/>\n<meta property=\"og:url\" content=\"https:\/\/dedemesquita.com.br\/?p=5815\" \/>\n<meta property=\"og:site_name\" content=\"Ded\u00e9 Mesquita\" \/>\n<meta property=\"article:publisher\" content=\"https:\/\/www.facebook.com\/dede.mesquita\" \/>\n<meta property=\"article:published_time\" content=\"2023-02-15T16:21:15+00:00\" \/>\n<meta property=\"article:modified_time\" content=\"2023-02-15T18:50:19+00:00\" \/>\n<meta property=\"og:image\" content=\"https:\/\/dedemesquita.com.br\/wp-content\/uploads\/2023\/02\/Temple-25-anos.jpeg\" \/>\n\t<meta property=\"og:image:width\" content=\"1000\" \/>\n\t<meta property=\"og:image:height\" content=\"616\" \/>\n\t<meta property=\"og:image:type\" content=\"image\/jpeg\" \/>\n<meta name=\"author\" content=\"Ded\u00e9 Mesquita\" \/>\n<meta name=\"twitter:card\" content=\"summary_large_image\" \/>\n<meta name=\"twitter:creator\" content=\"@dedemesquita\" \/>\n<meta name=\"twitter:site\" content=\"@dedemesquita\" \/>\n<meta name=\"twitter:label1\" content=\"Escrito por\" \/>\n\t<meta name=\"twitter:data1\" content=\"Ded\u00e9 Mesquita\" \/>\n\t<meta name=\"twitter:label2\" content=\"Est. tempo de leitura\" \/>\n\t<meta name=\"twitter:data2\" content=\"6 minutos\" \/>\n<script type=\"application\/ld+json\" class=\"yoast-schema-graph\">{\"@context\":\"https:\/\/schema.org\",\"@graph\":[{\"@type\":\"WebPage\",\"@id\":\"https:\/\/dedemesquita.com.br\/?p=5815\",\"url\":\"https:\/\/dedemesquita.com.br\/?p=5815\",\"name\":\"Temple Comunica\u00e7\u00e3o come\u00e7a preparativos dos 25 anos da ag\u00eancia e outras novidades da imprensa - Ded\u00e9 Mesquita\",\"isPartOf\":{\"@id\":\"https:\/\/dedemesquita.com.br\/#website\"},\"datePublished\":\"2023-02-15T16:21:15+00:00\",\"dateModified\":\"2023-02-15T18:50:19+00:00\",\"author\":{\"@id\":\"https:\/\/dedemesquita.com.br\/#\/schema\/person\/36571f81dd2d76dc3ab37231542c9e24\"},\"breadcrumb\":{\"@id\":\"https:\/\/dedemesquita.com.br\/?p=5815#breadcrumb\"},\"inLanguage\":\"pt-BR\",\"potentialAction\":[{\"@type\":\"ReadAction\",\"target\":[\"https:\/\/dedemesquita.com.br\/?p=5815\"]}]},{\"@type\":\"BreadcrumbList\",\"@id\":\"https:\/\/dedemesquita.com.br\/?p=5815#breadcrumb\",\"itemListElement\":[{\"@type\":\"ListItem\",\"position\":1,\"name\":\"In\u00edcio\",\"item\":\"https:\/\/dedemesquita.com.br\/\"},{\"@type\":\"ListItem\",\"position\":2,\"name\":\"Temple Comunica\u00e7\u00e3o come\u00e7a preparativos dos 25 anos da ag\u00eancia e outras novidades da imprensa\"}]},{\"@type\":\"WebSite\",\"@id\":\"https:\/\/dedemesquita.com.br\/#website\",\"url\":\"https:\/\/dedemesquita.com.br\/\",\"name\":\"Ded\u00e9 Mesquita\",\"description\":\"Um site que mostra os bastidores da imprensa no estado do Par\u00e1 e em Bel\u00e9m\",\"potentialAction\":[{\"@type\":\"SearchAction\",\"target\":{\"@type\":\"EntryPoint\",\"urlTemplate\":\"https:\/\/dedemesquita.com.br\/?s={search_term_string}\"},\"query-input\":\"required name=search_term_string\"}],\"inLanguage\":\"pt-BR\"},{\"@type\":\"Person\",\"@id\":\"https:\/\/dedemesquita.com.br\/#\/schema\/person\/36571f81dd2d76dc3ab37231542c9e24\",\"name\":\"Ded\u00e9 Mesquita\",\"image\":{\"@type\":\"ImageObject\",\"inLanguage\":\"pt-BR\",\"@id\":\"https:\/\/dedemesquita.com.br\/#\/schema\/person\/image\/\",\"url\":\"https:\/\/dedemesquita.com.br\/wp-content\/uploads\/2021\/02\/foto_perfil-150x150.jpg\",\"contentUrl\":\"https:\/\/dedemesquita.com.br\/wp-content\/uploads\/2021\/02\/foto_perfil-150x150.jpg\",\"caption\":\"Ded\u00e9 Mesquita\"},\"sameAs\":[\"https:\/\/dedemesquita.com.br\"]}]}<\/script>\n<!-- \/ Yoast SEO plugin. -->","yoast_head_json":{"title":"Temple Comunica\u00e7\u00e3o come\u00e7a preparativos dos 25 anos da ag\u00eancia e outras novidades da imprensa - Ded\u00e9 Mesquita","robots":{"index":"index","follow":"follow","max-snippet":"max-snippet:-1","max-image-preview":"max-image-preview:large","max-video-preview":"max-video-preview:-1"},"canonical":"https:\/\/dedemesquita.com.br\/?p=5815","og_locale":"pt_BR","og_type":"article","og_title":"Temple Comunica\u00e7\u00e3o come\u00e7a preparativos dos 25 anos da ag\u00eancia e outras novidades da imprensa - Ded\u00e9 Mesquita","og_description":"Por motivos de viagem de volta ao Brasil, as atualiza\u00e7\u00f5es de ter\u00e7a ser\u00e3o feitas na quarta-feira, mas que j\u00e1 est\u00e3o aqui. N\u00e3o te aborrece&#8230; 25 anos &#8211; Para celebrar os 25 anos da Temple Comunica\u00e7\u00e3o, as s\u00f3cias-diretoras da empresa, Cleide Pinheiro e Mirtes Morbach, iniciaram uma s\u00e9rie de visitas a institui\u00e7\u00f5es parceiras pelo Brasil. Na [&hellip;]","og_url":"https:\/\/dedemesquita.com.br\/?p=5815","og_site_name":"Ded\u00e9 Mesquita","article_publisher":"https:\/\/www.facebook.com\/dede.mesquita","article_published_time":"2023-02-15T16:21:15+00:00","article_modified_time":"2023-02-15T18:50:19+00:00","og_image":[{"width":1000,"height":616,"url":"https:\/\/dedemesquita.com.br\/wp-content\/uploads\/2023\/02\/Temple-25-anos.jpeg","type":"image\/jpeg"}],"author":"Ded\u00e9 Mesquita","twitter_card":"summary_large_image","twitter_creator":"@dedemesquita","twitter_site":"@dedemesquita","twitter_misc":{"Escrito por":"Ded\u00e9 Mesquita","Est. tempo de leitura":"6 minutos"},"schema":{"@context":"https:\/\/schema.org","@graph":[{"@type":"WebPage","@id":"https:\/\/dedemesquita.com.br\/?p=5815","url":"https:\/\/dedemesquita.com.br\/?p=5815","name":"Temple Comunica\u00e7\u00e3o come\u00e7a preparativos dos 25 anos da ag\u00eancia e outras novidades da imprensa - Ded\u00e9 Mesquita","isPartOf":{"@id":"https:\/\/dedemesquita.com.br\/#website"},"datePublished":"2023-02-15T16:21:15+00:00","dateModified":"2023-02-15T18:50:19+00:00","author":{"@id":"https:\/\/dedemesquita.com.br\/#\/schema\/person\/36571f81dd2d76dc3ab37231542c9e24"},"breadcrumb":{"@id":"https:\/\/dedemesquita.com.br\/?p=5815#breadcrumb"},"inLanguage":"pt-BR","potentialAction":[{"@type":"ReadAction","target":["https:\/\/dedemesquita.com.br\/?p=5815"]}]},{"@type":"BreadcrumbList","@id":"https:\/\/dedemesquita.com.br\/?p=5815#breadcrumb","itemListElement":[{"@type":"ListItem","position":1,"name":"In\u00edcio","item":"https:\/\/dedemesquita.com.br\/"},{"@type":"ListItem","position":2,"name":"Temple Comunica\u00e7\u00e3o come\u00e7a preparativos dos 25 anos da ag\u00eancia e outras novidades da imprensa"}]},{"@type":"WebSite","@id":"https:\/\/dedemesquita.com.br\/#website","url":"https:\/\/dedemesquita.com.br\/","name":"Ded\u00e9 Mesquita","description":"Um site que mostra os bastidores da imprensa no estado do Par\u00e1 e em Bel\u00e9m","potentialAction":[{"@type":"SearchAction","target":{"@type":"EntryPoint","urlTemplate":"https:\/\/dedemesquita.com.br\/?s={search_term_string}"},"query-input":"required name=search_term_string"}],"inLanguage":"pt-BR"},{"@type":"Person","@id":"https:\/\/dedemesquita.com.br\/#\/schema\/person\/36571f81dd2d76dc3ab37231542c9e24","name":"Ded\u00e9 Mesquita","image":{"@type":"ImageObject","inLanguage":"pt-BR","@id":"https:\/\/dedemesquita.com.br\/#\/schema\/person\/image\/","url":"https:\/\/dedemesquita.com.br\/wp-content\/uploads\/2021\/02\/foto_perfil-150x150.jpg","contentUrl":"https:\/\/dedemesquita.com.br\/wp-content\/uploads\/2021\/02\/foto_perfil-150x150.jpg","caption":"Ded\u00e9 Mesquita"},"sameAs":["https:\/\/dedemesquita.com.br"]}]}},"_links":{"self":[{"href":"https:\/\/dedemesquita.com.br\/index.php?rest_route=\/wp\/v2\/posts\/5815"}],"collection":[{"href":"https:\/\/dedemesquita.com.br\/index.php?rest_route=\/wp\/v2\/posts"}],"about":[{"href":"https:\/\/dedemesquita.com.br\/index.php?rest_route=\/wp\/v2\/types\/post"}],"author":[{"embeddable":true,"href":"https:\/\/dedemesquita.com.br\/index.php?rest_route=\/wp\/v2\/users\/2"}],"replies":[{"embeddable":true,"href":"https:\/\/dedemesquita.com.br\/index.php?rest_route=%2Fwp%2Fv2%2Fcomments&post=5815"}],"version-history":[{"count":6,"href":"https:\/\/dedemesquita.com.br\/index.php?rest_route=\/wp\/v2\/posts\/5815\/revisions"}],"predecessor-version":[{"id":5833,"href":"https:\/\/dedemesquita.com.br\/index.php?rest_route=\/wp\/v2\/posts\/5815\/revisions\/5833"}],"wp:featuredmedia":[{"embeddable":true,"href":"https:\/\/dedemesquita.com.br\/index.php?rest_route=\/wp\/v2\/media\/5817"}],"wp:attachment":[{"href":"https:\/\/dedemesquita.com.br\/index.php?rest_route=%2Fwp%2Fv2%2Fmedia&parent=5815"}],"wp:term":[{"taxonomy":"category","embeddable":true,"href":"https:\/\/dedemesquita.com.br\/index.php?rest_route=%2Fwp%2Fv2%2Fcategories&post=5815"},{"taxonomy":"post_tag","embeddable":true,"href":"https:\/\/dedemesquita.com.br\/index.php?rest_route=%2Fwp%2Fv2%2Ftags&post=5815"}],"curies":[{"name":"wp","href":"https:\/\/api.w.org\/{rel}","templated":true}]}}