{"id":5810,"date":"2023-02-09T17:00:22","date_gmt":"2023-02-09T20:00:22","guid":{"rendered":"https:\/\/dedemesquita.com.br\/?p=5810"},"modified":"2023-02-09T17:00:23","modified_gmt":"2023-02-09T20:00:23","slug":"simineral-promove-talk-show-diversidade-e-inclusao-marcando-preparativos-a-premiacao","status":"publish","type":"post","link":"https:\/\/dedemesquita.com.br\/?p=5810","title":{"rendered":"Simineral promove talk show \u201cDiversidade e Inclus\u00e3o\u201d marcando preparativos \u00e0 premia\u00e7\u00e3o"},"content":{"rendered":"\n<p>Para falar sobre \u201cDiversidade e Inclus\u00e3o \u2013 Muito Al\u00e9m das Redes Sociais\u201d, o Sindicato das Ind\u00fastrias Minerais do Par\u00e1 (Simineral) promove um bate-papo em formato de talk show nesta quinta-feira, dia 9, \u00e0s 18h30, no Espa\u00e7o S\u00e3o Jos\u00e9 Liberto, em Bel\u00e9m. <\/p>\n\n\n\n<p>O evento faz parte da programa\u00e7\u00e3o do Pr\u00eamio Simineral de Comunica\u00e7\u00e3o que vai discutir a produ\u00e7\u00e3o de conte\u00fado sobre esses temas nas redes sociais e imprensa, debatendo, tamb\u00e9m, como as empresas do setor mineral est\u00e3o incluindo essas pautas em suas comunica\u00e7\u00f5es. As inscri\u00e7\u00f5es s\u00e3o gratuitas e podem ser feitas pelo link <a href=\"https:\/\/docs.google.com\/document\/d\/1w1HtiusmJ3rQe3mesJ7-pk9bSmvbtP06K_2BXahtzRw\/edit\">h<strong>ttps:\/\/docs.google.com\/document\/d\/1w1HtiusmJ3rQe3mesJ7-pk9bSmvbtP06K_2BXahtzRw\/edit<\/strong><\/a><\/p>\n\n\n\n<p><strong>Convidados &#8211; <\/strong>Entre os convidados para debater sobre esses temas, a mesa redonda vai ser composta pela vice-presidente do Simineral, Ana Carolina Alves; a jornalista e professora universit\u00e1ria Rita Soares e o produtor de conte\u00fado Jonas Amador. Para mediar a roda de conversa, a jornalista e diretora da EKO, ag\u00eancia organizadora do Pr\u00eamio, Layse Santos, tamb\u00e9m comp\u00f5e os nomes do talk show.<\/p>\n\n\n\n<p>A vice-presidente do Simineral ressalta que este \u00e9 um momento para que comunicadores e estudantes entendam as atividades do setor mineral sobre o tema. \u201cA oportunidade do talk show traz a chance de jornais, creators e criadores de conte\u00fado, al\u00e9m de estudantes de comunica\u00e7\u00e3o, possam conhecer melhor sobre projetos e iniciativas promovidos pelas organiza\u00e7\u00f5es do setor mineral que est\u00e3o relacionados aos temas do Pr\u00eamio Simineral de Comunica\u00e7\u00e3o. Vamos comentar sobre esse panorama e levar inspira\u00e7\u00e3o para cria\u00e7\u00e3o de trabalhos de qualidade para o grande evento\u201d, afirmou.<br>\u00a0<br>Sobre o Pr\u00eamio &#8211; O Pr\u00eamio Simineral de Comunica\u00e7\u00e3o reconhece, valoriza e premia o talento de jornalistas, estudantes universit\u00e1rios e produtores de conte\u00fados digitais. A premia\u00e7\u00e3o \u00e9 uma iniciativa do Simineral \u2013 Sindicato das Ind\u00fastrias Minerais do Estado do Par\u00e1, com organiza\u00e7\u00e3o da Ag\u00eancia EKO. <\/p>\n\n\n\n<p>A premia\u00e7\u00e3o tem o patroc\u00ednio da Vale, Hydro e Oz Minerals, e conta com o apoio institucional do Instituto Brasileiro de Minera\u00e7\u00e3o (IBRAM).<\/p>\n\n\n\n<p>Os trabalhos poder\u00e3o concorrer em tr\u00eas premia\u00e7\u00f5es: Pr\u00eamio Hamilton Pinheiro de Jornalismo, Pr\u00eamio Simineral de Conte\u00fados para as Redes Sociais e Pr\u00eamio Simineral de Conte\u00fados Empresariais. O objetivo \u00e9 fortalecer uma cultura de valoriza\u00e7\u00e3o da pluralidade, incentivando a representatividade na for\u00e7a de trabalho e na alta lideran\u00e7a. <\/p>\n\n\n\n<p>Para outras informa\u00e7\u00f5es, os interessados podem acessar pelo edital, dispon\u00edvel no site do evento.<\/p>\n","protected":false},"excerpt":{"rendered":"<p>Para falar sobre \u201cDiversidade e Inclus\u00e3o \u2013 Muito Al\u00e9m das Redes Sociais\u201d, o Sindicato das Ind\u00fastrias Minerais do Par\u00e1 (Simineral) promove um bate-papo em formato de talk show nesta quinta-feira, dia 9, \u00e0s 18h30, no Espa\u00e7o S\u00e3o Jos\u00e9 Liberto, em Bel\u00e9m. O evento faz parte da programa\u00e7\u00e3o do Pr\u00eamio Simineral de Comunica\u00e7\u00e3o que vai discutir [&hellip;]<\/p>\n","protected":false},"author":2,"featured_media":5812,"comment_status":"open","ping_status":"open","sticky":false,"template":"","format":"standard","meta":{"footnotes":""},"categories":[51,14,29],"tags":[161,119,120,281],"class_list":["post-5810","post","type-post","status-publish","format-standard","has-post-thumbnail","hentry","category-destaque","category-imprensa","category-jornalismo","tag-eko-estrategias-em-comunicacao","tag-jornalismo","tag-jornalistas-paraenses-em-acao","tag-premio-simineral"],"yoast_head":"<!-- This site is optimized with the Yoast SEO plugin v19.10 - https:\/\/yoast.com\/wordpress\/plugins\/seo\/ -->\n<title>Simineral promove talk show \u201cDiversidade e Inclus\u00e3o\u201d marcando preparativos \u00e0 premia\u00e7\u00e3o - Ded\u00e9 Mesquita<\/title>\n<meta name=\"robots\" content=\"index, follow, max-snippet:-1, max-image-preview:large, max-video-preview:-1\" \/>\n<link rel=\"canonical\" href=\"https:\/\/dedemesquita.com.br\/?p=5810\" \/>\n<meta property=\"og:locale\" content=\"pt_BR\" \/>\n<meta property=\"og:type\" content=\"article\" \/>\n<meta property=\"og:title\" content=\"Simineral promove talk show \u201cDiversidade e Inclus\u00e3o\u201d marcando preparativos \u00e0 premia\u00e7\u00e3o - Ded\u00e9 Mesquita\" \/>\n<meta property=\"og:description\" content=\"Para falar sobre \u201cDiversidade e Inclus\u00e3o \u2013 Muito Al\u00e9m das Redes Sociais\u201d, o Sindicato das Ind\u00fastrias Minerais do Par\u00e1 (Simineral) promove um bate-papo em formato de talk show nesta quinta-feira, dia 9, \u00e0s 18h30, no Espa\u00e7o S\u00e3o Jos\u00e9 Liberto, em Bel\u00e9m. O evento faz parte da programa\u00e7\u00e3o do Pr\u00eamio Simineral de Comunica\u00e7\u00e3o que vai discutir [&hellip;]\" \/>\n<meta property=\"og:url\" content=\"https:\/\/dedemesquita.com.br\/?p=5810\" \/>\n<meta property=\"og:site_name\" content=\"Ded\u00e9 Mesquita\" \/>\n<meta property=\"article:publisher\" content=\"https:\/\/www.facebook.com\/dede.mesquita\" \/>\n<meta property=\"article:published_time\" content=\"2023-02-09T20:00:22+00:00\" \/>\n<meta property=\"article:modified_time\" content=\"2023-02-09T20:00:23+00:00\" \/>\n<meta property=\"og:image\" content=\"https:\/\/dedemesquita.com.br\/wp-content\/uploads\/2023\/02\/WhatsApp-Image-2023-02-08-at-19.37.12.jpeg\" \/>\n\t<meta property=\"og:image:width\" content=\"717\" \/>\n\t<meta property=\"og:image:height\" content=\"900\" \/>\n\t<meta property=\"og:image:type\" content=\"image\/jpeg\" \/>\n<meta name=\"author\" content=\"Ded\u00e9 Mesquita\" \/>\n<meta name=\"twitter:card\" content=\"summary_large_image\" \/>\n<meta name=\"twitter:creator\" content=\"@dedemesquita\" \/>\n<meta name=\"twitter:site\" content=\"@dedemesquita\" \/>\n<meta name=\"twitter:label1\" content=\"Escrito por\" \/>\n\t<meta name=\"twitter:data1\" content=\"Ded\u00e9 Mesquita\" \/>\n\t<meta name=\"twitter:label2\" content=\"Est. tempo de leitura\" \/>\n\t<meta name=\"twitter:data2\" content=\"3 minutos\" \/>\n<script type=\"application\/ld+json\" class=\"yoast-schema-graph\">{\"@context\":\"https:\/\/schema.org\",\"@graph\":[{\"@type\":\"WebPage\",\"@id\":\"https:\/\/dedemesquita.com.br\/?p=5810\",\"url\":\"https:\/\/dedemesquita.com.br\/?p=5810\",\"name\":\"Simineral promove talk show \u201cDiversidade e Inclus\u00e3o\u201d marcando preparativos \u00e0 premia\u00e7\u00e3o - Ded\u00e9 Mesquita\",\"isPartOf\":{\"@id\":\"https:\/\/dedemesquita.com.br\/#website\"},\"datePublished\":\"2023-02-09T20:00:22+00:00\",\"dateModified\":\"2023-02-09T20:00:23+00:00\",\"author\":{\"@id\":\"https:\/\/dedemesquita.com.br\/#\/schema\/person\/36571f81dd2d76dc3ab37231542c9e24\"},\"breadcrumb\":{\"@id\":\"https:\/\/dedemesquita.com.br\/?p=5810#breadcrumb\"},\"inLanguage\":\"pt-BR\",\"potentialAction\":[{\"@type\":\"ReadAction\",\"target\":[\"https:\/\/dedemesquita.com.br\/?p=5810\"]}]},{\"@type\":\"BreadcrumbList\",\"@id\":\"https:\/\/dedemesquita.com.br\/?p=5810#breadcrumb\",\"itemListElement\":[{\"@type\":\"ListItem\",\"position\":1,\"name\":\"In\u00edcio\",\"item\":\"https:\/\/dedemesquita.com.br\/\"},{\"@type\":\"ListItem\",\"position\":2,\"name\":\"Simineral promove talk show \u201cDiversidade e Inclus\u00e3o\u201d marcando preparativos \u00e0 premia\u00e7\u00e3o\"}]},{\"@type\":\"WebSite\",\"@id\":\"https:\/\/dedemesquita.com.br\/#website\",\"url\":\"https:\/\/dedemesquita.com.br\/\",\"name\":\"Ded\u00e9 Mesquita\",\"description\":\"Um site que mostra os bastidores da imprensa no estado do Par\u00e1 e em Bel\u00e9m\",\"potentialAction\":[{\"@type\":\"SearchAction\",\"target\":{\"@type\":\"EntryPoint\",\"urlTemplate\":\"https:\/\/dedemesquita.com.br\/?s={search_term_string}\"},\"query-input\":\"required name=search_term_string\"}],\"inLanguage\":\"pt-BR\"},{\"@type\":\"Person\",\"@id\":\"https:\/\/dedemesquita.com.br\/#\/schema\/person\/36571f81dd2d76dc3ab37231542c9e24\",\"name\":\"Ded\u00e9 Mesquita\",\"image\":{\"@type\":\"ImageObject\",\"inLanguage\":\"pt-BR\",\"@id\":\"https:\/\/dedemesquita.com.br\/#\/schema\/person\/image\/\",\"url\":\"https:\/\/dedemesquita.com.br\/wp-content\/uploads\/2021\/02\/foto_perfil-150x150.jpg\",\"contentUrl\":\"https:\/\/dedemesquita.com.br\/wp-content\/uploads\/2021\/02\/foto_perfil-150x150.jpg\",\"caption\":\"Ded\u00e9 Mesquita\"},\"sameAs\":[\"https:\/\/dedemesquita.com.br\"]}]}<\/script>\n<!-- \/ Yoast SEO plugin. -->","yoast_head_json":{"title":"Simineral promove talk show \u201cDiversidade e Inclus\u00e3o\u201d marcando preparativos \u00e0 premia\u00e7\u00e3o - Ded\u00e9 Mesquita","robots":{"index":"index","follow":"follow","max-snippet":"max-snippet:-1","max-image-preview":"max-image-preview:large","max-video-preview":"max-video-preview:-1"},"canonical":"https:\/\/dedemesquita.com.br\/?p=5810","og_locale":"pt_BR","og_type":"article","og_title":"Simineral promove talk show \u201cDiversidade e Inclus\u00e3o\u201d marcando preparativos \u00e0 premia\u00e7\u00e3o - Ded\u00e9 Mesquita","og_description":"Para falar sobre \u201cDiversidade e Inclus\u00e3o \u2013 Muito Al\u00e9m das Redes Sociais\u201d, o Sindicato das Ind\u00fastrias Minerais do Par\u00e1 (Simineral) promove um bate-papo em formato de talk show nesta quinta-feira, dia 9, \u00e0s 18h30, no Espa\u00e7o S\u00e3o Jos\u00e9 Liberto, em Bel\u00e9m. O evento faz parte da programa\u00e7\u00e3o do Pr\u00eamio Simineral de Comunica\u00e7\u00e3o que vai discutir [&hellip;]","og_url":"https:\/\/dedemesquita.com.br\/?p=5810","og_site_name":"Ded\u00e9 Mesquita","article_publisher":"https:\/\/www.facebook.com\/dede.mesquita","article_published_time":"2023-02-09T20:00:22+00:00","article_modified_time":"2023-02-09T20:00:23+00:00","og_image":[{"width":717,"height":900,"url":"https:\/\/dedemesquita.com.br\/wp-content\/uploads\/2023\/02\/WhatsApp-Image-2023-02-08-at-19.37.12.jpeg","type":"image\/jpeg"}],"author":"Ded\u00e9 Mesquita","twitter_card":"summary_large_image","twitter_creator":"@dedemesquita","twitter_site":"@dedemesquita","twitter_misc":{"Escrito por":"Ded\u00e9 Mesquita","Est. tempo de leitura":"3 minutos"},"schema":{"@context":"https:\/\/schema.org","@graph":[{"@type":"WebPage","@id":"https:\/\/dedemesquita.com.br\/?p=5810","url":"https:\/\/dedemesquita.com.br\/?p=5810","name":"Simineral promove talk show \u201cDiversidade e Inclus\u00e3o\u201d marcando preparativos \u00e0 premia\u00e7\u00e3o - Ded\u00e9 Mesquita","isPartOf":{"@id":"https:\/\/dedemesquita.com.br\/#website"},"datePublished":"2023-02-09T20:00:22+00:00","dateModified":"2023-02-09T20:00:23+00:00","author":{"@id":"https:\/\/dedemesquita.com.br\/#\/schema\/person\/36571f81dd2d76dc3ab37231542c9e24"},"breadcrumb":{"@id":"https:\/\/dedemesquita.com.br\/?p=5810#breadcrumb"},"inLanguage":"pt-BR","potentialAction":[{"@type":"ReadAction","target":["https:\/\/dedemesquita.com.br\/?p=5810"]}]},{"@type":"BreadcrumbList","@id":"https:\/\/dedemesquita.com.br\/?p=5810#breadcrumb","itemListElement":[{"@type":"ListItem","position":1,"name":"In\u00edcio","item":"https:\/\/dedemesquita.com.br\/"},{"@type":"ListItem","position":2,"name":"Simineral promove talk show \u201cDiversidade e Inclus\u00e3o\u201d marcando preparativos \u00e0 premia\u00e7\u00e3o"}]},{"@type":"WebSite","@id":"https:\/\/dedemesquita.com.br\/#website","url":"https:\/\/dedemesquita.com.br\/","name":"Ded\u00e9 Mesquita","description":"Um site que mostra os bastidores da imprensa no estado do Par\u00e1 e em Bel\u00e9m","potentialAction":[{"@type":"SearchAction","target":{"@type":"EntryPoint","urlTemplate":"https:\/\/dedemesquita.com.br\/?s={search_term_string}"},"query-input":"required name=search_term_string"}],"inLanguage":"pt-BR"},{"@type":"Person","@id":"https:\/\/dedemesquita.com.br\/#\/schema\/person\/36571f81dd2d76dc3ab37231542c9e24","name":"Ded\u00e9 Mesquita","image":{"@type":"ImageObject","inLanguage":"pt-BR","@id":"https:\/\/dedemesquita.com.br\/#\/schema\/person\/image\/","url":"https:\/\/dedemesquita.com.br\/wp-content\/uploads\/2021\/02\/foto_perfil-150x150.jpg","contentUrl":"https:\/\/dedemesquita.com.br\/wp-content\/uploads\/2021\/02\/foto_perfil-150x150.jpg","caption":"Ded\u00e9 Mesquita"},"sameAs":["https:\/\/dedemesquita.com.br"]}]}},"_links":{"self":[{"href":"https:\/\/dedemesquita.com.br\/index.php?rest_route=\/wp\/v2\/posts\/5810"}],"collection":[{"href":"https:\/\/dedemesquita.com.br\/index.php?rest_route=\/wp\/v2\/posts"}],"about":[{"href":"https:\/\/dedemesquita.com.br\/index.php?rest_route=\/wp\/v2\/types\/post"}],"author":[{"embeddable":true,"href":"https:\/\/dedemesquita.com.br\/index.php?rest_route=\/wp\/v2\/users\/2"}],"replies":[{"embeddable":true,"href":"https:\/\/dedemesquita.com.br\/index.php?rest_route=%2Fwp%2Fv2%2Fcomments&post=5810"}],"version-history":[{"count":2,"href":"https:\/\/dedemesquita.com.br\/index.php?rest_route=\/wp\/v2\/posts\/5810\/revisions"}],"predecessor-version":[{"id":5813,"href":"https:\/\/dedemesquita.com.br\/index.php?rest_route=\/wp\/v2\/posts\/5810\/revisions\/5813"}],"wp:featuredmedia":[{"embeddable":true,"href":"https:\/\/dedemesquita.com.br\/index.php?rest_route=\/wp\/v2\/media\/5812"}],"wp:attachment":[{"href":"https:\/\/dedemesquita.com.br\/index.php?rest_route=%2Fwp%2Fv2%2Fmedia&parent=5810"}],"wp:term":[{"taxonomy":"category","embeddable":true,"href":"https:\/\/dedemesquita.com.br\/index.php?rest_route=%2Fwp%2Fv2%2Fcategories&post=5810"},{"taxonomy":"post_tag","embeddable":true,"href":"https:\/\/dedemesquita.com.br\/index.php?rest_route=%2Fwp%2Fv2%2Ftags&post=5810"}],"curies":[{"name":"wp","href":"https:\/\/api.w.org\/{rel}","templated":true}]}}