{"id":5793,"date":"2023-02-07T16:46:15","date_gmt":"2023-02-07T19:46:15","guid":{"rendered":"https:\/\/dedemesquita.com.br\/?p=5793"},"modified":"2023-02-07T16:46:35","modified_gmt":"2023-02-07T19:46:35","slug":"produtora-liderada-pela-jornalista-joyce-cursino-e-contemplada-em-projeto-da-cantora-iza-e-outras-news","status":"publish","type":"post","link":"https:\/\/dedemesquita.com.br\/?p=5793","title":{"rendered":"Produtora liderada pela jornalista Joyce Cursino \u00e9 contemplada em projeto da cantora Iza e outras news"},"content":{"rendered":"\n<p>Ter\u00e7a-feira e suas atualiza\u00e7\u00f5es sobre a imprensa de Bel\u00e9m e do Par\u00e1. Muitas e muitas novidades. <\/p>\n\n\n\n<p><strong>Negritar &#8211; <\/strong>A produtora paraense <strong>Negritar Produ\u00e7\u00f5es<\/strong>, que tem \u00e0 frente a jornalista e cineasta<strong> Joyce Cursino<\/strong>, foi selecionada na primeira edi\u00e7\u00e3o do edital \u2018Entra na Roda\u2019, iniciativa da cantora Iza. Cerca de 4 mil empreendimentos pleitearam essa oportunidade, com pouco mais de mil chegando at\u00e9 a etapa final e apenas 20 selecionados, sendo a Negritar uma das contempladas. O projeto busca fortalecer projetos liderados por pessoas negras e atua\u00e7\u00e3o nos segmentos de alimenta\u00e7\u00e3o, entretenimento, beleza, moda e impacto social.<\/p>\n\n\n<div class=\"wp-block-image\">\n<figure class=\"aligncenter size-full\"><img loading=\"lazy\" decoding=\"async\" width=\"900\" height=\"564\" src=\"https:\/\/dedemesquita.com.br\/wp-content\/uploads\/2023\/02\/Iza.jpg\" alt=\"\" class=\"wp-image-5804\" srcset=\"https:\/\/dedemesquita.com.br\/wp-content\/uploads\/2023\/02\/Iza.jpg 900w, https:\/\/dedemesquita.com.br\/wp-content\/uploads\/2023\/02\/Iza-768x481.jpg 768w\" sizes=\"(max-width: 900px) 100vw, 900px\" \/><figcaption class=\"wp-element-caption\">Resultado final do programa Entra na Roda, da cantora Iza <\/figcaption><\/figure><\/div>\n\n\n<p><strong>Premia\u00e7\u00e3o &#8211; <\/strong>A Associa\u00e7\u00e3o dos Cronistas Esportivos do Estado de S\u00e3o Paulo (ACEESP)\u00a0realizou na noite de segunda-feira, 30, a festa de premia\u00e7\u00e3o aos melhores de 2022 agraciados com o trof\u00e9u\u00a0ACEESP, no audit\u00f3rio Armando Nogueira, no Museu do Futebol. O fotojornalista, do grupo O Liberal, do Par\u00e1, <strong>Tarso Sarraf <\/strong>recebeu o trof\u00e9u pela\u00a0<strong>MELHOR IMAGEM DO ESPORTE EM 2022<\/strong>, com a foto do gol de Richarlison na vit\u00f3ria do Brasil sobre a S\u00e9rvia na Copa do Catar.<\/p>\n\n\n<div class=\"wp-block-image\">\n<figure class=\"aligncenter size-full\"><img loading=\"lazy\" decoding=\"async\" width=\"850\" height=\"566\" src=\"https:\/\/dedemesquita.com.br\/wp-content\/uploads\/2023\/02\/TARSO_SARRAF-2.jpeg\" alt=\"\" class=\"wp-image-5806\" srcset=\"https:\/\/dedemesquita.com.br\/wp-content\/uploads\/2023\/02\/TARSO_SARRAF-2.jpeg 850w, https:\/\/dedemesquita.com.br\/wp-content\/uploads\/2023\/02\/TARSO_SARRAF-2-768x511.jpeg 768w\" sizes=\"(max-width: 850px) 100vw, 850px\" \/><figcaption class=\"wp-element-caption\">Tarso Sarraf e mais um trof\u00e9u para a cole\u00e7\u00e3o <\/figcaption><\/figure><\/div>\n\n\n<p><strong>Carla &#8211;<\/strong> A jornalista <strong>Carla Fischer<\/strong>, ex-Semec\/ Comus, enveredou tamb\u00e9m pelo marketing digital. Abriu o CNPJ dela e come\u00e7ou como social media, em empresa pr\u00f3pria, a <strong>Insid Comunica\u00e7\u00e3o Estrat\u00e9gica<\/strong>, empreendimento que ainda carrega sozinha, mas que j\u00e1, j\u00e1 est\u00e1 trazendo novidades.<\/p>\n\n\n<div class=\"wp-block-image\">\n<figure class=\"aligncenter size-full\"><img loading=\"lazy\" decoding=\"async\" width=\"591\" height=\"657\" src=\"https:\/\/dedemesquita.com.br\/wp-content\/uploads\/2023\/02\/CARLA_FISHER.jpg\" alt=\"\" class=\"wp-image-5797\"\/><\/figure><\/div>\n\n\n<p><strong>Liliane &#8211; Liliane Diniz<\/strong>, depois de quase 10 anos trabalhando na assessoria de comunica\u00e7\u00e3o da Prefeitura de Parauapebas (Ascom), decidiu seguir por novos caminhos, deixando aquela organiza\u00e7\u00e3o.<\/p>\n\n\n<div class=\"wp-block-image\">\n<figure class=\"aligncenter size-full\"><img loading=\"lazy\" decoding=\"async\" width=\"691\" height=\"519\" src=\"https:\/\/dedemesquita.com.br\/wp-content\/uploads\/2023\/02\/LILIANE_DINIZ.jpg\" alt=\"\" class=\"wp-image-5798\"\/><\/figure><\/div>\n\n\n<p><strong>Ayres &#8211; Marcus Ayres<\/strong>, que deixou Bel\u00e9m por Bras\u00edlia, passou a atuar na assessoria de comunica\u00e7\u00e3o do deputado estadual <strong>Luth Rebelo (PP)<\/strong>, do Par\u00e1. Os contatos para pautas, notas e outras informa\u00e7\u00f5es a respeito da atua\u00e7\u00e3o de parlamentar s\u00e3o estes: Marcus Ayres (61) 99176 0915 (Telegram e WhatsApp) ou <a href=\"mailto:marcusayresrodrigues@gmail.com\"><strong>marcusayresrodrigues@gmail.com<\/strong><\/a><\/p>\n\n\n<div class=\"wp-block-image\">\n<figure class=\"aligncenter size-full\"><img loading=\"lazy\" decoding=\"async\" width=\"635\" height=\"615\" src=\"https:\/\/dedemesquita.com.br\/wp-content\/uploads\/2023\/02\/MARCUS_AYRES.jpg\" alt=\"\" class=\"wp-image-5799\"\/><\/figure><\/div>\n\n\n<p><strong>Viggo &#8211; Matheus Viggo<\/strong> deixou a reda\u00e7\u00e3o do portal BT Mais, mas segue ainda no Bel\u00e9m Fofoquei, na TV Unama e RBA TV.<\/p>\n\n\n\n<p><strong>Mestre &#8211;<\/strong> O jornalista paraense <strong>Geovany Dias<\/strong> \u00e9 mestre em Artes pela The University of Alabama, nos Estados Unidos.<\/p>\n\n\n<div class=\"wp-block-image\">\n<figure class=\"aligncenter size-full\"><img loading=\"lazy\" decoding=\"async\" width=\"800\" height=\"620\" src=\"https:\/\/dedemesquita.com.br\/wp-content\/uploads\/2023\/02\/GEOVANY_DIAS.jpg\" alt=\"\" class=\"wp-image-5802\" srcset=\"https:\/\/dedemesquita.com.br\/wp-content\/uploads\/2023\/02\/GEOVANY_DIAS.jpg 800w, https:\/\/dedemesquita.com.br\/wp-content\/uploads\/2023\/02\/GEOVANY_DIAS-768x595.jpg 768w\" sizes=\"(max-width: 800px) 100vw, 800px\" \/><figcaption class=\"wp-element-caption\">O paraense Geovany Dias agora \u00e9 mestre em universidade p\u00fablica americana <\/figcaption><\/figure><\/div>\n\n\n<p><strong>La\u00eds &#8211; <\/strong>A jornalista <strong>La\u00eds Nunes<\/strong> deixou a ag\u00eancia Temple Comunica\u00e7\u00e3o.<\/p>\n\n\n\n<p><strong>Secom &#8211; Vera Oliveira<\/strong> continua \u00e0 frente da Secretaria de Estado de Comunica\u00e7\u00e3o \u2013 Secom-PA. E <strong>Alinne Passos <\/strong>continua com adjunta dela. An\u00fancios feitos pelo Heldisssss sobre o novo secretariado desta segunda gest\u00e3o. <\/p>\n\n\n<div class=\"wp-block-image\">\n<figure class=\"aligncenter size-full\"><img loading=\"lazy\" decoding=\"async\" width=\"673\" height=\"496\" src=\"https:\/\/dedemesquita.com.br\/wp-content\/uploads\/2023\/02\/ALINNE_PASSOS.jpg\" alt=\"\" class=\"wp-image-5803\"\/><figcaption class=\"wp-element-caption\">Alinne Passos continua como adjunta de Vera Oliveira, na Secom-PA <\/figcaption><\/figure><\/div>\n\n\n<p><strong>SEEL &#8211; <\/strong>A equipe de comunica\u00e7\u00e3o do ex-deputado C\u00e1ssio Andrade, que conta com a coleguinha <strong>Bruna Cabral<\/strong>, vai continuar com ele, que passou a ocupar a gest\u00e3o da <strong>Secretaria de Estado de Esporte e Lazer &#8211; SEEL<\/strong>. \u00a0<\/p>\n\n\n<div class=\"wp-block-image\">\n<figure class=\"aligncenter size-full\"><img loading=\"lazy\" decoding=\"async\" width=\"600\" height=\"413\" src=\"https:\/\/dedemesquita.com.br\/wp-content\/uploads\/2023\/02\/SEEL.png\" alt=\"\" class=\"wp-image-5800\"\/><figcaption class=\"wp-element-caption\">Caroline Amorim, Adriano Aleixo, Bruna Cabral e o titular da SEEL, C\u00e1ssio Andrade <\/figcaption><\/figure><\/div>\n\n\n<p><strong>T\u00e1ssia &#8211; <\/strong>A fot\u00f3grafa T\u00e1ssia Barros diversificou atendimentos e est\u00e1 prestando assessoria de social m\u00eddia tamb\u00e9m, al\u00e9m de planejamento, cria\u00e7\u00e3o e design. Contatos com ela no 91 98121 1291.<\/p>\n\n\n<div class=\"wp-block-image\">\n<figure class=\"aligncenter size-full\"><img loading=\"lazy\" decoding=\"async\" width=\"800\" height=\"722\" src=\"https:\/\/dedemesquita.com.br\/wp-content\/uploads\/2023\/02\/TASSIA_BARROS.jpg\" alt=\"\" class=\"wp-image-5801\" srcset=\"https:\/\/dedemesquita.com.br\/wp-content\/uploads\/2023\/02\/TASSIA_BARROS.jpg 800w, https:\/\/dedemesquita.com.br\/wp-content\/uploads\/2023\/02\/TASSIA_BARROS-768x693.jpg 768w\" sizes=\"(max-width: 800px) 100vw, 800px\" \/><figcaption class=\"wp-element-caption\">T\u00e1ssia Barros diversificando o empreendimento na \u00e1rea de comunica\u00e7\u00e3o digital <\/figcaption><\/figure><\/div>","protected":false},"excerpt":{"rendered":"<p>Ter\u00e7a-feira e suas atualiza\u00e7\u00f5es sobre a imprensa de Bel\u00e9m e do Par\u00e1. Muitas e muitas novidades. Negritar &#8211; A produtora paraense Negritar Produ\u00e7\u00f5es, que tem \u00e0 frente a jornalista e cineasta Joyce Cursino, foi selecionada na primeira edi\u00e7\u00e3o do edital \u2018Entra na Roda\u2019, iniciativa da cantora Iza. Cerca de 4 mil empreendimentos pleitearam essa oportunidade, [&hellip;]<\/p>\n","protected":false},"author":2,"featured_media":5796,"comment_status":"open","ping_status":"open","sticky":false,"template":"","format":"standard","meta":{"footnotes":""},"categories":[51,14,29],"tags":[136,119,120,150],"class_list":["post-5793","post","type-post","status-publish","format-standard","has-post-thumbnail","hentry","category-destaque","category-imprensa","category-jornalismo","tag-comus-agencia-belem","tag-jornalismo","tag-jornalistas-paraenses-em-acao","tag-secom-pa"],"yoast_head":"<!-- This site is optimized with the Yoast SEO plugin v19.10 - https:\/\/yoast.com\/wordpress\/plugins\/seo\/ -->\n<title>Produtora liderada pela jornalista Joyce Cursino \u00e9 contemplada em projeto da cantora Iza e outras news - Ded\u00e9 Mesquita<\/title>\n<meta name=\"robots\" content=\"index, follow, max-snippet:-1, max-image-preview:large, max-video-preview:-1\" \/>\n<link rel=\"canonical\" href=\"https:\/\/dedemesquita.com.br\/?p=5793\" \/>\n<meta property=\"og:locale\" content=\"pt_BR\" \/>\n<meta property=\"og:type\" content=\"article\" \/>\n<meta property=\"og:title\" content=\"Produtora liderada pela jornalista Joyce Cursino \u00e9 contemplada em projeto da cantora Iza e outras news - Ded\u00e9 Mesquita\" \/>\n<meta property=\"og:description\" content=\"Ter\u00e7a-feira e suas atualiza\u00e7\u00f5es sobre a imprensa de Bel\u00e9m e do Par\u00e1. Muitas e muitas novidades. Negritar &#8211; A produtora paraense Negritar Produ\u00e7\u00f5es, que tem \u00e0 frente a jornalista e cineasta Joyce Cursino, foi selecionada na primeira edi\u00e7\u00e3o do edital \u2018Entra na Roda\u2019, iniciativa da cantora Iza. Cerca de 4 mil empreendimentos pleitearam essa oportunidade, [&hellip;]\" \/>\n<meta property=\"og:url\" content=\"https:\/\/dedemesquita.com.br\/?p=5793\" \/>\n<meta property=\"og:site_name\" content=\"Ded\u00e9 Mesquita\" \/>\n<meta property=\"article:publisher\" content=\"https:\/\/www.facebook.com\/dede.mesquita\" \/>\n<meta property=\"article:published_time\" content=\"2023-02-07T19:46:15+00:00\" \/>\n<meta property=\"article:modified_time\" content=\"2023-02-07T19:46:35+00:00\" \/>\n<meta property=\"og:image\" content=\"https:\/\/dedemesquita.com.br\/wp-content\/uploads\/2023\/02\/JOYCE_CURSINO.jpg\" \/>\n\t<meta property=\"og:image:width\" content=\"950\" \/>\n\t<meta property=\"og:image:height\" content=\"815\" \/>\n\t<meta property=\"og:image:type\" content=\"image\/jpeg\" \/>\n<meta name=\"author\" content=\"Ded\u00e9 Mesquita\" \/>\n<meta name=\"twitter:card\" content=\"summary_large_image\" \/>\n<meta name=\"twitter:creator\" content=\"@dedemesquita\" \/>\n<meta name=\"twitter:site\" content=\"@dedemesquita\" \/>\n<meta name=\"twitter:label1\" content=\"Escrito por\" \/>\n\t<meta name=\"twitter:data1\" content=\"Ded\u00e9 Mesquita\" \/>\n\t<meta name=\"twitter:label2\" content=\"Est. tempo de leitura\" \/>\n\t<meta name=\"twitter:data2\" content=\"5 minutos\" \/>\n<script type=\"application\/ld+json\" class=\"yoast-schema-graph\">{\"@context\":\"https:\/\/schema.org\",\"@graph\":[{\"@type\":\"WebPage\",\"@id\":\"https:\/\/dedemesquita.com.br\/?p=5793\",\"url\":\"https:\/\/dedemesquita.com.br\/?p=5793\",\"name\":\"Produtora liderada pela jornalista Joyce Cursino \u00e9 contemplada em projeto da cantora Iza e outras news - Ded\u00e9 Mesquita\",\"isPartOf\":{\"@id\":\"https:\/\/dedemesquita.com.br\/#website\"},\"datePublished\":\"2023-02-07T19:46:15+00:00\",\"dateModified\":\"2023-02-07T19:46:35+00:00\",\"author\":{\"@id\":\"https:\/\/dedemesquita.com.br\/#\/schema\/person\/36571f81dd2d76dc3ab37231542c9e24\"},\"breadcrumb\":{\"@id\":\"https:\/\/dedemesquita.com.br\/?p=5793#breadcrumb\"},\"inLanguage\":\"pt-BR\",\"potentialAction\":[{\"@type\":\"ReadAction\",\"target\":[\"https:\/\/dedemesquita.com.br\/?p=5793\"]}]},{\"@type\":\"BreadcrumbList\",\"@id\":\"https:\/\/dedemesquita.com.br\/?p=5793#breadcrumb\",\"itemListElement\":[{\"@type\":\"ListItem\",\"position\":1,\"name\":\"In\u00edcio\",\"item\":\"https:\/\/dedemesquita.com.br\/\"},{\"@type\":\"ListItem\",\"position\":2,\"name\":\"Produtora liderada pela jornalista Joyce Cursino \u00e9 contemplada em projeto da cantora Iza e outras news\"}]},{\"@type\":\"WebSite\",\"@id\":\"https:\/\/dedemesquita.com.br\/#website\",\"url\":\"https:\/\/dedemesquita.com.br\/\",\"name\":\"Ded\u00e9 Mesquita\",\"description\":\"Um site que mostra os bastidores da imprensa no estado do Par\u00e1 e em Bel\u00e9m\",\"potentialAction\":[{\"@type\":\"SearchAction\",\"target\":{\"@type\":\"EntryPoint\",\"urlTemplate\":\"https:\/\/dedemesquita.com.br\/?s={search_term_string}\"},\"query-input\":\"required name=search_term_string\"}],\"inLanguage\":\"pt-BR\"},{\"@type\":\"Person\",\"@id\":\"https:\/\/dedemesquita.com.br\/#\/schema\/person\/36571f81dd2d76dc3ab37231542c9e24\",\"name\":\"Ded\u00e9 Mesquita\",\"image\":{\"@type\":\"ImageObject\",\"inLanguage\":\"pt-BR\",\"@id\":\"https:\/\/dedemesquita.com.br\/#\/schema\/person\/image\/\",\"url\":\"https:\/\/dedemesquita.com.br\/wp-content\/uploads\/2021\/02\/foto_perfil-150x150.jpg\",\"contentUrl\":\"https:\/\/dedemesquita.com.br\/wp-content\/uploads\/2021\/02\/foto_perfil-150x150.jpg\",\"caption\":\"Ded\u00e9 Mesquita\"},\"sameAs\":[\"https:\/\/dedemesquita.com.br\"]}]}<\/script>\n<!-- \/ Yoast SEO plugin. -->","yoast_head_json":{"title":"Produtora liderada pela jornalista Joyce Cursino \u00e9 contemplada em projeto da cantora Iza e outras news - Ded\u00e9 Mesquita","robots":{"index":"index","follow":"follow","max-snippet":"max-snippet:-1","max-image-preview":"max-image-preview:large","max-video-preview":"max-video-preview:-1"},"canonical":"https:\/\/dedemesquita.com.br\/?p=5793","og_locale":"pt_BR","og_type":"article","og_title":"Produtora liderada pela jornalista Joyce Cursino \u00e9 contemplada em projeto da cantora Iza e outras news - Ded\u00e9 Mesquita","og_description":"Ter\u00e7a-feira e suas atualiza\u00e7\u00f5es sobre a imprensa de Bel\u00e9m e do Par\u00e1. Muitas e muitas novidades. Negritar &#8211; A produtora paraense Negritar Produ\u00e7\u00f5es, que tem \u00e0 frente a jornalista e cineasta Joyce Cursino, foi selecionada na primeira edi\u00e7\u00e3o do edital \u2018Entra na Roda\u2019, iniciativa da cantora Iza. Cerca de 4 mil empreendimentos pleitearam essa oportunidade, [&hellip;]","og_url":"https:\/\/dedemesquita.com.br\/?p=5793","og_site_name":"Ded\u00e9 Mesquita","article_publisher":"https:\/\/www.facebook.com\/dede.mesquita","article_published_time":"2023-02-07T19:46:15+00:00","article_modified_time":"2023-02-07T19:46:35+00:00","og_image":[{"width":950,"height":815,"url":"https:\/\/dedemesquita.com.br\/wp-content\/uploads\/2023\/02\/JOYCE_CURSINO.jpg","type":"image\/jpeg"}],"author":"Ded\u00e9 Mesquita","twitter_card":"summary_large_image","twitter_creator":"@dedemesquita","twitter_site":"@dedemesquita","twitter_misc":{"Escrito por":"Ded\u00e9 Mesquita","Est. tempo de leitura":"5 minutos"},"schema":{"@context":"https:\/\/schema.org","@graph":[{"@type":"WebPage","@id":"https:\/\/dedemesquita.com.br\/?p=5793","url":"https:\/\/dedemesquita.com.br\/?p=5793","name":"Produtora liderada pela jornalista Joyce Cursino \u00e9 contemplada em projeto da cantora Iza e outras news - Ded\u00e9 Mesquita","isPartOf":{"@id":"https:\/\/dedemesquita.com.br\/#website"},"datePublished":"2023-02-07T19:46:15+00:00","dateModified":"2023-02-07T19:46:35+00:00","author":{"@id":"https:\/\/dedemesquita.com.br\/#\/schema\/person\/36571f81dd2d76dc3ab37231542c9e24"},"breadcrumb":{"@id":"https:\/\/dedemesquita.com.br\/?p=5793#breadcrumb"},"inLanguage":"pt-BR","potentialAction":[{"@type":"ReadAction","target":["https:\/\/dedemesquita.com.br\/?p=5793"]}]},{"@type":"BreadcrumbList","@id":"https:\/\/dedemesquita.com.br\/?p=5793#breadcrumb","itemListElement":[{"@type":"ListItem","position":1,"name":"In\u00edcio","item":"https:\/\/dedemesquita.com.br\/"},{"@type":"ListItem","position":2,"name":"Produtora liderada pela jornalista Joyce Cursino \u00e9 contemplada em projeto da cantora Iza e outras news"}]},{"@type":"WebSite","@id":"https:\/\/dedemesquita.com.br\/#website","url":"https:\/\/dedemesquita.com.br\/","name":"Ded\u00e9 Mesquita","description":"Um site que mostra os bastidores da imprensa no estado do Par\u00e1 e em Bel\u00e9m","potentialAction":[{"@type":"SearchAction","target":{"@type":"EntryPoint","urlTemplate":"https:\/\/dedemesquita.com.br\/?s={search_term_string}"},"query-input":"required name=search_term_string"}],"inLanguage":"pt-BR"},{"@type":"Person","@id":"https:\/\/dedemesquita.com.br\/#\/schema\/person\/36571f81dd2d76dc3ab37231542c9e24","name":"Ded\u00e9 Mesquita","image":{"@type":"ImageObject","inLanguage":"pt-BR","@id":"https:\/\/dedemesquita.com.br\/#\/schema\/person\/image\/","url":"https:\/\/dedemesquita.com.br\/wp-content\/uploads\/2021\/02\/foto_perfil-150x150.jpg","contentUrl":"https:\/\/dedemesquita.com.br\/wp-content\/uploads\/2021\/02\/foto_perfil-150x150.jpg","caption":"Ded\u00e9 Mesquita"},"sameAs":["https:\/\/dedemesquita.com.br"]}]}},"_links":{"self":[{"href":"https:\/\/dedemesquita.com.br\/index.php?rest_route=\/wp\/v2\/posts\/5793"}],"collection":[{"href":"https:\/\/dedemesquita.com.br\/index.php?rest_route=\/wp\/v2\/posts"}],"about":[{"href":"https:\/\/dedemesquita.com.br\/index.php?rest_route=\/wp\/v2\/types\/post"}],"author":[{"embeddable":true,"href":"https:\/\/dedemesquita.com.br\/index.php?rest_route=\/wp\/v2\/users\/2"}],"replies":[{"embeddable":true,"href":"https:\/\/dedemesquita.com.br\/index.php?rest_route=%2Fwp%2Fv2%2Fcomments&post=5793"}],"version-history":[{"count":4,"href":"https:\/\/dedemesquita.com.br\/index.php?rest_route=\/wp\/v2\/posts\/5793\/revisions"}],"predecessor-version":[{"id":5807,"href":"https:\/\/dedemesquita.com.br\/index.php?rest_route=\/wp\/v2\/posts\/5793\/revisions\/5807"}],"wp:featuredmedia":[{"embeddable":true,"href":"https:\/\/dedemesquita.com.br\/index.php?rest_route=\/wp\/v2\/media\/5796"}],"wp:attachment":[{"href":"https:\/\/dedemesquita.com.br\/index.php?rest_route=%2Fwp%2Fv2%2Fmedia&parent=5793"}],"wp:term":[{"taxonomy":"category","embeddable":true,"href":"https:\/\/dedemesquita.com.br\/index.php?rest_route=%2Fwp%2Fv2%2Fcategories&post=5793"},{"taxonomy":"post_tag","embeddable":true,"href":"https:\/\/dedemesquita.com.br\/index.php?rest_route=%2Fwp%2Fv2%2Ftags&post=5793"}],"curies":[{"name":"wp","href":"https:\/\/api.w.org\/{rel}","templated":true}]}}