{"id":5774,"date":"2023-01-31T09:42:06","date_gmt":"2023-01-31T12:42:06","guid":{"rendered":"https:\/\/dedemesquita.com.br\/?p=5774"},"modified":"2023-01-31T09:55:09","modified_gmt":"2023-01-31T12:55:09","slug":"jornalismo-paraense-perde-ivan-cardoso-e-pierre-beltrand-mas-as-noticias-continuam","status":"publish","type":"post","link":"https:\/\/dedemesquita.com.br\/?p=5774","title":{"rendered":"Jornalismo paraense perde Ivan Cardoso e Pierre Beltrand, mas as not\u00edcias continuam"},"content":{"rendered":"\n<p>Estamos passando por momentos de muitas perdas de colegas de profiss\u00e3o. \u00c9 com muito pesar que preciso vir aqui no site e informar sobre a partida de amigos profissionais da imprensa, alguns deles, muitos jovens. Perdemos h\u00e1 poucas semanas Mayron Gouvea e Afonso Gallindo. <\/p>\n\n\n\n<p>E, em menos, de sete dias, perdemos Pierre Beltrand, e, na tarde de segunda-feira, 30, morreu o fotojornalista Ivan Cardoso, aos 49 anos, deixando tr\u00eas filhos. <\/p>\n\n\n\n<p><strong>Ivan &#8211;<\/strong> <strong>Ivan Cardoso<\/strong>, que foi fot\u00f3grafo da <strong>Secom-PA<\/strong>, na \u00e9poca do governo de Ana J\u00falia Carepa, e no jornal <strong>A Voz de Nazar\u00e9<\/strong>, era daquelas pessoas cuja marca era a alegria e o bom humor. Por onde ele passava, era sempre sin\u00f4nimo de boas risadas e companheirismo. A descoberta, talvez tardia de um c\u00e2ncer, levou Ivan de todos n\u00f3s. E com ele se foi um pouco da nossa alegria tamb\u00e9m.<\/p>\n\n\n<div class=\"wp-block-image\">\n<figure class=\"aligncenter size-full\"><img loading=\"lazy\" decoding=\"async\" width=\"594\" height=\"723\" src=\"https:\/\/dedemesquita.com.br\/wp-content\/uploads\/2023\/01\/ivan3.jpeg\" alt=\"\" class=\"wp-image-5786\"\/><figcaption class=\"wp-element-caption\">Ivan em outubro de 2022, no dia da apresenta\u00e7\u00e3o do manto de Nossa Senhora de Nazar\u00e9 (foto de Oswaldo Forte)<\/figcaption><\/figure><\/div>\n\n\n<p>Em novembro de 2021, come\u00e7amos essa campanha para ajud\u00e1-lo: <a href=\"https:\/\/dedemesquita.com.br\/?p=2765\"><strong>Fot\u00f3grafo Ivan Cardoso precisa de nossa solidariedade<\/strong><\/a><\/p>\n\n\n<div class=\"wp-block-image\">\n<figure class=\"aligncenter size-full\"><img loading=\"lazy\" decoding=\"async\" width=\"800\" height=\"598\" src=\"https:\/\/dedemesquita.com.br\/wp-content\/uploads\/2023\/01\/ivan2.jpeg\" alt=\"\" class=\"wp-image-5787\" srcset=\"https:\/\/dedemesquita.com.br\/wp-content\/uploads\/2023\/01\/ivan2.jpeg 800w, https:\/\/dedemesquita.com.br\/wp-content\/uploads\/2023\/01\/ivan2-768x574.jpeg 768w\" sizes=\"(max-width: 800px) 100vw, 800px\" \/><figcaption class=\"wp-element-caption\">Ivan, \u00e0 direita, de camisa amarela, na \u00faltima confra dos fot\u00f3grafos em novembro do ano passado <\/figcaption><\/figure><\/div>\n\n\n<p><strong>Pierre &#8211; <\/strong>Na quarta-feira, 25, o jornalismo no estado do Par\u00e1 perdeu bastante do seu charme e glamour, como a morte de <strong>Pierre Beltrand<\/strong>, aos 93 anos e 75 de colunismo social. O advogado paraense Ubiratan de Aguiar optou pelo pseud\u00f4nimo Pierre Beltrand para se proteger das repercuss\u00f5es das notas pol\u00eamicas que publicava. Depois de ter passado pelo jornal O Liberal, TV Liberal, nos \u00faltimos anos, assinava o caderno Grand Monde, do jornal <strong>Amaz\u00f4nia<\/strong>.<\/p>\n\n\n<div class=\"wp-block-image\">\n<figure class=\"aligncenter size-full\"><img loading=\"lazy\" decoding=\"async\" width=\"735\" height=\"513\" src=\"https:\/\/dedemesquita.com.br\/wp-content\/uploads\/2023\/01\/PIERRE_BELTRAND.png\" alt=\"\" class=\"wp-image-5779\"\/><figcaption class=\"wp-element-caption\">Pierre Beltrand leva com ele o charme elegante do colunismo social em Bel\u00e9m <\/figcaption><\/figure><\/div>\n\n\n<p><strong>Mudan\u00e7as nas reda\u00e7\u00f5es e outras novidades &#8211; <\/strong>E como tudo na vida, sigamos sempre em frente e mostramos aqui algumas mudan\u00e7as na reda\u00e7\u00f5es<\/p>\n\n\n\n<p><strong>Flexa &#8211;<\/strong> O jornalista <strong>Evandro Flexa Jr.<\/strong>, depois de 14 anos, deixou o jornal <strong>O Liberal<\/strong>. Em um v\u00eddeo publicado no perfil dele no Instagram, Flexa se despediu do grupo, dizendo que segue com a ag\u00eancia dele, a <strong>Levant Ideias<\/strong>, e que ir\u00e1 tocar assuntos pessoais com a fam\u00edlia.<\/p>\n\n\n<div class=\"wp-block-image\">\n<figure class=\"aligncenter size-full\"><img loading=\"lazy\" decoding=\"async\" width=\"551\" height=\"380\" src=\"https:\/\/dedemesquita.com.br\/wp-content\/uploads\/2023\/01\/EVANDRO_FLEXA.png\" alt=\"\" class=\"wp-image-5780\"\/><figcaption class=\"wp-element-caption\">Evandro vai se ocupar da ag\u00eancia dele, a Levant Ideias <\/figcaption><\/figure><\/div>\n\n\n<p><strong>Dominik &#8211;<\/strong> <strong>Dominik Giusti<\/strong> deixou Bel\u00e9m em dire\u00e7\u00e3o \u00e0 Bras\u00edlia. Ela come\u00e7ou no in\u00edcio de janeiro um novo cargo de assessora de <em>advocacy <\/em>e comunica\u00e7\u00e3o no <strong>Instituto Sociedade, Popula\u00e7\u00e3o e Natureza &#8211; ISPN<\/strong>.<\/p>\n\n\n<div class=\"wp-block-image\">\n<figure class=\"aligncenter size-full\"><img loading=\"lazy\" decoding=\"async\" width=\"700\" height=\"662\" src=\"https:\/\/dedemesquita.com.br\/wp-content\/uploads\/2023\/01\/DOMINIK.jpg\" alt=\"\" class=\"wp-image-5781\"\/><figcaption class=\"wp-element-caption\">Dominik est\u00e1 em Bras\u00edlia <\/figcaption><\/figure><\/div>\n\n\n<p><strong>Karina &#8211;<\/strong> A jornalista <strong>Karina Tavares, ex-SEEL,<\/strong> est\u00e1 de volta \u00e0 \u00e1rea da comunica\u00e7\u00e3o e assumiu, junto com <strong>Rebeca Rocha<\/strong>, a assessoria de comunica\u00e7\u00e3o do <strong>hospital Beneficente Portuguesa de Bel\u00e9m<\/strong>.<\/p>\n\n\n<div class=\"wp-block-image\">\n<figure class=\"aligncenter size-full\"><img loading=\"lazy\" decoding=\"async\" width=\"640\" height=\"640\" src=\"https:\/\/dedemesquita.com.br\/wp-content\/uploads\/2023\/01\/KARINA_TAVARES.jpg\" alt=\"\" class=\"wp-image-5782\" srcset=\"https:\/\/dedemesquita.com.br\/wp-content\/uploads\/2023\/01\/KARINA_TAVARES.jpg 640w, https:\/\/dedemesquita.com.br\/wp-content\/uploads\/2023\/01\/KARINA_TAVARES-150x150.jpg 150w\" sizes=\"(max-width: 640px) 100vw, 640px\" \/><figcaption class=\"wp-element-caption\">Karina est\u00e1 de volta \u00e0 comunica\u00e7\u00e3o corporativa <\/figcaption><\/figure><\/div>\n\n\n<p><strong>Tylla &#8211;<\/strong> <strong>Tylla Lima<\/strong> deixou a Secretaria de Comunica\u00e7\u00e3o do Par\u00e1 &#8211; Secom, na qual apresentava o programa Minuto Por Todo o Par\u00e1. <\/p>\n\n\n<div class=\"wp-block-image\">\n<figure class=\"aligncenter size-full\"><img loading=\"lazy\" decoding=\"async\" width=\"551\" height=\"343\" src=\"https:\/\/dedemesquita.com.br\/wp-content\/uploads\/2023\/01\/TYLLA_LIMA.png\" alt=\"\" class=\"wp-image-5784\"\/><figcaption class=\"wp-element-caption\">Tylla disse adeus \u00e0 Secom <\/figcaption><\/figure><\/div>\n\n\n<p><strong>Gibson &#8211;<\/strong> O <strong>Gibson Oliveira<\/strong>, designer e <em>videomaker<\/em>, depois da Comus\/ Ag\u00eancia Bel\u00e9m e Levant Ideias, est\u00e1 na assessoria do <strong>Tribunal Regional do Trabalho da 8\u00aa Regi\u00e3o<\/strong>.<\/p>\n\n\n<div class=\"wp-block-image\">\n<figure class=\"aligncenter size-full\"><img loading=\"lazy\" decoding=\"async\" width=\"435\" height=\"439\" src=\"https:\/\/dedemesquita.com.br\/wp-content\/uploads\/2023\/01\/GIBSON_OLIVEIRA.png\" alt=\"\" class=\"wp-image-5783\" srcset=\"https:\/\/dedemesquita.com.br\/wp-content\/uploads\/2023\/01\/GIBSON_OLIVEIRA.png 435w, https:\/\/dedemesquita.com.br\/wp-content\/uploads\/2023\/01\/GIBSON_OLIVEIRA-150x150.png 150w\" sizes=\"(max-width: 435px) 100vw, 435px\" \/><figcaption class=\"wp-element-caption\">Gibson Oliveira est\u00e1 na comunica\u00e7\u00e3o do TRT <\/figcaption><\/figure><\/div>\n\n\n<p><strong>Mestra &#8211;<\/strong> A jornalista paraense <strong>Kamilla Vulc\u00e3o<\/strong>, que mora em Niter\u00f3i &#8211; RJ, se tornou <strong>mestr<\/strong>a em ci\u00eancias no programa de Sa\u00fade P\u00fablica da Universidade de S\u00e3o Paulo. A defesa foi em novembro do ano passado e o diploma acabou de chegar. Kamilla trabalhou no jornal Di\u00e1rio do Par\u00e1.<\/p>\n\n\n<div class=\"wp-block-image\">\n<figure class=\"aligncenter size-full\"><img loading=\"lazy\" decoding=\"async\" width=\"400\" height=\"400\" src=\"https:\/\/dedemesquita.com.br\/wp-content\/uploads\/2023\/01\/kamilla2.jpg\" alt=\"\" class=\"wp-image-5790\" srcset=\"https:\/\/dedemesquita.com.br\/wp-content\/uploads\/2023\/01\/kamilla2.jpg 400w, https:\/\/dedemesquita.com.br\/wp-content\/uploads\/2023\/01\/kamilla2-150x150.jpg 150w\" sizes=\"(max-width: 400px) 100vw, 400px\" \/><figcaption class=\"wp-element-caption\">Kamilla Vulc\u00e3o \u00e9 mestra<\/figcaption><\/figure><\/div>\n\n\n<p><strong>Global &#8211;<\/strong> O jornalista paraense <strong>Adriano Baracho<\/strong>, que trabalhou na TV liberal, mas atualmente est\u00e1 na <strong>TV Tem<\/strong>, estava de f\u00e9rias no Rio de Janeiro, e foi na reda\u00e7\u00e3o de jornalismo da TV Globo RJ acompanhar a edi\u00e7\u00e3o do <strong>Jornal Nacional.<\/strong><\/p>\n\n\n<div class=\"wp-block-image\">\n<figure class=\"aligncenter size-full\"><img loading=\"lazy\" decoding=\"async\" width=\"800\" height=\"434\" src=\"https:\/\/dedemesquita.com.br\/wp-content\/uploads\/2023\/01\/324490124_1268788360678827_9025756220054902647_n.jpg\" alt=\"\" class=\"wp-image-5777\" srcset=\"https:\/\/dedemesquita.com.br\/wp-content\/uploads\/2023\/01\/324490124_1268788360678827_9025756220054902647_n.jpg 800w, https:\/\/dedemesquita.com.br\/wp-content\/uploads\/2023\/01\/324490124_1268788360678827_9025756220054902647_n-768x417.jpg 768w\" sizes=\"(max-width: 800px) 100vw, 800px\" \/><figcaption class=\"wp-element-caption\">Baracho com os apresentadores do JN Renata Vasconcelos e William Bonner <\/figcaption><\/figure><\/div>","protected":false},"excerpt":{"rendered":"<p>Estamos passando por momentos de muitas perdas de colegas de profiss\u00e3o. \u00c9 com muito pesar que preciso vir aqui no site e informar sobre a partida de amigos profissionais da imprensa, alguns deles, muitos jovens. Perdemos h\u00e1 poucas semanas Mayron Gouvea e Afonso Gallindo. E, em menos, de sete dias, perdemos Pierre Beltrand, e, na [&hellip;]<\/p>\n","protected":false},"author":2,"featured_media":5778,"comment_status":"open","ping_status":"open","sticky":false,"template":"","format":"standard","meta":{"footnotes":""},"categories":[51,14,29],"tags":[136,243,119,120,144,150,172],"class_list":["post-5774","post","type-post","status-publish","format-standard","has-post-thumbnail","hentry","category-destaque","category-imprensa","category-jornalismo","tag-comus-agencia-belem","tag-jornal-amazonia","tag-jornalismo","tag-jornalistas-paraenses-em-acao","tag-o-liberal","tag-secom-pa","tag-trt"],"yoast_head":"<!-- This site is optimized with the Yoast SEO plugin v19.10 - https:\/\/yoast.com\/wordpress\/plugins\/seo\/ -->\n<title>Jornalismo paraense perde Ivan Cardoso e Pierre Beltrand, mas as not\u00edcias continuam - Ded\u00e9 Mesquita<\/title>\n<meta name=\"robots\" content=\"index, follow, max-snippet:-1, max-image-preview:large, max-video-preview:-1\" \/>\n<link rel=\"canonical\" href=\"https:\/\/dedemesquita.com.br\/?p=5774\" \/>\n<meta property=\"og:locale\" content=\"pt_BR\" \/>\n<meta property=\"og:type\" content=\"article\" \/>\n<meta property=\"og:title\" content=\"Jornalismo paraense perde Ivan Cardoso e Pierre Beltrand, mas as not\u00edcias continuam - Ded\u00e9 Mesquita\" \/>\n<meta property=\"og:description\" content=\"Estamos passando por momentos de muitas perdas de colegas de profiss\u00e3o. \u00c9 com muito pesar que preciso vir aqui no site e informar sobre a partida de amigos profissionais da imprensa, alguns deles, muitos jovens. Perdemos h\u00e1 poucas semanas Mayron Gouvea e Afonso Gallindo. E, em menos, de sete dias, perdemos Pierre Beltrand, e, na [&hellip;]\" \/>\n<meta property=\"og:url\" content=\"https:\/\/dedemesquita.com.br\/?p=5774\" \/>\n<meta property=\"og:site_name\" content=\"Ded\u00e9 Mesquita\" \/>\n<meta property=\"article:publisher\" content=\"https:\/\/www.facebook.com\/dede.mesquita\" \/>\n<meta property=\"article:published_time\" content=\"2023-01-31T12:42:06+00:00\" \/>\n<meta property=\"article:modified_time\" content=\"2023-01-31T12:55:09+00:00\" \/>\n<meta property=\"og:image\" content=\"https:\/\/dedemesquita.com.br\/wp-content\/uploads\/2023\/01\/ivan.jpg\" \/>\n\t<meta property=\"og:image:width\" content=\"700\" \/>\n\t<meta property=\"og:image:height\" content=\"504\" \/>\n\t<meta property=\"og:image:type\" content=\"image\/jpeg\" \/>\n<meta name=\"author\" content=\"Ded\u00e9 Mesquita\" \/>\n<meta name=\"twitter:card\" content=\"summary_large_image\" \/>\n<meta name=\"twitter:creator\" content=\"@dedemesquita\" \/>\n<meta name=\"twitter:site\" content=\"@dedemesquita\" \/>\n<meta name=\"twitter:label1\" content=\"Escrito por\" \/>\n\t<meta name=\"twitter:data1\" content=\"Ded\u00e9 Mesquita\" \/>\n\t<meta name=\"twitter:label2\" content=\"Est. tempo de leitura\" \/>\n\t<meta name=\"twitter:data2\" content=\"6 minutos\" \/>\n<script type=\"application\/ld+json\" class=\"yoast-schema-graph\">{\"@context\":\"https:\/\/schema.org\",\"@graph\":[{\"@type\":\"WebPage\",\"@id\":\"https:\/\/dedemesquita.com.br\/?p=5774\",\"url\":\"https:\/\/dedemesquita.com.br\/?p=5774\",\"name\":\"Jornalismo paraense perde Ivan Cardoso e Pierre Beltrand, mas as not\u00edcias continuam - Ded\u00e9 Mesquita\",\"isPartOf\":{\"@id\":\"https:\/\/dedemesquita.com.br\/#website\"},\"datePublished\":\"2023-01-31T12:42:06+00:00\",\"dateModified\":\"2023-01-31T12:55:09+00:00\",\"author\":{\"@id\":\"https:\/\/dedemesquita.com.br\/#\/schema\/person\/36571f81dd2d76dc3ab37231542c9e24\"},\"breadcrumb\":{\"@id\":\"https:\/\/dedemesquita.com.br\/?p=5774#breadcrumb\"},\"inLanguage\":\"pt-BR\",\"potentialAction\":[{\"@type\":\"ReadAction\",\"target\":[\"https:\/\/dedemesquita.com.br\/?p=5774\"]}]},{\"@type\":\"BreadcrumbList\",\"@id\":\"https:\/\/dedemesquita.com.br\/?p=5774#breadcrumb\",\"itemListElement\":[{\"@type\":\"ListItem\",\"position\":1,\"name\":\"In\u00edcio\",\"item\":\"https:\/\/dedemesquita.com.br\/\"},{\"@type\":\"ListItem\",\"position\":2,\"name\":\"Jornalismo paraense perde Ivan Cardoso e Pierre Beltrand, mas as not\u00edcias continuam\"}]},{\"@type\":\"WebSite\",\"@id\":\"https:\/\/dedemesquita.com.br\/#website\",\"url\":\"https:\/\/dedemesquita.com.br\/\",\"name\":\"Ded\u00e9 Mesquita\",\"description\":\"Um site que mostra os bastidores da imprensa no estado do Par\u00e1 e em Bel\u00e9m\",\"potentialAction\":[{\"@type\":\"SearchAction\",\"target\":{\"@type\":\"EntryPoint\",\"urlTemplate\":\"https:\/\/dedemesquita.com.br\/?s={search_term_string}\"},\"query-input\":\"required name=search_term_string\"}],\"inLanguage\":\"pt-BR\"},{\"@type\":\"Person\",\"@id\":\"https:\/\/dedemesquita.com.br\/#\/schema\/person\/36571f81dd2d76dc3ab37231542c9e24\",\"name\":\"Ded\u00e9 Mesquita\",\"image\":{\"@type\":\"ImageObject\",\"inLanguage\":\"pt-BR\",\"@id\":\"https:\/\/dedemesquita.com.br\/#\/schema\/person\/image\/\",\"url\":\"https:\/\/dedemesquita.com.br\/wp-content\/uploads\/2021\/02\/foto_perfil-150x150.jpg\",\"contentUrl\":\"https:\/\/dedemesquita.com.br\/wp-content\/uploads\/2021\/02\/foto_perfil-150x150.jpg\",\"caption\":\"Ded\u00e9 Mesquita\"},\"sameAs\":[\"https:\/\/dedemesquita.com.br\"]}]}<\/script>\n<!-- \/ Yoast SEO plugin. -->","yoast_head_json":{"title":"Jornalismo paraense perde Ivan Cardoso e Pierre Beltrand, mas as not\u00edcias continuam - Ded\u00e9 Mesquita","robots":{"index":"index","follow":"follow","max-snippet":"max-snippet:-1","max-image-preview":"max-image-preview:large","max-video-preview":"max-video-preview:-1"},"canonical":"https:\/\/dedemesquita.com.br\/?p=5774","og_locale":"pt_BR","og_type":"article","og_title":"Jornalismo paraense perde Ivan Cardoso e Pierre Beltrand, mas as not\u00edcias continuam - Ded\u00e9 Mesquita","og_description":"Estamos passando por momentos de muitas perdas de colegas de profiss\u00e3o. \u00c9 com muito pesar que preciso vir aqui no site e informar sobre a partida de amigos profissionais da imprensa, alguns deles, muitos jovens. Perdemos h\u00e1 poucas semanas Mayron Gouvea e Afonso Gallindo. E, em menos, de sete dias, perdemos Pierre Beltrand, e, na [&hellip;]","og_url":"https:\/\/dedemesquita.com.br\/?p=5774","og_site_name":"Ded\u00e9 Mesquita","article_publisher":"https:\/\/www.facebook.com\/dede.mesquita","article_published_time":"2023-01-31T12:42:06+00:00","article_modified_time":"2023-01-31T12:55:09+00:00","og_image":[{"width":700,"height":504,"url":"https:\/\/dedemesquita.com.br\/wp-content\/uploads\/2023\/01\/ivan.jpg","type":"image\/jpeg"}],"author":"Ded\u00e9 Mesquita","twitter_card":"summary_large_image","twitter_creator":"@dedemesquita","twitter_site":"@dedemesquita","twitter_misc":{"Escrito por":"Ded\u00e9 Mesquita","Est. tempo de leitura":"6 minutos"},"schema":{"@context":"https:\/\/schema.org","@graph":[{"@type":"WebPage","@id":"https:\/\/dedemesquita.com.br\/?p=5774","url":"https:\/\/dedemesquita.com.br\/?p=5774","name":"Jornalismo paraense perde Ivan Cardoso e Pierre Beltrand, mas as not\u00edcias continuam - Ded\u00e9 Mesquita","isPartOf":{"@id":"https:\/\/dedemesquita.com.br\/#website"},"datePublished":"2023-01-31T12:42:06+00:00","dateModified":"2023-01-31T12:55:09+00:00","author":{"@id":"https:\/\/dedemesquita.com.br\/#\/schema\/person\/36571f81dd2d76dc3ab37231542c9e24"},"breadcrumb":{"@id":"https:\/\/dedemesquita.com.br\/?p=5774#breadcrumb"},"inLanguage":"pt-BR","potentialAction":[{"@type":"ReadAction","target":["https:\/\/dedemesquita.com.br\/?p=5774"]}]},{"@type":"BreadcrumbList","@id":"https:\/\/dedemesquita.com.br\/?p=5774#breadcrumb","itemListElement":[{"@type":"ListItem","position":1,"name":"In\u00edcio","item":"https:\/\/dedemesquita.com.br\/"},{"@type":"ListItem","position":2,"name":"Jornalismo paraense perde Ivan Cardoso e Pierre Beltrand, mas as not\u00edcias continuam"}]},{"@type":"WebSite","@id":"https:\/\/dedemesquita.com.br\/#website","url":"https:\/\/dedemesquita.com.br\/","name":"Ded\u00e9 Mesquita","description":"Um site que mostra os bastidores da imprensa no estado do Par\u00e1 e em Bel\u00e9m","potentialAction":[{"@type":"SearchAction","target":{"@type":"EntryPoint","urlTemplate":"https:\/\/dedemesquita.com.br\/?s={search_term_string}"},"query-input":"required name=search_term_string"}],"inLanguage":"pt-BR"},{"@type":"Person","@id":"https:\/\/dedemesquita.com.br\/#\/schema\/person\/36571f81dd2d76dc3ab37231542c9e24","name":"Ded\u00e9 Mesquita","image":{"@type":"ImageObject","inLanguage":"pt-BR","@id":"https:\/\/dedemesquita.com.br\/#\/schema\/person\/image\/","url":"https:\/\/dedemesquita.com.br\/wp-content\/uploads\/2021\/02\/foto_perfil-150x150.jpg","contentUrl":"https:\/\/dedemesquita.com.br\/wp-content\/uploads\/2021\/02\/foto_perfil-150x150.jpg","caption":"Ded\u00e9 Mesquita"},"sameAs":["https:\/\/dedemesquita.com.br"]}]}},"_links":{"self":[{"href":"https:\/\/dedemesquita.com.br\/index.php?rest_route=\/wp\/v2\/posts\/5774"}],"collection":[{"href":"https:\/\/dedemesquita.com.br\/index.php?rest_route=\/wp\/v2\/posts"}],"about":[{"href":"https:\/\/dedemesquita.com.br\/index.php?rest_route=\/wp\/v2\/types\/post"}],"author":[{"embeddable":true,"href":"https:\/\/dedemesquita.com.br\/index.php?rest_route=\/wp\/v2\/users\/2"}],"replies":[{"embeddable":true,"href":"https:\/\/dedemesquita.com.br\/index.php?rest_route=%2Fwp%2Fv2%2Fcomments&post=5774"}],"version-history":[{"count":5,"href":"https:\/\/dedemesquita.com.br\/index.php?rest_route=\/wp\/v2\/posts\/5774\/revisions"}],"predecessor-version":[{"id":5791,"href":"https:\/\/dedemesquita.com.br\/index.php?rest_route=\/wp\/v2\/posts\/5774\/revisions\/5791"}],"wp:featuredmedia":[{"embeddable":true,"href":"https:\/\/dedemesquita.com.br\/index.php?rest_route=\/wp\/v2\/media\/5778"}],"wp:attachment":[{"href":"https:\/\/dedemesquita.com.br\/index.php?rest_route=%2Fwp%2Fv2%2Fmedia&parent=5774"}],"wp:term":[{"taxonomy":"category","embeddable":true,"href":"https:\/\/dedemesquita.com.br\/index.php?rest_route=%2Fwp%2Fv2%2Fcategories&post=5774"},{"taxonomy":"post_tag","embeddable":true,"href":"https:\/\/dedemesquita.com.br\/index.php?rest_route=%2Fwp%2Fv2%2Ftags&post=5774"}],"curies":[{"name":"wp","href":"https:\/\/api.w.org\/{rel}","templated":true}]}}