{"id":5766,"date":"2023-01-27T06:57:34","date_gmt":"2023-01-27T09:57:34","guid":{"rendered":"https:\/\/dedemesquita.com.br\/?p=5766"},"modified":"2023-01-27T07:15:43","modified_gmt":"2023-01-27T10:15:43","slug":"coronel-sirotheau-adepto-a-dossies-acusatorios-promove-perseguicao-acirrada-na-comunicacao-da-seap","status":"publish","type":"post","link":"https:\/\/dedemesquita.com.br\/?p=5766","title":{"rendered":"Coronel Sirotheau, adepto a dossi\u00eas acusat\u00f3rios, promove persegui\u00e7\u00e3o acirrada na comunica\u00e7\u00e3o da SEAP"},"content":{"rendered":"\n<p>A situa\u00e7\u00e3o na assessoria de comunica\u00e7\u00e3o da <strong>Superintend\u00eancia do Sistema Penitenci\u00e1rio do Par\u00e1 &#8211; SEAP <\/strong>continua ca\u00f3tica. Muito ca\u00f3tica. Al\u00e9m de os colegas, profissionais de comunica\u00e7\u00e3o, jornalistas, fot\u00f3grafos, publicit\u00e1rios, estagi\u00e1rios e m\u00eddias sociais daquela assessoria terem que engolir a seco o pastor evang\u00e9lico e ex-presidi\u00e1rio, que n\u00e3o entende absolutamente nada sobre comunica\u00e7\u00e3o institucional, <strong>Valber Luiz Barbosa Duarte<\/strong>, os colegas est\u00e3o passando por uma verdadeira inquisi\u00e7\u00e3o promovida pelo titular da SEAP, <strong>coronel da Pol\u00edcia Militar Marco Ant\u00f4nio Sirotheau.<\/strong><\/p>\n\n\n\n<p><strong>Interrogat\u00f3rio &#8211; <\/strong>Como foi publicado na postagem passada, o famoso coronel Sirotheau est\u00e1 ensandecido atr\u00e1s de descobrir quem teria vazado a ficha criminal do ex-presidi\u00e1rio pastor Valber Duarte. E para isso, j\u00e1 promoveu um interrogat\u00f3rio digno dos \u00e1ureos tempos da ditadura do Golpe de 1964, com direito a sala fechada, com ele<strong> [Sirotheau], o adjunto dele<\/strong> e, a cereja do bolo, <strong>um delegado da Pol\u00edcia Federal<\/strong>, no comando das perguntas inquisit\u00f3rias.<\/p>\n\n\n\n<p>Se algu\u00e9m se lembrou da triste e terr\u00edvel mem\u00f3ria do general Ustra e do seguidor indigitado dele, <em>aquele-que-n\u00e3o-deve-ser-nomeado<\/em>, lembrou bem. &nbsp;<\/p>\n\n\n\n<p>Essa informa\u00e7\u00e3o que chegou de uma fonte do site bate exatamente com outra informa\u00e7\u00e3o que recebi: a de que Sirotheau \u00e9 chegado em um relat\u00f3rio. Tudo para ele \u00e9 \u201crelat\u00f3rio\u201d.<\/p>\n\n\n\n<p>Minha fonte afirma que a especialidade de Sirotheau \u00e9 montar dossi\u00eas contra aqueles que atravessam o caminho dele, \u201cmas sempre direcionado pela conviv\u00eancia dele\u201d.<\/p>\n\n\n\n<p><strong>Explico:<\/strong><\/p>\n\n\n\n<p><strong>Quem \u00e9 Sirotheau &#8211; <\/strong>Esse coronel Sirotheau sempre foi homem de confian\u00e7a do governador Heldissss e todos j\u00e1 sabem. Coronel hoje, mas ele iniciou o governo, em 2019, como major. E foi promovido da noite para o dia devido a uma daquelas a\u00e7\u00f5es na Justi\u00e7a, que nunca teria um acordo com o Estado, se n\u00e3o se tratasse de uma pessoa pr\u00f3xima do governador. E com esta a\u00e7\u00e3o ele levou a reboque mais <strong>SETE oficiais<\/strong> da Pol\u00edcia Militar &#8211; PM ao posto mais alto da institui\u00e7\u00e3o.<\/p>\n\n\n\n<p>Mas n\u00e3o s\u00f3 de a\u00e7\u00f5es na justi\u00e7a Sirotheau se vale. Ele tamb\u00e9m controla, juntamente com o<strong> coronel [famosinho] Costa Jr., chefe da Casa Militar do Governador<\/strong>, todas as promo\u00e7\u00f5es da PM, atualmente.<\/p>\n\n\n\n<p>Quando chega per\u00edodo de promo\u00e7\u00e3o, as peregrina\u00e7\u00f5es come\u00e7am no gabinete dos dois <strong>[Sirotheau e Costa Jr.]<\/strong>. E o crit\u00e9rio de promo\u00e7\u00e3o \u00e9 simples: jurar lealdade ao grupo de Sirotheau e ser ass\u00edduo ao COPM, clube presidido pelo cel. Costa Jr.<\/p>\n\n\n\n<p><strong>Poder &#8211;<\/strong> Sirotheau conseguiu, com apoio de Costa Jr., ver aumentado seu poder em pouco tempo, no governo Heldissss. Ele conseguiu, em uma curta temporada \u00e0 frente da SEAP, inviabilizar o seu antecessor, Jarbas Vasconcelos.<\/p>\n\n\n\n<p>Juntando informa\u00e7\u00f5es sobre a gest\u00e3o de Jarbas e as interpretando \u00e0 sua conveni\u00eancia em um dossi\u00ea que Sirotheau teria despachado com o pr\u00f3prio governador. Essa a\u00e7\u00e3o, resultou na efetiva\u00e7\u00e3o do coronel Sirotheau \u00e0 frente da secret\u00e1ria.<\/p>\n\n\n\n<p>Na SEAP, Sirotheau j\u00e1 tomou conta de todos os espa\u00e7os. Nomeando de imediato alguns dos seus maiores amigos como o atual adjunto<strong> [olha o adjunto aqui]<\/strong>. E agora, ele decidiu mexer at\u00e9 na comunica\u00e7\u00e3o do Governo do Estado, item que sempre foi tratado com exclusividade pela secret\u00e1ria de comunica\u00e7\u00e3o, e mulher forte do governo Heldissss, nossa querida Verinha.<\/p>\n\n\n\n<p>Talvez a origem do poder de Sirotheau esteja relacionada como uma reportagem publicada um tempo atr\u00e1s, sobre uma caminhonete que era guardada na Casa Militar e no Centur [mas isso \u00e9 assunto para uma pr\u00f3xima postagem];<\/p>\n\n\n\n<p><strong>Comunica\u00e7\u00e3o perdida \u2013<\/strong> No meio dessa confus\u00e3o toda, desde segunda-feira, 23, os profissionais da assessoria de comunica\u00e7\u00e3o da SEAP n\u00e3o sabem o que fazer. O pastor Valber n\u00e3o tem ideia do que seja uma pauta. N\u00e3o sabe o que \u00e9 cobertura de imprensa, nem como escalar uma equipe para cobertura das a\u00e7\u00f5es da secretaria. N\u00e3o sabe nem o que \u00e9 nota para jornais, TVs e r\u00e1dio. Em suma, uma toupeira em termo jornal\u00edsticos.<\/p>\n\n\n\n<p>Ali\u00e1s, na cabe\u00e7a de puxa-saco e mui amigo do Sirotheau, pastor Valber, que se gaba dessa amizade, ele imagina que a comunica\u00e7\u00e3o da SEAP serve para alimentar as redes sociais do secret\u00e1rio. E incensar as a\u00e7\u00f5es de Sirotheau e n\u00e3o da SEAP. E j\u00e1 disse essa belezura para o pessoal das m\u00eddias socais. Ali\u00e1s, a p\u00e1gina do coronel no Facebook foi criada no dia 23 de janeiro, agora. Bem sintom\u00e1tico, n\u00e3o \u00e9? <\/p>\n\n\n<div class=\"wp-block-image\">\n<figure class=\"aligncenter size-full\"><img loading=\"lazy\" decoding=\"async\" width=\"517\" height=\"552\" src=\"https:\/\/dedemesquita.com.br\/wp-content\/uploads\/2023\/01\/cor.png\" alt=\"\" class=\"wp-image-5768\"\/><figcaption class=\"wp-element-caption\">P\u00e1gina do &#8220;bonit\u00e3o&#8221;<\/figcaption><\/figure><\/div>\n\n\n<p>Pastor Valber tamb\u00e9m j\u00e1 deixou claro que <strong>passar\u00e1 tranquilamente \u201cpor cima\u201d da Secom-PA<\/strong> e vai publicar, ele\/ assessoria as informa\u00e7\u00f5es da SEAP. <strong>Est\u00e1s vendo, Verinha? Te alui, mulher!<\/strong><\/p>\n\n\n\n<p>O pastor e o coronel est\u00e3o pensando em um nome \u201cde renome\u201d da TV paraense para ser o assessor de comunica\u00e7\u00e3o da SEAP e assim a secretaria ter \u201cmais alcance\u201d. Meus colegas, voc\u00eas conhecem o termo \u201cgerente de comunica\u00e7\u00e3o\u201d que \u00e9 quem faz a coisa funcionar mesmo?<\/p>\n\n\n\n<p><strong>Evaldo &#8211;<\/strong> E por fim, e n\u00e3o menos complicado, o pastor Valber despachou, sem a menor cerim\u00f4nia, o <strong>jornalista Evaldo J\u00fanior<\/strong>, que Verinha havia mandado para substituir Elck Oliveira. Aqui cabe uma observa\u00e7\u00e3o: mas, meu colega Evaldo, tu n\u00e3o paras, homem! E que moral com a Verinha, hein? J\u00e1 sa\u00edste da comunica\u00e7\u00e3o da Seduc, rap\u00e1? Ficaste esgotado, de novo? <\/p>\n\n\n\n<p><strong>Vamos rememorar:<\/strong> Evaldo era produtor da TV Liberal, deixou emissora em dezembro de 2020, foi para a Secom\/Ag\u00eancia Par\u00e1, assumindo assessoria de comunica\u00e7\u00e3o da Pol\u00edcia Civil, no lugar do Walrimar Santos. Mas logo, ele ficou esgotado com a alt\u00edssima demanda da PC e foi para a Seduc, mas j\u00e1 saiu de l\u00e1, onde a demanda tamb\u00e9m n\u00e3o \u00e9 para iniciantes. Olha, que rotatividade!!<\/p>\n","protected":false},"excerpt":{"rendered":"<p>A situa\u00e7\u00e3o na assessoria de comunica\u00e7\u00e3o da Superintend\u00eancia do Sistema Penitenci\u00e1rio do Par\u00e1 &#8211; SEAP continua ca\u00f3tica. Muito ca\u00f3tica. Al\u00e9m de os colegas, profissionais de comunica\u00e7\u00e3o, jornalistas, fot\u00f3grafos, publicit\u00e1rios, estagi\u00e1rios e m\u00eddias sociais daquela assessoria terem que engolir a seco o pastor evang\u00e9lico e ex-presidi\u00e1rio, que n\u00e3o entende absolutamente nada sobre comunica\u00e7\u00e3o institucional, Valber Luiz [&hellip;]<\/p>\n","protected":false},"author":2,"featured_media":5769,"comment_status":"open","ping_status":"open","sticky":false,"template":"","format":"standard","meta":{"footnotes":""},"categories":[51,14,29],"tags":[174,365,119,120,361,360,150,364],"class_list":["post-5766","post","type-post","status-publish","format-standard","has-post-thumbnail","hentry","category-destaque","category-imprensa","category-jornalismo","tag-helder-barbalho","tag-heldisssss","tag-jornalismo","tag-jornalistas-paraenses-em-acao","tag-marco-antonio-sirotheau","tag-seap","tag-secom-pa","tag-valber-luiz-barbosa-duarte"],"yoast_head":"<!-- This site is optimized with the Yoast SEO plugin v19.10 - https:\/\/yoast.com\/wordpress\/plugins\/seo\/ -->\n<title>Coronel Sirotheau, adepto a dossi\u00eas acusat\u00f3rios, promove persegui\u00e7\u00e3o acirrada na comunica\u00e7\u00e3o da SEAP - Ded\u00e9 Mesquita<\/title>\n<meta name=\"robots\" content=\"index, follow, max-snippet:-1, max-image-preview:large, max-video-preview:-1\" \/>\n<link rel=\"canonical\" href=\"https:\/\/dedemesquita.com.br\/?p=5766\" \/>\n<meta property=\"og:locale\" content=\"pt_BR\" \/>\n<meta property=\"og:type\" content=\"article\" \/>\n<meta property=\"og:title\" content=\"Coronel Sirotheau, adepto a dossi\u00eas acusat\u00f3rios, promove persegui\u00e7\u00e3o acirrada na comunica\u00e7\u00e3o da SEAP - Ded\u00e9 Mesquita\" \/>\n<meta property=\"og:description\" content=\"A situa\u00e7\u00e3o na assessoria de comunica\u00e7\u00e3o da Superintend\u00eancia do Sistema Penitenci\u00e1rio do Par\u00e1 &#8211; SEAP continua ca\u00f3tica. Muito ca\u00f3tica. Al\u00e9m de os colegas, profissionais de comunica\u00e7\u00e3o, jornalistas, fot\u00f3grafos, publicit\u00e1rios, estagi\u00e1rios e m\u00eddias sociais daquela assessoria terem que engolir a seco o pastor evang\u00e9lico e ex-presidi\u00e1rio, que n\u00e3o entende absolutamente nada sobre comunica\u00e7\u00e3o institucional, Valber Luiz [&hellip;]\" \/>\n<meta property=\"og:url\" content=\"https:\/\/dedemesquita.com.br\/?p=5766\" \/>\n<meta property=\"og:site_name\" content=\"Ded\u00e9 Mesquita\" \/>\n<meta property=\"article:publisher\" content=\"https:\/\/www.facebook.com\/dede.mesquita\" \/>\n<meta property=\"article:published_time\" content=\"2023-01-27T09:57:34+00:00\" \/>\n<meta property=\"article:modified_time\" content=\"2023-01-27T10:15:43+00:00\" \/>\n<meta property=\"og:image\" content=\"https:\/\/dedemesquita.com.br\/wp-content\/uploads\/2023\/01\/aaaaaa.jpg\" \/>\n\t<meta property=\"og:image:width\" content=\"694\" \/>\n\t<meta property=\"og:image:height\" content=\"447\" \/>\n\t<meta property=\"og:image:type\" content=\"image\/jpeg\" \/>\n<meta name=\"author\" content=\"Ded\u00e9 Mesquita\" \/>\n<meta name=\"twitter:card\" content=\"summary_large_image\" \/>\n<meta name=\"twitter:creator\" content=\"@dedemesquita\" \/>\n<meta name=\"twitter:site\" content=\"@dedemesquita\" \/>\n<meta name=\"twitter:label1\" content=\"Escrito por\" \/>\n\t<meta name=\"twitter:data1\" content=\"Ded\u00e9 Mesquita\" \/>\n\t<meta name=\"twitter:label2\" content=\"Est. tempo de leitura\" \/>\n\t<meta name=\"twitter:data2\" content=\"6 minutos\" \/>\n<script type=\"application\/ld+json\" class=\"yoast-schema-graph\">{\"@context\":\"https:\/\/schema.org\",\"@graph\":[{\"@type\":\"WebPage\",\"@id\":\"https:\/\/dedemesquita.com.br\/?p=5766\",\"url\":\"https:\/\/dedemesquita.com.br\/?p=5766\",\"name\":\"Coronel Sirotheau, adepto a dossi\u00eas acusat\u00f3rios, promove persegui\u00e7\u00e3o acirrada na comunica\u00e7\u00e3o da SEAP - Ded\u00e9 Mesquita\",\"isPartOf\":{\"@id\":\"https:\/\/dedemesquita.com.br\/#website\"},\"datePublished\":\"2023-01-27T09:57:34+00:00\",\"dateModified\":\"2023-01-27T10:15:43+00:00\",\"author\":{\"@id\":\"https:\/\/dedemesquita.com.br\/#\/schema\/person\/36571f81dd2d76dc3ab37231542c9e24\"},\"breadcrumb\":{\"@id\":\"https:\/\/dedemesquita.com.br\/?p=5766#breadcrumb\"},\"inLanguage\":\"pt-BR\",\"potentialAction\":[{\"@type\":\"ReadAction\",\"target\":[\"https:\/\/dedemesquita.com.br\/?p=5766\"]}]},{\"@type\":\"BreadcrumbList\",\"@id\":\"https:\/\/dedemesquita.com.br\/?p=5766#breadcrumb\",\"itemListElement\":[{\"@type\":\"ListItem\",\"position\":1,\"name\":\"In\u00edcio\",\"item\":\"https:\/\/dedemesquita.com.br\/\"},{\"@type\":\"ListItem\",\"position\":2,\"name\":\"Coronel Sirotheau, adepto a dossi\u00eas acusat\u00f3rios, promove persegui\u00e7\u00e3o acirrada na comunica\u00e7\u00e3o da SEAP\"}]},{\"@type\":\"WebSite\",\"@id\":\"https:\/\/dedemesquita.com.br\/#website\",\"url\":\"https:\/\/dedemesquita.com.br\/\",\"name\":\"Ded\u00e9 Mesquita\",\"description\":\"Um site que mostra os bastidores da imprensa no estado do Par\u00e1 e em Bel\u00e9m\",\"potentialAction\":[{\"@type\":\"SearchAction\",\"target\":{\"@type\":\"EntryPoint\",\"urlTemplate\":\"https:\/\/dedemesquita.com.br\/?s={search_term_string}\"},\"query-input\":\"required name=search_term_string\"}],\"inLanguage\":\"pt-BR\"},{\"@type\":\"Person\",\"@id\":\"https:\/\/dedemesquita.com.br\/#\/schema\/person\/36571f81dd2d76dc3ab37231542c9e24\",\"name\":\"Ded\u00e9 Mesquita\",\"image\":{\"@type\":\"ImageObject\",\"inLanguage\":\"pt-BR\",\"@id\":\"https:\/\/dedemesquita.com.br\/#\/schema\/person\/image\/\",\"url\":\"https:\/\/dedemesquita.com.br\/wp-content\/uploads\/2021\/02\/foto_perfil-150x150.jpg\",\"contentUrl\":\"https:\/\/dedemesquita.com.br\/wp-content\/uploads\/2021\/02\/foto_perfil-150x150.jpg\",\"caption\":\"Ded\u00e9 Mesquita\"},\"sameAs\":[\"https:\/\/dedemesquita.com.br\"]}]}<\/script>\n<!-- \/ Yoast SEO plugin. -->","yoast_head_json":{"title":"Coronel Sirotheau, adepto a dossi\u00eas acusat\u00f3rios, promove persegui\u00e7\u00e3o acirrada na comunica\u00e7\u00e3o da SEAP - Ded\u00e9 Mesquita","robots":{"index":"index","follow":"follow","max-snippet":"max-snippet:-1","max-image-preview":"max-image-preview:large","max-video-preview":"max-video-preview:-1"},"canonical":"https:\/\/dedemesquita.com.br\/?p=5766","og_locale":"pt_BR","og_type":"article","og_title":"Coronel Sirotheau, adepto a dossi\u00eas acusat\u00f3rios, promove persegui\u00e7\u00e3o acirrada na comunica\u00e7\u00e3o da SEAP - Ded\u00e9 Mesquita","og_description":"A situa\u00e7\u00e3o na assessoria de comunica\u00e7\u00e3o da Superintend\u00eancia do Sistema Penitenci\u00e1rio do Par\u00e1 &#8211; SEAP continua ca\u00f3tica. Muito ca\u00f3tica. Al\u00e9m de os colegas, profissionais de comunica\u00e7\u00e3o, jornalistas, fot\u00f3grafos, publicit\u00e1rios, estagi\u00e1rios e m\u00eddias sociais daquela assessoria terem que engolir a seco o pastor evang\u00e9lico e ex-presidi\u00e1rio, que n\u00e3o entende absolutamente nada sobre comunica\u00e7\u00e3o institucional, Valber Luiz [&hellip;]","og_url":"https:\/\/dedemesquita.com.br\/?p=5766","og_site_name":"Ded\u00e9 Mesquita","article_publisher":"https:\/\/www.facebook.com\/dede.mesquita","article_published_time":"2023-01-27T09:57:34+00:00","article_modified_time":"2023-01-27T10:15:43+00:00","og_image":[{"width":694,"height":447,"url":"https:\/\/dedemesquita.com.br\/wp-content\/uploads\/2023\/01\/aaaaaa.jpg","type":"image\/jpeg"}],"author":"Ded\u00e9 Mesquita","twitter_card":"summary_large_image","twitter_creator":"@dedemesquita","twitter_site":"@dedemesquita","twitter_misc":{"Escrito por":"Ded\u00e9 Mesquita","Est. tempo de leitura":"6 minutos"},"schema":{"@context":"https:\/\/schema.org","@graph":[{"@type":"WebPage","@id":"https:\/\/dedemesquita.com.br\/?p=5766","url":"https:\/\/dedemesquita.com.br\/?p=5766","name":"Coronel Sirotheau, adepto a dossi\u00eas acusat\u00f3rios, promove persegui\u00e7\u00e3o acirrada na comunica\u00e7\u00e3o da SEAP - Ded\u00e9 Mesquita","isPartOf":{"@id":"https:\/\/dedemesquita.com.br\/#website"},"datePublished":"2023-01-27T09:57:34+00:00","dateModified":"2023-01-27T10:15:43+00:00","author":{"@id":"https:\/\/dedemesquita.com.br\/#\/schema\/person\/36571f81dd2d76dc3ab37231542c9e24"},"breadcrumb":{"@id":"https:\/\/dedemesquita.com.br\/?p=5766#breadcrumb"},"inLanguage":"pt-BR","potentialAction":[{"@type":"ReadAction","target":["https:\/\/dedemesquita.com.br\/?p=5766"]}]},{"@type":"BreadcrumbList","@id":"https:\/\/dedemesquita.com.br\/?p=5766#breadcrumb","itemListElement":[{"@type":"ListItem","position":1,"name":"In\u00edcio","item":"https:\/\/dedemesquita.com.br\/"},{"@type":"ListItem","position":2,"name":"Coronel Sirotheau, adepto a dossi\u00eas acusat\u00f3rios, promove persegui\u00e7\u00e3o acirrada na comunica\u00e7\u00e3o da SEAP"}]},{"@type":"WebSite","@id":"https:\/\/dedemesquita.com.br\/#website","url":"https:\/\/dedemesquita.com.br\/","name":"Ded\u00e9 Mesquita","description":"Um site que mostra os bastidores da imprensa no estado do Par\u00e1 e em Bel\u00e9m","potentialAction":[{"@type":"SearchAction","target":{"@type":"EntryPoint","urlTemplate":"https:\/\/dedemesquita.com.br\/?s={search_term_string}"},"query-input":"required name=search_term_string"}],"inLanguage":"pt-BR"},{"@type":"Person","@id":"https:\/\/dedemesquita.com.br\/#\/schema\/person\/36571f81dd2d76dc3ab37231542c9e24","name":"Ded\u00e9 Mesquita","image":{"@type":"ImageObject","inLanguage":"pt-BR","@id":"https:\/\/dedemesquita.com.br\/#\/schema\/person\/image\/","url":"https:\/\/dedemesquita.com.br\/wp-content\/uploads\/2021\/02\/foto_perfil-150x150.jpg","contentUrl":"https:\/\/dedemesquita.com.br\/wp-content\/uploads\/2021\/02\/foto_perfil-150x150.jpg","caption":"Ded\u00e9 Mesquita"},"sameAs":["https:\/\/dedemesquita.com.br"]}]}},"_links":{"self":[{"href":"https:\/\/dedemesquita.com.br\/index.php?rest_route=\/wp\/v2\/posts\/5766"}],"collection":[{"href":"https:\/\/dedemesquita.com.br\/index.php?rest_route=\/wp\/v2\/posts"}],"about":[{"href":"https:\/\/dedemesquita.com.br\/index.php?rest_route=\/wp\/v2\/types\/post"}],"author":[{"embeddable":true,"href":"https:\/\/dedemesquita.com.br\/index.php?rest_route=\/wp\/v2\/users\/2"}],"replies":[{"embeddable":true,"href":"https:\/\/dedemesquita.com.br\/index.php?rest_route=%2Fwp%2Fv2%2Fcomments&post=5766"}],"version-history":[{"count":3,"href":"https:\/\/dedemesquita.com.br\/index.php?rest_route=\/wp\/v2\/posts\/5766\/revisions"}],"predecessor-version":[{"id":5772,"href":"https:\/\/dedemesquita.com.br\/index.php?rest_route=\/wp\/v2\/posts\/5766\/revisions\/5772"}],"wp:featuredmedia":[{"embeddable":true,"href":"https:\/\/dedemesquita.com.br\/index.php?rest_route=\/wp\/v2\/media\/5769"}],"wp:attachment":[{"href":"https:\/\/dedemesquita.com.br\/index.php?rest_route=%2Fwp%2Fv2%2Fmedia&parent=5766"}],"wp:term":[{"taxonomy":"category","embeddable":true,"href":"https:\/\/dedemesquita.com.br\/index.php?rest_route=%2Fwp%2Fv2%2Fcategories&post=5766"},{"taxonomy":"post_tag","embeddable":true,"href":"https:\/\/dedemesquita.com.br\/index.php?rest_route=%2Fwp%2Fv2%2Ftags&post=5766"}],"curies":[{"name":"wp","href":"https:\/\/api.w.org\/{rel}","templated":true}]}}