{"id":5721,"date":"2023-01-24T18:17:39","date_gmt":"2023-01-24T21:17:39","guid":{"rendered":"https:\/\/dedemesquita.com.br\/?p=5721"},"modified":"2023-01-24T19:17:36","modified_gmt":"2023-01-24T22:17:36","slug":"adriana-e-karla-pereira-formam-dupla-de-comunicacao-e-outras-noticias-mais-da-imprensa-em-belem","status":"publish","type":"post","link":"https:\/\/dedemesquita.com.br\/?p=5721","title":{"rendered":"Adriana e Karla Pereira formam dupla de comunica\u00e7\u00e3o e outras not\u00edcias mais da imprensa em Bel\u00e9m"},"content":{"rendered":"\n<p>Bonjour, bonjour. Bom dia, Brasil, boa tarde, Fran\u00e7a. E chega a ter\u00e7a-feira, aquele dia lindo em que atualizamos as fofocas das dan\u00e7as de cadeiras nas reda\u00e7\u00f5es e outras novidades mais <\/p>\n\n\n\n<p><strong>Adriana &amp; Karla &#8211;<\/strong> As Pereira, <strong>Adriana<\/strong> e <strong>Karla<\/strong>, rec\u00e9m-sa\u00eddas da Levant Ideias, v\u00e3o come\u00e7ar a trabalhar juntas, com atendimento de <strong>Gerenciamento de Redes Sociais<\/strong> e <strong>Assessoria de Comunica\u00e7\u00e3o<\/strong>. As duas s\u00e3o apaixonadas pelo jornalismo, com experi\u00eancia em assessoria de comunica\u00e7\u00e3o e nas estrat\u00e9gias para o bom posicionamento do atendimento seja nas plataformas das redes sociais ou imprensa.<\/p>\n\n\n\n<p>As duas jornalistas se conheceram no in\u00edcio de 2014, ainda na comunica\u00e7\u00e3o da Prefeitura Municipal de Bel\u00e9m, e n\u00e3o se desgrudaram mais. De l\u00e1 para c\u00e1, desenvolveram v\u00e1rios projetos em parceria e, neste ano de 2023, apostam na carreira delas, ainda mais juntas, e com a proposta do trabalho na \u00e1rea de Assessoria de Comunica\u00e7\u00e3o e Marketing. O contato \u00e9 com Adriana <strong>no 91 8113-0887<\/strong> ou pelo Instagram <a href=\"http:\/\/@adrianacmpereira\"><strong>@adrianacmpereira<\/strong><\/a><\/p>\n\n\n<div class=\"wp-block-image\">\n<figure class=\"aligncenter size-full\"><img loading=\"lazy\" decoding=\"async\" width=\"850\" height=\"601\" src=\"https:\/\/dedemesquita.com.br\/wp-content\/uploads\/2023\/01\/WhatsApp-Image-2023-01-24-at-23.11.18.jpeg\" alt=\"\" class=\"wp-image-5738\" srcset=\"https:\/\/dedemesquita.com.br\/wp-content\/uploads\/2023\/01\/WhatsApp-Image-2023-01-24-at-23.11.18.jpeg 850w, https:\/\/dedemesquita.com.br\/wp-content\/uploads\/2023\/01\/WhatsApp-Image-2023-01-24-at-23.11.18-768x543.jpeg 768w\" sizes=\"(max-width: 850px) 100vw, 850px\" \/><figcaption class=\"wp-element-caption\">Adriana e Karla s\u00e3o profissionais de comunica\u00e7\u00e3o da meliiiiiior qualidade!<\/figcaption><\/figure><\/div>\n\n\n<p><strong>Gillet &#8211; <\/strong>O <strong>Ronaldo Gillet <\/strong>deixou a comunica\u00e7\u00e3o da<strong> SEMAD<\/strong>. Ele est\u00e1 trabalhando, agora, em projetos do portal <strong>Rede Par\u00e1<\/strong>, e entre eles, gerencia uma plataforma rec\u00e9m-criada chamada Plug Educa\u00e7\u00e3o <strong><a href=\"http:\/\/www.plugeducacao.com.br\">www.plugeducacao.com.br<\/a> <\/strong>que est\u00e1 no ar em per\u00edodo de testes.<\/p>\n\n\n<div class=\"wp-block-image\">\n<figure class=\"aligncenter size-full\"><img loading=\"lazy\" decoding=\"async\" width=\"544\" height=\"433\" src=\"https:\/\/dedemesquita.com.br\/wp-content\/uploads\/2023\/01\/RONALDO.png\" alt=\"\" class=\"wp-image-5727\"\/><figcaption class=\"wp-element-caption\">Ronaldo Gillet deixou a comunica\u00e7\u00e3o da SEMAD <\/figcaption><\/figure><\/div>\n\n\n<p><strong>Andrea &#8211;<\/strong> <strong>Andrea Cunha<\/strong>, com anos acumulados de trabalho nas reda\u00e7\u00f5es de Bel\u00e9m, Bras\u00edlia e S\u00e3o Paulo e nas assessoria de comunica\u00e7\u00e3o no Congresso Nacional e no Par\u00e1, vai lan\u00e7ar um curso EAD ao estilo mentoria, no <strong>&#8220;T\u00f4 na Assessoria&#8221;<\/strong>, que chega em breve, em tr\u00eas aulas gravadas.<\/p>\n\n\n<div class=\"wp-block-image\">\n<figure class=\"aligncenter size-full\"><img loading=\"lazy\" decoding=\"async\" width=\"441\" height=\"402\" src=\"https:\/\/dedemesquita.com.br\/wp-content\/uploads\/2023\/01\/ANDREA_CUNHA.png\" alt=\"\" class=\"wp-image-5728\"\/><figcaption class=\"wp-element-caption\">Andrea Cunha em novo projeto <\/figcaption><\/figure><\/div>\n\n\n<p><strong>Rachel &#8211; <\/strong>Na semana passada, publicamos que a jornalista Rachel Oliveira, ex-Secom-PA, havia deixado Marituba e o Par\u00e1, para morar em Santa Catarina. A colega j\u00e1 est\u00e1 trabalhando <strong>na comunica\u00e7\u00e3o da Prefeitura de Florian\u00f3polis.<\/strong><\/p>\n\n\n<div class=\"wp-block-image\">\n<figure class=\"aligncenter size-full\"><img loading=\"lazy\" decoding=\"async\" width=\"800\" height=\"616\" src=\"https:\/\/dedemesquita.com.br\/wp-content\/uploads\/2023\/01\/RACHEL_OLIVEIRA.jpeg\" alt=\"\" class=\"wp-image-5702\" srcset=\"https:\/\/dedemesquita.com.br\/wp-content\/uploads\/2023\/01\/RACHEL_OLIVEIRA.jpeg 800w, https:\/\/dedemesquita.com.br\/wp-content\/uploads\/2023\/01\/RACHEL_OLIVEIRA-768x591.jpeg 768w\" sizes=\"(max-width: 800px) 100vw, 800px\" \/><figcaption class=\"wp-element-caption\">Rachel deixou o Par\u00e1 e est\u00e1 na comunica\u00e7\u00e3o da Prefeitura de Florian\u00f3polis <\/figcaption><\/figure><\/div>\n\n\n<p><strong>Benevides &#8211;<\/strong> O jornalista <strong>Jo\u00e3o Andrade<\/strong> assumiu a coordena\u00e7\u00e3o de comunica\u00e7\u00e3o da <strong>C\u00e2mara Municipal de Benevides,<\/strong> na Regi\u00e3o Metropolitana de Bel\u00e9m. Os trabalhos se iniciam junto com a gest\u00e3o do novo presidente da casa, vereador Fabiano Carvalho, do partido PP. Na equipe, a jornalista Amanda Cunha, o cinegrafista Charles Santos, al\u00e9m de outros profissionais que ir\u00e3o compor o trabalho. Contato 91 98165 5021.<\/p>\n\n\n<div class=\"wp-block-image\">\n<figure class=\"aligncenter size-full\"><img loading=\"lazy\" decoding=\"async\" width=\"850\" height=\"646\" src=\"https:\/\/dedemesquita.com.br\/wp-content\/uploads\/2023\/01\/WhatsApp-Image-2023-01-17-at-12.31.32-1.jpeg\" alt=\"\" class=\"wp-image-5729\" srcset=\"https:\/\/dedemesquita.com.br\/wp-content\/uploads\/2023\/01\/WhatsApp-Image-2023-01-17-at-12.31.32-1.jpeg 850w, https:\/\/dedemesquita.com.br\/wp-content\/uploads\/2023\/01\/WhatsApp-Image-2023-01-17-at-12.31.32-1-768x584.jpeg 768w\" sizes=\"(max-width: 850px) 100vw, 850px\" \/><figcaption class=\"wp-element-caption\">Jo\u00e3o Andrade <\/figcaption><\/figure><\/div>\n\n<div class=\"wp-block-image\">\n<figure class=\"aligncenter size-full\"><img loading=\"lazy\" decoding=\"async\" width=\"850\" height=\"430\" src=\"https:\/\/dedemesquita.com.br\/wp-content\/uploads\/2023\/01\/WhatsApp-Image-2023-01-17-at-12.22.30.jpeg\" alt=\"\" class=\"wp-image-5730\" srcset=\"https:\/\/dedemesquita.com.br\/wp-content\/uploads\/2023\/01\/WhatsApp-Image-2023-01-17-at-12.22.30.jpeg 850w, https:\/\/dedemesquita.com.br\/wp-content\/uploads\/2023\/01\/WhatsApp-Image-2023-01-17-at-12.22.30-768x389.jpeg 768w\" sizes=\"(max-width: 850px) 100vw, 850px\" \/><figcaption class=\"wp-element-caption\">Reuni\u00e3o que definiu a comunica\u00e7\u00e3o da C\u00e2mara Municipal de Benevides <\/figcaption><\/figure><\/div>\n\n\n<p><strong>Elck &#8211; <\/strong>Quem est\u00e1 de volta ao jornal <strong>O Liberal <\/strong>\u00e9 jornalista <strong>Elck Oliveira<\/strong>, mas ela continua na assessoria de comunica\u00e7\u00e3o da Secretaria de Estado de Administra\u00e7\u00e3o Penitenci\u00e1ria \u2013 SEAP.<\/p>\n\n\n<div class=\"wp-block-image\">\n<figure class=\"aligncenter size-full\"><img loading=\"lazy\" decoding=\"async\" width=\"850\" height=\"669\" src=\"https:\/\/dedemesquita.com.br\/wp-content\/uploads\/2023\/01\/ELCK_OLIVEIRA.jpg\" alt=\"\" class=\"wp-image-5731\" srcset=\"https:\/\/dedemesquita.com.br\/wp-content\/uploads\/2023\/01\/ELCK_OLIVEIRA.jpg 850w, https:\/\/dedemesquita.com.br\/wp-content\/uploads\/2023\/01\/ELCK_OLIVEIRA-768x604.jpg 768w\" sizes=\"(max-width: 850px) 100vw, 850px\" \/><figcaption class=\"wp-element-caption\">Elck Oliveira em foto do Amig\u00e3o Sidney Oliveira <\/figcaption><\/figure><\/div>\n\n\n<p><strong>Milla &#8211; Milla Amaral<\/strong> est\u00e1 na assessoria de comunica\u00e7\u00e3o do <strong>Tribunal Regional do Trabalho da Oitava Regi\u00e3o<\/strong> &#8211; <strong>TRT<\/strong>, na equipe que tem Edney Martins e Andreza Gomes. <\/p>\n\n\n<div class=\"wp-block-image\">\n<figure class=\"aligncenter size-full\"><img loading=\"lazy\" decoding=\"async\" width=\"850\" height=\"592\" src=\"https:\/\/dedemesquita.com.br\/wp-content\/uploads\/2023\/01\/MILLA_AMARAL.jpg\" alt=\"\" class=\"wp-image-5732\" srcset=\"https:\/\/dedemesquita.com.br\/wp-content\/uploads\/2023\/01\/MILLA_AMARAL.jpg 850w, https:\/\/dedemesquita.com.br\/wp-content\/uploads\/2023\/01\/MILLA_AMARAL-768x535.jpg 768w\" sizes=\"(max-width: 850px) 100vw, 850px\" \/><figcaption class=\"wp-element-caption\">Milla Amaral refor\u00e7a a equipe de comunica\u00e7\u00e3o do TRT 8a. Regi\u00e3o <\/figcaption><\/figure><\/div>\n\n\n<p><strong>Cana\u00e3 &#8211;<\/strong> A jornalista paraense <strong>Sheila Faro<\/strong> assumiu na sexta-feira, 20, a assessoria de<strong> comunica\u00e7\u00e3o da Prefeitura de Cana\u00e3 dos Caraj\u00e1s<\/strong>, regi\u00e3o sudeste do Par\u00e1. Ela substitui Jefferson Almeida, que ocupava o cargo desde 2019. Sheila Faro \u00e9 formada em jornalismo pela Universidade Federal do Par\u00e1 &#8211; UFPA, desde 1995 e j\u00e1 foi presidente do Sindicato dos Jornalistas do Estado &#8211; Sinjor-PA.<\/p>\n\n\n<div class=\"wp-block-image\">\n<figure class=\"aligncenter size-full\"><img loading=\"lazy\" decoding=\"async\" width=\"472\" height=\"433\" src=\"https:\/\/dedemesquita.com.br\/wp-content\/uploads\/2023\/01\/SHEILA_FARO.jpg\" alt=\"\" class=\"wp-image-5733\"\/><figcaption class=\"wp-element-caption\">Sheila Faro comanda a comunica\u00e7\u00e3o de Cana\u00e3 dos Caraj\u00e1s<\/figcaption><\/figure><\/div>\n\n\n<p><strong>Exposi\u00e7\u00e3o no Sesc &#8211;<\/strong> Abre na ter\u00e7a-feira, dia 31, na galeria do terceiro piso do Centro de Cultura e Turismo Sesc Ver o Peso, no Boulevard Castilhos Fran\u00e7a,<strong> a segunda parte da mostra Imagens Cotidianas\/2022,<\/strong> com os ensaios de \u201cCaxina Machu| O reino das sementes vazias\u201d da Raio Verde, de Camila Fialho e Jos\u00e9 Viana; \u201cOs marinheiros do Caraparu\u201d de Jader Moreira, \u201cIlumina [dores]\u201d de Marise Mau\u00e9s e \u201cA\u00e7a\u00ed Du Bom\u201d de Gil Favacho.<\/p>\n\n\n\n<p>O <strong>Incentivo \u201cImagens Cotidianas\u201d <\/strong>\u00e9 uma a\u00e7\u00e3o promovida pelo Servi\u00e7o Social do Com\u00e9rcio (Sesc) no Par\u00e1, por meio do N\u00facleo de Fotografia do Centro de Cultura e Turismo Sesc Ver-o-Peso. <\/p>\n\n\n\n<p>Os vencedores e men\u00e7\u00f5es honrosas de 2022 por categoria s\u00e3o: em Arte Visuais &#8211; \u201cEntreilhas\u201d de <strong>Allyster Fagundes<\/strong>; \u201cFica em Casa\u201d, de <strong>Nelson Carvalho<\/strong>; e \u201cCaxina Machu| O reino das sementes vazias da Raio Verde, de <strong>Camila Fialho<\/strong> e <strong>Jos\u00e9 Viana<\/strong>.<\/p>\n\n\n\n<p>Em Fotojornalismo\/ Documenta\u00e7\u00e3o Fotogr\u00e1fica: \u201cOs Marinheiros do Caraparu\u201d de <strong>Jader Moreira<\/strong>; \u201cIlumina(dores)\u201d de <strong>Marise Mau\u00e9s<\/strong>; e \u201cCovid -19 na Amaz\u00f4nia\u201d, de<strong> Tarso Sarraf<\/strong><\/p>\n\n\n\n<p>Men\u00e7\u00f5es Honrosas: \u201cDesacontecimentos\u201d de <strong>Lucas Negr\u00e3o<\/strong>; \u201cAnanindeua\u201d, de <strong>Patr\u00edcia Brasil<\/strong>; e \u201cA\u00e7a\u00ed Du Bom\u201d, de <strong>Gil Favacho<\/strong>.<\/p>\n","protected":false},"excerpt":{"rendered":"<p>Bonjour, bonjour. Bom dia, Brasil, boa tarde, Fran\u00e7a. E chega a ter\u00e7a-feira, aquele dia lindo em que atualizamos as fofocas das dan\u00e7as de cadeiras nas reda\u00e7\u00f5es e outras novidades mais Adriana &amp; Karla &#8211; As Pereira, Adriana e Karla, rec\u00e9m-sa\u00eddas da Levant Ideias, v\u00e3o come\u00e7ar a trabalhar juntas, com atendimento de Gerenciamento de Redes Sociais [&hellip;]<\/p>\n","protected":false},"author":2,"featured_media":5734,"comment_status":"open","ping_status":"open","sticky":false,"template":"","format":"standard","meta":{"footnotes":""},"categories":[51,14,29],"tags":[136,119,120,144,150],"class_list":["post-5721","post","type-post","status-publish","format-standard","has-post-thumbnail","hentry","category-destaque","category-imprensa","category-jornalismo","tag-comus-agencia-belem","tag-jornalismo","tag-jornalistas-paraenses-em-acao","tag-o-liberal","tag-secom-pa"],"yoast_head":"<!-- This site is optimized with the Yoast SEO plugin v19.10 - https:\/\/yoast.com\/wordpress\/plugins\/seo\/ -->\n<title>Adriana e Karla Pereira formam dupla de comunica\u00e7\u00e3o e outras not\u00edcias mais da imprensa em Bel\u00e9m - Ded\u00e9 Mesquita<\/title>\n<meta name=\"robots\" content=\"index, follow, max-snippet:-1, max-image-preview:large, max-video-preview:-1\" \/>\n<link rel=\"canonical\" href=\"https:\/\/dedemesquita.com.br\/?p=5721\" \/>\n<meta property=\"og:locale\" content=\"pt_BR\" \/>\n<meta property=\"og:type\" content=\"article\" \/>\n<meta property=\"og:title\" content=\"Adriana e Karla Pereira formam dupla de comunica\u00e7\u00e3o e outras not\u00edcias mais da imprensa em Bel\u00e9m - Ded\u00e9 Mesquita\" \/>\n<meta property=\"og:description\" content=\"Bonjour, bonjour. Bom dia, Brasil, boa tarde, Fran\u00e7a. E chega a ter\u00e7a-feira, aquele dia lindo em que atualizamos as fofocas das dan\u00e7as de cadeiras nas reda\u00e7\u00f5es e outras novidades mais Adriana &amp; Karla &#8211; As Pereira, Adriana e Karla, rec\u00e9m-sa\u00eddas da Levant Ideias, v\u00e3o come\u00e7ar a trabalhar juntas, com atendimento de Gerenciamento de Redes Sociais [&hellip;]\" \/>\n<meta property=\"og:url\" content=\"https:\/\/dedemesquita.com.br\/?p=5721\" \/>\n<meta property=\"og:site_name\" content=\"Ded\u00e9 Mesquita\" \/>\n<meta property=\"article:publisher\" content=\"https:\/\/www.facebook.com\/dede.mesquita\" \/>\n<meta property=\"article:published_time\" content=\"2023-01-24T21:17:39+00:00\" \/>\n<meta property=\"article:modified_time\" content=\"2023-01-24T22:17:36+00:00\" \/>\n<meta property=\"og:image\" content=\"https:\/\/dedemesquita.com.br\/wp-content\/uploads\/2023\/01\/WhatsApp-Image-2023-01-24-at-13.17.35-1.jpeg\" \/>\n\t<meta property=\"og:image:width\" content=\"765\" \/>\n\t<meta property=\"og:image:height\" content=\"405\" \/>\n\t<meta property=\"og:image:type\" content=\"image\/jpeg\" \/>\n<meta name=\"author\" content=\"Ded\u00e9 Mesquita\" \/>\n<meta name=\"twitter:card\" content=\"summary_large_image\" \/>\n<meta name=\"twitter:creator\" content=\"@dedemesquita\" \/>\n<meta name=\"twitter:site\" content=\"@dedemesquita\" \/>\n<meta name=\"twitter:label1\" content=\"Escrito por\" \/>\n\t<meta name=\"twitter:data1\" content=\"Ded\u00e9 Mesquita\" \/>\n\t<meta name=\"twitter:label2\" content=\"Est. tempo de leitura\" \/>\n\t<meta name=\"twitter:data2\" content=\"6 minutos\" \/>\n<script type=\"application\/ld+json\" class=\"yoast-schema-graph\">{\"@context\":\"https:\/\/schema.org\",\"@graph\":[{\"@type\":\"WebPage\",\"@id\":\"https:\/\/dedemesquita.com.br\/?p=5721\",\"url\":\"https:\/\/dedemesquita.com.br\/?p=5721\",\"name\":\"Adriana e Karla Pereira formam dupla de comunica\u00e7\u00e3o e outras not\u00edcias mais da imprensa em Bel\u00e9m - Ded\u00e9 Mesquita\",\"isPartOf\":{\"@id\":\"https:\/\/dedemesquita.com.br\/#website\"},\"datePublished\":\"2023-01-24T21:17:39+00:00\",\"dateModified\":\"2023-01-24T22:17:36+00:00\",\"author\":{\"@id\":\"https:\/\/dedemesquita.com.br\/#\/schema\/person\/36571f81dd2d76dc3ab37231542c9e24\"},\"breadcrumb\":{\"@id\":\"https:\/\/dedemesquita.com.br\/?p=5721#breadcrumb\"},\"inLanguage\":\"pt-BR\",\"potentialAction\":[{\"@type\":\"ReadAction\",\"target\":[\"https:\/\/dedemesquita.com.br\/?p=5721\"]}]},{\"@type\":\"BreadcrumbList\",\"@id\":\"https:\/\/dedemesquita.com.br\/?p=5721#breadcrumb\",\"itemListElement\":[{\"@type\":\"ListItem\",\"position\":1,\"name\":\"In\u00edcio\",\"item\":\"https:\/\/dedemesquita.com.br\/\"},{\"@type\":\"ListItem\",\"position\":2,\"name\":\"Adriana e Karla Pereira formam dupla de comunica\u00e7\u00e3o e outras not\u00edcias mais da imprensa em Bel\u00e9m\"}]},{\"@type\":\"WebSite\",\"@id\":\"https:\/\/dedemesquita.com.br\/#website\",\"url\":\"https:\/\/dedemesquita.com.br\/\",\"name\":\"Ded\u00e9 Mesquita\",\"description\":\"Um site que mostra os bastidores da imprensa no estado do Par\u00e1 e em Bel\u00e9m\",\"potentialAction\":[{\"@type\":\"SearchAction\",\"target\":{\"@type\":\"EntryPoint\",\"urlTemplate\":\"https:\/\/dedemesquita.com.br\/?s={search_term_string}\"},\"query-input\":\"required name=search_term_string\"}],\"inLanguage\":\"pt-BR\"},{\"@type\":\"Person\",\"@id\":\"https:\/\/dedemesquita.com.br\/#\/schema\/person\/36571f81dd2d76dc3ab37231542c9e24\",\"name\":\"Ded\u00e9 Mesquita\",\"image\":{\"@type\":\"ImageObject\",\"inLanguage\":\"pt-BR\",\"@id\":\"https:\/\/dedemesquita.com.br\/#\/schema\/person\/image\/\",\"url\":\"https:\/\/dedemesquita.com.br\/wp-content\/uploads\/2021\/02\/foto_perfil-150x150.jpg\",\"contentUrl\":\"https:\/\/dedemesquita.com.br\/wp-content\/uploads\/2021\/02\/foto_perfil-150x150.jpg\",\"caption\":\"Ded\u00e9 Mesquita\"},\"sameAs\":[\"https:\/\/dedemesquita.com.br\"]}]}<\/script>\n<!-- \/ Yoast SEO plugin. -->","yoast_head_json":{"title":"Adriana e Karla Pereira formam dupla de comunica\u00e7\u00e3o e outras not\u00edcias mais da imprensa em Bel\u00e9m - Ded\u00e9 Mesquita","robots":{"index":"index","follow":"follow","max-snippet":"max-snippet:-1","max-image-preview":"max-image-preview:large","max-video-preview":"max-video-preview:-1"},"canonical":"https:\/\/dedemesquita.com.br\/?p=5721","og_locale":"pt_BR","og_type":"article","og_title":"Adriana e Karla Pereira formam dupla de comunica\u00e7\u00e3o e outras not\u00edcias mais da imprensa em Bel\u00e9m - Ded\u00e9 Mesquita","og_description":"Bonjour, bonjour. Bom dia, Brasil, boa tarde, Fran\u00e7a. E chega a ter\u00e7a-feira, aquele dia lindo em que atualizamos as fofocas das dan\u00e7as de cadeiras nas reda\u00e7\u00f5es e outras novidades mais Adriana &amp; Karla &#8211; As Pereira, Adriana e Karla, rec\u00e9m-sa\u00eddas da Levant Ideias, v\u00e3o come\u00e7ar a trabalhar juntas, com atendimento de Gerenciamento de Redes Sociais [&hellip;]","og_url":"https:\/\/dedemesquita.com.br\/?p=5721","og_site_name":"Ded\u00e9 Mesquita","article_publisher":"https:\/\/www.facebook.com\/dede.mesquita","article_published_time":"2023-01-24T21:17:39+00:00","article_modified_time":"2023-01-24T22:17:36+00:00","og_image":[{"width":765,"height":405,"url":"https:\/\/dedemesquita.com.br\/wp-content\/uploads\/2023\/01\/WhatsApp-Image-2023-01-24-at-13.17.35-1.jpeg","type":"image\/jpeg"}],"author":"Ded\u00e9 Mesquita","twitter_card":"summary_large_image","twitter_creator":"@dedemesquita","twitter_site":"@dedemesquita","twitter_misc":{"Escrito por":"Ded\u00e9 Mesquita","Est. tempo de leitura":"6 minutos"},"schema":{"@context":"https:\/\/schema.org","@graph":[{"@type":"WebPage","@id":"https:\/\/dedemesquita.com.br\/?p=5721","url":"https:\/\/dedemesquita.com.br\/?p=5721","name":"Adriana e Karla Pereira formam dupla de comunica\u00e7\u00e3o e outras not\u00edcias mais da imprensa em Bel\u00e9m - Ded\u00e9 Mesquita","isPartOf":{"@id":"https:\/\/dedemesquita.com.br\/#website"},"datePublished":"2023-01-24T21:17:39+00:00","dateModified":"2023-01-24T22:17:36+00:00","author":{"@id":"https:\/\/dedemesquita.com.br\/#\/schema\/person\/36571f81dd2d76dc3ab37231542c9e24"},"breadcrumb":{"@id":"https:\/\/dedemesquita.com.br\/?p=5721#breadcrumb"},"inLanguage":"pt-BR","potentialAction":[{"@type":"ReadAction","target":["https:\/\/dedemesquita.com.br\/?p=5721"]}]},{"@type":"BreadcrumbList","@id":"https:\/\/dedemesquita.com.br\/?p=5721#breadcrumb","itemListElement":[{"@type":"ListItem","position":1,"name":"In\u00edcio","item":"https:\/\/dedemesquita.com.br\/"},{"@type":"ListItem","position":2,"name":"Adriana e Karla Pereira formam dupla de comunica\u00e7\u00e3o e outras not\u00edcias mais da imprensa em Bel\u00e9m"}]},{"@type":"WebSite","@id":"https:\/\/dedemesquita.com.br\/#website","url":"https:\/\/dedemesquita.com.br\/","name":"Ded\u00e9 Mesquita","description":"Um site que mostra os bastidores da imprensa no estado do Par\u00e1 e em Bel\u00e9m","potentialAction":[{"@type":"SearchAction","target":{"@type":"EntryPoint","urlTemplate":"https:\/\/dedemesquita.com.br\/?s={search_term_string}"},"query-input":"required name=search_term_string"}],"inLanguage":"pt-BR"},{"@type":"Person","@id":"https:\/\/dedemesquita.com.br\/#\/schema\/person\/36571f81dd2d76dc3ab37231542c9e24","name":"Ded\u00e9 Mesquita","image":{"@type":"ImageObject","inLanguage":"pt-BR","@id":"https:\/\/dedemesquita.com.br\/#\/schema\/person\/image\/","url":"https:\/\/dedemesquita.com.br\/wp-content\/uploads\/2021\/02\/foto_perfil-150x150.jpg","contentUrl":"https:\/\/dedemesquita.com.br\/wp-content\/uploads\/2021\/02\/foto_perfil-150x150.jpg","caption":"Ded\u00e9 Mesquita"},"sameAs":["https:\/\/dedemesquita.com.br"]}]}},"_links":{"self":[{"href":"https:\/\/dedemesquita.com.br\/index.php?rest_route=\/wp\/v2\/posts\/5721"}],"collection":[{"href":"https:\/\/dedemesquita.com.br\/index.php?rest_route=\/wp\/v2\/posts"}],"about":[{"href":"https:\/\/dedemesquita.com.br\/index.php?rest_route=\/wp\/v2\/types\/post"}],"author":[{"embeddable":true,"href":"https:\/\/dedemesquita.com.br\/index.php?rest_route=\/wp\/v2\/users\/2"}],"replies":[{"embeddable":true,"href":"https:\/\/dedemesquita.com.br\/index.php?rest_route=%2Fwp%2Fv2%2Fcomments&post=5721"}],"version-history":[{"count":8,"href":"https:\/\/dedemesquita.com.br\/index.php?rest_route=\/wp\/v2\/posts\/5721\/revisions"}],"predecessor-version":[{"id":5741,"href":"https:\/\/dedemesquita.com.br\/index.php?rest_route=\/wp\/v2\/posts\/5721\/revisions\/5741"}],"wp:featuredmedia":[{"embeddable":true,"href":"https:\/\/dedemesquita.com.br\/index.php?rest_route=\/wp\/v2\/media\/5734"}],"wp:attachment":[{"href":"https:\/\/dedemesquita.com.br\/index.php?rest_route=%2Fwp%2Fv2%2Fmedia&parent=5721"}],"wp:term":[{"taxonomy":"category","embeddable":true,"href":"https:\/\/dedemesquita.com.br\/index.php?rest_route=%2Fwp%2Fv2%2Fcategories&post=5721"},{"taxonomy":"post_tag","embeddable":true,"href":"https:\/\/dedemesquita.com.br\/index.php?rest_route=%2Fwp%2Fv2%2Ftags&post=5721"}],"curies":[{"name":"wp","href":"https:\/\/api.w.org\/{rel}","templated":true}]}}