{"id":5692,"date":"2023-01-17T07:05:47","date_gmt":"2023-01-17T10:05:47","guid":{"rendered":"https:\/\/dedemesquita.com.br\/?p=5692"},"modified":"2023-01-17T07:33:30","modified_gmt":"2023-01-17T10:33:30","slug":"carlos-brito-deixa-a-tv-liberal-e-muitas-novidades-da-imprensa-na-regiao-metropolitana-de-belem","status":"publish","type":"post","link":"https:\/\/dedemesquita.com.br\/?p=5692","title":{"rendered":"Carlos Brito deixa a TV Liberal e muitas novidades da imprensa na Regi\u00e3o Metropolitana de Bel\u00e9m"},"content":{"rendered":"\n<p>E chega a ter\u00e7a-feira e com ela as atualiza\u00e7\u00f5es sobre a imprensa de Bel\u00e9m, Regi\u00e3o Metropolitana, do Par\u00e1 e do Brasil. \u00c9, eu estou de f\u00e9rias <em>[n\u00e3o te aborrece porque tu sabes onde eu estou&#8230;]<\/em>, mas minhas fontes est\u00e3o a todo vapor e me acordando de madrugada para mandar as informa\u00e7\u00f5es. A quem eu agrade\u00e7o penhoradamente! <\/p>\n\n\n\n<p><strong>Brito &#8211; <\/strong>A semana come\u00e7a com uma \u2018bomba\u2019. A sa\u00edda do rep\u00f3rter <strong>Carlos Brito<\/strong> da TV Liberal. Ele fica at\u00e9 esta sexta-feira, 20, naquela emissora, antes de transferir para a <strong>Record Bel\u00e9m<\/strong>, onde vai ocupar a vaga de rep\u00f3rter de rede que foi de <strong>Guilherme Mendes<\/strong>. Merecidamente para o Brito que \u00e9 um dos melhores rep\u00f3rteres do Par\u00e1.<\/p>\n\n\n<div class=\"wp-block-image\">\n<figure class=\"aligncenter size-full\"><img loading=\"lazy\" decoding=\"async\" width=\"1000\" height=\"806\" src=\"https:\/\/dedemesquita.com.br\/wp-content\/uploads\/2023\/01\/carlos.jpg\" alt=\"\" class=\"wp-image-5697\" srcset=\"https:\/\/dedemesquita.com.br\/wp-content\/uploads\/2023\/01\/carlos.jpg 1000w, https:\/\/dedemesquita.com.br\/wp-content\/uploads\/2023\/01\/carlos-768x619.jpg 768w\" sizes=\"(max-width: 1000px) 100vw, 1000px\" \/><figcaption class=\"wp-element-caption\">Carlos Brito em a\u00e7\u00e3o na reportagem <\/figcaption><\/figure><\/div>\n\n\n<p><strong>NOTA DA REDA\u00c7\u00c3O &#8211; <\/strong>E aqui vai um alerta para a <strong>TV Liberal<\/strong> que est\u00e1 perdendo v\u00e1rios e v\u00e1rios profissionais por conta dos baix\u00edssimos sal\u00e1rios que paga a todos. Desde 2019, essa emissora s\u00f3 faz perder jornalistas e a raz\u00e3o \u00e9 \u00fanica: <strong>os p\u00e9ssimos sal\u00e1rios pagos por l\u00e1<\/strong>. No final do ano passado, houve um convite para a grava\u00e7\u00e3o do bendito clipe das festas de Natal e Ano Novo, enviado aos funcion\u00e1rios pelo RH da empresa, que deixou a todos injuriados e constrangidos. Como &#8220;fazer festinha&#8221; de confraterniza\u00e7\u00e3o, for\u00e7ar sorrisos em um clipe de televis\u00e3o se as condi\u00e7\u00f5es de trabalho e sal\u00e1rios s\u00e3o as piores poss\u00edveis? Al\u00f4, <strong>empresa Grupo O Liberal<\/strong>, vamos nos ligar que o material <strong>HUMANO<\/strong> \u00e9 o mais importante em uma corpora\u00e7\u00e3o? <\/p>\n\n\n\n<p class=\"has-text-align-center\"><strong><em>ANANINDEUA, MARITUBA E BENEVIDES <\/em><\/strong><\/p>\n\n\n\n<p>O munic\u00edpio de Ananindeua acaba de completar 79 anos de emancipa\u00e7\u00e3o e tem muita novidade por l\u00e1, al\u00e9m de rotatividade intensa na comunica\u00e7\u00e3o. Ent\u00e3o, confere os \u00faltimos babados que rolam pela Rep\u00fablica de Ananindeua.<\/p>\n\n\n\n<p><strong>Jaques &#8211; <\/strong>O jornalista <strong>Jacques Menezes<\/strong> deixou comunica\u00e7\u00e3o da <strong>Prefeitura Municipal de Ananindeua &#8211; PMA<\/strong>, onde atuou como coordenador de jornalismo. O motivo n\u00e3o se sabe ainda, mas os cochichos dos bastidores indicam que o rapaz n\u00e3o aguentou a press\u00e3o da <strong>Ilma. Sra. Secret\u00e1ria de Comunica\u00e7\u00e3o<\/strong> [voc\u00eas sabem quem&#8230;]. Quem assumiu a vaga na coordena\u00e7\u00e3o foi <strong>Jorge Vidal<\/strong>, cuja voz j\u00e1 \u00e9 presente em v\u00eddeos institucionais da Prefeitura.<\/p>\n\n\n<div class=\"wp-block-image\">\n<figure class=\"aligncenter size-full\"><img loading=\"lazy\" decoding=\"async\" width=\"700\" height=\"466\" src=\"https:\/\/dedemesquita.com.br\/wp-content\/uploads\/2023\/01\/JACQUES_MENEZES.jpeg\" alt=\"\" class=\"wp-image-5698\" srcset=\"https:\/\/dedemesquita.com.br\/wp-content\/uploads\/2023\/01\/JACQUES_MENEZES.jpeg 700w, https:\/\/dedemesquita.com.br\/wp-content\/uploads\/2023\/01\/JACQUES_MENEZES-600x398.jpeg 600w\" sizes=\"(max-width: 700px) 100vw, 700px\" \/><figcaption class=\"wp-element-caption\">Jacques Menezes, dizem, n\u00e3o segurou a press\u00e3o na PMA <\/figcaption><\/figure><\/div>\n\n\n<p><strong>NOTA DA REDA\u00c7\u00c3O &#8211;<\/strong> <strong>Jorge Vidal<\/strong> dispensa apresenta\u00e7\u00f5es, n\u00e3o \u00e9? Quem acompanha este site\/blog sabe da treta envolvendo um certo <em>Control+C Control+V <\/em>que remonta de 2018 que provocou a demiss\u00e3o dele do portal <strong>Roma News, em menos de um m\u00eas de inaugura\u00e7\u00e3o daquele portal <\/strong>e de um famoso perfil fake nas redes sociais chamado <strong>Yara Costa<\/strong>, que deu at\u00e9 em <strong>Delegacia de Crimes Virtuais<\/strong>. <em>Fica de olho, Mamacita!!<\/em> Cuidado que o rapaz \u00e9 do tipo bem perigoso. Est\u00e1s vendo como eu sou tua amiga e aviso dos perigos que te rondam?<\/p>\n\n\n\n<p><strong>Ivana &#8211; Ivana Barreto<\/strong> tamb\u00e9m deixou a comunica\u00e7\u00e3o de Ananindeua e foi para bem longe. Digo, para o <strong>munic\u00edpio de Benevides<\/strong>, integrar a equipe de comunica\u00e7\u00e3o da prefeita <strong>Luziane Solon<\/strong>, e faz <em>freelas<\/em> por fora, porque ningu\u00e9m \u00e9 de ferro, n\u00e9 n\u00e3o?!<\/p>\n\n\n<div class=\"wp-block-image\">\n<figure class=\"aligncenter size-full\"><img loading=\"lazy\" decoding=\"async\" width=\"850\" height=\"793\" src=\"https:\/\/dedemesquita.com.br\/wp-content\/uploads\/2023\/01\/IVANA_BARRETO.jpeg\" alt=\"\" class=\"wp-image-5699\" srcset=\"https:\/\/dedemesquita.com.br\/wp-content\/uploads\/2023\/01\/IVANA_BARRETO.jpeg 850w, https:\/\/dedemesquita.com.br\/wp-content\/uploads\/2023\/01\/IVANA_BARRETO-768x716.jpeg 768w\" sizes=\"(max-width: 850px) 100vw, 850px\" \/><figcaption class=\"wp-element-caption\">Ivana Barreto teve passagem pela Secom-PA na gest\u00e3o Sim\u00e3o Jatene <\/figcaption><\/figure><\/div>\n\n\n<p><strong>Magry &#8211;<\/strong> Antes de Vidal e de Jacques, quem estava na coordena\u00e7\u00e3o de jornalismo da PMA era <strong>Madson Magry<\/strong>, bra\u00e7o direito de Mamacita Jackie Carrera. Por\u00e9m, ele n\u00e3o pensou duas vezes ao receber convite para <strong>chefiar a equipe de comunica\u00e7\u00e3o da prefeita de Marituba<\/strong> &#8211; que dizem perfeita, PPP &#8211; Patr\u00edcia Mendes, que, a prop\u00f3sito, sonha em ser indicada na sucess\u00e3o de Heldissss. Tu sonhas, n\u00e9, mana?<\/p>\n\n\n<div class=\"wp-block-image\">\n<figure class=\"aligncenter size-full\"><img loading=\"lazy\" decoding=\"async\" width=\"800\" height=\"565\" src=\"https:\/\/dedemesquita.com.br\/wp-content\/uploads\/2023\/01\/MADSON_MAGRY.jpeg\" alt=\"\" class=\"wp-image-5700\" srcset=\"https:\/\/dedemesquita.com.br\/wp-content\/uploads\/2023\/01\/MADSON_MAGRY.jpeg 800w, https:\/\/dedemesquita.com.br\/wp-content\/uploads\/2023\/01\/MADSON_MAGRY-768x542.jpeg 768w\" sizes=\"(max-width: 800px) 100vw, 800px\" \/><figcaption class=\"wp-element-caption\">Madson Magry <\/figcaption><\/figure><\/div>\n\n\n<p><strong>Bruno &#8211; <\/strong>Em Marituba, quem acaba de chegar por l\u00e1 \u00e9 o jornalista <strong>Bruno Henrique<\/strong>, <em>digital influencer <\/em>que n\u00e3o escondeu de ningu\u00e9m sua \u201cnova casa\u201d. &#8216;pera l\u00e1&#8217;, esse Bruno Henrique n\u00e3o \u00e9 o mesmo que vivia tretando no grupo Jornalistas Bel\u00e9m, no Facebook? <strong>Cartas para reda\u00e7\u00e3o, <em>plise<\/em><\/strong><\/p>\n\n\n<div class=\"wp-block-image\">\n<figure class=\"aligncenter size-full\"><img loading=\"lazy\" decoding=\"async\" width=\"700\" height=\"429\" src=\"https:\/\/dedemesquita.com.br\/wp-content\/uploads\/2023\/01\/BRUNO_HENRIQUE.jpeg\" alt=\"\" class=\"wp-image-5701\"\/><figcaption class=\"wp-element-caption\">Bruno Henrique ser\u00e1 fiel escudeiro de Patr\u00edcia PPP<\/figcaption><\/figure><\/div>\n\n\n<p><strong>Rachel &#8211; <\/strong>Enquanto a jornalista <strong>Rachel Oliveira<\/strong>, ex-Secom-PA, deixa a cidade de Marituba para al\u00e7ar voos mais altos em Santa Catarina, onde todo paraense desembarca para tentar uma vida melhor.<\/p>\n\n\n<div class=\"wp-block-image\">\n<figure class=\"aligncenter size-full\"><img loading=\"lazy\" decoding=\"async\" width=\"800\" height=\"616\" src=\"https:\/\/dedemesquita.com.br\/wp-content\/uploads\/2023\/01\/RACHEL_OLIVEIRA.jpeg\" alt=\"\" class=\"wp-image-5702\" srcset=\"https:\/\/dedemesquita.com.br\/wp-content\/uploads\/2023\/01\/RACHEL_OLIVEIRA.jpeg 800w, https:\/\/dedemesquita.com.br\/wp-content\/uploads\/2023\/01\/RACHEL_OLIVEIRA-768x591.jpeg 768w\" sizes=\"(max-width: 800px) 100vw, 800px\" \/><figcaption class=\"wp-element-caption\">Rachel \u00e9 mais um que se &#8220;mandou&#8221; para Santa Catarina. Boa sorte!!!<\/figcaption><\/figure><\/div>\n\n\n<p><strong>Raissa &#8211; <\/strong>Outra que n\u00e3o aguentou mais, digo, que deixou a equipe da PMA, foi <strong>Raissa Rebelo<\/strong> que fazia cobertura da agenda do atual prefeito de Ananindeua, Dr. Daniel, desde a \u00e9poca que ele foi presidente da <strong>Assembleia Legislativa do Par\u00e1 &#8211; Alepa<\/strong>. Ela assumiu a comunica\u00e7\u00e3o da presid\u00eancia do C<strong>onselho Regional de Engenharia e Agronomia do Par\u00e1 &#8211; CREA-PA<\/strong>. No lugar dela, ficou <strong>Gustavo Souza<\/strong>, <em>filmaker<\/em> que tamb\u00e9m arrasa na comunica\u00e7\u00e3o digital.<\/p>\n\n\n<div class=\"wp-block-image\">\n<figure class=\"aligncenter size-full\"><img loading=\"lazy\" decoding=\"async\" width=\"900\" height=\"661\" src=\"https:\/\/dedemesquita.com.br\/wp-content\/uploads\/2023\/01\/RAISSA_REBELO.jpeg\" alt=\"\" class=\"wp-image-5703\" srcset=\"https:\/\/dedemesquita.com.br\/wp-content\/uploads\/2023\/01\/RAISSA_REBELO.jpeg 900w, https:\/\/dedemesquita.com.br\/wp-content\/uploads\/2023\/01\/RAISSA_REBELO-768x564.jpeg 768w\" sizes=\"(max-width: 900px) 100vw, 900px\" \/><figcaption class=\"wp-element-caption\">Raissa Rebelo assessora a presid\u00eancia do CREA-PA<\/figcaption><\/figure><\/div>\n\n<div class=\"wp-block-image\">\n<figure class=\"aligncenter size-full\"><img loading=\"lazy\" decoding=\"async\" width=\"638\" height=\"437\" src=\"https:\/\/dedemesquita.com.br\/wp-content\/uploads\/2023\/01\/GUSTAVO_SOUZA.jpeg\" alt=\"\" class=\"wp-image-5704\"\/><figcaption class=\"wp-element-caption\">Gustavo Souza assumiu a vaga de Raissa <\/figcaption><\/figure><\/div>\n\n\n<p><strong>Lucas &#8211; Lucas Freitas<\/strong> tamb\u00e9m j\u00e1 passou pela equipe de comunica\u00e7\u00e3o da PMA, assessorando a imprensa por meio da Secretaria Municipal de Educa\u00e7\u00e3o &#8211; Semed, atualmente, est\u00e1 na <strong>Tribunal Regional do Trabalho da 8a. Regi\u00e3o &#8211; TRT-PA.<\/strong><\/p>\n\n\n<div class=\"wp-block-image\">\n<figure class=\"aligncenter size-full\"><img loading=\"lazy\" decoding=\"async\" width=\"800\" height=\"601\" src=\"https:\/\/dedemesquita.com.br\/wp-content\/uploads\/2023\/01\/LUCAS_FREITAS.jpeg\" alt=\"\" class=\"wp-image-5705\" srcset=\"https:\/\/dedemesquita.com.br\/wp-content\/uploads\/2023\/01\/LUCAS_FREITAS.jpeg 800w, https:\/\/dedemesquita.com.br\/wp-content\/uploads\/2023\/01\/LUCAS_FREITAS-768x577.jpeg 768w\" sizes=\"(max-width: 800px) 100vw, 800px\" \/><figcaption class=\"wp-element-caption\">Lucas Freitas est\u00e1 no TRT-PA<\/figcaption><\/figure><\/div>\n\n\n<p><strong>Nat\u00e1lia &#8211; <\/strong>A jornalista <strong>Nat\u00e1lia Nascimento<\/strong>, ex-Roma News, retornou de Arraial do Cabo &#8211; mais apaixonada pelo marid\u00e3o carioca &#8211; direto para os trabalhos. A pernambucana assume a <strong>comunica\u00e7\u00e3o da Secretaria Municipal de Desenvolvimento Econ\u00f4mico de Ananindeua &#8211; Sedec<\/strong>. Antes disso, fez parte da campanha da esposa do prefeito de Ananindeua, Dr. Daniel, a deputada federal eleita, Alessandra Haber \u2013 MDB, que j\u00e1 adiantou que n\u00e3o levar\u00e1 ningu\u00e9m do Par\u00e1 para seu gabinete em Bras\u00edlia e que ir\u00e1 contratar profissionais de imprensa de Bras\u00edlia (DF). Amigaaaa, mas assim&#8230;<\/p>\n\n\n<div class=\"wp-block-image\">\n<figure class=\"aligncenter size-full\"><img loading=\"lazy\" decoding=\"async\" width=\"800\" height=\"604\" src=\"https:\/\/dedemesquita.com.br\/wp-content\/uploads\/2023\/01\/NATALIA_NASCIMENTO.jpeg\" alt=\"\" class=\"wp-image-5706\" srcset=\"https:\/\/dedemesquita.com.br\/wp-content\/uploads\/2023\/01\/NATALIA_NASCIMENTO.jpeg 800w, https:\/\/dedemesquita.com.br\/wp-content\/uploads\/2023\/01\/NATALIA_NASCIMENTO-768x580.jpeg 768w\" sizes=\"(max-width: 800px) 100vw, 800px\" \/><figcaption class=\"wp-element-caption\">Nat\u00e1lia Nascimento <\/figcaption><\/figure><\/div>\n\n\n<p><strong><em>O U T R A S<\/em><\/strong> <\/p>\n\n\n\n<p><strong>Tiago &#8211;<\/strong> O jornalista <strong>Tiago Furtado<\/strong>, depois de 2 anos e 5 meses, terminou a trajet\u00f3ria na ag\u00eancia <strong>MassMedia<\/strong>, na qual atuou na assessoria de imprensa da empresa Norte Energia, em Altamira, em um per\u00edodo de grande aprendizado e crescimento profissional, segundo ele, em in\u00fameras as pautas e a\u00e7\u00f5es de relacionamento com a imprensa no M\u00e9dio Xingu, atendendo ve\u00edculos e colegas de imprensa de todo o Estado e de outras regi\u00f5es do Pa\u00eds.<\/p>\n\n\n<div class=\"wp-block-image\">\n<figure class=\"aligncenter size-full\"><img loading=\"lazy\" decoding=\"async\" width=\"700\" height=\"766\" src=\"https:\/\/dedemesquita.com.br\/wp-content\/uploads\/2023\/01\/THIAGO_FURTADO.jpg\" alt=\"\" class=\"wp-image-5707\"\/><figcaption class=\"wp-element-caption\">Tiago Furtado deixou a MassMedia <\/figcaption><\/figure><\/div>\n\n\n<p><strong>Coelho &#8211;<\/strong> <strong>Edson Coelho<\/strong>, que \u00e9 jornalista e escritor, \u00e9 mais um refor\u00e7o para a <strong>Comus\/ Ag\u00eancia Bel\u00e9m<\/strong>. Ele foi editor de cultura do jornal O Liberal e anteriormente, estava em Bragan\u00e7a. Ali\u00e1s, na \u00faltima quinta-feira, 12, ele lan\u00e7ou em Bel\u00e9m, com poesia e m\u00fasica, seu novo livro de poemas , <strong>\u201cFic\u00e7\u00f5es F\u00edsicas<\/strong>\u201d, no Espa\u00e7o Cultural Boiuna. <\/p>\n\n\n<div class=\"wp-block-image\">\n<figure class=\"aligncenter size-full\"><img loading=\"lazy\" decoding=\"async\" width=\"900\" height=\"571\" src=\"https:\/\/dedemesquita.com.br\/wp-content\/uploads\/2023\/01\/EDSON-1.jpg\" alt=\"\" class=\"wp-image-5714\" srcset=\"https:\/\/dedemesquita.com.br\/wp-content\/uploads\/2023\/01\/EDSON-1.jpg 900w, https:\/\/dedemesquita.com.br\/wp-content\/uploads\/2023\/01\/EDSON-1-768x487.jpg 768w\" sizes=\"(max-width: 900px) 100vw, 900px\" \/><figcaption class=\"wp-element-caption\">Edson Coelho (\u00e0 direita) e o professor da UFPA e jornalista F\u00e1bio Castro <\/figcaption><\/figure><\/div>\n\n\n<p><strong>Mendes &#8211; <\/strong>O jornalista <strong>Carlos Mendes<\/strong>, do site Ver-o-Fato, foi uma das personalidades agraciadas com a medalha da Ordem do M\u00e9rito Castelo Branco, no dia do anivers\u00e1rio de Bel\u00e9m, na quinta-feira, dia 12 de janeiro.<\/p>\n\n\n<div class=\"wp-block-image\">\n<figure class=\"aligncenter size-full\"><img loading=\"lazy\" decoding=\"async\" width=\"697\" height=\"455\" src=\"https:\/\/dedemesquita.com.br\/wp-content\/uploads\/2023\/01\/CARLOS_MENDES.jpg\" alt=\"\" class=\"wp-image-5710\"\/><figcaption class=\"wp-element-caption\">Carlos Mendes recebeu a comenda das m\u00e3os do prefeito Ed <\/figcaption><\/figure><\/div>\n\n\n<p><strong>Gallindo &#8211; <\/strong>Faleceu, na quarta-feira, 11, o jornalista e cineasta carioca, mas paraense de ado\u00e7\u00e3o e cora\u00e7\u00e3o, <strong>Afonso Gallindo<\/strong>, aos 53 anos, ap\u00f3s dura batalha contra o c\u00e2ncer. Ultimamente, ele coordenava a televis\u00e3o da Assembleia Legislativa do Par\u00e1 &#8211; Alepa.<\/p>\n\n\n<div class=\"wp-block-image\">\n<figure class=\"aligncenter size-full\"><img loading=\"lazy\" decoding=\"async\" width=\"900\" height=\"652\" src=\"https:\/\/dedemesquita.com.br\/wp-content\/uploads\/2023\/01\/AFONSO_GALLINDO.jpeg\" alt=\"\" class=\"wp-image-5708\" srcset=\"https:\/\/dedemesquita.com.br\/wp-content\/uploads\/2023\/01\/AFONSO_GALLINDO.jpeg 900w, https:\/\/dedemesquita.com.br\/wp-content\/uploads\/2023\/01\/AFONSO_GALLINDO-768x556.jpeg 768w\" sizes=\"(max-width: 900px) 100vw, 900px\" \/><figcaption class=\"wp-element-caption\">Afonso Gallindo j\u00e1 faz uma imensa falta a todos <\/figcaption><\/figure><\/div>\n\n\n<p><\/p>\n","protected":false},"excerpt":{"rendered":"<p>E chega a ter\u00e7a-feira e com ela as atualiza\u00e7\u00f5es sobre a imprensa de Bel\u00e9m, Regi\u00e3o Metropolitana, do Par\u00e1 e do Brasil. \u00c9, eu estou de f\u00e9rias [n\u00e3o te aborrece porque tu sabes onde eu estou&#8230;], mas minhas fontes est\u00e3o a todo vapor e me acordando de madrugada para mandar as informa\u00e7\u00f5es. A quem eu agrade\u00e7o [&hellip;]<\/p>\n","protected":false},"author":2,"featured_media":5696,"comment_status":"open","ping_status":"open","sticky":false,"template":"","format":"standard","meta":{"footnotes":""},"categories":[15,51,14,29],"tags":[136,119,120,359,273,202,138,150,137],"class_list":["post-5692","post","type-post","status-publish","format-standard","has-post-thumbnail","hentry","category-belem","category-destaque","category-imprensa","category-jornalismo","tag-comus-agencia-belem","tag-jornalismo","tag-jornalistas-paraenses-em-acao","tag-massmedia","tag-prefeitura-de-ananindeua","tag-prefeitura-de-marituba","tag-record-belem","tag-secom-pa","tag-tv-liberal"],"yoast_head":"<!-- This site is optimized with the Yoast SEO plugin v19.10 - https:\/\/yoast.com\/wordpress\/plugins\/seo\/ -->\n<title>Carlos Brito deixa a TV Liberal e muitas novidades da imprensa na Regi\u00e3o Metropolitana de Bel\u00e9m - Ded\u00e9 Mesquita<\/title>\n<meta name=\"robots\" content=\"index, follow, max-snippet:-1, max-image-preview:large, max-video-preview:-1\" \/>\n<link rel=\"canonical\" href=\"https:\/\/dedemesquita.com.br\/?p=5692\" \/>\n<meta property=\"og:locale\" content=\"pt_BR\" \/>\n<meta property=\"og:type\" content=\"article\" \/>\n<meta property=\"og:title\" content=\"Carlos Brito deixa a TV Liberal e muitas novidades da imprensa na Regi\u00e3o Metropolitana de Bel\u00e9m - Ded\u00e9 Mesquita\" \/>\n<meta property=\"og:description\" content=\"E chega a ter\u00e7a-feira e com ela as atualiza\u00e7\u00f5es sobre a imprensa de Bel\u00e9m, Regi\u00e3o Metropolitana, do Par\u00e1 e do Brasil. \u00c9, eu estou de f\u00e9rias [n\u00e3o te aborrece porque tu sabes onde eu estou&#8230;], mas minhas fontes est\u00e3o a todo vapor e me acordando de madrugada para mandar as informa\u00e7\u00f5es. A quem eu agrade\u00e7o [&hellip;]\" \/>\n<meta property=\"og:url\" content=\"https:\/\/dedemesquita.com.br\/?p=5692\" \/>\n<meta property=\"og:site_name\" content=\"Ded\u00e9 Mesquita\" \/>\n<meta property=\"article:publisher\" content=\"https:\/\/www.facebook.com\/dede.mesquita\" \/>\n<meta property=\"article:published_time\" content=\"2023-01-17T10:05:47+00:00\" \/>\n<meta property=\"article:modified_time\" content=\"2023-01-17T10:33:30+00:00\" \/>\n<meta property=\"og:image\" content=\"https:\/\/dedemesquita.com.br\/wp-content\/uploads\/2023\/01\/CARLOS_BRITO.jpg\" \/>\n\t<meta property=\"og:image:width\" content=\"719\" \/>\n\t<meta property=\"og:image:height\" content=\"476\" \/>\n\t<meta property=\"og:image:type\" content=\"image\/jpeg\" \/>\n<meta name=\"author\" content=\"Ded\u00e9 Mesquita\" \/>\n<meta name=\"twitter:card\" content=\"summary_large_image\" \/>\n<meta name=\"twitter:creator\" content=\"@dedemesquita\" \/>\n<meta name=\"twitter:site\" content=\"@dedemesquita\" \/>\n<meta name=\"twitter:label1\" content=\"Escrito por\" \/>\n\t<meta name=\"twitter:data1\" content=\"Ded\u00e9 Mesquita\" \/>\n\t<meta name=\"twitter:label2\" content=\"Est. tempo de leitura\" \/>\n\t<meta name=\"twitter:data2\" content=\"9 minutos\" \/>\n<script type=\"application\/ld+json\" class=\"yoast-schema-graph\">{\"@context\":\"https:\/\/schema.org\",\"@graph\":[{\"@type\":\"WebPage\",\"@id\":\"https:\/\/dedemesquita.com.br\/?p=5692\",\"url\":\"https:\/\/dedemesquita.com.br\/?p=5692\",\"name\":\"Carlos Brito deixa a TV Liberal e muitas novidades da imprensa na Regi\u00e3o Metropolitana de Bel\u00e9m - Ded\u00e9 Mesquita\",\"isPartOf\":{\"@id\":\"https:\/\/dedemesquita.com.br\/#website\"},\"datePublished\":\"2023-01-17T10:05:47+00:00\",\"dateModified\":\"2023-01-17T10:33:30+00:00\",\"author\":{\"@id\":\"https:\/\/dedemesquita.com.br\/#\/schema\/person\/36571f81dd2d76dc3ab37231542c9e24\"},\"breadcrumb\":{\"@id\":\"https:\/\/dedemesquita.com.br\/?p=5692#breadcrumb\"},\"inLanguage\":\"pt-BR\",\"potentialAction\":[{\"@type\":\"ReadAction\",\"target\":[\"https:\/\/dedemesquita.com.br\/?p=5692\"]}]},{\"@type\":\"BreadcrumbList\",\"@id\":\"https:\/\/dedemesquita.com.br\/?p=5692#breadcrumb\",\"itemListElement\":[{\"@type\":\"ListItem\",\"position\":1,\"name\":\"In\u00edcio\",\"item\":\"https:\/\/dedemesquita.com.br\/\"},{\"@type\":\"ListItem\",\"position\":2,\"name\":\"Carlos Brito deixa a TV Liberal e muitas novidades da imprensa na Regi\u00e3o Metropolitana de Bel\u00e9m\"}]},{\"@type\":\"WebSite\",\"@id\":\"https:\/\/dedemesquita.com.br\/#website\",\"url\":\"https:\/\/dedemesquita.com.br\/\",\"name\":\"Ded\u00e9 Mesquita\",\"description\":\"Um site que mostra os bastidores da imprensa no estado do Par\u00e1 e em Bel\u00e9m\",\"potentialAction\":[{\"@type\":\"SearchAction\",\"target\":{\"@type\":\"EntryPoint\",\"urlTemplate\":\"https:\/\/dedemesquita.com.br\/?s={search_term_string}\"},\"query-input\":\"required name=search_term_string\"}],\"inLanguage\":\"pt-BR\"},{\"@type\":\"Person\",\"@id\":\"https:\/\/dedemesquita.com.br\/#\/schema\/person\/36571f81dd2d76dc3ab37231542c9e24\",\"name\":\"Ded\u00e9 Mesquita\",\"image\":{\"@type\":\"ImageObject\",\"inLanguage\":\"pt-BR\",\"@id\":\"https:\/\/dedemesquita.com.br\/#\/schema\/person\/image\/\",\"url\":\"https:\/\/dedemesquita.com.br\/wp-content\/uploads\/2021\/02\/foto_perfil-150x150.jpg\",\"contentUrl\":\"https:\/\/dedemesquita.com.br\/wp-content\/uploads\/2021\/02\/foto_perfil-150x150.jpg\",\"caption\":\"Ded\u00e9 Mesquita\"},\"sameAs\":[\"https:\/\/dedemesquita.com.br\"]}]}<\/script>\n<!-- \/ Yoast SEO plugin. -->","yoast_head_json":{"title":"Carlos Brito deixa a TV Liberal e muitas novidades da imprensa na Regi\u00e3o Metropolitana de Bel\u00e9m - Ded\u00e9 Mesquita","robots":{"index":"index","follow":"follow","max-snippet":"max-snippet:-1","max-image-preview":"max-image-preview:large","max-video-preview":"max-video-preview:-1"},"canonical":"https:\/\/dedemesquita.com.br\/?p=5692","og_locale":"pt_BR","og_type":"article","og_title":"Carlos Brito deixa a TV Liberal e muitas novidades da imprensa na Regi\u00e3o Metropolitana de Bel\u00e9m - Ded\u00e9 Mesquita","og_description":"E chega a ter\u00e7a-feira e com ela as atualiza\u00e7\u00f5es sobre a imprensa de Bel\u00e9m, Regi\u00e3o Metropolitana, do Par\u00e1 e do Brasil. \u00c9, eu estou de f\u00e9rias [n\u00e3o te aborrece porque tu sabes onde eu estou&#8230;], mas minhas fontes est\u00e3o a todo vapor e me acordando de madrugada para mandar as informa\u00e7\u00f5es. A quem eu agrade\u00e7o [&hellip;]","og_url":"https:\/\/dedemesquita.com.br\/?p=5692","og_site_name":"Ded\u00e9 Mesquita","article_publisher":"https:\/\/www.facebook.com\/dede.mesquita","article_published_time":"2023-01-17T10:05:47+00:00","article_modified_time":"2023-01-17T10:33:30+00:00","og_image":[{"width":719,"height":476,"url":"https:\/\/dedemesquita.com.br\/wp-content\/uploads\/2023\/01\/CARLOS_BRITO.jpg","type":"image\/jpeg"}],"author":"Ded\u00e9 Mesquita","twitter_card":"summary_large_image","twitter_creator":"@dedemesquita","twitter_site":"@dedemesquita","twitter_misc":{"Escrito por":"Ded\u00e9 Mesquita","Est. tempo de leitura":"9 minutos"},"schema":{"@context":"https:\/\/schema.org","@graph":[{"@type":"WebPage","@id":"https:\/\/dedemesquita.com.br\/?p=5692","url":"https:\/\/dedemesquita.com.br\/?p=5692","name":"Carlos Brito deixa a TV Liberal e muitas novidades da imprensa na Regi\u00e3o Metropolitana de Bel\u00e9m - Ded\u00e9 Mesquita","isPartOf":{"@id":"https:\/\/dedemesquita.com.br\/#website"},"datePublished":"2023-01-17T10:05:47+00:00","dateModified":"2023-01-17T10:33:30+00:00","author":{"@id":"https:\/\/dedemesquita.com.br\/#\/schema\/person\/36571f81dd2d76dc3ab37231542c9e24"},"breadcrumb":{"@id":"https:\/\/dedemesquita.com.br\/?p=5692#breadcrumb"},"inLanguage":"pt-BR","potentialAction":[{"@type":"ReadAction","target":["https:\/\/dedemesquita.com.br\/?p=5692"]}]},{"@type":"BreadcrumbList","@id":"https:\/\/dedemesquita.com.br\/?p=5692#breadcrumb","itemListElement":[{"@type":"ListItem","position":1,"name":"In\u00edcio","item":"https:\/\/dedemesquita.com.br\/"},{"@type":"ListItem","position":2,"name":"Carlos Brito deixa a TV Liberal e muitas novidades da imprensa na Regi\u00e3o Metropolitana de Bel\u00e9m"}]},{"@type":"WebSite","@id":"https:\/\/dedemesquita.com.br\/#website","url":"https:\/\/dedemesquita.com.br\/","name":"Ded\u00e9 Mesquita","description":"Um site que mostra os bastidores da imprensa no estado do Par\u00e1 e em Bel\u00e9m","potentialAction":[{"@type":"SearchAction","target":{"@type":"EntryPoint","urlTemplate":"https:\/\/dedemesquita.com.br\/?s={search_term_string}"},"query-input":"required name=search_term_string"}],"inLanguage":"pt-BR"},{"@type":"Person","@id":"https:\/\/dedemesquita.com.br\/#\/schema\/person\/36571f81dd2d76dc3ab37231542c9e24","name":"Ded\u00e9 Mesquita","image":{"@type":"ImageObject","inLanguage":"pt-BR","@id":"https:\/\/dedemesquita.com.br\/#\/schema\/person\/image\/","url":"https:\/\/dedemesquita.com.br\/wp-content\/uploads\/2021\/02\/foto_perfil-150x150.jpg","contentUrl":"https:\/\/dedemesquita.com.br\/wp-content\/uploads\/2021\/02\/foto_perfil-150x150.jpg","caption":"Ded\u00e9 Mesquita"},"sameAs":["https:\/\/dedemesquita.com.br"]}]}},"_links":{"self":[{"href":"https:\/\/dedemesquita.com.br\/index.php?rest_route=\/wp\/v2\/posts\/5692"}],"collection":[{"href":"https:\/\/dedemesquita.com.br\/index.php?rest_route=\/wp\/v2\/posts"}],"about":[{"href":"https:\/\/dedemesquita.com.br\/index.php?rest_route=\/wp\/v2\/types\/post"}],"author":[{"embeddable":true,"href":"https:\/\/dedemesquita.com.br\/index.php?rest_route=\/wp\/v2\/users\/2"}],"replies":[{"embeddable":true,"href":"https:\/\/dedemesquita.com.br\/index.php?rest_route=%2Fwp%2Fv2%2Fcomments&post=5692"}],"version-history":[{"count":7,"href":"https:\/\/dedemesquita.com.br\/index.php?rest_route=\/wp\/v2\/posts\/5692\/revisions"}],"predecessor-version":[{"id":5717,"href":"https:\/\/dedemesquita.com.br\/index.php?rest_route=\/wp\/v2\/posts\/5692\/revisions\/5717"}],"wp:featuredmedia":[{"embeddable":true,"href":"https:\/\/dedemesquita.com.br\/index.php?rest_route=\/wp\/v2\/media\/5696"}],"wp:attachment":[{"href":"https:\/\/dedemesquita.com.br\/index.php?rest_route=%2Fwp%2Fv2%2Fmedia&parent=5692"}],"wp:term":[{"taxonomy":"category","embeddable":true,"href":"https:\/\/dedemesquita.com.br\/index.php?rest_route=%2Fwp%2Fv2%2Fcategories&post=5692"},{"taxonomy":"post_tag","embeddable":true,"href":"https:\/\/dedemesquita.com.br\/index.php?rest_route=%2Fwp%2Fv2%2Ftags&post=5692"}],"curies":[{"name":"wp","href":"https:\/\/api.w.org\/{rel}","templated":true}]}}