{"id":5657,"date":"2022-12-21T12:13:28","date_gmt":"2022-12-21T15:13:28","guid":{"rendered":"https:\/\/dedemesquita.com.br\/?p=5657"},"modified":"2022-12-21T12:13:29","modified_gmt":"2022-12-21T15:13:29","slug":"grupo-o-liberal-define-novo-diretor-de-conteudo-e-mais-novidades-da-imprensa-em-belem","status":"publish","type":"post","link":"https:\/\/dedemesquita.com.br\/?p=5657","title":{"rendered":"Grupo O Liberal define novo diretor de conte\u00fado e mais novidades da imprensa em Bel\u00e9m"},"content":{"rendered":"\n<p>Atualiza\u00e7\u00f5es sobre as reda\u00e7\u00f5es de Bel\u00e9m na quarta-feira? Temos! Segue a\u00ed&#8230;<\/p>\n\n\n\n<p><strong>O Liberal &#8211; <\/strong>Eis que o suspense se encerrou. Na ter\u00e7a-feira, 20, o Grupo O Liberal definiu e divulgou \u00e0 reda\u00e7\u00e3o o nome do substituto de Daniel Nardin, no cargo de diretor de conte\u00fado. O grupo optou por uma solu\u00e7\u00e3o mais &#8220;dom\u00e9stica&#8221; e al\u00e7ou o jornalista <strong>Felipe Melo<\/strong>, que estava ocupando o cargo de editor-chefe do jornal O Liberal, para essa miss\u00e3o. E para o lugar de Melo, o nome \u00e9 o de <strong>L\u00e1zaro Magalh\u00e3es<\/strong>, que tamb\u00e9m j\u00e1 est\u00e1 no grupo h\u00e1 bastante tempo. <\/p>\n\n\n<div class=\"wp-block-image\">\n<figure class=\"aligncenter size-full\"><img loading=\"lazy\" decoding=\"async\" width=\"543\" height=\"511\" src=\"https:\/\/dedemesquita.com.br\/wp-content\/uploads\/2022\/12\/felipe_melo.png\" alt=\"\" class=\"wp-image-5668\"\/><figcaption class=\"wp-element-caption\">Felipe Melo \u00e9 o novo diretor de conte\u00fado do grupo O Liberal, em substitui\u00e7\u00e3o a Daniel Nardin <\/figcaption><\/figure><\/div>\n\n<div class=\"wp-block-image\">\n<figure class=\"aligncenter size-full\"><img loading=\"lazy\" decoding=\"async\" width=\"435\" height=\"490\" src=\"https:\/\/dedemesquita.com.br\/wp-content\/uploads\/2022\/12\/lazaro_magalhaes.png\" alt=\"\" class=\"wp-image-5665\"\/><figcaption class=\"wp-element-caption\">L\u00e1zaro Magalh\u00e3es \u00e9 o novo editor-chefe do jornal O Liberal <\/figcaption><\/figure><\/div>\n\n\n<p><strong>Felipe Jorge de Melo<\/strong> \u00e9 jornalista formado pela UFPA. Teve uma passagem pelo jornal A Voz de Nazar\u00e9, mas passou ao grupo O Liberal, h\u00e1 mais de 10 anos. Por muito tempo, ele coordenou e editou a revista Amaz\u00f4nia Viva, encartada em O Liberal, e muitas das reportagens desse ve\u00edculo foram premiadas. Depois, se manteve na edi\u00e7\u00e3o de O Liberal. Ultimamente, ele estava substituindo o jornalista <strong>Cary John<\/strong>, na editoria-chefe do LIB, porque o Cary se afastou da reda\u00e7\u00e3o por motivo de sa\u00fade. <\/p>\n\n\n\n<p>O site deseja muita boa sorte ao <strong>Felipe<\/strong>, um grande cara e muito competente, e sucesso. Muito sucesso! O mesmo tamb\u00e9m para o L\u00e1zaro. <\/p>\n\n\n\n<p><strong>Mudan\u00e7a na RBA &#8211;<\/strong> A jornalista <strong>T\u00e2mela Almeida<\/strong>, depois de um bom par de anos, deixou a RBA TV. A despedida dela foi na sexta-feira, dia 16. Ela troca de emissora e passa a atuar na Record Bel\u00e9m. Para o lugar da T\u00e2mela, quem assume \u00e9 o <strong>Den\u00edlson D\u00b4Almeida<\/strong> que foi \u201crecrutado\u201d para essa miss\u00e3o pelo diretor de jornalismo da RBA, \u00c1lvaro Borges.<\/p>\n\n\n<div class=\"wp-block-image\">\n<figure class=\"aligncenter size-full\"><img loading=\"lazy\" decoding=\"async\" width=\"900\" height=\"615\" src=\"https:\/\/dedemesquita.com.br\/wp-content\/uploads\/2022\/12\/TAMELA_despedida.jpg\" alt=\"\" class=\"wp-image-5663\" srcset=\"https:\/\/dedemesquita.com.br\/wp-content\/uploads\/2022\/12\/TAMELA_despedida.jpg 900w, https:\/\/dedemesquita.com.br\/wp-content\/uploads\/2022\/12\/TAMELA_despedida-768x525.jpg 768w\" sizes=\"(max-width: 900px) 100vw, 900px\" \/><figcaption class=\"wp-element-caption\">Despedida da T\u00e2mela dos colegas da RBA TV <\/figcaption><\/figure><\/div>\n\n<div class=\"wp-block-image\">\n<figure class=\"aligncenter size-full\"><img loading=\"lazy\" decoding=\"async\" width=\"716\" height=\"711\" src=\"https:\/\/dedemesquita.com.br\/wp-content\/uploads\/2022\/12\/DENSILSON_TAMELA.jpeg\" alt=\"\" class=\"wp-image-5664\" srcset=\"https:\/\/dedemesquita.com.br\/wp-content\/uploads\/2022\/12\/DENSILSON_TAMELA.jpeg 716w, https:\/\/dedemesquita.com.br\/wp-content\/uploads\/2022\/12\/DENSILSON_TAMELA-150x150.jpeg 150w\" sizes=\"(max-width: 716px) 100vw, 716px\" \/><figcaption class=\"wp-element-caption\">Den\u00edlson d\u00b4Almeida substitui T\u00e2mela Almeida na RBA TV, no programa &#8220;Bora Cidade&#8221; <\/figcaption><\/figure><\/div>\n\n\n<p><strong>Feira do Som &#8211; <\/strong>Como j\u00e1 informado por este site, depois de 50 anos, se encerrou o programa Feira do Som, comandado por <strong>Edgar Augusto<\/strong>, na r\u00e1dio Cultura FM. Agora, o programa ir\u00e1 migrar para as redes sociais, precisamente o Instagram. O perfil \u00e9 este aqui: <a href=\"https:\/\/www.instagram.com\/feiradosom\/\"><strong>https:\/\/www.instagram.com\/feiradosom\/<\/strong><\/a><\/p>\n\n\n<div class=\"wp-block-image\">\n<figure class=\"aligncenter size-full\"><img loading=\"lazy\" decoding=\"async\" width=\"431\" height=\"506\" src=\"https:\/\/dedemesquita.com.br\/wp-content\/uploads\/2022\/12\/edgar_augusto.png\" alt=\"\" class=\"wp-image-5661\"\/><figcaption class=\"wp-element-caption\">Edgar Augusto leva a Feira do Som para o Instagram<\/figcaption><\/figure><\/div>\n\n\n<p><strong>Novo programa &#8211;<\/strong> No hor\u00e1rio da Feira do Som, na r\u00e1dio Cultura FM, no dia 2 de janeiro, haver\u00e1 a estreia do<strong> programa &#8220;Balaio&#8221;<\/strong>, no mesmo hor\u00e1rio que foi da Feira, desde o in\u00edcio da Cultura FM, em 1985. A proposta \u00e9 a de seguir com o esp\u00edrito da Feira do Som, ofertando um card\u00e1pio sonoro variado para o ouvinte dessa r\u00e1dio p\u00fablica do Estado, e sendo a plataforma de lan\u00e7amentos dos artistas da m\u00fasica paraense e tamb\u00e9m, claro, da MPB. A apresenta\u00e7\u00e3o, agora, sim, \u00e9 do jornalista<strong> Arthur Castro<\/strong>, a quem o site deseja as melhores vibra\u00e7\u00f5es e votos de muito sucesso. <\/p>\n\n\n<div class=\"wp-block-image\">\n<figure class=\"aligncenter size-full\"><img loading=\"lazy\" decoding=\"async\" width=\"545\" height=\"541\" src=\"https:\/\/dedemesquita.com.br\/wp-content\/uploads\/2022\/12\/ARTHUR_CASTRO.png\" alt=\"\" class=\"wp-image-5662\" srcset=\"https:\/\/dedemesquita.com.br\/wp-content\/uploads\/2022\/12\/ARTHUR_CASTRO.png 545w, https:\/\/dedemesquita.com.br\/wp-content\/uploads\/2022\/12\/ARTHUR_CASTRO-150x150.png 150w\" sizes=\"(max-width: 545px) 100vw, 545px\" \/><figcaption class=\"wp-element-caption\">Arthur Castro vai apresentar o programa &#8220;Balaio&#8221;, na r\u00e1dio Cultura FM <\/figcaption><\/figure><\/div>\n\n\n<p><strong>Mais uma beb\u00ea &#8211; <\/strong>O publicit\u00e1rio <strong>Bernardo Magalh\u00e3es<\/strong> \u00e9 o feliz papai de <strong>Gaia<\/strong>, a primeira filha dele e de Mariana Faro. Al\u00e9m disso, a menina \u00e9 a segunda neta da jornalista <strong>Myrian Magalh\u00e3es<\/strong> e sobrinha do tamb\u00e9m jornalista <strong>Leonardo Aquino<\/strong>, que mora em Recife (PE). Fam\u00edlia toda em festa. Parab\u00e9ns.<\/p>\n\n\n<div class=\"wp-block-image\">\n<figure class=\"aligncenter size-full\"><img loading=\"lazy\" decoding=\"async\" width=\"900\" height=\"649\" src=\"https:\/\/dedemesquita.com.br\/wp-content\/uploads\/2022\/12\/BERNARDO_MAGALHAES.jpg\" alt=\"\" class=\"wp-image-5666\" srcset=\"https:\/\/dedemesquita.com.br\/wp-content\/uploads\/2022\/12\/BERNARDO_MAGALHAES.jpg 900w, https:\/\/dedemesquita.com.br\/wp-content\/uploads\/2022\/12\/BERNARDO_MAGALHAES-768x554.jpg 768w\" sizes=\"(max-width: 900px) 100vw, 900px\" \/><figcaption class=\"wp-element-caption\">Bernardo Magalh\u00e3es, Mariana e pequena Gaia. Felicidades! <\/figcaption><\/figure><\/div>\n\n\n<p><strong>Exposi\u00e7\u00e3o &#8211;<\/strong> Foi aberta na ter\u00e7a-feira, 20, na galeria Fidanza, no Museu de Arte Sacra, a exposi\u00e7\u00e3o \u201cMarujada\u201d, sobre a festa de S\u00e3o Benedito, em Bragan\u00e7a, regi\u00e3o nordeste do Par\u00e1. Tem a participa\u00e7\u00e3o de v\u00e1rios fot\u00f3grafos, entre eles, <strong>Ursula Bahia<\/strong>; <strong>Flavio Contente<\/strong>, que \u00e9 de Bragan\u00e7a e trabalha no jornal O Liberal; Guy Veloso; Janduari Sim\u00f5es; <strong>Wagner Santana<\/strong>, que \u00e9 do jornal Di\u00e1rio do Par\u00e1; e outros.<\/p>\n\n\n<div class=\"wp-block-image\">\n<figure class=\"aligncenter size-full\"><img loading=\"lazy\" decoding=\"async\" width=\"850\" height=\"478\" src=\"https:\/\/dedemesquita.com.br\/wp-content\/uploads\/2022\/12\/WhatsApp-Image-2022-12-21-at-11.41.34.jpeg\" alt=\"\" class=\"wp-image-5669\" srcset=\"https:\/\/dedemesquita.com.br\/wp-content\/uploads\/2022\/12\/WhatsApp-Image-2022-12-21-at-11.41.34.jpeg 850w, https:\/\/dedemesquita.com.br\/wp-content\/uploads\/2022\/12\/WhatsApp-Image-2022-12-21-at-11.41.34-768x432.jpeg 768w\" sizes=\"(max-width: 850px) 100vw, 850px\" \/><figcaption class=\"wp-element-caption\">Wagner Santana e Emanuel Franco, curador da exposi\u00e7\u00e3o &#8220;Marujada&#8221;<\/figcaption><\/figure><\/div>\n\n<div class=\"wp-block-image\">\n<figure class=\"aligncenter size-full\"><img loading=\"lazy\" decoding=\"async\" width=\"720\" height=\"900\" src=\"https:\/\/dedemesquita.com.br\/wp-content\/uploads\/2022\/12\/MARUJADA.jpeg\" alt=\"\" class=\"wp-image-5660\"\/><figcaption class=\"wp-element-caption\">Cartaz da exposi\u00e7\u00e3o que foi aberta na galeria Fidanza <\/figcaption><\/figure><\/div>","protected":false},"excerpt":{"rendered":"<p>Atualiza\u00e7\u00f5es sobre as reda\u00e7\u00f5es de Bel\u00e9m na quarta-feira? Temos! Segue a\u00ed&#8230; O Liberal &#8211; Eis que o suspense se encerrou. Na ter\u00e7a-feira, 20, o Grupo O Liberal definiu e divulgou \u00e0 reda\u00e7\u00e3o o nome do substituto de Daniel Nardin, no cargo de diretor de conte\u00fado. O grupo optou por uma solu\u00e7\u00e3o mais &#8220;dom\u00e9stica&#8221; e al\u00e7ou [&hellip;]<\/p>\n","protected":false},"author":2,"featured_media":5667,"comment_status":"open","ping_status":"open","sticky":false,"template":"","format":"standard","meta":{"footnotes":""},"categories":[51,14,29],"tags":[119,120,144,145,138],"class_list":["post-5657","post","type-post","status-publish","format-standard","has-post-thumbnail","hentry","category-destaque","category-imprensa","category-jornalismo","tag-jornalismo","tag-jornalistas-paraenses-em-acao","tag-o-liberal","tag-rbatv","tag-record-belem"],"yoast_head":"<!-- This site is optimized with the Yoast SEO plugin v19.10 - https:\/\/yoast.com\/wordpress\/plugins\/seo\/ -->\n<title>Grupo O Liberal define novo diretor de conte\u00fado e mais novidades da imprensa em Bel\u00e9m - Ded\u00e9 Mesquita<\/title>\n<meta name=\"robots\" content=\"index, follow, max-snippet:-1, max-image-preview:large, max-video-preview:-1\" \/>\n<link rel=\"canonical\" href=\"https:\/\/dedemesquita.com.br\/?p=5657\" \/>\n<meta property=\"og:locale\" content=\"pt_BR\" \/>\n<meta property=\"og:type\" content=\"article\" \/>\n<meta property=\"og:title\" content=\"Grupo O Liberal define novo diretor de conte\u00fado e mais novidades da imprensa em Bel\u00e9m - Ded\u00e9 Mesquita\" \/>\n<meta property=\"og:description\" content=\"Atualiza\u00e7\u00f5es sobre as reda\u00e7\u00f5es de Bel\u00e9m na quarta-feira? Temos! Segue a\u00ed&#8230; O Liberal &#8211; Eis que o suspense se encerrou. Na ter\u00e7a-feira, 20, o Grupo O Liberal definiu e divulgou \u00e0 reda\u00e7\u00e3o o nome do substituto de Daniel Nardin, no cargo de diretor de conte\u00fado. O grupo optou por uma solu\u00e7\u00e3o mais &#8220;dom\u00e9stica&#8221; e al\u00e7ou [&hellip;]\" \/>\n<meta property=\"og:url\" content=\"https:\/\/dedemesquita.com.br\/?p=5657\" \/>\n<meta property=\"og:site_name\" content=\"Ded\u00e9 Mesquita\" \/>\n<meta property=\"article:publisher\" content=\"https:\/\/www.facebook.com\/dede.mesquita\" \/>\n<meta property=\"article:published_time\" content=\"2022-12-21T15:13:28+00:00\" \/>\n<meta property=\"article:modified_time\" content=\"2022-12-21T15:13:29+00:00\" \/>\n<meta property=\"og:image\" content=\"https:\/\/dedemesquita.com.br\/wp-content\/uploads\/2022\/12\/WhatsApp-Image-2022-12-21-at-11.41.07.jpeg\" \/>\n\t<meta property=\"og:image:width\" content=\"850\" \/>\n\t<meta property=\"og:image:height\" content=\"546\" \/>\n\t<meta property=\"og:image:type\" content=\"image\/jpeg\" \/>\n<meta name=\"author\" content=\"Ded\u00e9 Mesquita\" \/>\n<meta name=\"twitter:card\" content=\"summary_large_image\" \/>\n<meta name=\"twitter:creator\" content=\"@dedemesquita\" \/>\n<meta name=\"twitter:site\" content=\"@dedemesquita\" \/>\n<meta name=\"twitter:label1\" content=\"Escrito por\" \/>\n\t<meta name=\"twitter:data1\" content=\"Ded\u00e9 Mesquita\" \/>\n\t<meta name=\"twitter:label2\" content=\"Est. tempo de leitura\" \/>\n\t<meta name=\"twitter:data2\" content=\"6 minutos\" \/>\n<script type=\"application\/ld+json\" class=\"yoast-schema-graph\">{\"@context\":\"https:\/\/schema.org\",\"@graph\":[{\"@type\":\"WebPage\",\"@id\":\"https:\/\/dedemesquita.com.br\/?p=5657\",\"url\":\"https:\/\/dedemesquita.com.br\/?p=5657\",\"name\":\"Grupo O Liberal define novo diretor de conte\u00fado e mais novidades da imprensa em Bel\u00e9m - Ded\u00e9 Mesquita\",\"isPartOf\":{\"@id\":\"https:\/\/dedemesquita.com.br\/#website\"},\"datePublished\":\"2022-12-21T15:13:28+00:00\",\"dateModified\":\"2022-12-21T15:13:29+00:00\",\"author\":{\"@id\":\"https:\/\/dedemesquita.com.br\/#\/schema\/person\/36571f81dd2d76dc3ab37231542c9e24\"},\"breadcrumb\":{\"@id\":\"https:\/\/dedemesquita.com.br\/?p=5657#breadcrumb\"},\"inLanguage\":\"pt-BR\",\"potentialAction\":[{\"@type\":\"ReadAction\",\"target\":[\"https:\/\/dedemesquita.com.br\/?p=5657\"]}]},{\"@type\":\"BreadcrumbList\",\"@id\":\"https:\/\/dedemesquita.com.br\/?p=5657#breadcrumb\",\"itemListElement\":[{\"@type\":\"ListItem\",\"position\":1,\"name\":\"In\u00edcio\",\"item\":\"https:\/\/dedemesquita.com.br\/\"},{\"@type\":\"ListItem\",\"position\":2,\"name\":\"Grupo O Liberal define novo diretor de conte\u00fado e mais novidades da imprensa em Bel\u00e9m\"}]},{\"@type\":\"WebSite\",\"@id\":\"https:\/\/dedemesquita.com.br\/#website\",\"url\":\"https:\/\/dedemesquita.com.br\/\",\"name\":\"Ded\u00e9 Mesquita\",\"description\":\"Um site que mostra os bastidores da imprensa no estado do Par\u00e1 e em Bel\u00e9m\",\"potentialAction\":[{\"@type\":\"SearchAction\",\"target\":{\"@type\":\"EntryPoint\",\"urlTemplate\":\"https:\/\/dedemesquita.com.br\/?s={search_term_string}\"},\"query-input\":\"required name=search_term_string\"}],\"inLanguage\":\"pt-BR\"},{\"@type\":\"Person\",\"@id\":\"https:\/\/dedemesquita.com.br\/#\/schema\/person\/36571f81dd2d76dc3ab37231542c9e24\",\"name\":\"Ded\u00e9 Mesquita\",\"image\":{\"@type\":\"ImageObject\",\"inLanguage\":\"pt-BR\",\"@id\":\"https:\/\/dedemesquita.com.br\/#\/schema\/person\/image\/\",\"url\":\"https:\/\/dedemesquita.com.br\/wp-content\/uploads\/2021\/02\/foto_perfil-150x150.jpg\",\"contentUrl\":\"https:\/\/dedemesquita.com.br\/wp-content\/uploads\/2021\/02\/foto_perfil-150x150.jpg\",\"caption\":\"Ded\u00e9 Mesquita\"},\"sameAs\":[\"https:\/\/dedemesquita.com.br\"]}]}<\/script>\n<!-- \/ Yoast SEO plugin. -->","yoast_head_json":{"title":"Grupo O Liberal define novo diretor de conte\u00fado e mais novidades da imprensa em Bel\u00e9m - Ded\u00e9 Mesquita","robots":{"index":"index","follow":"follow","max-snippet":"max-snippet:-1","max-image-preview":"max-image-preview:large","max-video-preview":"max-video-preview:-1"},"canonical":"https:\/\/dedemesquita.com.br\/?p=5657","og_locale":"pt_BR","og_type":"article","og_title":"Grupo O Liberal define novo diretor de conte\u00fado e mais novidades da imprensa em Bel\u00e9m - Ded\u00e9 Mesquita","og_description":"Atualiza\u00e7\u00f5es sobre as reda\u00e7\u00f5es de Bel\u00e9m na quarta-feira? Temos! Segue a\u00ed&#8230; O Liberal &#8211; Eis que o suspense se encerrou. Na ter\u00e7a-feira, 20, o Grupo O Liberal definiu e divulgou \u00e0 reda\u00e7\u00e3o o nome do substituto de Daniel Nardin, no cargo de diretor de conte\u00fado. O grupo optou por uma solu\u00e7\u00e3o mais &#8220;dom\u00e9stica&#8221; e al\u00e7ou [&hellip;]","og_url":"https:\/\/dedemesquita.com.br\/?p=5657","og_site_name":"Ded\u00e9 Mesquita","article_publisher":"https:\/\/www.facebook.com\/dede.mesquita","article_published_time":"2022-12-21T15:13:28+00:00","article_modified_time":"2022-12-21T15:13:29+00:00","og_image":[{"width":850,"height":546,"url":"https:\/\/dedemesquita.com.br\/wp-content\/uploads\/2022\/12\/WhatsApp-Image-2022-12-21-at-11.41.07.jpeg","type":"image\/jpeg"}],"author":"Ded\u00e9 Mesquita","twitter_card":"summary_large_image","twitter_creator":"@dedemesquita","twitter_site":"@dedemesquita","twitter_misc":{"Escrito por":"Ded\u00e9 Mesquita","Est. tempo de leitura":"6 minutos"},"schema":{"@context":"https:\/\/schema.org","@graph":[{"@type":"WebPage","@id":"https:\/\/dedemesquita.com.br\/?p=5657","url":"https:\/\/dedemesquita.com.br\/?p=5657","name":"Grupo O Liberal define novo diretor de conte\u00fado e mais novidades da imprensa em Bel\u00e9m - Ded\u00e9 Mesquita","isPartOf":{"@id":"https:\/\/dedemesquita.com.br\/#website"},"datePublished":"2022-12-21T15:13:28+00:00","dateModified":"2022-12-21T15:13:29+00:00","author":{"@id":"https:\/\/dedemesquita.com.br\/#\/schema\/person\/36571f81dd2d76dc3ab37231542c9e24"},"breadcrumb":{"@id":"https:\/\/dedemesquita.com.br\/?p=5657#breadcrumb"},"inLanguage":"pt-BR","potentialAction":[{"@type":"ReadAction","target":["https:\/\/dedemesquita.com.br\/?p=5657"]}]},{"@type":"BreadcrumbList","@id":"https:\/\/dedemesquita.com.br\/?p=5657#breadcrumb","itemListElement":[{"@type":"ListItem","position":1,"name":"In\u00edcio","item":"https:\/\/dedemesquita.com.br\/"},{"@type":"ListItem","position":2,"name":"Grupo O Liberal define novo diretor de conte\u00fado e mais novidades da imprensa em Bel\u00e9m"}]},{"@type":"WebSite","@id":"https:\/\/dedemesquita.com.br\/#website","url":"https:\/\/dedemesquita.com.br\/","name":"Ded\u00e9 Mesquita","description":"Um site que mostra os bastidores da imprensa no estado do Par\u00e1 e em Bel\u00e9m","potentialAction":[{"@type":"SearchAction","target":{"@type":"EntryPoint","urlTemplate":"https:\/\/dedemesquita.com.br\/?s={search_term_string}"},"query-input":"required name=search_term_string"}],"inLanguage":"pt-BR"},{"@type":"Person","@id":"https:\/\/dedemesquita.com.br\/#\/schema\/person\/36571f81dd2d76dc3ab37231542c9e24","name":"Ded\u00e9 Mesquita","image":{"@type":"ImageObject","inLanguage":"pt-BR","@id":"https:\/\/dedemesquita.com.br\/#\/schema\/person\/image\/","url":"https:\/\/dedemesquita.com.br\/wp-content\/uploads\/2021\/02\/foto_perfil-150x150.jpg","contentUrl":"https:\/\/dedemesquita.com.br\/wp-content\/uploads\/2021\/02\/foto_perfil-150x150.jpg","caption":"Ded\u00e9 Mesquita"},"sameAs":["https:\/\/dedemesquita.com.br"]}]}},"_links":{"self":[{"href":"https:\/\/dedemesquita.com.br\/index.php?rest_route=\/wp\/v2\/posts\/5657"}],"collection":[{"href":"https:\/\/dedemesquita.com.br\/index.php?rest_route=\/wp\/v2\/posts"}],"about":[{"href":"https:\/\/dedemesquita.com.br\/index.php?rest_route=\/wp\/v2\/types\/post"}],"author":[{"embeddable":true,"href":"https:\/\/dedemesquita.com.br\/index.php?rest_route=\/wp\/v2\/users\/2"}],"replies":[{"embeddable":true,"href":"https:\/\/dedemesquita.com.br\/index.php?rest_route=%2Fwp%2Fv2%2Fcomments&post=5657"}],"version-history":[{"count":3,"href":"https:\/\/dedemesquita.com.br\/index.php?rest_route=\/wp\/v2\/posts\/5657\/revisions"}],"predecessor-version":[{"id":5670,"href":"https:\/\/dedemesquita.com.br\/index.php?rest_route=\/wp\/v2\/posts\/5657\/revisions\/5670"}],"wp:featuredmedia":[{"embeddable":true,"href":"https:\/\/dedemesquita.com.br\/index.php?rest_route=\/wp\/v2\/media\/5667"}],"wp:attachment":[{"href":"https:\/\/dedemesquita.com.br\/index.php?rest_route=%2Fwp%2Fv2%2Fmedia&parent=5657"}],"wp:term":[{"taxonomy":"category","embeddable":true,"href":"https:\/\/dedemesquita.com.br\/index.php?rest_route=%2Fwp%2Fv2%2Fcategories&post=5657"},{"taxonomy":"post_tag","embeddable":true,"href":"https:\/\/dedemesquita.com.br\/index.php?rest_route=%2Fwp%2Fv2%2Ftags&post=5657"}],"curies":[{"name":"wp","href":"https:\/\/api.w.org\/{rel}","templated":true}]}}