{"id":5626,"date":"2022-12-13T17:34:45","date_gmt":"2022-12-13T20:34:45","guid":{"rendered":"https:\/\/dedemesquita.com.br\/?p=5626"},"modified":"2022-12-14T09:18:29","modified_gmt":"2022-12-14T12:18:29","slug":"depois-de-50-anos-edgar-augusto-deixa-o-comando-de-a-feira-do-som-e-mais-novidades-da-imprensa","status":"publish","type":"post","link":"https:\/\/dedemesquita.com.br\/?p=5626","title":{"rendered":"Depois de 50 anos, Edgar Augusto deixa o comando de A Feira do Som e mais novidades da imprensa"},"content":{"rendered":"\n<p>Ter\u00e7a-feira \u00e9 dia atualizar a quantas andam as novidades na imprensa de Bel\u00e9m, no Par\u00e1 e fora do Estado. <\/p>\n\n\n\n<p><strong>Feira do Som &#8211;<\/strong> Na segunda-feira, dia 12, o radialista<strong> Edgar Augusto<\/strong> gravou o \u00faltimo programa Feira do Som, que est\u00e1 no ar h\u00e1 50 anos em r\u00e1dios FM do Par\u00e1. Edgar gravou a \u00faltima edi\u00e7\u00e3o do programa, com convidados especiais, entre eles os m\u00fasicos paraenses Manoel Cordeiro, Felipe Cordeiro, Inesita, Alfredo Reis e Lucinnha Bastos. Mas as despedidas do programa \u2018ao vivo\u2019 j\u00e1 tinham sido feitas na sexta-feira, dia 9. O \u00faltimo programa com Edgar no comando ir\u00e1 ao ar no dia 23 de dezembro, pela r\u00e1dio e TV Cultura, coroando o cunho especial da edi\u00e7\u00e3o. A Feira do Som come\u00e7ou em 1972, na antiga PRC-5 (R\u00e1dio Clube do Par\u00e1); passou pela r\u00e1dio Cidade Morena FM, nos anos 1980; e de 1986 em diante, passou para a r\u00e1dio Cultura FM, onde est\u00e1 no ar at\u00e9 hoje. Em 2019, o programa conquistou o t\u00edtulo de Patrim\u00f4nio Cultural e Imaterial do Munic\u00edpio de Bel\u00e9m, concedido pela C\u00e2mara de Vereadores. A programa Feira do Som passar\u00e1 a ser apresentado pelo jornalista <strong>Arthur Castro.<\/strong><\/p>\n\n\n<div class=\"wp-block-image\">\n<figure class=\"aligncenter size-full\"><img loading=\"lazy\" decoding=\"async\" width=\"609\" height=\"943\" src=\"https:\/\/dedemesquita.com.br\/wp-content\/uploads\/2022\/12\/feira-do-som.jpg\" alt=\"\" class=\"wp-image-5627\"\/><figcaption class=\"wp-element-caption\">Arthur Castro vai substituir Edgar Augusto na apresenta\u00e7\u00e3o do programa A Feira do Som <\/figcaption><\/figure><\/div>\n\n\n<p><strong>Comus &#8211; <\/strong>Algumas mudan\u00e7as na Comus\/ Ag\u00eancia Bel\u00e9m. A jornalista <strong>Selma Amaral <\/strong>deixou a comunica\u00e7\u00e3o da <strong>Distrito Administrativo de Mosqueiro (Admos) <\/strong>e quem ficou no lugar dela foi <strong>Victor Winchester<\/strong>, sim, sim, com o mesmo sobrenome do rifle. <\/p>\n\n\n\n<p>J\u00e1 na comunica\u00e7\u00e3o da <strong>Sesma,<\/strong> quem est\u00e1 por l\u00e1 \u00e9 o jornalista <strong>Augusto Pacheco<\/strong>, que tem passagens pela Secult e pela comunica\u00e7\u00e3o e programa\u00e7\u00e3o do Cine Esta\u00e7\u00e3o.<\/p>\n\n\n<div class=\"wp-block-image\">\n<figure class=\"aligncenter size-full\"><img loading=\"lazy\" decoding=\"async\" width=\"529\" height=\"385\" src=\"https:\/\/dedemesquita.com.br\/wp-content\/uploads\/2022\/12\/AUGUSTO_PACHECO.jpg\" alt=\"\" class=\"wp-image-5634\"\/><figcaption class=\"wp-element-caption\">Augusto Pacheco est\u00e1 na comunica\u00e7\u00e3o da Sesma <\/figcaption><\/figure><\/div>\n\n\n<p><strong>Carmem &#8211;<\/strong> A fot\u00f3grafa <strong>Carmem Helena<\/strong> est\u00e1 na <strong>Reda\u00e7\u00e3o Integrada O Liberal<\/strong>, marcando assim a volta das meninas retratistas \u00e0quela reda\u00e7\u00e3o, que j\u00e1 teve nomes como Paula Sampaio, Camila Lima, Shirley Penaforte e outras. \u00a0<\/p>\n\n\n<div class=\"wp-block-image\">\n<figure class=\"aligncenter size-full\"><img loading=\"lazy\" decoding=\"async\" width=\"700\" height=\"707\" src=\"https:\/\/dedemesquita.com.br\/wp-content\/uploads\/2022\/12\/WhatsApp-Image-2022-12-07-at-05.45.11.jpeg\" alt=\"\" class=\"wp-image-5639\"\/><figcaption class=\"wp-element-caption\">Carmem Helena, toda, toda, na reda\u00e7\u00e3o do LIB, em foto de Igor Mota <\/figcaption><\/figure><\/div>\n\n<div class=\"wp-block-image\">\n<figure class=\"aligncenter size-full\"><img loading=\"lazy\" decoding=\"async\" width=\"550\" height=\"410\" src=\"https:\/\/dedemesquita.com.br\/wp-content\/uploads\/2022\/12\/carm-1.png\" alt=\"\" class=\"wp-image-5636\"\/><figcaption class=\"wp-element-caption\">Carmem Helena e Fabyo Cruz na reportagem da Reda\u00e7\u00e3o Integrada O Liberal (foto de Euna Menezes) <\/figcaption><\/figure><\/div>\n\n\n<p><strong>Diego &#8211;<\/strong> O jornalista <strong>Diego Andrade<\/strong>, com passagens pelo jornal Di\u00e1rio do Par\u00e1 e Secom-PA, em Bel\u00e9m, agora, mora e trabalha em S\u00e3o Paulo onde \u00e9 professor de escrita criativa no Museu da Imagem e do Som &#8211; MIS SP. Mais recentemente, ele come\u00e7ou em um novo cargo de executivo de atendimento na ag\u00eancia <strong>CDI Comunica\u00e7\u00e3o<\/strong>.<\/p>\n\n\n<div class=\"wp-block-image\">\n<figure class=\"aligncenter size-full\"><img loading=\"lazy\" decoding=\"async\" width=\"600\" height=\"600\" src=\"https:\/\/dedemesquita.com.br\/wp-content\/uploads\/2022\/12\/DIEGO_ANDRADE.jpg\" alt=\"\" class=\"wp-image-5633\" srcset=\"https:\/\/dedemesquita.com.br\/wp-content\/uploads\/2022\/12\/DIEGO_ANDRADE.jpg 600w, https:\/\/dedemesquita.com.br\/wp-content\/uploads\/2022\/12\/DIEGO_ANDRADE-150x150.jpg 150w\" sizes=\"(max-width: 600px) 100vw, 600px\" \/><figcaption class=\"wp-element-caption\">Diego Andrade est\u00e1 em novo emprego <\/figcaption><\/figure><\/div>\n\n\n<p><strong>Karine &#8211;<\/strong> A <strong>Karine Sued<\/strong> come\u00e7ou em novo emprego no <strong>Instituto Acqua<\/strong>, em Altamira, regi\u00e3o sudeste do Par\u00e1. Antes, ela assessorou a Pr\u00f3-Sa\u00fade Associa\u00e7\u00e3o Beneficente de Assist\u00eancia Social e Hospitalar tamb\u00e9m em Altamira.<\/p>\n\n\n\n<p class=\"has-text-align-center\"><strong>S o c i a i s<\/strong><\/p>\n\n\n\n<p><strong>Beb\u00ea &#8211; <\/strong>No dia 7 de dezembro, nasceu o Anthony, primeiro filho da jornalista e apresentadora da TV Record Bel\u00e9m, Priscilla Amaral.<\/p>\n\n\n<div class=\"wp-block-image\">\n<figure class=\"aligncenter size-full\"><img loading=\"lazy\" decoding=\"async\" width=\"396\" height=\"547\" src=\"https:\/\/dedemesquita.com.br\/wp-content\/uploads\/2022\/12\/PRISCILLA_AMARAL.png\" alt=\"\" class=\"wp-image-5628\"\/><figcaption class=\"wp-element-caption\">Priscilla Amaral e o baby Anthony no dia da primeira vacina pela Sesma<\/figcaption><\/figure><\/div>\n\n\n<p><strong>Cas\u00f3rio &#8211; <\/strong>Quem entrou para o rol \u201cdos homens s\u00e9rios\u201d foi o jornalista Paulo Silber, que se casou com Didiane Trindade, conhecida carinhosamente como Beyonc\u00e9, na sexta-feira, dia 9.<\/p>\n\n\n<div class=\"wp-block-image\">\n<figure class=\"aligncenter size-full\"><img loading=\"lazy\" decoding=\"async\" width=\"669\" height=\"900\" src=\"https:\/\/dedemesquita.com.br\/wp-content\/uploads\/2022\/12\/WhatsApp-Image-2022-12-13-at-11.38.00.jpeg\" alt=\"\" class=\"wp-image-5629\"\/><figcaption class=\"wp-element-caption\">Didiane e Paulo Silber no dia do cas\u00f3rio (foto de Sidney Oliveira)<\/figcaption><\/figure><\/div>\n\n<div class=\"wp-block-image\">\n<figure class=\"aligncenter size-full\"><img loading=\"lazy\" decoding=\"async\" width=\"850\" height=\"566\" src=\"https:\/\/dedemesquita.com.br\/wp-content\/uploads\/2022\/12\/WhatsApp-Image-2022-12-13-at-11.38.00-1.jpeg\" alt=\"\" class=\"wp-image-5631\" srcset=\"https:\/\/dedemesquita.com.br\/wp-content\/uploads\/2022\/12\/WhatsApp-Image-2022-12-13-at-11.38.00-1.jpeg 850w, https:\/\/dedemesquita.com.br\/wp-content\/uploads\/2022\/12\/WhatsApp-Image-2022-12-13-at-11.38.00-1-768x511.jpeg 768w\" sizes=\"(max-width: 850px) 100vw, 850px\" \/><figcaption class=\"wp-element-caption\">Cenas de um casamento de Didiane e Paulo Silber (foto de Sidney Oliveira)<\/figcaption><\/figure><\/div>","protected":false},"excerpt":{"rendered":"<p>Ter\u00e7a-feira \u00e9 dia atualizar a quantas andam as novidades na imprensa de Bel\u00e9m, no Par\u00e1 e fora do Estado. Feira do Som &#8211; Na segunda-feira, dia 12, o radialista Edgar Augusto gravou o \u00faltimo programa Feira do Som, que est\u00e1 no ar h\u00e1 50 anos em r\u00e1dios FM do Par\u00e1. Edgar gravou a \u00faltima edi\u00e7\u00e3o [&hellip;]<\/p>\n","protected":false},"author":2,"featured_media":5630,"comment_status":"open","ping_status":"open","sticky":false,"template":"","format":"standard","meta":{"footnotes":""},"categories":[51,14,29],"tags":[136,119,120,144],"class_list":["post-5626","post","type-post","status-publish","format-standard","has-post-thumbnail","hentry","category-destaque","category-imprensa","category-jornalismo","tag-comus-agencia-belem","tag-jornalismo","tag-jornalistas-paraenses-em-acao","tag-o-liberal"],"yoast_head":"<!-- This site is optimized with the Yoast SEO plugin v19.10 - https:\/\/yoast.com\/wordpress\/plugins\/seo\/ -->\n<title>Depois de 50 anos, Edgar Augusto deixa o comando de A Feira do Som e mais novidades da imprensa - Ded\u00e9 Mesquita<\/title>\n<meta name=\"robots\" content=\"index, follow, max-snippet:-1, max-image-preview:large, max-video-preview:-1\" \/>\n<link rel=\"canonical\" href=\"https:\/\/dedemesquita.com.br\/?p=5626\" \/>\n<meta property=\"og:locale\" content=\"pt_BR\" \/>\n<meta property=\"og:type\" content=\"article\" \/>\n<meta property=\"og:title\" content=\"Depois de 50 anos, Edgar Augusto deixa o comando de A Feira do Som e mais novidades da imprensa - Ded\u00e9 Mesquita\" \/>\n<meta property=\"og:description\" content=\"Ter\u00e7a-feira \u00e9 dia atualizar a quantas andam as novidades na imprensa de Bel\u00e9m, no Par\u00e1 e fora do Estado. Feira do Som &#8211; Na segunda-feira, dia 12, o radialista Edgar Augusto gravou o \u00faltimo programa Feira do Som, que est\u00e1 no ar h\u00e1 50 anos em r\u00e1dios FM do Par\u00e1. Edgar gravou a \u00faltima edi\u00e7\u00e3o [&hellip;]\" \/>\n<meta property=\"og:url\" content=\"https:\/\/dedemesquita.com.br\/?p=5626\" \/>\n<meta property=\"og:site_name\" content=\"Ded\u00e9 Mesquita\" \/>\n<meta property=\"article:publisher\" content=\"https:\/\/www.facebook.com\/dede.mesquita\" \/>\n<meta property=\"article:published_time\" content=\"2022-12-13T20:34:45+00:00\" \/>\n<meta property=\"article:modified_time\" content=\"2022-12-14T12:18:29+00:00\" \/>\n<meta property=\"og:image\" content=\"https:\/\/dedemesquita.com.br\/wp-content\/uploads\/2022\/12\/feira-do-som2.jpeg\" \/>\n\t<meta property=\"og:image:width\" content=\"844\" \/>\n\t<meta property=\"og:image:height\" content=\"499\" \/>\n\t<meta property=\"og:image:type\" content=\"image\/jpeg\" \/>\n<meta name=\"author\" content=\"Ded\u00e9 Mesquita\" \/>\n<meta name=\"twitter:card\" content=\"summary_large_image\" \/>\n<meta name=\"twitter:creator\" content=\"@dedemesquita\" \/>\n<meta name=\"twitter:site\" content=\"@dedemesquita\" \/>\n<meta name=\"twitter:label1\" content=\"Escrito por\" \/>\n\t<meta name=\"twitter:data1\" content=\"Ded\u00e9 Mesquita\" \/>\n\t<meta name=\"twitter:label2\" content=\"Est. tempo de leitura\" \/>\n\t<meta name=\"twitter:data2\" content=\"5 minutos\" \/>\n<script type=\"application\/ld+json\" class=\"yoast-schema-graph\">{\"@context\":\"https:\/\/schema.org\",\"@graph\":[{\"@type\":\"WebPage\",\"@id\":\"https:\/\/dedemesquita.com.br\/?p=5626\",\"url\":\"https:\/\/dedemesquita.com.br\/?p=5626\",\"name\":\"Depois de 50 anos, Edgar Augusto deixa o comando de A Feira do Som e mais novidades da imprensa - Ded\u00e9 Mesquita\",\"isPartOf\":{\"@id\":\"https:\/\/dedemesquita.com.br\/#website\"},\"datePublished\":\"2022-12-13T20:34:45+00:00\",\"dateModified\":\"2022-12-14T12:18:29+00:00\",\"author\":{\"@id\":\"https:\/\/dedemesquita.com.br\/#\/schema\/person\/36571f81dd2d76dc3ab37231542c9e24\"},\"breadcrumb\":{\"@id\":\"https:\/\/dedemesquita.com.br\/?p=5626#breadcrumb\"},\"inLanguage\":\"pt-BR\",\"potentialAction\":[{\"@type\":\"ReadAction\",\"target\":[\"https:\/\/dedemesquita.com.br\/?p=5626\"]}]},{\"@type\":\"BreadcrumbList\",\"@id\":\"https:\/\/dedemesquita.com.br\/?p=5626#breadcrumb\",\"itemListElement\":[{\"@type\":\"ListItem\",\"position\":1,\"name\":\"In\u00edcio\",\"item\":\"https:\/\/dedemesquita.com.br\/\"},{\"@type\":\"ListItem\",\"position\":2,\"name\":\"Depois de 50 anos, Edgar Augusto deixa o comando de A Feira do Som e mais novidades da imprensa\"}]},{\"@type\":\"WebSite\",\"@id\":\"https:\/\/dedemesquita.com.br\/#website\",\"url\":\"https:\/\/dedemesquita.com.br\/\",\"name\":\"Ded\u00e9 Mesquita\",\"description\":\"Um site que mostra os bastidores da imprensa no estado do Par\u00e1 e em Bel\u00e9m\",\"potentialAction\":[{\"@type\":\"SearchAction\",\"target\":{\"@type\":\"EntryPoint\",\"urlTemplate\":\"https:\/\/dedemesquita.com.br\/?s={search_term_string}\"},\"query-input\":\"required name=search_term_string\"}],\"inLanguage\":\"pt-BR\"},{\"@type\":\"Person\",\"@id\":\"https:\/\/dedemesquita.com.br\/#\/schema\/person\/36571f81dd2d76dc3ab37231542c9e24\",\"name\":\"Ded\u00e9 Mesquita\",\"image\":{\"@type\":\"ImageObject\",\"inLanguage\":\"pt-BR\",\"@id\":\"https:\/\/dedemesquita.com.br\/#\/schema\/person\/image\/\",\"url\":\"https:\/\/dedemesquita.com.br\/wp-content\/uploads\/2021\/02\/foto_perfil-150x150.jpg\",\"contentUrl\":\"https:\/\/dedemesquita.com.br\/wp-content\/uploads\/2021\/02\/foto_perfil-150x150.jpg\",\"caption\":\"Ded\u00e9 Mesquita\"},\"sameAs\":[\"https:\/\/dedemesquita.com.br\"]}]}<\/script>\n<!-- \/ Yoast SEO plugin. -->","yoast_head_json":{"title":"Depois de 50 anos, Edgar Augusto deixa o comando de A Feira do Som e mais novidades da imprensa - Ded\u00e9 Mesquita","robots":{"index":"index","follow":"follow","max-snippet":"max-snippet:-1","max-image-preview":"max-image-preview:large","max-video-preview":"max-video-preview:-1"},"canonical":"https:\/\/dedemesquita.com.br\/?p=5626","og_locale":"pt_BR","og_type":"article","og_title":"Depois de 50 anos, Edgar Augusto deixa o comando de A Feira do Som e mais novidades da imprensa - Ded\u00e9 Mesquita","og_description":"Ter\u00e7a-feira \u00e9 dia atualizar a quantas andam as novidades na imprensa de Bel\u00e9m, no Par\u00e1 e fora do Estado. Feira do Som &#8211; Na segunda-feira, dia 12, o radialista Edgar Augusto gravou o \u00faltimo programa Feira do Som, que est\u00e1 no ar h\u00e1 50 anos em r\u00e1dios FM do Par\u00e1. Edgar gravou a \u00faltima edi\u00e7\u00e3o [&hellip;]","og_url":"https:\/\/dedemesquita.com.br\/?p=5626","og_site_name":"Ded\u00e9 Mesquita","article_publisher":"https:\/\/www.facebook.com\/dede.mesquita","article_published_time":"2022-12-13T20:34:45+00:00","article_modified_time":"2022-12-14T12:18:29+00:00","og_image":[{"width":844,"height":499,"url":"https:\/\/dedemesquita.com.br\/wp-content\/uploads\/2022\/12\/feira-do-som2.jpeg","type":"image\/jpeg"}],"author":"Ded\u00e9 Mesquita","twitter_card":"summary_large_image","twitter_creator":"@dedemesquita","twitter_site":"@dedemesquita","twitter_misc":{"Escrito por":"Ded\u00e9 Mesquita","Est. tempo de leitura":"5 minutos"},"schema":{"@context":"https:\/\/schema.org","@graph":[{"@type":"WebPage","@id":"https:\/\/dedemesquita.com.br\/?p=5626","url":"https:\/\/dedemesquita.com.br\/?p=5626","name":"Depois de 50 anos, Edgar Augusto deixa o comando de A Feira do Som e mais novidades da imprensa - Ded\u00e9 Mesquita","isPartOf":{"@id":"https:\/\/dedemesquita.com.br\/#website"},"datePublished":"2022-12-13T20:34:45+00:00","dateModified":"2022-12-14T12:18:29+00:00","author":{"@id":"https:\/\/dedemesquita.com.br\/#\/schema\/person\/36571f81dd2d76dc3ab37231542c9e24"},"breadcrumb":{"@id":"https:\/\/dedemesquita.com.br\/?p=5626#breadcrumb"},"inLanguage":"pt-BR","potentialAction":[{"@type":"ReadAction","target":["https:\/\/dedemesquita.com.br\/?p=5626"]}]},{"@type":"BreadcrumbList","@id":"https:\/\/dedemesquita.com.br\/?p=5626#breadcrumb","itemListElement":[{"@type":"ListItem","position":1,"name":"In\u00edcio","item":"https:\/\/dedemesquita.com.br\/"},{"@type":"ListItem","position":2,"name":"Depois de 50 anos, Edgar Augusto deixa o comando de A Feira do Som e mais novidades da imprensa"}]},{"@type":"WebSite","@id":"https:\/\/dedemesquita.com.br\/#website","url":"https:\/\/dedemesquita.com.br\/","name":"Ded\u00e9 Mesquita","description":"Um site que mostra os bastidores da imprensa no estado do Par\u00e1 e em Bel\u00e9m","potentialAction":[{"@type":"SearchAction","target":{"@type":"EntryPoint","urlTemplate":"https:\/\/dedemesquita.com.br\/?s={search_term_string}"},"query-input":"required name=search_term_string"}],"inLanguage":"pt-BR"},{"@type":"Person","@id":"https:\/\/dedemesquita.com.br\/#\/schema\/person\/36571f81dd2d76dc3ab37231542c9e24","name":"Ded\u00e9 Mesquita","image":{"@type":"ImageObject","inLanguage":"pt-BR","@id":"https:\/\/dedemesquita.com.br\/#\/schema\/person\/image\/","url":"https:\/\/dedemesquita.com.br\/wp-content\/uploads\/2021\/02\/foto_perfil-150x150.jpg","contentUrl":"https:\/\/dedemesquita.com.br\/wp-content\/uploads\/2021\/02\/foto_perfil-150x150.jpg","caption":"Ded\u00e9 Mesquita"},"sameAs":["https:\/\/dedemesquita.com.br"]}]}},"_links":{"self":[{"href":"https:\/\/dedemesquita.com.br\/index.php?rest_route=\/wp\/v2\/posts\/5626"}],"collection":[{"href":"https:\/\/dedemesquita.com.br\/index.php?rest_route=\/wp\/v2\/posts"}],"about":[{"href":"https:\/\/dedemesquita.com.br\/index.php?rest_route=\/wp\/v2\/types\/post"}],"author":[{"embeddable":true,"href":"https:\/\/dedemesquita.com.br\/index.php?rest_route=\/wp\/v2\/users\/2"}],"replies":[{"embeddable":true,"href":"https:\/\/dedemesquita.com.br\/index.php?rest_route=%2Fwp%2Fv2%2Fcomments&post=5626"}],"version-history":[{"count":3,"href":"https:\/\/dedemesquita.com.br\/index.php?rest_route=\/wp\/v2\/posts\/5626\/revisions"}],"predecessor-version":[{"id":5641,"href":"https:\/\/dedemesquita.com.br\/index.php?rest_route=\/wp\/v2\/posts\/5626\/revisions\/5641"}],"wp:featuredmedia":[{"embeddable":true,"href":"https:\/\/dedemesquita.com.br\/index.php?rest_route=\/wp\/v2\/media\/5630"}],"wp:attachment":[{"href":"https:\/\/dedemesquita.com.br\/index.php?rest_route=%2Fwp%2Fv2%2Fmedia&parent=5626"}],"wp:term":[{"taxonomy":"category","embeddable":true,"href":"https:\/\/dedemesquita.com.br\/index.php?rest_route=%2Fwp%2Fv2%2Fcategories&post=5626"},{"taxonomy":"post_tag","embeddable":true,"href":"https:\/\/dedemesquita.com.br\/index.php?rest_route=%2Fwp%2Fv2%2Ftags&post=5626"}],"curies":[{"name":"wp","href":"https:\/\/api.w.org\/{rel}","templated":true}]}}