{"id":5595,"date":"2022-12-13T10:32:10","date_gmt":"2022-12-13T13:32:10","guid":{"rendered":"https:\/\/dedemesquita.com.br\/?p=5595"},"modified":"2022-12-13T10:58:33","modified_gmt":"2022-12-13T13:58:33","slug":"dois-cirios-especiais-e-nossos-coleguinhas-em-acao-na-reportagem","status":"publish","type":"post","link":"https:\/\/dedemesquita.com.br\/?p=5595","title":{"rendered":"Dois C\u00edrios especiais e nossos coleguinhas em a\u00e7\u00e3o na reportagem"},"content":{"rendered":"\n<p>Na semana passada, dois C\u00edrios celebrando Nossa Senhora foram celebrados na Regi\u00e3o Metropolitana de Bel\u00e9m (RMB). E s\u00e3o C\u00edrio bem especiais.<\/p>\n\n\n\n<p>Na quinta-feira, dia 8, foi celebrado o<strong> C\u00edrio de Nossa Senhora da Concei\u00e7\u00e3o<\/strong> que tem a caracter\u00edstica diferencial de ocorrer sobre as \u00e1guas calmas e tranquilas do rio Caraparu, no munic\u00edpio de Santa Isabel do Par\u00e1, regi\u00e3o nordeste do Par\u00e1. Uma prociss\u00e3o super tradicional que sempre rende fotos bel\u00edssimas dos nossos colegas retratistas. <\/p>\n\n\n\n<p>No domingo, 10, ocorreu o<strong> C\u00edrio de Nossa Senhora do \u00d3<\/strong>, no Distrito de Mosqueiro, em Bel\u00e9m. Essa festividade \u00e9 muito tradicional tamb\u00e9m e traz o diferencial de mostrar a imagem de Nossa Senhora gr\u00e1vida, a \u00fanica em todo o estado do Par\u00e1. <\/p>\n\n\n\n<p>Os dois C\u00edrios v\u00e3o encerrando as celebra\u00e7\u00f5es religiosas do ano, que ainda t\u00eam o festividade do Menino Deus, em Marituba, no dia do Natal; e a mais que tradicional Marujada, em Bragan\u00e7a, nos dias 25 e 26 deste m\u00eas.<\/p>\n\n\n\n<p>Vejam os coleguinhas da imprensa na cobertura dos C\u00edrios de Caraparu e o de Nossa Senhora do \u00d3. <\/p>\n\n\n<div class=\"wp-block-image\">\n<figure class=\"aligncenter size-full\"><img loading=\"lazy\" decoding=\"async\" width=\"850\" height=\"478\" src=\"https:\/\/dedemesquita.com.br\/wp-content\/uploads\/2022\/12\/WhatsApp-Image-2022-12-09-at-05.43.50.jpeg\" alt=\"\" class=\"wp-image-5598\" srcset=\"https:\/\/dedemesquita.com.br\/wp-content\/uploads\/2022\/12\/WhatsApp-Image-2022-12-09-at-05.43.50.jpeg 850w, https:\/\/dedemesquita.com.br\/wp-content\/uploads\/2022\/12\/WhatsApp-Image-2022-12-09-at-05.43.50-768x432.jpeg 768w\" sizes=\"(max-width: 850px) 100vw, 850px\" \/><figcaption class=\"wp-element-caption\">Irlaine N\u00f3brega (foto de Wagner Santana) <\/figcaption><\/figure><\/div>\n\n<div class=\"wp-block-image\">\n<figure class=\"aligncenter size-full\"><img loading=\"lazy\" decoding=\"async\" width=\"850\" height=\"479\" src=\"https:\/\/dedemesquita.com.br\/wp-content\/uploads\/2022\/12\/WhatsApp-Image-2022-12-09-at-05.43.50-1-1.jpeg\" alt=\"\" class=\"wp-image-5601\" srcset=\"https:\/\/dedemesquita.com.br\/wp-content\/uploads\/2022\/12\/WhatsApp-Image-2022-12-09-at-05.43.50-1-1.jpeg 850w, https:\/\/dedemesquita.com.br\/wp-content\/uploads\/2022\/12\/WhatsApp-Image-2022-12-09-at-05.43.50-1-1-768x433.jpeg 768w\" sizes=\"(max-width: 850px) 100vw, 850px\" \/><figcaption class=\"wp-element-caption\">Eu te entendo, Irlaine. Eu n\u00e3o parava de anotar tudo, quando cobri esse C\u00edrio, na primeira vez (foto de Wagner Santana) <\/figcaption><\/figure><\/div>\n\n<div class=\"wp-block-image\">\n<figure class=\"aligncenter size-full\"><img loading=\"lazy\" decoding=\"async\" width=\"850\" height=\"566\" src=\"https:\/\/dedemesquita.com.br\/wp-content\/uploads\/2022\/12\/WhatsApp-Image-2022-12-09-at-05.40.34-1.jpeg\" alt=\"\" class=\"wp-image-5602\" srcset=\"https:\/\/dedemesquita.com.br\/wp-content\/uploads\/2022\/12\/WhatsApp-Image-2022-12-09-at-05.40.34-1.jpeg 850w, https:\/\/dedemesquita.com.br\/wp-content\/uploads\/2022\/12\/WhatsApp-Image-2022-12-09-at-05.40.34-1-768x511.jpeg 768w\" sizes=\"(max-width: 850px) 100vw, 850px\" \/><figcaption class=\"wp-element-caption\">Igor Mota e Dilson Pimentel, da equipe da Reda\u00e7\u00e3o Integrada O Liberal (foto de Wagner Santana) <\/figcaption><\/figure><\/div>\n\n<div class=\"wp-block-image\">\n<figure class=\"aligncenter size-full\"><img loading=\"lazy\" decoding=\"async\" width=\"850\" height=\"566\" src=\"https:\/\/dedemesquita.com.br\/wp-content\/uploads\/2022\/12\/WhatsApp-Image-2022-12-09-at-05.40.34-2-1.jpeg\" alt=\"\" class=\"wp-image-5604\" srcset=\"https:\/\/dedemesquita.com.br\/wp-content\/uploads\/2022\/12\/WhatsApp-Image-2022-12-09-at-05.40.34-2-1.jpeg 850w, https:\/\/dedemesquita.com.br\/wp-content\/uploads\/2022\/12\/WhatsApp-Image-2022-12-09-at-05.40.34-2-1-768x511.jpeg 768w\" sizes=\"(max-width: 850px) 100vw, 850px\" \/><figcaption class=\"wp-element-caption\">Nosso intr\u00e9pido Comandante Dilson Pimentel (foto de Wagner Santana)<\/figcaption><\/figure><\/div>\n\n<div class=\"wp-block-image\">\n<figure class=\"aligncenter size-full\"><img loading=\"lazy\" decoding=\"async\" width=\"850\" height=\"566\" src=\"https:\/\/dedemesquita.com.br\/wp-content\/uploads\/2022\/12\/WhatsApp-Image-2022-12-09-at-05.40.34-3.jpeg\" alt=\"\" class=\"wp-image-5605\" srcset=\"https:\/\/dedemesquita.com.br\/wp-content\/uploads\/2022\/12\/WhatsApp-Image-2022-12-09-at-05.40.34-3.jpeg 850w, https:\/\/dedemesquita.com.br\/wp-content\/uploads\/2022\/12\/WhatsApp-Image-2022-12-09-at-05.40.34-3-768x511.jpeg 768w\" sizes=\"(max-width: 850px) 100vw, 850px\" \/><figcaption class=\"wp-element-caption\">Igor Mota e Dilson Pimentel (foto de Wagner Santana)<\/figcaption><\/figure><\/div>\n\n<div class=\"wp-block-image\">\n<figure class=\"aligncenter size-full\"><img loading=\"lazy\" decoding=\"async\" width=\"850\" height=\"566\" src=\"https:\/\/dedemesquita.com.br\/wp-content\/uploads\/2022\/12\/WhatsApp-Image-2022-12-09-at-05.40.34-4.jpeg\" alt=\"\" class=\"wp-image-5606\" srcset=\"https:\/\/dedemesquita.com.br\/wp-content\/uploads\/2022\/12\/WhatsApp-Image-2022-12-09-at-05.40.34-4.jpeg 850w, https:\/\/dedemesquita.com.br\/wp-content\/uploads\/2022\/12\/WhatsApp-Image-2022-12-09-at-05.40.34-4-768x511.jpeg 768w\" sizes=\"(max-width: 850px) 100vw, 850px\" \/><figcaption class=\"wp-element-caption\">Canoa com a equipe da Reda\u00e7\u00e3o Integrada O Liberal chegando na vila de Caraparu (foto de Wagner Santana)<\/figcaption><\/figure><\/div>\n\n<div class=\"wp-block-image\">\n<figure class=\"aligncenter size-full\"><img loading=\"lazy\" decoding=\"async\" width=\"850\" height=\"637\" src=\"https:\/\/dedemesquita.com.br\/wp-content\/uploads\/2022\/12\/WhatsApp-Image-2022-12-09-at-05.39.46-1.jpeg\" alt=\"\" class=\"wp-image-5607\" srcset=\"https:\/\/dedemesquita.com.br\/wp-content\/uploads\/2022\/12\/WhatsApp-Image-2022-12-09-at-05.39.46-1.jpeg 850w, https:\/\/dedemesquita.com.br\/wp-content\/uploads\/2022\/12\/WhatsApp-Image-2022-12-09-at-05.39.46-1-768x576.jpeg 768w\" sizes=\"(max-width: 850px) 100vw, 850px\" \/><figcaption class=\"wp-element-caption\">Wagner e Irlaine (foto de Dilson Pimentel) <\/figcaption><\/figure><\/div>\n\n<div class=\"wp-block-image\">\n<figure class=\"aligncenter size-full\"><img loading=\"lazy\" decoding=\"async\" width=\"850\" height=\"637\" src=\"https:\/\/dedemesquita.com.br\/wp-content\/uploads\/2022\/12\/WhatsApp-Image-2022-12-09-at-05.39.45.jpeg\" alt=\"\" class=\"wp-image-5608\" srcset=\"https:\/\/dedemesquita.com.br\/wp-content\/uploads\/2022\/12\/WhatsApp-Image-2022-12-09-at-05.39.45.jpeg 850w, https:\/\/dedemesquita.com.br\/wp-content\/uploads\/2022\/12\/WhatsApp-Image-2022-12-09-at-05.39.45-768x576.jpeg 768w\" sizes=\"(max-width: 850px) 100vw, 850px\" \/><figcaption class=\"wp-element-caption\">E esse equil\u00edbrio do Wagner, hein, gente? (foto de Dilson Pimentel)<\/figcaption><\/figure><\/div>\n\n<div class=\"wp-block-image\">\n<figure class=\"aligncenter size-full\"><img loading=\"lazy\" decoding=\"async\" width=\"455\" height=\"850\" src=\"https:\/\/dedemesquita.com.br\/wp-content\/uploads\/2022\/12\/WhatsApp-Image-2022-12-09-at-05.39.45-1.jpeg\" alt=\"\" class=\"wp-image-5609\"\/><figcaption class=\"wp-element-caption\">(foto de Wagner Santana)<\/figcaption><\/figure><\/div>\n\n<div class=\"wp-block-image\">\n<figure class=\"aligncenter size-full\"><img loading=\"lazy\" decoding=\"async\" width=\"850\" height=\"479\" src=\"https:\/\/dedemesquita.com.br\/wp-content\/uploads\/2022\/12\/WhatsApp-Image-2022-12-09-at-05.39.45-2.jpeg\" alt=\"\" class=\"wp-image-5610\" srcset=\"https:\/\/dedemesquita.com.br\/wp-content\/uploads\/2022\/12\/WhatsApp-Image-2022-12-09-at-05.39.45-2.jpeg 850w, https:\/\/dedemesquita.com.br\/wp-content\/uploads\/2022\/12\/WhatsApp-Image-2022-12-09-at-05.39.45-2-768x433.jpeg 768w\" sizes=\"(max-width: 850px) 100vw, 850px\" \/><figcaption class=\"wp-element-caption\">Wagner, todo metido, posando para a foto <\/figcaption><\/figure><\/div>\n\n<div class=\"wp-block-image\">\n<figure class=\"aligncenter size-full\"><img loading=\"lazy\" decoding=\"async\" width=\"850\" height=\"566\" src=\"https:\/\/dedemesquita.com.br\/wp-content\/uploads\/2022\/12\/WhatsApp-Image-2022-12-09-at-05.39.45-3.jpeg\" alt=\"\" class=\"wp-image-5611\" srcset=\"https:\/\/dedemesquita.com.br\/wp-content\/uploads\/2022\/12\/WhatsApp-Image-2022-12-09-at-05.39.45-3.jpeg 850w, https:\/\/dedemesquita.com.br\/wp-content\/uploads\/2022\/12\/WhatsApp-Image-2022-12-09-at-05.39.45-3-768x511.jpeg 768w\" sizes=\"(max-width: 850px) 100vw, 850px\" \/><figcaption class=\"wp-element-caption\">Olha a\u00ed o Wagner, de novo<\/figcaption><\/figure><\/div>\n\n<div class=\"wp-block-image\">\n<figure class=\"aligncenter size-full\"><img loading=\"lazy\" decoding=\"async\" width=\"810\" height=\"540\" src=\"https:\/\/dedemesquita.com.br\/wp-content\/uploads\/2022\/12\/mota2.jpg\" alt=\"\" class=\"wp-image-5612\" srcset=\"https:\/\/dedemesquita.com.br\/wp-content\/uploads\/2022\/12\/mota2.jpg 810w, https:\/\/dedemesquita.com.br\/wp-content\/uploads\/2022\/12\/mota2-768x512.jpg 768w\" sizes=\"(max-width: 810px) 100vw, 810px\" \/><figcaption class=\"wp-element-caption\">Wagner e Irlaine (foto de Igor Mota)<\/figcaption><\/figure><\/div>\n\n<div class=\"wp-block-image\">\n<figure class=\"aligncenter size-full\"><img loading=\"lazy\" decoding=\"async\" width=\"413\" height=\"473\" src=\"https:\/\/dedemesquita.com.br\/wp-content\/uploads\/2022\/12\/mota3.jpg\" alt=\"\" class=\"wp-image-5613\"\/><figcaption class=\"wp-element-caption\">O coleguinha Babi Afonso e o esp\u00edrito do que \u00e9 fotografar no C\u00edrio de Caraparu (foto de Igor Mota)<\/figcaption><\/figure><\/div>\n\n<div class=\"wp-block-image\">\n<figure class=\"aligncenter size-full\"><img loading=\"lazy\" decoding=\"async\" width=\"800\" height=\"448\" src=\"https:\/\/dedemesquita.com.br\/wp-content\/uploads\/2022\/12\/mota4-1.jpg\" alt=\"\" class=\"wp-image-5622\" srcset=\"https:\/\/dedemesquita.com.br\/wp-content\/uploads\/2022\/12\/mota4-1.jpg 800w, https:\/\/dedemesquita.com.br\/wp-content\/uploads\/2022\/12\/mota4-1-768x430.jpg 768w\" sizes=\"(max-width: 800px) 100vw, 800px\" \/><figcaption class=\"wp-element-caption\">Babi Afonso, agora de canoa (foto de Igor Mota)<\/figcaption><\/figure><\/div>\n\n<div class=\"wp-block-image\">\n<figure class=\"aligncenter size-full\"><img loading=\"lazy\" decoding=\"async\" width=\"798\" height=\"480\" src=\"https:\/\/dedemesquita.com.br\/wp-content\/uploads\/2022\/12\/dilson1.jpg\" alt=\"\" class=\"wp-image-5615\" srcset=\"https:\/\/dedemesquita.com.br\/wp-content\/uploads\/2022\/12\/dilson1.jpg 798w, https:\/\/dedemesquita.com.br\/wp-content\/uploads\/2022\/12\/dilson1-768x462.jpg 768w\" sizes=\"(max-width: 798px) 100vw, 798px\" \/><figcaption class=\"wp-element-caption\">Dilson e Igor (foto de Dilson Pimentel)<\/figcaption><\/figure><\/div>\n\n<div class=\"wp-block-image\">\n<figure class=\"aligncenter size-full\"><img loading=\"lazy\" decoding=\"async\" width=\"800\" height=\"600\" src=\"https:\/\/dedemesquita.com.br\/wp-content\/uploads\/2022\/12\/dilson2.jpg\" alt=\"\" class=\"wp-image-5616\" srcset=\"https:\/\/dedemesquita.com.br\/wp-content\/uploads\/2022\/12\/dilson2.jpg 800w, https:\/\/dedemesquita.com.br\/wp-content\/uploads\/2022\/12\/dilson2-768x576.jpg 768w\" sizes=\"(max-width: 800px) 100vw, 800px\" \/><figcaption class=\"wp-element-caption\">Motinha posando para a foto do Comandante Dilson (foto de Dilson Pimentel)<\/figcaption><\/figure><\/div>\n\n<div class=\"wp-block-image\">\n<figure class=\"aligncenter size-full\"><img loading=\"lazy\" decoding=\"async\" width=\"810\" height=\"540\" src=\"https:\/\/dedemesquita.com.br\/wp-content\/uploads\/2022\/12\/mota1.jpg\" alt=\"\" class=\"wp-image-5617\" srcset=\"https:\/\/dedemesquita.com.br\/wp-content\/uploads\/2022\/12\/mota1.jpg 810w, https:\/\/dedemesquita.com.br\/wp-content\/uploads\/2022\/12\/mota1-768x512.jpg 768w\" sizes=\"(max-width: 810px) 100vw, 810px\" \/><figcaption class=\"wp-element-caption\">Mais uma mostra do super equil\u00edbrio do Wagner, que sabe como fotografar de p\u00e9 em uma canoa (foto de Igor Mota)<\/figcaption><\/figure><\/div>\n\n\n<p class=\"has-text-align-center\"><strong>C\u00edrio de Nossa Senhora do \u00d3, em Mosqueiro<\/strong><\/p>\n\n\n<div class=\"wp-block-image\">\n<figure class=\"aligncenter size-full\"><img loading=\"lazy\" decoding=\"async\" width=\"736\" height=\"850\" src=\"https:\/\/dedemesquita.com.br\/wp-content\/uploads\/2022\/12\/WhatsApp-Image-2022-12-11-at-11.28.49.jpeg\" alt=\"\" class=\"wp-image-5618\"\/><figcaption class=\"wp-element-caption\">No C\u00edrio de Nossa Senhora do \u00d3, em Mosqueiro, a equipe do jornal Di\u00e1rio do Par\u00e1, Cinthya Magno e Wagner Santana, e a assessora de comunica\u00e7\u00e3o do C\u00edrio, Selma Amaral (foto de Wagner Santana)<\/figcaption><\/figure><\/div>\n\n<div class=\"wp-block-image\">\n<figure class=\"aligncenter size-full\"><img loading=\"lazy\" decoding=\"async\" width=\"850\" height=\"566\" src=\"https:\/\/dedemesquita.com.br\/wp-content\/uploads\/2022\/12\/WhatsApp-Image-2022-12-11-at-11.28.15.jpeg\" alt=\"\" class=\"wp-image-5619\" srcset=\"https:\/\/dedemesquita.com.br\/wp-content\/uploads\/2022\/12\/WhatsApp-Image-2022-12-11-at-11.28.15.jpeg 850w, https:\/\/dedemesquita.com.br\/wp-content\/uploads\/2022\/12\/WhatsApp-Image-2022-12-11-at-11.28.15-768x511.jpeg 768w\" sizes=\"(max-width: 850px) 100vw, 850px\" \/><figcaption class=\"wp-element-caption\">Filipe Bispo Vale, da Reda\u00e7\u00e3o Integrada O Liberal, em plena rua 16 de Novembro, em Mosqueiro (foto de Wagner Santana)<\/figcaption><\/figure><\/div>\n\n<div class=\"wp-block-image\">\n<figure class=\"aligncenter size-full\"><img loading=\"lazy\" decoding=\"async\" width=\"850\" height=\"566\" src=\"https:\/\/dedemesquita.com.br\/wp-content\/uploads\/2022\/12\/WhatsApp-Image-2022-12-11-at-11.28.15-1.jpeg\" alt=\"\" class=\"wp-image-5620\" srcset=\"https:\/\/dedemesquita.com.br\/wp-content\/uploads\/2022\/12\/WhatsApp-Image-2022-12-11-at-11.28.15-1.jpeg 850w, https:\/\/dedemesquita.com.br\/wp-content\/uploads\/2022\/12\/WhatsApp-Image-2022-12-11-at-11.28.15-1-768x511.jpeg 768w\" sizes=\"(max-width: 850px) 100vw, 850px\" \/><figcaption class=\"wp-element-caption\">Salim Wariss, nosso mais mariano fot\u00f3grafo no C\u00edrio de Nossa Senhora do \u00d3 (foto de Wagner Santana)<\/figcaption><\/figure><\/div>\n\n\n<p><\/p>\n","protected":false},"excerpt":{"rendered":"<p>Na semana passada, dois C\u00edrios celebrando Nossa Senhora foram celebrados na Regi\u00e3o Metropolitana de Bel\u00e9m (RMB). E s\u00e3o C\u00edrio bem especiais. Na quinta-feira, dia 8, foi celebrado o C\u00edrio de Nossa Senhora da Concei\u00e7\u00e3o que tem a caracter\u00edstica diferencial de ocorrer sobre as \u00e1guas calmas e tranquilas do rio Caraparu, no munic\u00edpio de Santa Isabel [&hellip;]<\/p>\n","protected":false},"author":2,"featured_media":5597,"comment_status":"open","ping_status":"open","sticky":false,"template":"","format":"standard","meta":{"footnotes":""},"categories":[51,14,29],"tags":[181,119,120,144],"class_list":["post-5595","post","type-post","status-publish","format-standard","has-post-thumbnail","hentry","category-destaque","category-imprensa","category-jornalismo","tag-diario-do-para","tag-jornalismo","tag-jornalistas-paraenses-em-acao","tag-o-liberal"],"yoast_head":"<!-- This site is optimized with the Yoast SEO plugin v19.10 - https:\/\/yoast.com\/wordpress\/plugins\/seo\/ -->\n<title>Dois C\u00edrios especiais e nossos coleguinhas em a\u00e7\u00e3o na reportagem - Ded\u00e9 Mesquita<\/title>\n<meta name=\"robots\" content=\"index, follow, max-snippet:-1, max-image-preview:large, max-video-preview:-1\" \/>\n<link rel=\"canonical\" href=\"https:\/\/dedemesquita.com.br\/?p=5595\" \/>\n<meta property=\"og:locale\" content=\"pt_BR\" \/>\n<meta property=\"og:type\" content=\"article\" \/>\n<meta property=\"og:title\" content=\"Dois C\u00edrios especiais e nossos coleguinhas em a\u00e7\u00e3o na reportagem - Ded\u00e9 Mesquita\" \/>\n<meta property=\"og:description\" content=\"Na semana passada, dois C\u00edrios celebrando Nossa Senhora foram celebrados na Regi\u00e3o Metropolitana de Bel\u00e9m (RMB). E s\u00e3o C\u00edrio bem especiais. Na quinta-feira, dia 8, foi celebrado o C\u00edrio de Nossa Senhora da Concei\u00e7\u00e3o que tem a caracter\u00edstica diferencial de ocorrer sobre as \u00e1guas calmas e tranquilas do rio Caraparu, no munic\u00edpio de Santa Isabel [&hellip;]\" \/>\n<meta property=\"og:url\" content=\"https:\/\/dedemesquita.com.br\/?p=5595\" \/>\n<meta property=\"og:site_name\" content=\"Ded\u00e9 Mesquita\" \/>\n<meta property=\"article:publisher\" content=\"https:\/\/www.facebook.com\/dede.mesquita\" \/>\n<meta property=\"article:published_time\" content=\"2022-12-13T13:32:10+00:00\" \/>\n<meta property=\"article:modified_time\" content=\"2022-12-13T13:58:33+00:00\" \/>\n<meta property=\"og:image\" content=\"https:\/\/dedemesquita.com.br\/wp-content\/uploads\/2022\/12\/WhatsApp-Image-2022-12-09-at-05.39.46.jpeg\" \/>\n\t<meta property=\"og:image:width\" content=\"850\" \/>\n\t<meta property=\"og:image:height\" content=\"637\" \/>\n\t<meta property=\"og:image:type\" content=\"image\/jpeg\" \/>\n<meta name=\"author\" content=\"Ded\u00e9 Mesquita\" \/>\n<meta name=\"twitter:card\" content=\"summary_large_image\" \/>\n<meta name=\"twitter:creator\" content=\"@dedemesquita\" \/>\n<meta name=\"twitter:site\" content=\"@dedemesquita\" \/>\n<meta name=\"twitter:label1\" content=\"Escrito por\" \/>\n\t<meta name=\"twitter:data1\" content=\"Ded\u00e9 Mesquita\" \/>\n\t<meta name=\"twitter:label2\" content=\"Est. tempo de leitura\" \/>\n\t<meta name=\"twitter:data2\" content=\"7 minutos\" \/>\n<script type=\"application\/ld+json\" class=\"yoast-schema-graph\">{\"@context\":\"https:\/\/schema.org\",\"@graph\":[{\"@type\":\"WebPage\",\"@id\":\"https:\/\/dedemesquita.com.br\/?p=5595\",\"url\":\"https:\/\/dedemesquita.com.br\/?p=5595\",\"name\":\"Dois C\u00edrios especiais e nossos coleguinhas em a\u00e7\u00e3o na reportagem - Ded\u00e9 Mesquita\",\"isPartOf\":{\"@id\":\"https:\/\/dedemesquita.com.br\/#website\"},\"datePublished\":\"2022-12-13T13:32:10+00:00\",\"dateModified\":\"2022-12-13T13:58:33+00:00\",\"author\":{\"@id\":\"https:\/\/dedemesquita.com.br\/#\/schema\/person\/36571f81dd2d76dc3ab37231542c9e24\"},\"breadcrumb\":{\"@id\":\"https:\/\/dedemesquita.com.br\/?p=5595#breadcrumb\"},\"inLanguage\":\"pt-BR\",\"potentialAction\":[{\"@type\":\"ReadAction\",\"target\":[\"https:\/\/dedemesquita.com.br\/?p=5595\"]}]},{\"@type\":\"BreadcrumbList\",\"@id\":\"https:\/\/dedemesquita.com.br\/?p=5595#breadcrumb\",\"itemListElement\":[{\"@type\":\"ListItem\",\"position\":1,\"name\":\"In\u00edcio\",\"item\":\"https:\/\/dedemesquita.com.br\/\"},{\"@type\":\"ListItem\",\"position\":2,\"name\":\"Dois C\u00edrios especiais e nossos coleguinhas em a\u00e7\u00e3o na reportagem\"}]},{\"@type\":\"WebSite\",\"@id\":\"https:\/\/dedemesquita.com.br\/#website\",\"url\":\"https:\/\/dedemesquita.com.br\/\",\"name\":\"Ded\u00e9 Mesquita\",\"description\":\"Um site que mostra os bastidores da imprensa no estado do Par\u00e1 e em Bel\u00e9m\",\"potentialAction\":[{\"@type\":\"SearchAction\",\"target\":{\"@type\":\"EntryPoint\",\"urlTemplate\":\"https:\/\/dedemesquita.com.br\/?s={search_term_string}\"},\"query-input\":\"required name=search_term_string\"}],\"inLanguage\":\"pt-BR\"},{\"@type\":\"Person\",\"@id\":\"https:\/\/dedemesquita.com.br\/#\/schema\/person\/36571f81dd2d76dc3ab37231542c9e24\",\"name\":\"Ded\u00e9 Mesquita\",\"image\":{\"@type\":\"ImageObject\",\"inLanguage\":\"pt-BR\",\"@id\":\"https:\/\/dedemesquita.com.br\/#\/schema\/person\/image\/\",\"url\":\"https:\/\/dedemesquita.com.br\/wp-content\/uploads\/2021\/02\/foto_perfil-150x150.jpg\",\"contentUrl\":\"https:\/\/dedemesquita.com.br\/wp-content\/uploads\/2021\/02\/foto_perfil-150x150.jpg\",\"caption\":\"Ded\u00e9 Mesquita\"},\"sameAs\":[\"https:\/\/dedemesquita.com.br\"]}]}<\/script>\n<!-- \/ Yoast SEO plugin. -->","yoast_head_json":{"title":"Dois C\u00edrios especiais e nossos coleguinhas em a\u00e7\u00e3o na reportagem - Ded\u00e9 Mesquita","robots":{"index":"index","follow":"follow","max-snippet":"max-snippet:-1","max-image-preview":"max-image-preview:large","max-video-preview":"max-video-preview:-1"},"canonical":"https:\/\/dedemesquita.com.br\/?p=5595","og_locale":"pt_BR","og_type":"article","og_title":"Dois C\u00edrios especiais e nossos coleguinhas em a\u00e7\u00e3o na reportagem - Ded\u00e9 Mesquita","og_description":"Na semana passada, dois C\u00edrios celebrando Nossa Senhora foram celebrados na Regi\u00e3o Metropolitana de Bel\u00e9m (RMB). E s\u00e3o C\u00edrio bem especiais. Na quinta-feira, dia 8, foi celebrado o C\u00edrio de Nossa Senhora da Concei\u00e7\u00e3o que tem a caracter\u00edstica diferencial de ocorrer sobre as \u00e1guas calmas e tranquilas do rio Caraparu, no munic\u00edpio de Santa Isabel [&hellip;]","og_url":"https:\/\/dedemesquita.com.br\/?p=5595","og_site_name":"Ded\u00e9 Mesquita","article_publisher":"https:\/\/www.facebook.com\/dede.mesquita","article_published_time":"2022-12-13T13:32:10+00:00","article_modified_time":"2022-12-13T13:58:33+00:00","og_image":[{"width":850,"height":637,"url":"https:\/\/dedemesquita.com.br\/wp-content\/uploads\/2022\/12\/WhatsApp-Image-2022-12-09-at-05.39.46.jpeg","type":"image\/jpeg"}],"author":"Ded\u00e9 Mesquita","twitter_card":"summary_large_image","twitter_creator":"@dedemesquita","twitter_site":"@dedemesquita","twitter_misc":{"Escrito por":"Ded\u00e9 Mesquita","Est. tempo de leitura":"7 minutos"},"schema":{"@context":"https:\/\/schema.org","@graph":[{"@type":"WebPage","@id":"https:\/\/dedemesquita.com.br\/?p=5595","url":"https:\/\/dedemesquita.com.br\/?p=5595","name":"Dois C\u00edrios especiais e nossos coleguinhas em a\u00e7\u00e3o na reportagem - Ded\u00e9 Mesquita","isPartOf":{"@id":"https:\/\/dedemesquita.com.br\/#website"},"datePublished":"2022-12-13T13:32:10+00:00","dateModified":"2022-12-13T13:58:33+00:00","author":{"@id":"https:\/\/dedemesquita.com.br\/#\/schema\/person\/36571f81dd2d76dc3ab37231542c9e24"},"breadcrumb":{"@id":"https:\/\/dedemesquita.com.br\/?p=5595#breadcrumb"},"inLanguage":"pt-BR","potentialAction":[{"@type":"ReadAction","target":["https:\/\/dedemesquita.com.br\/?p=5595"]}]},{"@type":"BreadcrumbList","@id":"https:\/\/dedemesquita.com.br\/?p=5595#breadcrumb","itemListElement":[{"@type":"ListItem","position":1,"name":"In\u00edcio","item":"https:\/\/dedemesquita.com.br\/"},{"@type":"ListItem","position":2,"name":"Dois C\u00edrios especiais e nossos coleguinhas em a\u00e7\u00e3o na reportagem"}]},{"@type":"WebSite","@id":"https:\/\/dedemesquita.com.br\/#website","url":"https:\/\/dedemesquita.com.br\/","name":"Ded\u00e9 Mesquita","description":"Um site que mostra os bastidores da imprensa no estado do Par\u00e1 e em Bel\u00e9m","potentialAction":[{"@type":"SearchAction","target":{"@type":"EntryPoint","urlTemplate":"https:\/\/dedemesquita.com.br\/?s={search_term_string}"},"query-input":"required name=search_term_string"}],"inLanguage":"pt-BR"},{"@type":"Person","@id":"https:\/\/dedemesquita.com.br\/#\/schema\/person\/36571f81dd2d76dc3ab37231542c9e24","name":"Ded\u00e9 Mesquita","image":{"@type":"ImageObject","inLanguage":"pt-BR","@id":"https:\/\/dedemesquita.com.br\/#\/schema\/person\/image\/","url":"https:\/\/dedemesquita.com.br\/wp-content\/uploads\/2021\/02\/foto_perfil-150x150.jpg","contentUrl":"https:\/\/dedemesquita.com.br\/wp-content\/uploads\/2021\/02\/foto_perfil-150x150.jpg","caption":"Ded\u00e9 Mesquita"},"sameAs":["https:\/\/dedemesquita.com.br"]}]}},"_links":{"self":[{"href":"https:\/\/dedemesquita.com.br\/index.php?rest_route=\/wp\/v2\/posts\/5595"}],"collection":[{"href":"https:\/\/dedemesquita.com.br\/index.php?rest_route=\/wp\/v2\/posts"}],"about":[{"href":"https:\/\/dedemesquita.com.br\/index.php?rest_route=\/wp\/v2\/types\/post"}],"author":[{"embeddable":true,"href":"https:\/\/dedemesquita.com.br\/index.php?rest_route=\/wp\/v2\/users\/2"}],"replies":[{"embeddable":true,"href":"https:\/\/dedemesquita.com.br\/index.php?rest_route=%2Fwp%2Fv2%2Fcomments&post=5595"}],"version-history":[{"count":4,"href":"https:\/\/dedemesquita.com.br\/index.php?rest_route=\/wp\/v2\/posts\/5595\/revisions"}],"predecessor-version":[{"id":5624,"href":"https:\/\/dedemesquita.com.br\/index.php?rest_route=\/wp\/v2\/posts\/5595\/revisions\/5624"}],"wp:featuredmedia":[{"embeddable":true,"href":"https:\/\/dedemesquita.com.br\/index.php?rest_route=\/wp\/v2\/media\/5597"}],"wp:attachment":[{"href":"https:\/\/dedemesquita.com.br\/index.php?rest_route=%2Fwp%2Fv2%2Fmedia&parent=5595"}],"wp:term":[{"taxonomy":"category","embeddable":true,"href":"https:\/\/dedemesquita.com.br\/index.php?rest_route=%2Fwp%2Fv2%2Fcategories&post=5595"},{"taxonomy":"post_tag","embeddable":true,"href":"https:\/\/dedemesquita.com.br\/index.php?rest_route=%2Fwp%2Fv2%2Ftags&post=5595"}],"curies":[{"name":"wp","href":"https:\/\/api.w.org\/{rel}","templated":true}]}}