{"id":5575,"date":"2022-12-06T19:09:13","date_gmt":"2022-12-06T22:09:13","guid":{"rendered":"https:\/\/dedemesquita.com.br\/?p=5575"},"modified":"2022-12-06T19:43:48","modified_gmt":"2022-12-06T22:43:48","slug":"temple-comunicacao-fatura-mais-um-premio-aberje-nacional-e-outras-novidades-da-imprensa-em-belem","status":"publish","type":"post","link":"https:\/\/dedemesquita.com.br\/?p=5575","title":{"rendered":"Temple Comunica\u00e7\u00e3o fatura mais um pr\u00eamio Aberje nacional e outras novidades da imprensa em Bel\u00e9m"},"content":{"rendered":"\n<p>Ter\u00e7a-feira, todos j\u00e1 sabem, h\u00e1 sempre atualiza\u00e7\u00f5es de novidades da imprensa em Bel\u00e9m e no Par\u00e1 por este site. E sigamos: <\/p>\n\n\n\n<p><strong>Pr\u00eamio para Temple no Aberje &#8211; <\/strong>As mineradoras <strong>Minera\u00e7\u00e3o Rio do Norte (MRN)<\/strong> e <strong>Vale<\/strong>, no estado do Par\u00e1, em parceria com a ag\u00eancia <strong>Temple Comunica\u00e7\u00e3o<\/strong>, que atende \u00e0s duas companhias, foram premiadas na 48\u00aa edi\u00e7\u00e3o do pr\u00eamio Aberje, realizada na semana passada, em S\u00e3o Paulo (SP).<\/p>\n\n\n\n<p>Com a apresenta\u00e7\u00e3o dos cases de sucesso \u201cMRN pra Todos: iniciativas afirmativas, diversidade e inclus\u00e3o em Porto Trombetas (PA)\u201d e \u201cPapo de Raiz &#8211; A Amaz\u00f4nia em s\u00e9rie cultural\u201d, em uma parceria que fomentou boas pr\u00e1ticas na \u00e1rea de comunica\u00e7\u00e3o, nos eixos de Diversidade e Inclus\u00e3o e M\u00eddia Audiovisual, as mineradoras se consolidaram em categorias nacionais do pr\u00eamio Aberje e refor\u00e7aram o posicionamento de suas marcas.<\/p>\n\n\n\n<p>A premia\u00e7\u00e3o Aberje \u00e9 dividida em 16 categorias da \u00e1rea de comunica\u00e7\u00e3o organizacional, que abrangem temas, p\u00fablicos e meios. O projeto \u201cMRN pra Todos\u201d foi premiado na categoria Diversidade e Inclus\u00e3o, desenvolvido em parceria com a Temple, Tribo Consultoria e Amoramais. A apresenta\u00e7\u00e3o da iniciativa destacou um projeto estrat\u00e9gico da mineradora, com o desafio de aumentar a representatividade e a pluralidade de pessoas na companhia.<\/p>\n\n\n\n<p>J\u00e1 o case \u201cPapo de Raiz\u201d, da companhia Vale, foi premiado na categoria M\u00eddia Audiovisual, em um projeto criado pela Temple e desenvolvido em parceria com a produtora Clart\u00e9 e Artplan. Com o desafio de lan\u00e7ar um novo olhar sobre os signos que fazem parte da cultura paraense, as equipes desenvolveram uma webs\u00e9rie, conduzida por Jeff Moraes, influenciador digital e artista multim\u00eddia afroamaz\u00f4nida, por meio do Instituto Cultural Vale.<\/p>\n\n\n\n<p>A Vale, a MRN e a Temple conquistaram os t\u00edtulos competindo com mais de 340 projetos, em diversas categorias. Com a dupla honraria nacional, a ag\u00eancia paraense atingiu, este ano, 32 vit\u00f3rias na premia\u00e7\u00e3o. Quem recebeu os trof\u00e9us em S\u00e3o Paulo foram <strong>Cleide Pinheiro<\/strong>, diretora da Temple; e <strong>Adriana Monteiro<\/strong>, analista de comunica\u00e7\u00e3o da Vale no Par\u00e1.<\/p>\n\n\n\n<p>Mais informa\u00e7\u00f5es sobre o projeto \u201cMRN pra Todos\u201d est\u00e3o no Instagram <a href=\"http:\/\/@bauxitamrn\"><strong>@bauxitamrn<\/strong><\/a> e no site <a href=\"http:\/\/www.mrn.com.br\"><strong>www.mrn.com.br<\/strong><\/a>. &nbsp;J\u00e1 a webs\u00e9rie \u201cPapo de Raiz\u201d pode ser conferida no canal do Instituto Cultural Vale no YouTube: <a href=\"https:\/\/www.youtube.com\/@InstitutoCulturalVale\"><strong>https:\/\/www.youtube.com\/@InstitutoCulturalVale<\/strong><\/a><\/p>\n\n\n<div class=\"wp-block-image\">\n<figure class=\"aligncenter size-full\"><img loading=\"lazy\" decoding=\"async\" width=\"800\" height=\"533\" src=\"https:\/\/dedemesquita.com.br\/wp-content\/uploads\/2022\/12\/Cerimonia-do-Premio-Aberje-2022-Foto-Divulgacao-2.jpeg\" alt=\"\" class=\"wp-image-5586\" srcset=\"https:\/\/dedemesquita.com.br\/wp-content\/uploads\/2022\/12\/Cerimonia-do-Premio-Aberje-2022-Foto-Divulgacao-2.jpeg 800w, https:\/\/dedemesquita.com.br\/wp-content\/uploads\/2022\/12\/Cerimonia-do-Premio-Aberje-2022-Foto-Divulgacao-2-768x512.jpeg 768w\" sizes=\"(max-width: 800px) 100vw, 800px\" \/><figcaption class=\"wp-element-caption\">Os trof\u00e9us do pr\u00eamio Aberje nacional <\/figcaption><\/figure><\/div>\n\n\n<p><strong>O U T R A S:<\/strong> <\/p>\n\n\n\n<p><strong>Demiss\u00f5es na CNN Brasil &#8211; <\/strong>Entre as mais de 100 demiss\u00f5es promovidas pela <strong>CNN Brasil<\/strong> est\u00e3o as dos jornalistas paraenses<strong> Jos\u00e9 Brito<\/strong>, da equipe de produ\u00e7\u00e3o e jornalismo investigativo, e do apresentador <strong>Kenz\u00f4 Machida<\/strong>.<\/p>\n\n\n<div class=\"wp-block-image\">\n<figure class=\"aligncenter size-full\"><img loading=\"lazy\" decoding=\"async\" width=\"800\" height=\"481\" src=\"https:\/\/dedemesquita.com.br\/wp-content\/uploads\/2022\/12\/MACHIDA.jpg\" alt=\"\" class=\"wp-image-5580\" srcset=\"https:\/\/dedemesquita.com.br\/wp-content\/uploads\/2022\/12\/MACHIDA.jpg 800w, https:\/\/dedemesquita.com.br\/wp-content\/uploads\/2022\/12\/MACHIDA-768x462.jpg 768w\" sizes=\"(max-width: 800px) 100vw, 800px\" \/><figcaption class=\"wp-element-caption\">O jornalista paraense Kenz\u00f4 Machida foi um dos demitidos pela CNN Brasil <\/figcaption><\/figure><\/div>\n\n\n<p><strong>Miranda &#8211;<\/strong> O jornalista <strong>George Miranda<\/strong>, que deixou recentemente a TV Record Bel\u00e9m, est\u00e1 na ag\u00eancia Temple Comunica\u00e7\u00e3o, como coordenador de conte\u00fado.<\/p>\n\n\n\n<p><strong>Irys &#8211;<\/strong> A publicit\u00e1ria paraense<strong> Irys Roque<\/strong>, que mora e trabalha em S\u00e3o Paulo &#8211; SP, assumiu um novo cargo de supervisora de conte\u00fado na ag\u00eancia WMcCann.<\/p>\n\n\n<div class=\"wp-block-image\">\n<figure class=\"aligncenter size-full\"><img loading=\"lazy\" decoding=\"async\" width=\"445\" height=\"490\" src=\"https:\/\/dedemesquita.com.br\/wp-content\/uploads\/2022\/12\/IRYS_ROQUE.png\" alt=\"\" class=\"wp-image-5584\"\/><figcaption class=\"wp-element-caption\">Irys Roque \u00e9 supervisora de conte\u00fado na ag\u00eancia WMcCann<\/figcaption><\/figure><\/div>\n\n\n<p><strong>Karla &#8211; <\/strong>A jornalista <strong>Karla Soares<\/strong> foi uma das selecionadas para \u2018Carolinas\u2019, um programa de mentoria que prepara mulheres negras para a participa\u00e7\u00e3o em processos seletivos, com dias de imers\u00e3o focados em curr\u00edculo, LinkedIn e autoconhecimento. A abertura foi no dia 30 de novembro e, na aula inaugural, contou com palestras de Amanda Graciano, Andreza Maia, Tha\u00eds Borges e Vitor Martins.<\/p>\n\n\n<div class=\"wp-block-image\">\n<figure class=\"aligncenter size-full\"><img loading=\"lazy\" decoding=\"async\" width=\"265\" height=\"409\" src=\"https:\/\/dedemesquita.com.br\/wp-content\/uploads\/2022\/12\/KARLA_SOARES.png\" alt=\"\" class=\"wp-image-5585\"\/><figcaption class=\"wp-element-caption\">Karla Soares foi selecionada para mentoria importante <\/figcaption><\/figure><\/div>\n\n\n<p><strong>Pr\u00eamios para TV Liberal &#8211; <\/strong>No final de semana passado, o rep\u00f3rter de rede da TV Liberal\/ Rede Globo, <strong>Fabiano Villela<\/strong>, recebeu o pr\u00eamio de Destaque em Telejornalismo em Rede Nacional, concedido e organizado pelo Top de Marketing e Desenvolvimento Regional do Estado do Par\u00e1. J\u00e1 <strong>Priscilla Castro<\/strong>, da mesma emissora, ganhou o pr\u00eamio de Apresentadora de Telejornal Destaque do Par\u00e1. A cerim\u00f4nia foi no Hangar &#8211; Conven\u00e7\u00f5es e Feiras da Amaz\u00f4nia.<\/p>\n\n\n<div class=\"wp-block-image\">\n<figure class=\"aligncenter size-full\"><img loading=\"lazy\" decoding=\"async\" width=\"549\" height=\"474\" src=\"https:\/\/dedemesquita.com.br\/wp-content\/uploads\/2022\/12\/PRISCILLA_FABIANO.png\" alt=\"\" class=\"wp-image-5581\"\/><figcaption class=\"wp-element-caption\">Priscilla Castro e Fabiano Vilella comemoraram a premia\u00e7\u00e3o na sede da TV Liberal <\/figcaption><\/figure><\/div>\n\n\n<p><strong>YouTube &#8211; <\/strong>O jornal <strong>O Liberal <\/strong>recebeu uma placa de reconhecimento do YouTube pelos 100 mil inscritos no canal desse grupo de comunica\u00e7\u00e3o. A chegada do trof\u00e9u foi celebrada com muita festa na reda\u00e7\u00e3o.<\/p>\n\n\n<div class=\"wp-block-image\">\n<figure class=\"aligncenter size-full\"><img loading=\"lazy\" decoding=\"async\" width=\"726\" height=\"850\" src=\"https:\/\/dedemesquita.com.br\/wp-content\/uploads\/2022\/12\/ELVA_VIEIRA.jpg\" alt=\"\" class=\"wp-image-5582\"\/><figcaption class=\"wp-element-caption\">A social m\u00eddia Elva Vieira, do portal oliberal.com, exibe orgulhosa a placa do YouTube <\/figcaption><\/figure><\/div>\n\n\n<p><strong>J. Bosco &#8211; <\/strong>Nesta ter\u00e7a-feira, 6, foi inaugurado um novo espa\u00e7o cultural em Bel\u00e9m, o<strong> Teatro Popular Nazareno Tourinho<\/strong>, no bairro da Cidade Velha. Na entrada no teatro, est\u00e1 uma caricatura de Tourinho assinada por <strong>J. Bosco<\/strong>, cartunista dos jornais O Liberal e Amaz\u00f4nia.<\/p>\n\n\n<div class=\"wp-block-image\">\n<figure class=\"aligncenter size-full\"><img loading=\"lazy\" decoding=\"async\" width=\"576\" height=\"850\" src=\"https:\/\/dedemesquita.com.br\/wp-content\/uploads\/2022\/12\/nazareno-tourinho-carica-1.jpg\" alt=\"\" class=\"wp-image-5590\"\/><figcaption class=\"wp-element-caption\">Nazareno Tourinho imortalizado no tra\u00e7o do cartunista J. Bosco <\/figcaption><\/figure><\/div>\n\n\n<p><strong>Lan\u00e7amento de livro &#8211; <\/strong>No s\u00e1bado, dia 3, foi uma noite de emo\u00e7\u00e3o e justas homenagens ao ex-atleta do Clube do Remo, Edson Cimento, goleiro Bola de Prata em 1977. O evento de lan\u00e7amento do livro de Beto Brand\u00e3o, \u201cEdson Cimento &#8211; O Melhor Goleiro do Brasil em 1977\u201d, j\u00e1 entrou para a hist\u00f3ria de Capanema, munic\u00edpio na regi\u00e3o nordeste do Par\u00e1 e do futebol do Estado. Em Bel\u00e9m, a biografia de Cimento estar\u00e1 \u00e0 venda na banca do Alvino, na avenida Presidente Vargas. Tamb\u00e9m pode ser adquirida diretamente com o autor, pelo WhatsApp (91) 98295-1882. Tem orelha do radialista <strong>Guilherme Guerreiro<\/strong> e pref\u00e1cio do jornalista e professor <strong>Ant\u00f4nio Carlos Pimentel Jr.<\/strong> A concep\u00e7\u00e3o gr\u00e1fica \u00e9 do jornalista e designer <strong>Filipe Sanches.<\/strong><\/p>\n\n\n<div class=\"wp-block-image\">\n<figure class=\"aligncenter size-full\"><img loading=\"lazy\" decoding=\"async\" width=\"850\" height=\"504\" src=\"https:\/\/dedemesquita.com.br\/wp-content\/uploads\/2022\/12\/livro.jpg\" alt=\"\" class=\"wp-image-5583\" srcset=\"https:\/\/dedemesquita.com.br\/wp-content\/uploads\/2022\/12\/livro.jpg 850w, https:\/\/dedemesquita.com.br\/wp-content\/uploads\/2022\/12\/livro-768x455.jpg 768w\" sizes=\"(max-width: 850px) 100vw, 850px\" \/><figcaption class=\"wp-element-caption\">O ex-goleiro Edson Cimento (\u00e0 esquerda), Ant\u00f4nio Carlos Pimentel Jr., e Filipe Sanches, no lan\u00e7amento do livro biogr\u00e1fico <\/figcaption><\/figure><\/div>","protected":false},"excerpt":{"rendered":"<p>Ter\u00e7a-feira, todos j\u00e1 sabem, h\u00e1 sempre atualiza\u00e7\u00f5es de novidades da imprensa em Bel\u00e9m e no Par\u00e1 por este site. E sigamos: Pr\u00eamio para Temple no Aberje &#8211; As mineradoras Minera\u00e7\u00e3o Rio do Norte (MRN) e Vale, no estado do Par\u00e1, em parceria com a ag\u00eancia Temple Comunica\u00e7\u00e3o, que atende \u00e0s duas companhias, foram premiadas na [&hellip;]<\/p>\n","protected":false},"author":2,"featured_media":5579,"comment_status":"open","ping_status":"open","sticky":false,"template":"","format":"standard","meta":{"footnotes":""},"categories":[51,14,29],"tags":[136,119,120,144,162,137],"class_list":["post-5575","post","type-post","status-publish","format-standard","has-post-thumbnail","hentry","category-destaque","category-imprensa","category-jornalismo","tag-comus-agencia-belem","tag-jornalismo","tag-jornalistas-paraenses-em-acao","tag-o-liberal","tag-temple-comunicacao","tag-tv-liberal"],"yoast_head":"<!-- This site is optimized with the Yoast SEO plugin v19.10 - https:\/\/yoast.com\/wordpress\/plugins\/seo\/ -->\n<title>Temple Comunica\u00e7\u00e3o fatura mais um pr\u00eamio Aberje nacional e outras novidades da imprensa em Bel\u00e9m - Ded\u00e9 Mesquita<\/title>\n<meta name=\"robots\" content=\"index, follow, max-snippet:-1, max-image-preview:large, max-video-preview:-1\" \/>\n<link rel=\"canonical\" href=\"https:\/\/dedemesquita.com.br\/?p=5575\" \/>\n<meta property=\"og:locale\" content=\"pt_BR\" \/>\n<meta property=\"og:type\" content=\"article\" \/>\n<meta property=\"og:title\" content=\"Temple Comunica\u00e7\u00e3o fatura mais um pr\u00eamio Aberje nacional e outras novidades da imprensa em Bel\u00e9m - Ded\u00e9 Mesquita\" \/>\n<meta property=\"og:description\" content=\"Ter\u00e7a-feira, todos j\u00e1 sabem, h\u00e1 sempre atualiza\u00e7\u00f5es de novidades da imprensa em Bel\u00e9m e no Par\u00e1 por este site. E sigamos: Pr\u00eamio para Temple no Aberje &#8211; As mineradoras Minera\u00e7\u00e3o Rio do Norte (MRN) e Vale, no estado do Par\u00e1, em parceria com a ag\u00eancia Temple Comunica\u00e7\u00e3o, que atende \u00e0s duas companhias, foram premiadas na [&hellip;]\" \/>\n<meta property=\"og:url\" content=\"https:\/\/dedemesquita.com.br\/?p=5575\" \/>\n<meta property=\"og:site_name\" content=\"Ded\u00e9 Mesquita\" \/>\n<meta property=\"article:publisher\" content=\"https:\/\/www.facebook.com\/dede.mesquita\" \/>\n<meta property=\"article:published_time\" content=\"2022-12-06T22:09:13+00:00\" \/>\n<meta property=\"article:modified_time\" content=\"2022-12-06T22:43:48+00:00\" \/>\n<meta property=\"og:image\" content=\"https:\/\/dedemesquita.com.br\/wp-content\/uploads\/2022\/12\/Cleide-Pinheiro-Diretora-da-Temple-e-Adriana-Monteiro-Analista-de-Comunicacao-da-Vale-na-cerimonia-de-premiacao-Foto-Divulgacao.jpeg\" \/>\n\t<meta property=\"og:image:width\" content=\"850\" \/>\n\t<meta property=\"og:image:height\" content=\"566\" \/>\n\t<meta property=\"og:image:type\" content=\"image\/jpeg\" \/>\n<meta name=\"author\" content=\"Ded\u00e9 Mesquita\" \/>\n<meta name=\"twitter:card\" content=\"summary_large_image\" \/>\n<meta name=\"twitter:creator\" content=\"@dedemesquita\" \/>\n<meta name=\"twitter:site\" content=\"@dedemesquita\" \/>\n<meta name=\"twitter:label1\" content=\"Escrito por\" \/>\n\t<meta name=\"twitter:data1\" content=\"Ded\u00e9 Mesquita\" \/>\n\t<meta name=\"twitter:label2\" content=\"Est. tempo de leitura\" \/>\n\t<meta name=\"twitter:data2\" content=\"7 minutos\" \/>\n<script type=\"application\/ld+json\" class=\"yoast-schema-graph\">{\"@context\":\"https:\/\/schema.org\",\"@graph\":[{\"@type\":\"WebPage\",\"@id\":\"https:\/\/dedemesquita.com.br\/?p=5575\",\"url\":\"https:\/\/dedemesquita.com.br\/?p=5575\",\"name\":\"Temple Comunica\u00e7\u00e3o fatura mais um pr\u00eamio Aberje nacional e outras novidades da imprensa em Bel\u00e9m - Ded\u00e9 Mesquita\",\"isPartOf\":{\"@id\":\"https:\/\/dedemesquita.com.br\/#website\"},\"datePublished\":\"2022-12-06T22:09:13+00:00\",\"dateModified\":\"2022-12-06T22:43:48+00:00\",\"author\":{\"@id\":\"https:\/\/dedemesquita.com.br\/#\/schema\/person\/36571f81dd2d76dc3ab37231542c9e24\"},\"breadcrumb\":{\"@id\":\"https:\/\/dedemesquita.com.br\/?p=5575#breadcrumb\"},\"inLanguage\":\"pt-BR\",\"potentialAction\":[{\"@type\":\"ReadAction\",\"target\":[\"https:\/\/dedemesquita.com.br\/?p=5575\"]}]},{\"@type\":\"BreadcrumbList\",\"@id\":\"https:\/\/dedemesquita.com.br\/?p=5575#breadcrumb\",\"itemListElement\":[{\"@type\":\"ListItem\",\"position\":1,\"name\":\"In\u00edcio\",\"item\":\"https:\/\/dedemesquita.com.br\/\"},{\"@type\":\"ListItem\",\"position\":2,\"name\":\"Temple Comunica\u00e7\u00e3o fatura mais um pr\u00eamio Aberje nacional e outras novidades da imprensa em Bel\u00e9m\"}]},{\"@type\":\"WebSite\",\"@id\":\"https:\/\/dedemesquita.com.br\/#website\",\"url\":\"https:\/\/dedemesquita.com.br\/\",\"name\":\"Ded\u00e9 Mesquita\",\"description\":\"Um site que mostra os bastidores da imprensa no estado do Par\u00e1 e em Bel\u00e9m\",\"potentialAction\":[{\"@type\":\"SearchAction\",\"target\":{\"@type\":\"EntryPoint\",\"urlTemplate\":\"https:\/\/dedemesquita.com.br\/?s={search_term_string}\"},\"query-input\":\"required name=search_term_string\"}],\"inLanguage\":\"pt-BR\"},{\"@type\":\"Person\",\"@id\":\"https:\/\/dedemesquita.com.br\/#\/schema\/person\/36571f81dd2d76dc3ab37231542c9e24\",\"name\":\"Ded\u00e9 Mesquita\",\"image\":{\"@type\":\"ImageObject\",\"inLanguage\":\"pt-BR\",\"@id\":\"https:\/\/dedemesquita.com.br\/#\/schema\/person\/image\/\",\"url\":\"https:\/\/dedemesquita.com.br\/wp-content\/uploads\/2021\/02\/foto_perfil-150x150.jpg\",\"contentUrl\":\"https:\/\/dedemesquita.com.br\/wp-content\/uploads\/2021\/02\/foto_perfil-150x150.jpg\",\"caption\":\"Ded\u00e9 Mesquita\"},\"sameAs\":[\"https:\/\/dedemesquita.com.br\"]}]}<\/script>\n<!-- \/ Yoast SEO plugin. -->","yoast_head_json":{"title":"Temple Comunica\u00e7\u00e3o fatura mais um pr\u00eamio Aberje nacional e outras novidades da imprensa em Bel\u00e9m - Ded\u00e9 Mesquita","robots":{"index":"index","follow":"follow","max-snippet":"max-snippet:-1","max-image-preview":"max-image-preview:large","max-video-preview":"max-video-preview:-1"},"canonical":"https:\/\/dedemesquita.com.br\/?p=5575","og_locale":"pt_BR","og_type":"article","og_title":"Temple Comunica\u00e7\u00e3o fatura mais um pr\u00eamio Aberje nacional e outras novidades da imprensa em Bel\u00e9m - Ded\u00e9 Mesquita","og_description":"Ter\u00e7a-feira, todos j\u00e1 sabem, h\u00e1 sempre atualiza\u00e7\u00f5es de novidades da imprensa em Bel\u00e9m e no Par\u00e1 por este site. E sigamos: Pr\u00eamio para Temple no Aberje &#8211; As mineradoras Minera\u00e7\u00e3o Rio do Norte (MRN) e Vale, no estado do Par\u00e1, em parceria com a ag\u00eancia Temple Comunica\u00e7\u00e3o, que atende \u00e0s duas companhias, foram premiadas na [&hellip;]","og_url":"https:\/\/dedemesquita.com.br\/?p=5575","og_site_name":"Ded\u00e9 Mesquita","article_publisher":"https:\/\/www.facebook.com\/dede.mesquita","article_published_time":"2022-12-06T22:09:13+00:00","article_modified_time":"2022-12-06T22:43:48+00:00","og_image":[{"width":850,"height":566,"url":"https:\/\/dedemesquita.com.br\/wp-content\/uploads\/2022\/12\/Cleide-Pinheiro-Diretora-da-Temple-e-Adriana-Monteiro-Analista-de-Comunicacao-da-Vale-na-cerimonia-de-premiacao-Foto-Divulgacao.jpeg","type":"image\/jpeg"}],"author":"Ded\u00e9 Mesquita","twitter_card":"summary_large_image","twitter_creator":"@dedemesquita","twitter_site":"@dedemesquita","twitter_misc":{"Escrito por":"Ded\u00e9 Mesquita","Est. tempo de leitura":"7 minutos"},"schema":{"@context":"https:\/\/schema.org","@graph":[{"@type":"WebPage","@id":"https:\/\/dedemesquita.com.br\/?p=5575","url":"https:\/\/dedemesquita.com.br\/?p=5575","name":"Temple Comunica\u00e7\u00e3o fatura mais um pr\u00eamio Aberje nacional e outras novidades da imprensa em Bel\u00e9m - Ded\u00e9 Mesquita","isPartOf":{"@id":"https:\/\/dedemesquita.com.br\/#website"},"datePublished":"2022-12-06T22:09:13+00:00","dateModified":"2022-12-06T22:43:48+00:00","author":{"@id":"https:\/\/dedemesquita.com.br\/#\/schema\/person\/36571f81dd2d76dc3ab37231542c9e24"},"breadcrumb":{"@id":"https:\/\/dedemesquita.com.br\/?p=5575#breadcrumb"},"inLanguage":"pt-BR","potentialAction":[{"@type":"ReadAction","target":["https:\/\/dedemesquita.com.br\/?p=5575"]}]},{"@type":"BreadcrumbList","@id":"https:\/\/dedemesquita.com.br\/?p=5575#breadcrumb","itemListElement":[{"@type":"ListItem","position":1,"name":"In\u00edcio","item":"https:\/\/dedemesquita.com.br\/"},{"@type":"ListItem","position":2,"name":"Temple Comunica\u00e7\u00e3o fatura mais um pr\u00eamio Aberje nacional e outras novidades da imprensa em Bel\u00e9m"}]},{"@type":"WebSite","@id":"https:\/\/dedemesquita.com.br\/#website","url":"https:\/\/dedemesquita.com.br\/","name":"Ded\u00e9 Mesquita","description":"Um site que mostra os bastidores da imprensa no estado do Par\u00e1 e em Bel\u00e9m","potentialAction":[{"@type":"SearchAction","target":{"@type":"EntryPoint","urlTemplate":"https:\/\/dedemesquita.com.br\/?s={search_term_string}"},"query-input":"required name=search_term_string"}],"inLanguage":"pt-BR"},{"@type":"Person","@id":"https:\/\/dedemesquita.com.br\/#\/schema\/person\/36571f81dd2d76dc3ab37231542c9e24","name":"Ded\u00e9 Mesquita","image":{"@type":"ImageObject","inLanguage":"pt-BR","@id":"https:\/\/dedemesquita.com.br\/#\/schema\/person\/image\/","url":"https:\/\/dedemesquita.com.br\/wp-content\/uploads\/2021\/02\/foto_perfil-150x150.jpg","contentUrl":"https:\/\/dedemesquita.com.br\/wp-content\/uploads\/2021\/02\/foto_perfil-150x150.jpg","caption":"Ded\u00e9 Mesquita"},"sameAs":["https:\/\/dedemesquita.com.br"]}]}},"_links":{"self":[{"href":"https:\/\/dedemesquita.com.br\/index.php?rest_route=\/wp\/v2\/posts\/5575"}],"collection":[{"href":"https:\/\/dedemesquita.com.br\/index.php?rest_route=\/wp\/v2\/posts"}],"about":[{"href":"https:\/\/dedemesquita.com.br\/index.php?rest_route=\/wp\/v2\/types\/post"}],"author":[{"embeddable":true,"href":"https:\/\/dedemesquita.com.br\/index.php?rest_route=\/wp\/v2\/users\/2"}],"replies":[{"embeddable":true,"href":"https:\/\/dedemesquita.com.br\/index.php?rest_route=%2Fwp%2Fv2%2Fcomments&post=5575"}],"version-history":[{"count":6,"href":"https:\/\/dedemesquita.com.br\/index.php?rest_route=\/wp\/v2\/posts\/5575\/revisions"}],"predecessor-version":[{"id":5592,"href":"https:\/\/dedemesquita.com.br\/index.php?rest_route=\/wp\/v2\/posts\/5575\/revisions\/5592"}],"wp:featuredmedia":[{"embeddable":true,"href":"https:\/\/dedemesquita.com.br\/index.php?rest_route=\/wp\/v2\/media\/5579"}],"wp:attachment":[{"href":"https:\/\/dedemesquita.com.br\/index.php?rest_route=%2Fwp%2Fv2%2Fmedia&parent=5575"}],"wp:term":[{"taxonomy":"category","embeddable":true,"href":"https:\/\/dedemesquita.com.br\/index.php?rest_route=%2Fwp%2Fv2%2Fcategories&post=5575"},{"taxonomy":"post_tag","embeddable":true,"href":"https:\/\/dedemesquita.com.br\/index.php?rest_route=%2Fwp%2Fv2%2Ftags&post=5575"}],"curies":[{"name":"wp","href":"https:\/\/api.w.org\/{rel}","templated":true}]}}