{"id":5470,"date":"2022-11-21T13:15:12","date_gmt":"2022-11-21T16:15:12","guid":{"rendered":"https:\/\/dedemesquita.com.br\/?p=5470"},"modified":"2022-11-21T13:15:15","modified_gmt":"2022-11-21T16:15:15","slug":"tarso-sarraf-comeca-cobertura-da-copa-do-qatar-e-esta-na-final-da-copa-mundial-de-fotografia","status":"publish","type":"post","link":"https:\/\/dedemesquita.com.br\/?p=5470","title":{"rendered":"Tarso Sarraf come\u00e7a cobertura da Copa do Qatar e est\u00e1 na final da Copa Mundial de Fotografia"},"content":{"rendered":"\n<p>Todo mundo aqui sabe que eu sou amiga e muito tiete no Tarso Sarraf. Mas tenho que ser. Esse tio \u00e9 demais. Como j\u00e1 noticiei aqui, Tarso est\u00e1 na cidade de Doha, na cobertura da Copa do Mundo de Futebol do Qatar. E como tamb\u00e9m j\u00e1 contei, esta \u00e9 a <strong>TERCEIRA<\/strong> Copa do Mundo que o Tarso cobre, passando pela Copa do Brasil, em 2014, e da R\u00fassia, em 2018. Ah! e ele tem uma Olimp\u00edada no curr\u00edculo, a do Brasil, em 2016. <\/p>\n\n\n<div class=\"wp-block-image\">\n<figure class=\"aligncenter size-full\"><img loading=\"lazy\" decoding=\"async\" width=\"573\" height=\"900\" src=\"https:\/\/dedemesquita.com.br\/wp-content\/uploads\/2022\/11\/WhatsApp-Image-2022-11-19-at-08.28.57.jpeg\" alt=\"\" class=\"wp-image-5473\"\/><figcaption class=\"wp-element-caption\">Tarso e essa credencial que vale &#8220;ouro&#8221;<\/figcaption><\/figure><\/div>\n\n<div class=\"wp-block-image\">\n<figure class=\"aligncenter size-full\"><img loading=\"lazy\" decoding=\"async\" width=\"796\" height=\"900\" src=\"https:\/\/dedemesquita.com.br\/wp-content\/uploads\/2022\/11\/WhatsApp-Image-2022-11-20-at-21.54.47.jpeg\" alt=\"\" class=\"wp-image-5474\" srcset=\"https:\/\/dedemesquita.com.br\/wp-content\/uploads\/2022\/11\/WhatsApp-Image-2022-11-20-at-21.54.47.jpeg 796w, https:\/\/dedemesquita.com.br\/wp-content\/uploads\/2022\/11\/WhatsApp-Image-2022-11-20-at-21.54.47-768x868.jpeg 768w\" sizes=\"(max-width: 796px) 100vw, 796px\" \/><figcaption class=\"wp-element-caption\">Tarso j\u00e1 no ler\u00ea na cobertura da abertura da Copa do Mundo do Qatar <\/figcaption><\/figure><\/div>\n\n<div class=\"wp-block-image\">\n<figure class=\"aligncenter size-full\"><img loading=\"lazy\" decoding=\"async\" width=\"900\" height=\"632\" src=\"https:\/\/dedemesquita.com.br\/wp-content\/uploads\/2022\/11\/WhatsApp-Image-2022-11-20-at-21.54.52-1.jpeg\" alt=\"\" class=\"wp-image-5475\" srcset=\"https:\/\/dedemesquita.com.br\/wp-content\/uploads\/2022\/11\/WhatsApp-Image-2022-11-20-at-21.54.52-1.jpeg 900w, https:\/\/dedemesquita.com.br\/wp-content\/uploads\/2022\/11\/WhatsApp-Image-2022-11-20-at-21.54.52-1-768x539.jpeg 768w\" sizes=\"(max-width: 900px) 100vw, 900px\" \/><figcaption class=\"wp-element-caption\">Junto com Tarso na cobertura da Copa do Qatar est\u00e1 o radialista Abner Luiz, da r\u00e1dio Liberal FM, do grupo O Liberal <\/figcaption><\/figure><\/div>\n\n<div class=\"wp-block-image\">\n<figure class=\"aligncenter size-full\"><img loading=\"lazy\" decoding=\"async\" width=\"763\" height=\"900\" src=\"https:\/\/dedemesquita.com.br\/wp-content\/uploads\/2022\/11\/WhatsApp-Image-2022-11-19-at-10.18.02.jpeg\" alt=\"\" class=\"wp-image-5477\"\/><figcaption class=\"wp-element-caption\">Abner e Tarso com as credenciais da Copa do Qatar <\/figcaption><\/figure><\/div>\n\n<div class=\"wp-block-image\">\n<figure class=\"aligncenter size-full\"><img loading=\"lazy\" decoding=\"async\" width=\"900\" height=\"988\" src=\"https:\/\/dedemesquita.com.br\/wp-content\/uploads\/2022\/11\/WhatsApp-Image-2022-11-20-at-21.54.52.jpeg\" alt=\"\" class=\"wp-image-5479\" srcset=\"https:\/\/dedemesquita.com.br\/wp-content\/uploads\/2022\/11\/WhatsApp-Image-2022-11-20-at-21.54.52.jpeg 900w, https:\/\/dedemesquita.com.br\/wp-content\/uploads\/2022\/11\/WhatsApp-Image-2022-11-20-at-21.54.52-768x843.jpeg 768w\" sizes=\"(max-width: 900px) 100vw, 900px\" \/><figcaption class=\"wp-element-caption\">A volta para o hotel depois de um dia de muito trabalho no est\u00e1dio de Doha <\/figcaption><\/figure><\/div>\n\n\n<p><strong>Fotografia &#8211; <\/strong>E por falar em copa, j\u00e1 foi publicado aqui: <a href=\"https:\/\/dedemesquita.com.br\/?p=5320\"><strong>Tarso Sarraf indicado a mais um pr\u00eamio, um casamento e mais novidades dos coleguinhas<\/strong><\/a>, que \u00a0<strong>Sarraf, coordenador de audiovisual de O Liberal<\/strong>, foi um dos seis semifinalistas do\u00a0<strong>Brasil Photo Awards \u2013 BPA<\/strong>\u00a0-,\u00a0<strong>etapa nacional do World Photographic Cup \u2013 WPC<\/strong>, a Copa Mundial de Fotografia, que re\u00fane talentos da fotografia e da arte digital de mais de 40 pa\u00edses. A lista dos profissionais nominados na etapa nacional foi divulgada na \u00faltima segunda-feira, 31 de outubro. A premia\u00e7\u00e3o mundial ser\u00e1 em 17 de mar\u00e7o de 2023, em Singapura.<\/p>\n\n\n\n<p>No domingo, 20, foi divulgado que Tarso \u00e9 um dos <strong>TR\u00caS fot\u00f3grafos brasileiros<\/strong> finalistas na categoria <strong>Reportagem<\/strong>. Com ele na disputa est\u00e3o Aldo Bernardis e Andr\u00e9 Marag\u00e3o. <\/p>\n\n\n<div class=\"wp-block-image\">\n<figure class=\"aligncenter size-full\"><img loading=\"lazy\" decoding=\"async\" width=\"900\" height=\"600\" src=\"https:\/\/dedemesquita.com.br\/wp-content\/uploads\/2022\/11\/reportagem_tarso-sarraf.jpg\" alt=\"\" class=\"wp-image-5321\" srcset=\"https:\/\/dedemesquita.com.br\/wp-content\/uploads\/2022\/11\/reportagem_tarso-sarraf.jpg 900w, https:\/\/dedemesquita.com.br\/wp-content\/uploads\/2022\/11\/reportagem_tarso-sarraf-768x512.jpg 768w\" sizes=\"(max-width: 900px) 100vw, 900px\" \/><figcaption class=\"wp-element-caption\">A foto de Tarso Sarraf finalista \u00e9 esta aqui <\/figcaption><\/figure><\/div>\n\n\n<p>Conhe\u00e7a todos os brasileiros indicados aqui: <a href=\"https:\/\/www.brasilphotoawards.com\/selecao-2023\/\"><strong>https:\/\/www.brasilphotoawards.com\/selecao-2023\/<\/strong><\/a><\/p>\n","protected":false},"excerpt":{"rendered":"<p>Todo mundo aqui sabe que eu sou amiga e muito tiete no Tarso Sarraf. Mas tenho que ser. Esse tio \u00e9 demais. Como j\u00e1 noticiei aqui, Tarso est\u00e1 na cidade de Doha, na cobertura da Copa do Mundo de Futebol do Qatar. E como tamb\u00e9m j\u00e1 contei, esta \u00e9 a TERCEIRA Copa do Mundo que [&hellip;]<\/p>\n","protected":false},"author":2,"featured_media":5472,"comment_status":"open","ping_status":"open","sticky":false,"template":"","format":"standard","meta":{"footnotes":""},"categories":[51,14,29],"tags":[119,120,144,157],"class_list":["post-5470","post","type-post","status-publish","format-standard","has-post-thumbnail","hentry","category-destaque","category-imprensa","category-jornalismo","tag-jornalismo","tag-jornalistas-paraenses-em-acao","tag-o-liberal","tag-radio-liberal"],"yoast_head":"<!-- This site is optimized with the Yoast SEO plugin v19.10 - https:\/\/yoast.com\/wordpress\/plugins\/seo\/ -->\n<title>Tarso Sarraf come\u00e7a cobertura da Copa do Qatar e est\u00e1 na final da Copa Mundial de Fotografia - Ded\u00e9 Mesquita<\/title>\n<meta name=\"robots\" content=\"index, follow, max-snippet:-1, max-image-preview:large, max-video-preview:-1\" \/>\n<link rel=\"canonical\" href=\"https:\/\/dedemesquita.com.br\/?p=5470\" \/>\n<meta property=\"og:locale\" content=\"pt_BR\" \/>\n<meta property=\"og:type\" content=\"article\" \/>\n<meta property=\"og:title\" content=\"Tarso Sarraf come\u00e7a cobertura da Copa do Qatar e est\u00e1 na final da Copa Mundial de Fotografia - Ded\u00e9 Mesquita\" \/>\n<meta property=\"og:description\" content=\"Todo mundo aqui sabe que eu sou amiga e muito tiete no Tarso Sarraf. Mas tenho que ser. Esse tio \u00e9 demais. Como j\u00e1 noticiei aqui, Tarso est\u00e1 na cidade de Doha, na cobertura da Copa do Mundo de Futebol do Qatar. E como tamb\u00e9m j\u00e1 contei, esta \u00e9 a TERCEIRA Copa do Mundo que [&hellip;]\" \/>\n<meta property=\"og:url\" content=\"https:\/\/dedemesquita.com.br\/?p=5470\" \/>\n<meta property=\"og:site_name\" content=\"Ded\u00e9 Mesquita\" \/>\n<meta property=\"article:publisher\" content=\"https:\/\/www.facebook.com\/dede.mesquita\" \/>\n<meta property=\"article:published_time\" content=\"2022-11-21T16:15:12+00:00\" \/>\n<meta property=\"article:modified_time\" content=\"2022-11-21T16:15:15+00:00\" \/>\n<meta property=\"og:image\" content=\"https:\/\/dedemesquita.com.br\/wp-content\/uploads\/2022\/11\/WhatsApp-Image-2022-11-19-at-08.29.11.jpeg\" \/>\n\t<meta property=\"og:image:width\" content=\"900\" \/>\n\t<meta property=\"og:image:height\" content=\"506\" \/>\n\t<meta property=\"og:image:type\" content=\"image\/jpeg\" \/>\n<meta name=\"author\" content=\"Ded\u00e9 Mesquita\" \/>\n<meta name=\"twitter:card\" content=\"summary_large_image\" \/>\n<meta name=\"twitter:creator\" content=\"@dedemesquita\" \/>\n<meta name=\"twitter:site\" content=\"@dedemesquita\" \/>\n<meta name=\"twitter:label1\" content=\"Escrito por\" \/>\n\t<meta name=\"twitter:data1\" content=\"Ded\u00e9 Mesquita\" \/>\n\t<meta name=\"twitter:label2\" content=\"Est. tempo de leitura\" \/>\n\t<meta name=\"twitter:data2\" content=\"3 minutos\" \/>\n<script type=\"application\/ld+json\" class=\"yoast-schema-graph\">{\"@context\":\"https:\/\/schema.org\",\"@graph\":[{\"@type\":\"WebPage\",\"@id\":\"https:\/\/dedemesquita.com.br\/?p=5470\",\"url\":\"https:\/\/dedemesquita.com.br\/?p=5470\",\"name\":\"Tarso Sarraf come\u00e7a cobertura da Copa do Qatar e est\u00e1 na final da Copa Mundial de Fotografia - Ded\u00e9 Mesquita\",\"isPartOf\":{\"@id\":\"https:\/\/dedemesquita.com.br\/#website\"},\"datePublished\":\"2022-11-21T16:15:12+00:00\",\"dateModified\":\"2022-11-21T16:15:15+00:00\",\"author\":{\"@id\":\"https:\/\/dedemesquita.com.br\/#\/schema\/person\/36571f81dd2d76dc3ab37231542c9e24\"},\"breadcrumb\":{\"@id\":\"https:\/\/dedemesquita.com.br\/?p=5470#breadcrumb\"},\"inLanguage\":\"pt-BR\",\"potentialAction\":[{\"@type\":\"ReadAction\",\"target\":[\"https:\/\/dedemesquita.com.br\/?p=5470\"]}]},{\"@type\":\"BreadcrumbList\",\"@id\":\"https:\/\/dedemesquita.com.br\/?p=5470#breadcrumb\",\"itemListElement\":[{\"@type\":\"ListItem\",\"position\":1,\"name\":\"In\u00edcio\",\"item\":\"https:\/\/dedemesquita.com.br\/\"},{\"@type\":\"ListItem\",\"position\":2,\"name\":\"Tarso Sarraf come\u00e7a cobertura da Copa do Qatar e est\u00e1 na final da Copa Mundial de Fotografia\"}]},{\"@type\":\"WebSite\",\"@id\":\"https:\/\/dedemesquita.com.br\/#website\",\"url\":\"https:\/\/dedemesquita.com.br\/\",\"name\":\"Ded\u00e9 Mesquita\",\"description\":\"Um site que mostra os bastidores da imprensa no estado do Par\u00e1 e em Bel\u00e9m\",\"potentialAction\":[{\"@type\":\"SearchAction\",\"target\":{\"@type\":\"EntryPoint\",\"urlTemplate\":\"https:\/\/dedemesquita.com.br\/?s={search_term_string}\"},\"query-input\":\"required name=search_term_string\"}],\"inLanguage\":\"pt-BR\"},{\"@type\":\"Person\",\"@id\":\"https:\/\/dedemesquita.com.br\/#\/schema\/person\/36571f81dd2d76dc3ab37231542c9e24\",\"name\":\"Ded\u00e9 Mesquita\",\"image\":{\"@type\":\"ImageObject\",\"inLanguage\":\"pt-BR\",\"@id\":\"https:\/\/dedemesquita.com.br\/#\/schema\/person\/image\/\",\"url\":\"https:\/\/dedemesquita.com.br\/wp-content\/uploads\/2021\/02\/foto_perfil-150x150.jpg\",\"contentUrl\":\"https:\/\/dedemesquita.com.br\/wp-content\/uploads\/2021\/02\/foto_perfil-150x150.jpg\",\"caption\":\"Ded\u00e9 Mesquita\"},\"sameAs\":[\"https:\/\/dedemesquita.com.br\"]}]}<\/script>\n<!-- \/ Yoast SEO plugin. -->","yoast_head_json":{"title":"Tarso Sarraf come\u00e7a cobertura da Copa do Qatar e est\u00e1 na final da Copa Mundial de Fotografia - Ded\u00e9 Mesquita","robots":{"index":"index","follow":"follow","max-snippet":"max-snippet:-1","max-image-preview":"max-image-preview:large","max-video-preview":"max-video-preview:-1"},"canonical":"https:\/\/dedemesquita.com.br\/?p=5470","og_locale":"pt_BR","og_type":"article","og_title":"Tarso Sarraf come\u00e7a cobertura da Copa do Qatar e est\u00e1 na final da Copa Mundial de Fotografia - Ded\u00e9 Mesquita","og_description":"Todo mundo aqui sabe que eu sou amiga e muito tiete no Tarso Sarraf. Mas tenho que ser. Esse tio \u00e9 demais. Como j\u00e1 noticiei aqui, Tarso est\u00e1 na cidade de Doha, na cobertura da Copa do Mundo de Futebol do Qatar. E como tamb\u00e9m j\u00e1 contei, esta \u00e9 a TERCEIRA Copa do Mundo que [&hellip;]","og_url":"https:\/\/dedemesquita.com.br\/?p=5470","og_site_name":"Ded\u00e9 Mesquita","article_publisher":"https:\/\/www.facebook.com\/dede.mesquita","article_published_time":"2022-11-21T16:15:12+00:00","article_modified_time":"2022-11-21T16:15:15+00:00","og_image":[{"width":900,"height":506,"url":"https:\/\/dedemesquita.com.br\/wp-content\/uploads\/2022\/11\/WhatsApp-Image-2022-11-19-at-08.29.11.jpeg","type":"image\/jpeg"}],"author":"Ded\u00e9 Mesquita","twitter_card":"summary_large_image","twitter_creator":"@dedemesquita","twitter_site":"@dedemesquita","twitter_misc":{"Escrito por":"Ded\u00e9 Mesquita","Est. tempo de leitura":"3 minutos"},"schema":{"@context":"https:\/\/schema.org","@graph":[{"@type":"WebPage","@id":"https:\/\/dedemesquita.com.br\/?p=5470","url":"https:\/\/dedemesquita.com.br\/?p=5470","name":"Tarso Sarraf come\u00e7a cobertura da Copa do Qatar e est\u00e1 na final da Copa Mundial de Fotografia - Ded\u00e9 Mesquita","isPartOf":{"@id":"https:\/\/dedemesquita.com.br\/#website"},"datePublished":"2022-11-21T16:15:12+00:00","dateModified":"2022-11-21T16:15:15+00:00","author":{"@id":"https:\/\/dedemesquita.com.br\/#\/schema\/person\/36571f81dd2d76dc3ab37231542c9e24"},"breadcrumb":{"@id":"https:\/\/dedemesquita.com.br\/?p=5470#breadcrumb"},"inLanguage":"pt-BR","potentialAction":[{"@type":"ReadAction","target":["https:\/\/dedemesquita.com.br\/?p=5470"]}]},{"@type":"BreadcrumbList","@id":"https:\/\/dedemesquita.com.br\/?p=5470#breadcrumb","itemListElement":[{"@type":"ListItem","position":1,"name":"In\u00edcio","item":"https:\/\/dedemesquita.com.br\/"},{"@type":"ListItem","position":2,"name":"Tarso Sarraf come\u00e7a cobertura da Copa do Qatar e est\u00e1 na final da Copa Mundial de Fotografia"}]},{"@type":"WebSite","@id":"https:\/\/dedemesquita.com.br\/#website","url":"https:\/\/dedemesquita.com.br\/","name":"Ded\u00e9 Mesquita","description":"Um site que mostra os bastidores da imprensa no estado do Par\u00e1 e em Bel\u00e9m","potentialAction":[{"@type":"SearchAction","target":{"@type":"EntryPoint","urlTemplate":"https:\/\/dedemesquita.com.br\/?s={search_term_string}"},"query-input":"required name=search_term_string"}],"inLanguage":"pt-BR"},{"@type":"Person","@id":"https:\/\/dedemesquita.com.br\/#\/schema\/person\/36571f81dd2d76dc3ab37231542c9e24","name":"Ded\u00e9 Mesquita","image":{"@type":"ImageObject","inLanguage":"pt-BR","@id":"https:\/\/dedemesquita.com.br\/#\/schema\/person\/image\/","url":"https:\/\/dedemesquita.com.br\/wp-content\/uploads\/2021\/02\/foto_perfil-150x150.jpg","contentUrl":"https:\/\/dedemesquita.com.br\/wp-content\/uploads\/2021\/02\/foto_perfil-150x150.jpg","caption":"Ded\u00e9 Mesquita"},"sameAs":["https:\/\/dedemesquita.com.br"]}]}},"_links":{"self":[{"href":"https:\/\/dedemesquita.com.br\/index.php?rest_route=\/wp\/v2\/posts\/5470"}],"collection":[{"href":"https:\/\/dedemesquita.com.br\/index.php?rest_route=\/wp\/v2\/posts"}],"about":[{"href":"https:\/\/dedemesquita.com.br\/index.php?rest_route=\/wp\/v2\/types\/post"}],"author":[{"embeddable":true,"href":"https:\/\/dedemesquita.com.br\/index.php?rest_route=\/wp\/v2\/users\/2"}],"replies":[{"embeddable":true,"href":"https:\/\/dedemesquita.com.br\/index.php?rest_route=%2Fwp%2Fv2%2Fcomments&post=5470"}],"version-history":[{"count":4,"href":"https:\/\/dedemesquita.com.br\/index.php?rest_route=\/wp\/v2\/posts\/5470\/revisions"}],"predecessor-version":[{"id":5480,"href":"https:\/\/dedemesquita.com.br\/index.php?rest_route=\/wp\/v2\/posts\/5470\/revisions\/5480"}],"wp:featuredmedia":[{"embeddable":true,"href":"https:\/\/dedemesquita.com.br\/index.php?rest_route=\/wp\/v2\/media\/5472"}],"wp:attachment":[{"href":"https:\/\/dedemesquita.com.br\/index.php?rest_route=%2Fwp%2Fv2%2Fmedia&parent=5470"}],"wp:term":[{"taxonomy":"category","embeddable":true,"href":"https:\/\/dedemesquita.com.br\/index.php?rest_route=%2Fwp%2Fv2%2Fcategories&post=5470"},{"taxonomy":"post_tag","embeddable":true,"href":"https:\/\/dedemesquita.com.br\/index.php?rest_route=%2Fwp%2Fv2%2Ftags&post=5470"}],"curies":[{"name":"wp","href":"https:\/\/api.w.org\/{rel}","templated":true}]}}