{"id":5400,"date":"2022-11-14T11:42:44","date_gmt":"2022-11-14T14:42:44","guid":{"rendered":"https:\/\/dedemesquita.com.br\/?p=5400"},"modified":"2022-11-14T11:42:47","modified_gmt":"2022-11-14T14:42:47","slug":"o-que-rolou-na-confra-dos-fotografos-parte-2","status":"publish","type":"post","link":"https:\/\/dedemesquita.com.br\/?p=5400","title":{"rendered":"O que rolou na confra dos fot\u00f3grafos \u2013 parte 2"},"content":{"rendered":"\n<p>Como eu disse, \u00e9 uma confra de fot\u00f3grafos, portanto, conheces a tia? Ent\u00e3o, &#8220;tiacalma&#8221;, que s\u00e3o muitas, muitas fotos. E segue a segunda parte. <\/p>\n\n\n\n<p>Recapitulando, este ano, a confra foi em Bel\u00e9m, mesmo, no bar Su\u00ed\u00e7o, no bairro do Marco, no s\u00e1bado, dia 12. <\/p>\n\n\n<div class=\"wp-block-image\">\n<figure class=\"aligncenter size-full\"><img loading=\"lazy\" decoding=\"async\" width=\"900\" height=\"612\" src=\"https:\/\/dedemesquita.com.br\/wp-content\/uploads\/2022\/11\/WhatsApp-Image-2022-11-12-at-15.46.15-1.jpeg\" alt=\"\" class=\"wp-image-5432\" srcset=\"https:\/\/dedemesquita.com.br\/wp-content\/uploads\/2022\/11\/WhatsApp-Image-2022-11-12-at-15.46.15-1.jpeg 900w, https:\/\/dedemesquita.com.br\/wp-content\/uploads\/2022\/11\/WhatsApp-Image-2022-11-12-at-15.46.15-1-768x522.jpeg 768w\" sizes=\"(max-width: 900px) 100vw, 900px\" \/><figcaption class=\"wp-element-caption\">Quando a hist\u00f3ria estava apenas come\u00e7ando <\/figcaption><\/figure><\/div>\n\n<div class=\"wp-block-image\">\n<figure class=\"aligncenter size-full\"><img loading=\"lazy\" decoding=\"async\" width=\"900\" height=\"506\" src=\"https:\/\/dedemesquita.com.br\/wp-content\/uploads\/2022\/11\/WhatsApp-Image-2022-11-12-at-15.46.15.jpeg\" alt=\"\" class=\"wp-image-5431\" srcset=\"https:\/\/dedemesquita.com.br\/wp-content\/uploads\/2022\/11\/WhatsApp-Image-2022-11-12-at-15.46.15.jpeg 900w, https:\/\/dedemesquita.com.br\/wp-content\/uploads\/2022\/11\/WhatsApp-Image-2022-11-12-at-15.46.15-768x432.jpeg 768w\" sizes=\"(max-width: 900px) 100vw, 900px\" \/><figcaption class=\"wp-element-caption\">Alex, Ivan e Giceli <\/figcaption><\/figure><\/div>\n\n<div class=\"wp-block-image\">\n<figure class=\"aligncenter size-full\"><img loading=\"lazy\" decoding=\"async\" width=\"900\" height=\"474\" src=\"https:\/\/dedemesquita.com.br\/wp-content\/uploads\/2022\/11\/WhatsApp-Image-2022-11-12-at-15.46.16.jpeg\" alt=\"\" class=\"wp-image-5430\" srcset=\"https:\/\/dedemesquita.com.br\/wp-content\/uploads\/2022\/11\/WhatsApp-Image-2022-11-12-at-15.46.16.jpeg 900w, https:\/\/dedemesquita.com.br\/wp-content\/uploads\/2022\/11\/WhatsApp-Image-2022-11-12-at-15.46.16-768x404.jpeg 768w\" sizes=\"(max-width: 900px) 100vw, 900px\" \/><figcaption class=\"wp-element-caption\">Wagner, Ivan e Alex (foto de Wagner Santana)<\/figcaption><\/figure><\/div>\n\n<div class=\"wp-block-image\">\n<figure class=\"aligncenter size-full\"><img loading=\"lazy\" decoding=\"async\" width=\"900\" height=\"506\" src=\"https:\/\/dedemesquita.com.br\/wp-content\/uploads\/2022\/11\/WhatsApp-Image-2022-11-12-at-16.06.46.jpeg\" alt=\"\" class=\"wp-image-5429\" srcset=\"https:\/\/dedemesquita.com.br\/wp-content\/uploads\/2022\/11\/WhatsApp-Image-2022-11-12-at-16.06.46.jpeg 900w, https:\/\/dedemesquita.com.br\/wp-content\/uploads\/2022\/11\/WhatsApp-Image-2022-11-12-at-16.06.46-768x432.jpeg 768w\" sizes=\"(max-width: 900px) 100vw, 900px\" \/><figcaption class=\"wp-element-caption\">Seabra, Ivan e Alex (foto de Ivan Cardoso)<\/figcaption><\/figure><\/div>\n\n<div class=\"wp-block-image\">\n<figure class=\"aligncenter size-full\"><img loading=\"lazy\" decoding=\"async\" width=\"900\" height=\"673\" src=\"https:\/\/dedemesquita.com.br\/wp-content\/uploads\/2022\/11\/WhatsApp-Image-2022-11-12-at-16.19.49.jpeg\" alt=\"\" class=\"wp-image-5427\" srcset=\"https:\/\/dedemesquita.com.br\/wp-content\/uploads\/2022\/11\/WhatsApp-Image-2022-11-12-at-16.19.49.jpeg 900w, https:\/\/dedemesquita.com.br\/wp-content\/uploads\/2022\/11\/WhatsApp-Image-2022-11-12-at-16.19.49-768x574.jpeg 768w\" sizes=\"(max-width: 900px) 100vw, 900px\" \/><figcaption class=\"wp-element-caption\">De novo, porque ficou legal essa foto, Alex, Tarso, Alexandre, Miguel, Oswaldo, Ramid e Ivan <\/figcaption><\/figure><\/div>\n\n<div class=\"wp-block-image\">\n<figure class=\"aligncenter size-full\"><img loading=\"lazy\" decoding=\"async\" width=\"900\" height=\"506\" src=\"https:\/\/dedemesquita.com.br\/wp-content\/uploads\/2022\/11\/WhatsApp-Image-2022-11-12-at-16.27.57.jpeg\" alt=\"\" class=\"wp-image-5425\" srcset=\"https:\/\/dedemesquita.com.br\/wp-content\/uploads\/2022\/11\/WhatsApp-Image-2022-11-12-at-16.27.57.jpeg 900w, https:\/\/dedemesquita.com.br\/wp-content\/uploads\/2022\/11\/WhatsApp-Image-2022-11-12-at-16.27.57-768x432.jpeg 768w\" sizes=\"(max-width: 900px) 100vw, 900px\" \/><figcaption class=\"wp-element-caption\">Os mestres Alexandre Sequeira e Miguel Chikaoka <\/figcaption><\/figure><\/div>\n\n<div class=\"wp-block-image\">\n<figure class=\"aligncenter size-full\"><img loading=\"lazy\" decoding=\"async\" width=\"407\" height=\"681\" src=\"https:\/\/dedemesquita.com.br\/wp-content\/uploads\/2022\/11\/WhatsApp-Image-2022-11-12-at-17.27.40.jpeg\" alt=\"\" class=\"wp-image-5424\"\/><figcaption class=\"wp-element-caption\">Wagner, Thiago, Sidney Amig\u00e3o, Seabra, Carachesti, Lelis, Ursula, Marx, Alessandra &#8211; Leka &#8211; Serr\u00e3o, Oswaldo, Alex e Ivan (foto de Wagner Santana)<\/figcaption><\/figure><\/div>\n\n<div class=\"wp-block-image\">\n<figure class=\"aligncenter size-full\"><img loading=\"lazy\" decoding=\"async\" width=\"900\" height=\"506\" src=\"https:\/\/dedemesquita.com.br\/wp-content\/uploads\/2022\/11\/WhatsApp-Image-2022-11-12-at-21.30.04-2.jpeg\" alt=\"\" class=\"wp-image-5423\" srcset=\"https:\/\/dedemesquita.com.br\/wp-content\/uploads\/2022\/11\/WhatsApp-Image-2022-11-12-at-21.30.04-2.jpeg 900w, https:\/\/dedemesquita.com.br\/wp-content\/uploads\/2022\/11\/WhatsApp-Image-2022-11-12-at-21.30.04-2-768x432.jpeg 768w\" sizes=\"(max-width: 900px) 100vw, 900px\" \/><figcaption class=\"wp-element-caption\">Iza Girard, Ursula Bahia e Makiko Akao <\/figcaption><\/figure><\/div>\n\n<div class=\"wp-block-image\">\n<figure class=\"aligncenter size-full\"><img loading=\"lazy\" decoding=\"async\" width=\"900\" height=\"726\" src=\"https:\/\/dedemesquita.com.br\/wp-content\/uploads\/2022\/11\/WhatsApp-Image-2022-11-13-at-18.48.55.jpeg\" alt=\"\" class=\"wp-image-5403\" srcset=\"https:\/\/dedemesquita.com.br\/wp-content\/uploads\/2022\/11\/WhatsApp-Image-2022-11-13-at-18.48.55.jpeg 900w, https:\/\/dedemesquita.com.br\/wp-content\/uploads\/2022\/11\/WhatsApp-Image-2022-11-13-at-18.48.55-768x620.jpeg 768w\" sizes=\"(max-width: 900px) 100vw, 900px\" \/><figcaption class=\"wp-element-caption\">Miguel Chikaoka e Tarso (foto de Tarso Sarraf)<\/figcaption><\/figure><\/div>\n\n<div class=\"wp-block-image\">\n<figure class=\"aligncenter size-full\"><img loading=\"lazy\" decoding=\"async\" width=\"900\" height=\"680\" src=\"https:\/\/dedemesquita.com.br\/wp-content\/uploads\/2022\/11\/WhatsApp-Image-2022-11-13-at-18.48.59.jpeg\" alt=\"\" class=\"wp-image-5404\" srcset=\"https:\/\/dedemesquita.com.br\/wp-content\/uploads\/2022\/11\/WhatsApp-Image-2022-11-13-at-18.48.59.jpeg 900w, https:\/\/dedemesquita.com.br\/wp-content\/uploads\/2022\/11\/WhatsApp-Image-2022-11-13-at-18.48.59-768x580.jpeg 768w\" sizes=\"(max-width: 900px) 100vw, 900px\" \/><figcaption class=\"wp-element-caption\">Tarso, Ivan Cardoso e Ivanzinho Cardosinho (foto de Tarso Sarraf)<\/figcaption><\/figure><\/div>\n\n<div class=\"wp-block-image\">\n<figure class=\"aligncenter size-full\"><img loading=\"lazy\" decoding=\"async\" width=\"900\" height=\"580\" src=\"https:\/\/dedemesquita.com.br\/wp-content\/uploads\/2022\/11\/WhatsApp-Image-2022-11-13-at-18.48.59-1.jpeg\" alt=\"\" class=\"wp-image-5405\" srcset=\"https:\/\/dedemesquita.com.br\/wp-content\/uploads\/2022\/11\/WhatsApp-Image-2022-11-13-at-18.48.59-1.jpeg 900w, https:\/\/dedemesquita.com.br\/wp-content\/uploads\/2022\/11\/WhatsApp-Image-2022-11-13-at-18.48.59-1-768x495.jpeg 768w\" sizes=\"(max-width: 900px) 100vw, 900px\" \/><figcaption class=\"wp-element-caption\">Marco Santos, que chegou aos 48 do segundo tempo, Tarso e Jhely (foto de Marco Santos)<\/figcaption><\/figure><\/div>\n\n<div class=\"wp-block-image\">\n<figure class=\"aligncenter size-full\"><img loading=\"lazy\" decoding=\"async\" width=\"900\" height=\"750\" src=\"https:\/\/dedemesquita.com.br\/wp-content\/uploads\/2022\/11\/WhatsApp-Image-2022-11-13-at-18.48.59-2.jpeg\" alt=\"\" class=\"wp-image-5406\" srcset=\"https:\/\/dedemesquita.com.br\/wp-content\/uploads\/2022\/11\/WhatsApp-Image-2022-11-13-at-18.48.59-2.jpeg 900w, https:\/\/dedemesquita.com.br\/wp-content\/uploads\/2022\/11\/WhatsApp-Image-2022-11-13-at-18.48.59-2-768x640.jpeg 768w\" sizes=\"(max-width: 900px) 100vw, 900px\" \/><figcaption class=\"wp-element-caption\">Os organizadores da confra, Tarso e Wagner, mais o Wagner que \u00e9 um rapaz mais organizado. Hahhahahhahahaha! (foto de Tarso Sarraf)<\/figcaption><\/figure><\/div>\n\n<div class=\"wp-block-image\">\n<figure class=\"aligncenter size-full\"><img loading=\"lazy\" decoding=\"async\" width=\"792\" height=\"900\" src=\"https:\/\/dedemesquita.com.br\/wp-content\/uploads\/2022\/11\/WhatsApp-Image-2022-11-13-at-18.49.00.jpeg\" alt=\"\" class=\"wp-image-5407\" srcset=\"https:\/\/dedemesquita.com.br\/wp-content\/uploads\/2022\/11\/WhatsApp-Image-2022-11-13-at-18.49.00.jpeg 792w, https:\/\/dedemesquita.com.br\/wp-content\/uploads\/2022\/11\/WhatsApp-Image-2022-11-13-at-18.49.00-768x873.jpeg 768w\" sizes=\"(max-width: 792px) 100vw, 792px\" \/><figcaption class=\"wp-element-caption\">Tarso, Alexandre Sequeira, Oct\u00e1vio Cardoso, Marcelo Seabra, Oswaldo Forte, Alex Ribeiro, Jo\u00e3o Ramid e Salim Wariss&#8230; s\u00f3 menino bonito!!! (foto de Tarso Sarraf)<\/figcaption><\/figure><\/div>\n\n<div class=\"wp-block-image\">\n<figure class=\"aligncenter size-full\"><img loading=\"lazy\" decoding=\"async\" width=\"900\" height=\"586\" src=\"https:\/\/dedemesquita.com.br\/wp-content\/uploads\/2022\/11\/WhatsApp-Image-2022-11-13-at-18.49.00-1.jpeg\" alt=\"\" class=\"wp-image-5408\" srcset=\"https:\/\/dedemesquita.com.br\/wp-content\/uploads\/2022\/11\/WhatsApp-Image-2022-11-13-at-18.49.00-1.jpeg 900w, https:\/\/dedemesquita.com.br\/wp-content\/uploads\/2022\/11\/WhatsApp-Image-2022-11-13-at-18.49.00-1-768x500.jpeg 768w\" sizes=\"(max-width: 900px) 100vw, 900px\" \/><figcaption class=\"wp-element-caption\">Alex, Tarso, Alexandre, Miguel, Oswaldo, Ramid e Ivan <\/figcaption><\/figure><\/div>\n\n<div class=\"wp-block-image\">\n<figure class=\"aligncenter size-full\"><img loading=\"lazy\" decoding=\"async\" width=\"900\" height=\"462\" src=\"https:\/\/dedemesquita.com.br\/wp-content\/uploads\/2022\/11\/WhatsApp-Image-2022-11-13-at-18.49.00-2.jpeg\" alt=\"\" class=\"wp-image-5409\" srcset=\"https:\/\/dedemesquita.com.br\/wp-content\/uploads\/2022\/11\/WhatsApp-Image-2022-11-13-at-18.49.00-2.jpeg 900w, https:\/\/dedemesquita.com.br\/wp-content\/uploads\/2022\/11\/WhatsApp-Image-2022-11-13-at-18.49.00-2-768x394.jpeg 768w\" sizes=\"(max-width: 900px) 100vw, 900px\" \/><figcaption class=\"wp-element-caption\">Tarso, Miguel, Alexandre e Ramid <\/figcaption><\/figure><\/div>\n\n<div class=\"wp-block-image\">\n<figure class=\"aligncenter size-full\"><img loading=\"lazy\" decoding=\"async\" width=\"819\" height=\"900\" src=\"https:\/\/dedemesquita.com.br\/wp-content\/uploads\/2022\/11\/WhatsApp-Image-2022-11-13-at-18.49.00-3.jpeg\" alt=\"\" class=\"wp-image-5411\" srcset=\"https:\/\/dedemesquita.com.br\/wp-content\/uploads\/2022\/11\/WhatsApp-Image-2022-11-13-at-18.49.00-3.jpeg 819w, https:\/\/dedemesquita.com.br\/wp-content\/uploads\/2022\/11\/WhatsApp-Image-2022-11-13-at-18.49.00-3-768x844.jpeg 768w\" sizes=\"(max-width: 819px) 100vw, 819px\" \/><figcaption class=\"wp-element-caption\">O outro organizador, diz que, da confra, o Thiago Gomes, e o Tarso (foto de Tarso Sarraf)<\/figcaption><\/figure><\/div>\n\n<div class=\"wp-block-image\">\n<figure class=\"aligncenter size-full\"><img loading=\"lazy\" decoding=\"async\" width=\"900\" height=\"829\" src=\"https:\/\/dedemesquita.com.br\/wp-content\/uploads\/2022\/11\/WhatsApp-Image-2022-11-13-at-18.49.01.jpeg\" alt=\"\" class=\"wp-image-5412\" srcset=\"https:\/\/dedemesquita.com.br\/wp-content\/uploads\/2022\/11\/WhatsApp-Image-2022-11-13-at-18.49.01.jpeg 900w, https:\/\/dedemesquita.com.br\/wp-content\/uploads\/2022\/11\/WhatsApp-Image-2022-11-13-at-18.49.01-768x707.jpeg 768w\" sizes=\"(max-width: 900px) 100vw, 900px\" \/><figcaption class=\"wp-element-caption\">Tarso, Miguel, Ramid, Marx Vasconcelos, este, com certeza, um debutante nessa confra; Oswaldo, Bruno Carachesti e Thiago Gomes (foto de Tarso Sarraf)<\/figcaption><\/figure><\/div>\n\n<div class=\"wp-block-image\">\n<figure class=\"aligncenter size-full\"><img loading=\"lazy\" decoding=\"async\" width=\"900\" height=\"673\" src=\"https:\/\/dedemesquita.com.br\/wp-content\/uploads\/2022\/11\/WhatsApp-Image-2022-11-13-at-18.49.01-1.jpeg\" alt=\"\" class=\"wp-image-5413\" srcset=\"https:\/\/dedemesquita.com.br\/wp-content\/uploads\/2022\/11\/WhatsApp-Image-2022-11-13-at-18.49.01-1.jpeg 900w, https:\/\/dedemesquita.com.br\/wp-content\/uploads\/2022\/11\/WhatsApp-Image-2022-11-13-at-18.49.01-1-768x574.jpeg 768w\" sizes=\"(max-width: 900px) 100vw, 900px\" \/><figcaption class=\"wp-element-caption\">Tarso, Wagner e Giceli (foto de Tarso Sarraf)<\/figcaption><\/figure><\/div>\n\n<div class=\"wp-block-image\">\n<figure class=\"aligncenter size-full\"><img loading=\"lazy\" decoding=\"async\" width=\"900\" height=\"506\" src=\"https:\/\/dedemesquita.com.br\/wp-content\/uploads\/2022\/11\/WhatsApp-Image-2022-11-12-at-21.30.07-2.jpeg\" alt=\"\" class=\"wp-image-5414\" srcset=\"https:\/\/dedemesquita.com.br\/wp-content\/uploads\/2022\/11\/WhatsApp-Image-2022-11-12-at-21.30.07-2.jpeg 900w, https:\/\/dedemesquita.com.br\/wp-content\/uploads\/2022\/11\/WhatsApp-Image-2022-11-12-at-21.30.07-2-768x432.jpeg 768w\" sizes=\"(max-width: 900px) 100vw, 900px\" \/><figcaption class=\"wp-element-caption\">Quando a confra come\u00e7ou no bar Su\u00ed\u00e7o <\/figcaption><\/figure><\/div>\n\n<div class=\"wp-block-image\">\n<figure class=\"aligncenter size-full\"><img loading=\"lazy\" decoding=\"async\" width=\"900\" height=\"506\" src=\"https:\/\/dedemesquita.com.br\/wp-content\/uploads\/2022\/11\/WhatsApp-Image-2022-11-12-at-21.30.06.jpeg\" alt=\"\" class=\"wp-image-5415\" srcset=\"https:\/\/dedemesquita.com.br\/wp-content\/uploads\/2022\/11\/WhatsApp-Image-2022-11-12-at-21.30.06.jpeg 900w, https:\/\/dedemesquita.com.br\/wp-content\/uploads\/2022\/11\/WhatsApp-Image-2022-11-12-at-21.30.06-768x432.jpeg 768w\" sizes=\"(max-width: 900px) 100vw, 900px\" \/><figcaption class=\"wp-element-caption\">E esse tric\u00f4, Miguel, Alex e Seabra? <\/figcaption><\/figure><\/div>\n\n<div class=\"wp-block-image\">\n<figure class=\"aligncenter size-full\"><img loading=\"lazy\" decoding=\"async\" width=\"900\" height=\"516\" src=\"https:\/\/dedemesquita.com.br\/wp-content\/uploads\/2022\/11\/WhatsApp-Image-2022-11-12-at-21.30.06-1.jpeg\" alt=\"\" class=\"wp-image-5416\" srcset=\"https:\/\/dedemesquita.com.br\/wp-content\/uploads\/2022\/11\/WhatsApp-Image-2022-11-12-at-21.30.06-1.jpeg 900w, https:\/\/dedemesquita.com.br\/wp-content\/uploads\/2022\/11\/WhatsApp-Image-2022-11-12-at-21.30.06-1-768x440.jpeg 768w\" sizes=\"(max-width: 900px) 100vw, 900px\" \/><figcaption class=\"wp-element-caption\">Oswaldo, Nagano, Thiago Gomes e Marcelo Lelis <\/figcaption><\/figure><\/div>\n\n<div class=\"wp-block-image\">\n<figure class=\"aligncenter size-full\"><img loading=\"lazy\" decoding=\"async\" width=\"900\" height=\"506\" src=\"https:\/\/dedemesquita.com.br\/wp-content\/uploads\/2022\/11\/WhatsApp-Image-2022-11-12-at-21.30.05.jpeg\" alt=\"\" class=\"wp-image-5417\" srcset=\"https:\/\/dedemesquita.com.br\/wp-content\/uploads\/2022\/11\/WhatsApp-Image-2022-11-12-at-21.30.05.jpeg 900w, https:\/\/dedemesquita.com.br\/wp-content\/uploads\/2022\/11\/WhatsApp-Image-2022-11-12-at-21.30.05-768x432.jpeg 768w\" sizes=\"(max-width: 900px) 100vw, 900px\" \/><figcaption class=\"wp-element-caption\">Alex, Tarso, Alexandre, Miguel, Oswaldo, Ramid e Ivan <\/figcaption><\/figure><\/div>\n\n<div class=\"wp-block-image\">\n<figure class=\"aligncenter size-full\"><img loading=\"lazy\" decoding=\"async\" width=\"711\" height=\"805\" src=\"https:\/\/dedemesquita.com.br\/wp-content\/uploads\/2022\/11\/WhatsApp-Image-2022-11-12-at-21.30.04-1.jpeg\" alt=\"\" class=\"wp-image-5418\"\/><figcaption class=\"wp-element-caption\">Makiko Akao, Alexandre Sequeira e Iza Girad <\/figcaption><\/figure><\/div>\n\n\n<p><\/p>\n","protected":false},"excerpt":{"rendered":"<p>Como eu disse, \u00e9 uma confra de fot\u00f3grafos, portanto, conheces a tia? Ent\u00e3o, &#8220;tiacalma&#8221;, que s\u00e3o muitas, muitas fotos. E segue a segunda parte. Recapitulando, este ano, a confra foi em Bel\u00e9m, mesmo, no bar Su\u00ed\u00e7o, no bairro do Marco, no s\u00e1bado, dia 12.<\/p>\n","protected":false},"author":2,"featured_media":5402,"comment_status":"open","ping_status":"open","sticky":false,"template":"","format":"standard","meta":{"footnotes":""},"categories":[51,14,29],"tags":[136,181,119,120,144],"class_list":["post-5400","post","type-post","status-publish","format-standard","has-post-thumbnail","hentry","category-destaque","category-imprensa","category-jornalismo","tag-comus-agencia-belem","tag-diario-do-para","tag-jornalismo","tag-jornalistas-paraenses-em-acao","tag-o-liberal"],"yoast_head":"<!-- This site is optimized with the Yoast SEO plugin v19.10 - https:\/\/yoast.com\/wordpress\/plugins\/seo\/ -->\n<title>O que rolou na confra dos fot\u00f3grafos \u2013 parte 2 - Ded\u00e9 Mesquita<\/title>\n<meta name=\"robots\" content=\"index, follow, max-snippet:-1, max-image-preview:large, max-video-preview:-1\" \/>\n<link rel=\"canonical\" href=\"https:\/\/dedemesquita.com.br\/?p=5400\" \/>\n<meta property=\"og:locale\" content=\"pt_BR\" \/>\n<meta property=\"og:type\" content=\"article\" \/>\n<meta property=\"og:title\" content=\"O que rolou na confra dos fot\u00f3grafos \u2013 parte 2 - Ded\u00e9 Mesquita\" \/>\n<meta property=\"og:description\" content=\"Como eu disse, \u00e9 uma confra de fot\u00f3grafos, portanto, conheces a tia? Ent\u00e3o, &#8220;tiacalma&#8221;, que s\u00e3o muitas, muitas fotos. E segue a segunda parte. Recapitulando, este ano, a confra foi em Bel\u00e9m, mesmo, no bar Su\u00ed\u00e7o, no bairro do Marco, no s\u00e1bado, dia 12.\" \/>\n<meta property=\"og:url\" content=\"https:\/\/dedemesquita.com.br\/?p=5400\" \/>\n<meta property=\"og:site_name\" content=\"Ded\u00e9 Mesquita\" \/>\n<meta property=\"article:publisher\" content=\"https:\/\/www.facebook.com\/dede.mesquita\" \/>\n<meta property=\"article:published_time\" content=\"2022-11-14T14:42:44+00:00\" \/>\n<meta property=\"article:modified_time\" content=\"2022-11-14T14:42:47+00:00\" \/>\n<meta property=\"og:image\" content=\"https:\/\/dedemesquita.com.br\/wp-content\/uploads\/2022\/11\/WhatsApp-Image-2022-11-12-at-16.27.57-1.jpeg\" \/>\n\t<meta property=\"og:image:width\" content=\"900\" \/>\n\t<meta property=\"og:image:height\" content=\"555\" \/>\n\t<meta property=\"og:image:type\" content=\"image\/jpeg\" \/>\n<meta name=\"author\" content=\"Ded\u00e9 Mesquita\" \/>\n<meta name=\"twitter:card\" content=\"summary_large_image\" \/>\n<meta name=\"twitter:creator\" content=\"@dedemesquita\" \/>\n<meta name=\"twitter:site\" content=\"@dedemesquita\" \/>\n<meta name=\"twitter:label1\" content=\"Escrito por\" \/>\n\t<meta name=\"twitter:data1\" content=\"Ded\u00e9 Mesquita\" \/>\n\t<meta name=\"twitter:label2\" content=\"Est. tempo de leitura\" \/>\n\t<meta name=\"twitter:data2\" content=\"7 minutos\" \/>\n<script type=\"application\/ld+json\" class=\"yoast-schema-graph\">{\"@context\":\"https:\/\/schema.org\",\"@graph\":[{\"@type\":\"WebPage\",\"@id\":\"https:\/\/dedemesquita.com.br\/?p=5400\",\"url\":\"https:\/\/dedemesquita.com.br\/?p=5400\",\"name\":\"O que rolou na confra dos fot\u00f3grafos \u2013 parte 2 - Ded\u00e9 Mesquita\",\"isPartOf\":{\"@id\":\"https:\/\/dedemesquita.com.br\/#website\"},\"datePublished\":\"2022-11-14T14:42:44+00:00\",\"dateModified\":\"2022-11-14T14:42:47+00:00\",\"author\":{\"@id\":\"https:\/\/dedemesquita.com.br\/#\/schema\/person\/36571f81dd2d76dc3ab37231542c9e24\"},\"breadcrumb\":{\"@id\":\"https:\/\/dedemesquita.com.br\/?p=5400#breadcrumb\"},\"inLanguage\":\"pt-BR\",\"potentialAction\":[{\"@type\":\"ReadAction\",\"target\":[\"https:\/\/dedemesquita.com.br\/?p=5400\"]}]},{\"@type\":\"BreadcrumbList\",\"@id\":\"https:\/\/dedemesquita.com.br\/?p=5400#breadcrumb\",\"itemListElement\":[{\"@type\":\"ListItem\",\"position\":1,\"name\":\"In\u00edcio\",\"item\":\"https:\/\/dedemesquita.com.br\/\"},{\"@type\":\"ListItem\",\"position\":2,\"name\":\"O que rolou na confra dos fot\u00f3grafos \u2013 parte 2\"}]},{\"@type\":\"WebSite\",\"@id\":\"https:\/\/dedemesquita.com.br\/#website\",\"url\":\"https:\/\/dedemesquita.com.br\/\",\"name\":\"Ded\u00e9 Mesquita\",\"description\":\"Um site que mostra os bastidores da imprensa no estado do Par\u00e1 e em Bel\u00e9m\",\"potentialAction\":[{\"@type\":\"SearchAction\",\"target\":{\"@type\":\"EntryPoint\",\"urlTemplate\":\"https:\/\/dedemesquita.com.br\/?s={search_term_string}\"},\"query-input\":\"required name=search_term_string\"}],\"inLanguage\":\"pt-BR\"},{\"@type\":\"Person\",\"@id\":\"https:\/\/dedemesquita.com.br\/#\/schema\/person\/36571f81dd2d76dc3ab37231542c9e24\",\"name\":\"Ded\u00e9 Mesquita\",\"image\":{\"@type\":\"ImageObject\",\"inLanguage\":\"pt-BR\",\"@id\":\"https:\/\/dedemesquita.com.br\/#\/schema\/person\/image\/\",\"url\":\"https:\/\/dedemesquita.com.br\/wp-content\/uploads\/2021\/02\/foto_perfil-150x150.jpg\",\"contentUrl\":\"https:\/\/dedemesquita.com.br\/wp-content\/uploads\/2021\/02\/foto_perfil-150x150.jpg\",\"caption\":\"Ded\u00e9 Mesquita\"},\"sameAs\":[\"https:\/\/dedemesquita.com.br\"]}]}<\/script>\n<!-- \/ Yoast SEO plugin. -->","yoast_head_json":{"title":"O que rolou na confra dos fot\u00f3grafos \u2013 parte 2 - Ded\u00e9 Mesquita","robots":{"index":"index","follow":"follow","max-snippet":"max-snippet:-1","max-image-preview":"max-image-preview:large","max-video-preview":"max-video-preview:-1"},"canonical":"https:\/\/dedemesquita.com.br\/?p=5400","og_locale":"pt_BR","og_type":"article","og_title":"O que rolou na confra dos fot\u00f3grafos \u2013 parte 2 - Ded\u00e9 Mesquita","og_description":"Como eu disse, \u00e9 uma confra de fot\u00f3grafos, portanto, conheces a tia? Ent\u00e3o, &#8220;tiacalma&#8221;, que s\u00e3o muitas, muitas fotos. E segue a segunda parte. Recapitulando, este ano, a confra foi em Bel\u00e9m, mesmo, no bar Su\u00ed\u00e7o, no bairro do Marco, no s\u00e1bado, dia 12.","og_url":"https:\/\/dedemesquita.com.br\/?p=5400","og_site_name":"Ded\u00e9 Mesquita","article_publisher":"https:\/\/www.facebook.com\/dede.mesquita","article_published_time":"2022-11-14T14:42:44+00:00","article_modified_time":"2022-11-14T14:42:47+00:00","og_image":[{"width":900,"height":555,"url":"https:\/\/dedemesquita.com.br\/wp-content\/uploads\/2022\/11\/WhatsApp-Image-2022-11-12-at-16.27.57-1.jpeg","type":"image\/jpeg"}],"author":"Ded\u00e9 Mesquita","twitter_card":"summary_large_image","twitter_creator":"@dedemesquita","twitter_site":"@dedemesquita","twitter_misc":{"Escrito por":"Ded\u00e9 Mesquita","Est. tempo de leitura":"7 minutos"},"schema":{"@context":"https:\/\/schema.org","@graph":[{"@type":"WebPage","@id":"https:\/\/dedemesquita.com.br\/?p=5400","url":"https:\/\/dedemesquita.com.br\/?p=5400","name":"O que rolou na confra dos fot\u00f3grafos \u2013 parte 2 - Ded\u00e9 Mesquita","isPartOf":{"@id":"https:\/\/dedemesquita.com.br\/#website"},"datePublished":"2022-11-14T14:42:44+00:00","dateModified":"2022-11-14T14:42:47+00:00","author":{"@id":"https:\/\/dedemesquita.com.br\/#\/schema\/person\/36571f81dd2d76dc3ab37231542c9e24"},"breadcrumb":{"@id":"https:\/\/dedemesquita.com.br\/?p=5400#breadcrumb"},"inLanguage":"pt-BR","potentialAction":[{"@type":"ReadAction","target":["https:\/\/dedemesquita.com.br\/?p=5400"]}]},{"@type":"BreadcrumbList","@id":"https:\/\/dedemesquita.com.br\/?p=5400#breadcrumb","itemListElement":[{"@type":"ListItem","position":1,"name":"In\u00edcio","item":"https:\/\/dedemesquita.com.br\/"},{"@type":"ListItem","position":2,"name":"O que rolou na confra dos fot\u00f3grafos \u2013 parte 2"}]},{"@type":"WebSite","@id":"https:\/\/dedemesquita.com.br\/#website","url":"https:\/\/dedemesquita.com.br\/","name":"Ded\u00e9 Mesquita","description":"Um site que mostra os bastidores da imprensa no estado do Par\u00e1 e em Bel\u00e9m","potentialAction":[{"@type":"SearchAction","target":{"@type":"EntryPoint","urlTemplate":"https:\/\/dedemesquita.com.br\/?s={search_term_string}"},"query-input":"required name=search_term_string"}],"inLanguage":"pt-BR"},{"@type":"Person","@id":"https:\/\/dedemesquita.com.br\/#\/schema\/person\/36571f81dd2d76dc3ab37231542c9e24","name":"Ded\u00e9 Mesquita","image":{"@type":"ImageObject","inLanguage":"pt-BR","@id":"https:\/\/dedemesquita.com.br\/#\/schema\/person\/image\/","url":"https:\/\/dedemesquita.com.br\/wp-content\/uploads\/2021\/02\/foto_perfil-150x150.jpg","contentUrl":"https:\/\/dedemesquita.com.br\/wp-content\/uploads\/2021\/02\/foto_perfil-150x150.jpg","caption":"Ded\u00e9 Mesquita"},"sameAs":["https:\/\/dedemesquita.com.br"]}]}},"_links":{"self":[{"href":"https:\/\/dedemesquita.com.br\/index.php?rest_route=\/wp\/v2\/posts\/5400"}],"collection":[{"href":"https:\/\/dedemesquita.com.br\/index.php?rest_route=\/wp\/v2\/posts"}],"about":[{"href":"https:\/\/dedemesquita.com.br\/index.php?rest_route=\/wp\/v2\/types\/post"}],"author":[{"embeddable":true,"href":"https:\/\/dedemesquita.com.br\/index.php?rest_route=\/wp\/v2\/users\/2"}],"replies":[{"embeddable":true,"href":"https:\/\/dedemesquita.com.br\/index.php?rest_route=%2Fwp%2Fv2%2Fcomments&post=5400"}],"version-history":[{"count":8,"href":"https:\/\/dedemesquita.com.br\/index.php?rest_route=\/wp\/v2\/posts\/5400\/revisions"}],"predecessor-version":[{"id":5433,"href":"https:\/\/dedemesquita.com.br\/index.php?rest_route=\/wp\/v2\/posts\/5400\/revisions\/5433"}],"wp:featuredmedia":[{"embeddable":true,"href":"https:\/\/dedemesquita.com.br\/index.php?rest_route=\/wp\/v2\/media\/5402"}],"wp:attachment":[{"href":"https:\/\/dedemesquita.com.br\/index.php?rest_route=%2Fwp%2Fv2%2Fmedia&parent=5400"}],"wp:term":[{"taxonomy":"category","embeddable":true,"href":"https:\/\/dedemesquita.com.br\/index.php?rest_route=%2Fwp%2Fv2%2Fcategories&post=5400"},{"taxonomy":"post_tag","embeddable":true,"href":"https:\/\/dedemesquita.com.br\/index.php?rest_route=%2Fwp%2Fv2%2Ftags&post=5400"}],"curies":[{"name":"wp","href":"https:\/\/api.w.org\/{rel}","templated":true}]}}