{"id":5359,"date":"2022-11-14T09:29:53","date_gmt":"2022-11-14T12:29:53","guid":{"rendered":"https:\/\/dedemesquita.com.br\/?p=5359"},"modified":"2022-11-14T10:33:15","modified_gmt":"2022-11-14T13:33:15","slug":"confra-dos-fotografos-o-que-rolou-parte-1","status":"publish","type":"post","link":"https:\/\/dedemesquita.com.br\/?p=5359","title":{"rendered":"Confra dos fot\u00f3grafos: o que rolou &#8211; parte 1"},"content":{"rendered":"\n<p>&#8220;Amigos da Rede Globo&#8221;, sim, sim, <strong>teve!<\/strong> H\u00e1 uns bons 20, 30 anos, o professor F\u00e1bio Castro, da UFPA, cunhou a frase sobre uma festa que rolava uma vez ao ano em Bel\u00e9m &#8220;a efemericamente temerosa festa de Marcos Eluan&#8221;, se referindo a festa de anivers\u00e1rio do empres\u00e1rio Marcos Eluan, dono da Fox, que sacudia a cidade na d\u00e9cada de 80\/ 90, que as pessoas se lembravam do in\u00edcio e quase nunca de como terminava. Quem participou de uma delas sabe do que falo. <\/p>\n\n\n\n<p>Acabei roubando esse termo &#8220;efemericamente temerosa&#8221; para a &#8220;famigerada&#8221; confra dos fot\u00f3grafos que, a cada fim de ano, sacode a comunidade da imprensa de Bel\u00e9m e arredores. Como sabemos, a reuni\u00e3o sempre foi l\u00e1 pelos lados da ilha do Combu, onde c\u00e2meras chegavam, mas imagens <strong>N\u00c3O<\/strong> sa\u00edam de l\u00e1. Mas o tempo foi passando, celulares surgiram e as &#8220;crian\u00e7as&#8221; ficaram mais calmas, \u00e9 verdade. E a festa continua, porque, sim, precisamos celebrar a vida.<\/p>\n\n\n\n<p>Este ano de 2022, com tantas coisas acontecendo ao mesmo tempo e uma Copa do Mundo a caminho, a confra ficou em Bel\u00e9m mesmo, e foi realizada no bar Su\u00ed\u00e7o, em pleno bairro do Marco, no s\u00e1bado passado, dia 12. E foi o maior sucesso. Come\u00e7ou ao meio dia, mas at\u00e9 \u00e0 noite e com muita chuva ainda tinha uns resistentes por l\u00e1.<\/p>\n\n\n\n<p><strong>Mestres &#8211; <\/strong>Pela primeira vez, houve as presen\u00e7as ilustr\u00edssimas de Miguel Chikaoka, um dos maiores respons\u00e1veis por esse monte de retratista talentoso que temos no Par\u00e1; Makiko Akao, que tem uma galeria que recebe fotos dessa galera toda; Oct\u00e1vio Cardoso, que dispensa apresenta\u00e7\u00f5es; Alexandre Sequeira, outro talento da fotografia paraense; Jo\u00e3o Ramid; Iza Girad; e outros, al\u00e9m de, \u00e9 claro, nossos coleguinhas que vivem nestas postagens deste site que, gra\u00e7as a eles, este blog\/ site sobrevive pelas imagens.<\/p>\n\n\n\n<p>Eu, da minha parte, fiquei na saudade, de olho comprido, olhando essa bagun\u00e7a da qual j\u00e1 participei tantas vezes. Mas estava l\u00e1 presente em esp\u00edrito. <\/p>\n\n\n\n<p>Fiquem com as fotos que tive que dividir em duas partes:<\/p>\n\n\n<div class=\"wp-block-image\">\n<figure class=\"aligncenter size-full\"><img loading=\"lazy\" decoding=\"async\" width=\"896\" height=\"467\" src=\"https:\/\/dedemesquita.com.br\/wp-content\/uploads\/2022\/11\/nagano-2.jpeg\" alt=\"\" class=\"wp-image-5363\" srcset=\"https:\/\/dedemesquita.com.br\/wp-content\/uploads\/2022\/11\/nagano-2.jpeg 896w, https:\/\/dedemesquita.com.br\/wp-content\/uploads\/2022\/11\/nagano-2-768x400.jpeg 768w\" sizes=\"(max-width: 896px) 100vw, 896px\" \/><figcaption class=\"wp-element-caption\">O in\u00edcio e sabe-se l\u00e1 do que falava o Oswaldo (foto de Marcio Nagano)<\/figcaption><\/figure><\/div>\n\n\n<p><\/p>\n\n\n<div class=\"wp-block-image\">\n<figure class=\"aligncenter size-full\"><img loading=\"lazy\" decoding=\"async\" width=\"900\" height=\"524\" src=\"https:\/\/dedemesquita.com.br\/wp-content\/uploads\/2022\/11\/nagano-3.jpeg\" alt=\"\" class=\"wp-image-5364\" srcset=\"https:\/\/dedemesquita.com.br\/wp-content\/uploads\/2022\/11\/nagano-3.jpeg 900w, https:\/\/dedemesquita.com.br\/wp-content\/uploads\/2022\/11\/nagano-3-768x447.jpeg 768w\" sizes=\"(max-width: 900px) 100vw, 900px\" \/><figcaption class=\"wp-element-caption\">Thiago Gomes e o phyno, elegante e sincero Marcelo Lelis (foto de Marcio Nagano)<\/figcaption><\/figure><\/div>\n\n<div class=\"wp-block-image\">\n<figure class=\"aligncenter size-full\"><img loading=\"lazy\" decoding=\"async\" width=\"900\" height=\"675\" src=\"https:\/\/dedemesquita.com.br\/wp-content\/uploads\/2022\/11\/nagano-1.jpeg\" alt=\"\" class=\"wp-image-5365\" srcset=\"https:\/\/dedemesquita.com.br\/wp-content\/uploads\/2022\/11\/nagano-1.jpeg 900w, https:\/\/dedemesquita.com.br\/wp-content\/uploads\/2022\/11\/nagano-1-768x576.jpeg 768w\" sizes=\"(max-width: 900px) 100vw, 900px\" \/><figcaption class=\"wp-element-caption\">O que foi que eu falei dos &#8220;resistentes&#8221; e de chuva? (foto de Marcio Nagano)<\/figcaption><\/figure><\/div>\n\n<div class=\"wp-block-image\">\n<figure class=\"aligncenter size-full\"><img loading=\"lazy\" decoding=\"async\" width=\"900\" height=\"506\" src=\"https:\/\/dedemesquita.com.br\/wp-content\/uploads\/2022\/11\/WhatsApp-Image-2022-11-12-at-21.30.11-3.jpeg\" alt=\"\" class=\"wp-image-5367\" srcset=\"https:\/\/dedemesquita.com.br\/wp-content\/uploads\/2022\/11\/WhatsApp-Image-2022-11-12-at-21.30.11-3.jpeg 900w, https:\/\/dedemesquita.com.br\/wp-content\/uploads\/2022\/11\/WhatsApp-Image-2022-11-12-at-21.30.11-3-768x432.jpeg 768w\" sizes=\"(max-width: 900px) 100vw, 900px\" \/><figcaption class=\"wp-element-caption\">Ursula e Marcelo Seabra <\/figcaption><\/figure><\/div>\n\n<div class=\"wp-block-image\">\n<figure class=\"aligncenter size-full\"><img loading=\"lazy\" decoding=\"async\" width=\"900\" height=\"506\" src=\"https:\/\/dedemesquita.com.br\/wp-content\/uploads\/2022\/11\/WhatsApp-Image-2022-11-12-at-21.30.11-1.jpeg\" alt=\"\" class=\"wp-image-5386\" srcset=\"https:\/\/dedemesquita.com.br\/wp-content\/uploads\/2022\/11\/WhatsApp-Image-2022-11-12-at-21.30.11-1.jpeg 900w, https:\/\/dedemesquita.com.br\/wp-content\/uploads\/2022\/11\/WhatsApp-Image-2022-11-12-at-21.30.11-1-768x432.jpeg 768w\" sizes=\"(max-width: 900px) 100vw, 900px\" \/><figcaption class=\"wp-element-caption\">Ursula e o Oct\u00e1vio Cardoso, o nosso fot\u00f3grafo mais zen que existe <\/figcaption><\/figure><\/div>\n\n<div class=\"wp-block-image\">\n<figure class=\"aligncenter size-full\"><img loading=\"lazy\" decoding=\"async\" width=\"900\" height=\"506\" src=\"https:\/\/dedemesquita.com.br\/wp-content\/uploads\/2022\/11\/WhatsApp-Image-2022-11-12-at-21.30.10.jpeg\" alt=\"\" class=\"wp-image-5368\" srcset=\"https:\/\/dedemesquita.com.br\/wp-content\/uploads\/2022\/11\/WhatsApp-Image-2022-11-12-at-21.30.10.jpeg 900w, https:\/\/dedemesquita.com.br\/wp-content\/uploads\/2022\/11\/WhatsApp-Image-2022-11-12-at-21.30.10-768x432.jpeg 768w\" sizes=\"(max-width: 900px) 100vw, 900px\" \/><figcaption class=\"wp-element-caption\">Ursula e Wagner Santana, que foi o organizador do regabofe <\/figcaption><\/figure><\/div>\n\n<div class=\"wp-block-image\">\n<figure class=\"aligncenter size-full\"><img loading=\"lazy\" decoding=\"async\" width=\"900\" height=\"506\" src=\"https:\/\/dedemesquita.com.br\/wp-content\/uploads\/2022\/11\/WhatsApp-Image-2022-11-12-at-21.30.10-1.jpeg\" alt=\"\" class=\"wp-image-5369\" srcset=\"https:\/\/dedemesquita.com.br\/wp-content\/uploads\/2022\/11\/WhatsApp-Image-2022-11-12-at-21.30.10-1.jpeg 900w, https:\/\/dedemesquita.com.br\/wp-content\/uploads\/2022\/11\/WhatsApp-Image-2022-11-12-at-21.30.10-1-768x432.jpeg 768w\" sizes=\"(max-width: 900px) 100vw, 900px\" \/><figcaption class=\"wp-element-caption\">Ursula com Tarso Sarraf e mais atr\u00e1s, o Oswaldo <\/figcaption><\/figure><\/div>\n\n<div class=\"wp-block-image\">\n<figure class=\"aligncenter size-full\"><img loading=\"lazy\" decoding=\"async\" width=\"900\" height=\"506\" src=\"https:\/\/dedemesquita.com.br\/wp-content\/uploads\/2022\/11\/WhatsApp-Image-2022-11-12-at-21.30.10-2.jpeg\" alt=\"\" class=\"wp-image-5370\" srcset=\"https:\/\/dedemesquita.com.br\/wp-content\/uploads\/2022\/11\/WhatsApp-Image-2022-11-12-at-21.30.10-2.jpeg 900w, https:\/\/dedemesquita.com.br\/wp-content\/uploads\/2022\/11\/WhatsApp-Image-2022-11-12-at-21.30.10-2-768x432.jpeg 768w\" sizes=\"(max-width: 900px) 100vw, 900px\" \/><figcaption class=\"wp-element-caption\">Jo\u00e3o Ramid e Ursula <\/figcaption><\/figure><\/div>\n\n<div class=\"wp-block-image\">\n<figure class=\"aligncenter size-full\"><img loading=\"lazy\" decoding=\"async\" width=\"900\" height=\"506\" src=\"https:\/\/dedemesquita.com.br\/wp-content\/uploads\/2022\/11\/WhatsApp-Image-2022-11-12-at-21.30.09.jpeg\" alt=\"\" class=\"wp-image-5371\" srcset=\"https:\/\/dedemesquita.com.br\/wp-content\/uploads\/2022\/11\/WhatsApp-Image-2022-11-12-at-21.30.09.jpeg 900w, https:\/\/dedemesquita.com.br\/wp-content\/uploads\/2022\/11\/WhatsApp-Image-2022-11-12-at-21.30.09-768x432.jpeg 768w\" sizes=\"(max-width: 900px) 100vw, 900px\" \/><figcaption class=\"wp-element-caption\">Jo\u00e3o Ramid, Ursula, Oct\u00e1vio e Wagner <\/figcaption><\/figure><\/div>\n\n<div class=\"wp-block-image\">\n<figure class=\"aligncenter size-full\"><img loading=\"lazy\" decoding=\"async\" width=\"900\" height=\"506\" src=\"https:\/\/dedemesquita.com.br\/wp-content\/uploads\/2022\/11\/WhatsApp-Image-2022-11-12-at-21.30.09-1.jpeg\" alt=\"\" class=\"wp-image-5372\" srcset=\"https:\/\/dedemesquita.com.br\/wp-content\/uploads\/2022\/11\/WhatsApp-Image-2022-11-12-at-21.30.09-1.jpeg 900w, https:\/\/dedemesquita.com.br\/wp-content\/uploads\/2022\/11\/WhatsApp-Image-2022-11-12-at-21.30.09-1-768x432.jpeg 768w\" sizes=\"(max-width: 900px) 100vw, 900px\" \/><figcaption class=\"wp-element-caption\">Ursula e Salim Wariss &#8211; o tio fooooiiiiii!!!<\/figcaption><\/figure><\/div>\n\n<div class=\"wp-block-image\">\n<figure class=\"aligncenter size-full\"><img loading=\"lazy\" decoding=\"async\" width=\"900\" height=\"506\" src=\"https:\/\/dedemesquita.com.br\/wp-content\/uploads\/2022\/11\/WhatsApp-Image-2022-11-12-at-21.30.09-2.jpeg\" alt=\"\" class=\"wp-image-5373\" srcset=\"https:\/\/dedemesquita.com.br\/wp-content\/uploads\/2022\/11\/WhatsApp-Image-2022-11-12-at-21.30.09-2.jpeg 900w, https:\/\/dedemesquita.com.br\/wp-content\/uploads\/2022\/11\/WhatsApp-Image-2022-11-12-at-21.30.09-2-768x432.jpeg 768w\" sizes=\"(max-width: 900px) 100vw, 900px\" \/><figcaption class=\"wp-element-caption\">Alex Ribeiro e Ursula <\/figcaption><\/figure><\/div>\n\n<div class=\"wp-block-image\">\n<figure class=\"aligncenter size-full\"><img loading=\"lazy\" decoding=\"async\" width=\"900\" height=\"506\" src=\"https:\/\/dedemesquita.com.br\/wp-content\/uploads\/2022\/11\/WhatsApp-Image-2022-11-12-at-21.30.08.jpeg\" alt=\"\" class=\"wp-image-5374\" srcset=\"https:\/\/dedemesquita.com.br\/wp-content\/uploads\/2022\/11\/WhatsApp-Image-2022-11-12-at-21.30.08.jpeg 900w, https:\/\/dedemesquita.com.br\/wp-content\/uploads\/2022\/11\/WhatsApp-Image-2022-11-12-at-21.30.08-768x432.jpeg 768w\" sizes=\"(max-width: 900px) 100vw, 900px\" \/><figcaption class=\"wp-element-caption\">Ursula e Oswaldo Forte <\/figcaption><\/figure><\/div>\n\n<div class=\"wp-block-image\">\n<figure class=\"aligncenter size-full\"><img loading=\"lazy\" decoding=\"async\" width=\"900\" height=\"506\" src=\"https:\/\/dedemesquita.com.br\/wp-content\/uploads\/2022\/11\/WhatsApp-Image-2022-11-12-at-21.30.08-1.jpeg\" alt=\"\" class=\"wp-image-5375\" srcset=\"https:\/\/dedemesquita.com.br\/wp-content\/uploads\/2022\/11\/WhatsApp-Image-2022-11-12-at-21.30.08-1.jpeg 900w, https:\/\/dedemesquita.com.br\/wp-content\/uploads\/2022\/11\/WhatsApp-Image-2022-11-12-at-21.30.08-1-768x432.jpeg 768w\" sizes=\"(max-width: 900px) 100vw, 900px\" \/><figcaption class=\"wp-element-caption\">Thiago Gomes e Ursula <\/figcaption><\/figure><\/div>\n\n<div class=\"wp-block-image\">\n<figure class=\"aligncenter size-full\"><img loading=\"lazy\" decoding=\"async\" width=\"900\" height=\"426\" src=\"https:\/\/dedemesquita.com.br\/wp-content\/uploads\/2022\/11\/WhatsApp-Image-2022-11-12-at-21.30.12.jpeg\" alt=\"\" class=\"wp-image-5376\" srcset=\"https:\/\/dedemesquita.com.br\/wp-content\/uploads\/2022\/11\/WhatsApp-Image-2022-11-12-at-21.30.12.jpeg 900w, https:\/\/dedemesquita.com.br\/wp-content\/uploads\/2022\/11\/WhatsApp-Image-2022-11-12-at-21.30.12-768x364.jpeg 768w\" sizes=\"(max-width: 900px) 100vw, 900px\" \/><figcaption class=\"wp-element-caption\">Ursula e Simone Simonetti <\/figcaption><\/figure><\/div>\n\n<div class=\"wp-block-image\">\n<figure class=\"aligncenter size-full\"><img loading=\"lazy\" decoding=\"async\" width=\"900\" height=\"426\" src=\"https:\/\/dedemesquita.com.br\/wp-content\/uploads\/2022\/11\/WhatsApp-Image-2022-11-12-at-21.30.11.jpeg\" alt=\"\" class=\"wp-image-5377\" srcset=\"https:\/\/dedemesquita.com.br\/wp-content\/uploads\/2022\/11\/WhatsApp-Image-2022-11-12-at-21.30.11.jpeg 900w, https:\/\/dedemesquita.com.br\/wp-content\/uploads\/2022\/11\/WhatsApp-Image-2022-11-12-at-21.30.11-768x364.jpeg 768w\" sizes=\"(max-width: 900px) 100vw, 900px\" \/><figcaption class=\"wp-element-caption\">Ursula e Turiano Neto <\/figcaption><\/figure><\/div>\n\n<div class=\"wp-block-image\">\n<figure class=\"aligncenter size-full\"><img loading=\"lazy\" decoding=\"async\" width=\"900\" height=\"506\" src=\"https:\/\/dedemesquita.com.br\/wp-content\/uploads\/2022\/11\/WhatsApp-Image-2022-11-12-at-21.30.08-2.jpeg\" alt=\"\" class=\"wp-image-5378\" srcset=\"https:\/\/dedemesquita.com.br\/wp-content\/uploads\/2022\/11\/WhatsApp-Image-2022-11-12-at-21.30.08-2.jpeg 900w, https:\/\/dedemesquita.com.br\/wp-content\/uploads\/2022\/11\/WhatsApp-Image-2022-11-12-at-21.30.08-2-768x432.jpeg 768w\" sizes=\"(max-width: 900px) 100vw, 900px\" \/><figcaption class=\"wp-element-caption\">Ursula e M\u00e1rcio Nagano <\/figcaption><\/figure><\/div>\n\n<div class=\"wp-block-image\">\n<figure class=\"aligncenter size-full\"><img loading=\"lazy\" decoding=\"async\" width=\"900\" height=\"506\" src=\"https:\/\/dedemesquita.com.br\/wp-content\/uploads\/2022\/11\/WhatsApp-Image-2022-11-12-at-21.30.07.jpeg\" alt=\"\" class=\"wp-image-5379\" srcset=\"https:\/\/dedemesquita.com.br\/wp-content\/uploads\/2022\/11\/WhatsApp-Image-2022-11-12-at-21.30.07.jpeg 900w, https:\/\/dedemesquita.com.br\/wp-content\/uploads\/2022\/11\/WhatsApp-Image-2022-11-12-at-21.30.07-768x432.jpeg 768w\" sizes=\"(max-width: 900px) 100vw, 900px\" \/><figcaption class=\"wp-element-caption\">Ursula e Marcelo Lelis <\/figcaption><\/figure><\/div>\n\n<div class=\"wp-block-image\">\n<figure class=\"aligncenter size-full\"><img loading=\"lazy\" decoding=\"async\" width=\"900\" height=\"506\" src=\"https:\/\/dedemesquita.com.br\/wp-content\/uploads\/2022\/11\/WhatsApp-Image-2022-11-12-at-21.30.07-1.jpeg\" alt=\"\" class=\"wp-image-5380\" srcset=\"https:\/\/dedemesquita.com.br\/wp-content\/uploads\/2022\/11\/WhatsApp-Image-2022-11-12-at-21.30.07-1.jpeg 900w, https:\/\/dedemesquita.com.br\/wp-content\/uploads\/2022\/11\/WhatsApp-Image-2022-11-12-at-21.30.07-1-768x432.jpeg 768w\" sizes=\"(max-width: 900px) 100vw, 900px\" \/><figcaption class=\"wp-element-caption\">Ursula e Alexandre Sequeira, este, debutante na confra <\/figcaption><\/figure><\/div>\n\n<div class=\"wp-block-image\">\n<figure class=\"aligncenter size-full\"><img loading=\"lazy\" decoding=\"async\" width=\"900\" height=\"589\" src=\"https:\/\/dedemesquita.com.br\/wp-content\/uploads\/2022\/11\/WhatsApp-Image-2022-11-12-at-21.30.05-1.jpeg\" alt=\"\" class=\"wp-image-5381\" srcset=\"https:\/\/dedemesquita.com.br\/wp-content\/uploads\/2022\/11\/WhatsApp-Image-2022-11-12-at-21.30.05-1.jpeg 900w, https:\/\/dedemesquita.com.br\/wp-content\/uploads\/2022\/11\/WhatsApp-Image-2022-11-12-at-21.30.05-1-768x503.jpeg 768w\" sizes=\"(max-width: 900px) 100vw, 900px\" \/><figcaption class=\"wp-element-caption\">Everaldo Nascimento e Ursula <\/figcaption><\/figure><\/div>\n\n\n<p><\/p>\n\n\n<div class=\"wp-block-image\">\n<figure class=\"aligncenter size-full\"><img loading=\"lazy\" decoding=\"async\" width=\"900\" height=\"506\" src=\"https:\/\/dedemesquita.com.br\/wp-content\/uploads\/2022\/11\/WhatsApp-Image-2022-11-14-at-09.51.38.jpeg\" alt=\"\" class=\"wp-image-5389\" srcset=\"https:\/\/dedemesquita.com.br\/wp-content\/uploads\/2022\/11\/WhatsApp-Image-2022-11-14-at-09.51.38.jpeg 900w, https:\/\/dedemesquita.com.br\/wp-content\/uploads\/2022\/11\/WhatsApp-Image-2022-11-14-at-09.51.38-768x432.jpeg 768w\" sizes=\"(max-width: 900px) 100vw, 900px\" \/><figcaption class=\"wp-element-caption\">Ivan Cardoso e Everaldo Nascimento <\/figcaption><\/figure><\/div>\n\n<div class=\"wp-block-image\">\n<figure class=\"aligncenter size-full\"><img loading=\"lazy\" decoding=\"async\" width=\"900\" height=\"675\" src=\"https:\/\/dedemesquita.com.br\/wp-content\/uploads\/2022\/11\/WhatsApp-Image-2022-11-14-at-09.51.38-1.jpeg\" alt=\"\" class=\"wp-image-5390\" srcset=\"https:\/\/dedemesquita.com.br\/wp-content\/uploads\/2022\/11\/WhatsApp-Image-2022-11-14-at-09.51.38-1.jpeg 900w, https:\/\/dedemesquita.com.br\/wp-content\/uploads\/2022\/11\/WhatsApp-Image-2022-11-14-at-09.51.38-1-768x576.jpeg 768w\" sizes=\"(max-width: 900px) 100vw, 900px\" \/><figcaption class=\"wp-element-caption\">Ivan e Miguel Chikaoka <\/figcaption><\/figure><\/div>\n\n<div class=\"wp-block-image\">\n<figure class=\"aligncenter size-full\"><img loading=\"lazy\" decoding=\"async\" width=\"900\" height=\"506\" src=\"https:\/\/dedemesquita.com.br\/wp-content\/uploads\/2022\/11\/WhatsApp-Image-2022-11-14-at-09.51.37.jpeg\" alt=\"\" class=\"wp-image-5391\" srcset=\"https:\/\/dedemesquita.com.br\/wp-content\/uploads\/2022\/11\/WhatsApp-Image-2022-11-14-at-09.51.37.jpeg 900w, https:\/\/dedemesquita.com.br\/wp-content\/uploads\/2022\/11\/WhatsApp-Image-2022-11-14-at-09.51.37-768x432.jpeg 768w\" sizes=\"(max-width: 900px) 100vw, 900px\" \/><figcaption class=\"wp-element-caption\">Alex, cortado pelo Ivan; o Ivan e Marcelo Seabra <\/figcaption><\/figure><\/div>\n\n<div class=\"wp-block-image\">\n<figure class=\"aligncenter size-full\"><img loading=\"lazy\" decoding=\"async\" width=\"900\" height=\"559\" src=\"https:\/\/dedemesquita.com.br\/wp-content\/uploads\/2022\/11\/WhatsApp-Image-2022-11-14-at-09.50.19.jpeg\" alt=\"\" class=\"wp-image-5392\" srcset=\"https:\/\/dedemesquita.com.br\/wp-content\/uploads\/2022\/11\/WhatsApp-Image-2022-11-14-at-09.50.19.jpeg 900w, https:\/\/dedemesquita.com.br\/wp-content\/uploads\/2022\/11\/WhatsApp-Image-2022-11-14-at-09.50.19-768x477.jpeg 768w\" sizes=\"(max-width: 900px) 100vw, 900px\" \/><figcaption class=\"wp-element-caption\"> Giceli, Oct\u00e1vio e Jhely que s\u00f3 travessaram a Almirante, saindo do Di\u00e1rio, e foram para o Su\u00ed\u00e7o <\/figcaption><\/figure><\/div>\n\n<div class=\"wp-block-image\">\n<figure class=\"aligncenter size-full\"><img loading=\"lazy\" decoding=\"async\" width=\"900\" height=\"506\" src=\"https:\/\/dedemesquita.com.br\/wp-content\/uploads\/2022\/11\/WhatsApp-Image-2022-11-14-at-09.49.39.jpeg\" alt=\"\" class=\"wp-image-5393\" srcset=\"https:\/\/dedemesquita.com.br\/wp-content\/uploads\/2022\/11\/WhatsApp-Image-2022-11-14-at-09.49.39.jpeg 900w, https:\/\/dedemesquita.com.br\/wp-content\/uploads\/2022\/11\/WhatsApp-Image-2022-11-14-at-09.49.39-768x432.jpeg 768w\" sizes=\"(max-width: 900px) 100vw, 900px\" \/><figcaption class=\"wp-element-caption\">Alex Riberio, Jhely e Giceli, do Di\u00e1rio do Par\u00e1<\/figcaption><\/figure><\/div>\n\n<div class=\"wp-block-image\">\n<figure class=\"aligncenter size-full\"><img loading=\"lazy\" decoding=\"async\" width=\"900\" height=\"677\" src=\"https:\/\/dedemesquita.com.br\/wp-content\/uploads\/2022\/11\/WhatsApp-Image-2022-11-12-at-21.30.05-2.jpeg\" alt=\"\" class=\"wp-image-5395\" srcset=\"https:\/\/dedemesquita.com.br\/wp-content\/uploads\/2022\/11\/WhatsApp-Image-2022-11-12-at-21.30.05-2.jpeg 900w, https:\/\/dedemesquita.com.br\/wp-content\/uploads\/2022\/11\/WhatsApp-Image-2022-11-12-at-21.30.05-2-768x578.jpeg 768w\" sizes=\"(max-width: 900px) 100vw, 900px\" \/><figcaption class=\"wp-element-caption\">Ursula e o Amig\u00e3o, Sidney Oliveira, este, outro debutante na confra do fot\u00f3grafos <\/figcaption><\/figure><\/div>\n\n<div class=\"wp-block-image\">\n<figure class=\"aligncenter size-full\"><img loading=\"lazy\" decoding=\"async\" width=\"900\" height=\"506\" src=\"https:\/\/dedemesquita.com.br\/wp-content\/uploads\/2022\/11\/WhatsApp-Image-2022-11-12-at-21.30.04.jpeg\" alt=\"\" class=\"wp-image-5396\" srcset=\"https:\/\/dedemesquita.com.br\/wp-content\/uploads\/2022\/11\/WhatsApp-Image-2022-11-12-at-21.30.04.jpeg 900w, https:\/\/dedemesquita.com.br\/wp-content\/uploads\/2022\/11\/WhatsApp-Image-2022-11-12-at-21.30.04-768x432.jpeg 768w\" sizes=\"(max-width: 900px) 100vw, 900px\" \/><figcaption class=\"wp-element-caption\">Ursula e Bruno Carachesti <\/figcaption><\/figure><\/div>","protected":false},"excerpt":{"rendered":"<p>&#8220;Amigos da Rede Globo&#8221;, sim, sim, teve! H\u00e1 uns bons 20, 30 anos, o professor F\u00e1bio Castro, da UFPA, cunhou a frase sobre uma festa que rolava uma vez ao ano em Bel\u00e9m &#8220;a efemericamente temerosa festa de Marcos Eluan&#8221;, se referindo a festa de anivers\u00e1rio do empres\u00e1rio Marcos Eluan, dono da Fox, que sacudia [&hellip;]<\/p>\n","protected":false},"author":2,"featured_media":5362,"comment_status":"open","ping_status":"open","sticky":false,"template":"","format":"standard","meta":{"footnotes":""},"categories":[51,14,29],"tags":[181,119,120,144,150],"class_list":["post-5359","post","type-post","status-publish","format-standard","has-post-thumbnail","hentry","category-destaque","category-imprensa","category-jornalismo","tag-diario-do-para","tag-jornalismo","tag-jornalistas-paraenses-em-acao","tag-o-liberal","tag-secom-pa"],"yoast_head":"<!-- This site is optimized with the Yoast SEO plugin v19.10 - https:\/\/yoast.com\/wordpress\/plugins\/seo\/ -->\n<title>Confra dos fot\u00f3grafos: o que rolou - parte 1 - Ded\u00e9 Mesquita<\/title>\n<meta name=\"robots\" content=\"index, follow, max-snippet:-1, max-image-preview:large, max-video-preview:-1\" \/>\n<link rel=\"canonical\" href=\"https:\/\/dedemesquita.com.br\/?p=5359\" \/>\n<meta property=\"og:locale\" content=\"pt_BR\" \/>\n<meta property=\"og:type\" content=\"article\" \/>\n<meta property=\"og:title\" content=\"Confra dos fot\u00f3grafos: o que rolou - parte 1 - Ded\u00e9 Mesquita\" \/>\n<meta property=\"og:description\" content=\"&#8220;Amigos da Rede Globo&#8221;, sim, sim, teve! H\u00e1 uns bons 20, 30 anos, o professor F\u00e1bio Castro, da UFPA, cunhou a frase sobre uma festa que rolava uma vez ao ano em Bel\u00e9m &#8220;a efemericamente temerosa festa de Marcos Eluan&#8221;, se referindo a festa de anivers\u00e1rio do empres\u00e1rio Marcos Eluan, dono da Fox, que sacudia [&hellip;]\" \/>\n<meta property=\"og:url\" content=\"https:\/\/dedemesquita.com.br\/?p=5359\" \/>\n<meta property=\"og:site_name\" content=\"Ded\u00e9 Mesquita\" \/>\n<meta property=\"article:publisher\" content=\"https:\/\/www.facebook.com\/dede.mesquita\" \/>\n<meta property=\"article:published_time\" content=\"2022-11-14T12:29:53+00:00\" \/>\n<meta property=\"article:modified_time\" content=\"2022-11-14T13:33:15+00:00\" \/>\n<meta property=\"og:image\" content=\"https:\/\/dedemesquita.com.br\/wp-content\/uploads\/2022\/11\/WhatsApp-Image-2022-11-12-at-15.45.13.jpeg\" \/>\n\t<meta property=\"og:image:width\" content=\"1000\" \/>\n\t<meta property=\"og:image:height\" content=\"624\" \/>\n\t<meta property=\"og:image:type\" content=\"image\/jpeg\" \/>\n<meta name=\"author\" content=\"Ded\u00e9 Mesquita\" \/>\n<meta name=\"twitter:card\" content=\"summary_large_image\" \/>\n<meta name=\"twitter:creator\" content=\"@dedemesquita\" \/>\n<meta name=\"twitter:site\" content=\"@dedemesquita\" \/>\n<meta name=\"twitter:label1\" content=\"Escrito por\" \/>\n\t<meta name=\"twitter:data1\" content=\"Ded\u00e9 Mesquita\" \/>\n\t<meta name=\"twitter:label2\" content=\"Est. tempo de leitura\" \/>\n\t<meta name=\"twitter:data2\" content=\"9 minutos\" \/>\n<script type=\"application\/ld+json\" class=\"yoast-schema-graph\">{\"@context\":\"https:\/\/schema.org\",\"@graph\":[{\"@type\":\"WebPage\",\"@id\":\"https:\/\/dedemesquita.com.br\/?p=5359\",\"url\":\"https:\/\/dedemesquita.com.br\/?p=5359\",\"name\":\"Confra dos fot\u00f3grafos: o que rolou - parte 1 - Ded\u00e9 Mesquita\",\"isPartOf\":{\"@id\":\"https:\/\/dedemesquita.com.br\/#website\"},\"datePublished\":\"2022-11-14T12:29:53+00:00\",\"dateModified\":\"2022-11-14T13:33:15+00:00\",\"author\":{\"@id\":\"https:\/\/dedemesquita.com.br\/#\/schema\/person\/36571f81dd2d76dc3ab37231542c9e24\"},\"breadcrumb\":{\"@id\":\"https:\/\/dedemesquita.com.br\/?p=5359#breadcrumb\"},\"inLanguage\":\"pt-BR\",\"potentialAction\":[{\"@type\":\"ReadAction\",\"target\":[\"https:\/\/dedemesquita.com.br\/?p=5359\"]}]},{\"@type\":\"BreadcrumbList\",\"@id\":\"https:\/\/dedemesquita.com.br\/?p=5359#breadcrumb\",\"itemListElement\":[{\"@type\":\"ListItem\",\"position\":1,\"name\":\"In\u00edcio\",\"item\":\"https:\/\/dedemesquita.com.br\/\"},{\"@type\":\"ListItem\",\"position\":2,\"name\":\"Confra dos fot\u00f3grafos: o que rolou &#8211; parte 1\"}]},{\"@type\":\"WebSite\",\"@id\":\"https:\/\/dedemesquita.com.br\/#website\",\"url\":\"https:\/\/dedemesquita.com.br\/\",\"name\":\"Ded\u00e9 Mesquita\",\"description\":\"Um site que mostra os bastidores da imprensa no estado do Par\u00e1 e em Bel\u00e9m\",\"potentialAction\":[{\"@type\":\"SearchAction\",\"target\":{\"@type\":\"EntryPoint\",\"urlTemplate\":\"https:\/\/dedemesquita.com.br\/?s={search_term_string}\"},\"query-input\":\"required name=search_term_string\"}],\"inLanguage\":\"pt-BR\"},{\"@type\":\"Person\",\"@id\":\"https:\/\/dedemesquita.com.br\/#\/schema\/person\/36571f81dd2d76dc3ab37231542c9e24\",\"name\":\"Ded\u00e9 Mesquita\",\"image\":{\"@type\":\"ImageObject\",\"inLanguage\":\"pt-BR\",\"@id\":\"https:\/\/dedemesquita.com.br\/#\/schema\/person\/image\/\",\"url\":\"https:\/\/dedemesquita.com.br\/wp-content\/uploads\/2021\/02\/foto_perfil-150x150.jpg\",\"contentUrl\":\"https:\/\/dedemesquita.com.br\/wp-content\/uploads\/2021\/02\/foto_perfil-150x150.jpg\",\"caption\":\"Ded\u00e9 Mesquita\"},\"sameAs\":[\"https:\/\/dedemesquita.com.br\"]}]}<\/script>\n<!-- \/ Yoast SEO plugin. -->","yoast_head_json":{"title":"Confra dos fot\u00f3grafos: o que rolou - parte 1 - Ded\u00e9 Mesquita","robots":{"index":"index","follow":"follow","max-snippet":"max-snippet:-1","max-image-preview":"max-image-preview:large","max-video-preview":"max-video-preview:-1"},"canonical":"https:\/\/dedemesquita.com.br\/?p=5359","og_locale":"pt_BR","og_type":"article","og_title":"Confra dos fot\u00f3grafos: o que rolou - parte 1 - Ded\u00e9 Mesquita","og_description":"&#8220;Amigos da Rede Globo&#8221;, sim, sim, teve! H\u00e1 uns bons 20, 30 anos, o professor F\u00e1bio Castro, da UFPA, cunhou a frase sobre uma festa que rolava uma vez ao ano em Bel\u00e9m &#8220;a efemericamente temerosa festa de Marcos Eluan&#8221;, se referindo a festa de anivers\u00e1rio do empres\u00e1rio Marcos Eluan, dono da Fox, que sacudia [&hellip;]","og_url":"https:\/\/dedemesquita.com.br\/?p=5359","og_site_name":"Ded\u00e9 Mesquita","article_publisher":"https:\/\/www.facebook.com\/dede.mesquita","article_published_time":"2022-11-14T12:29:53+00:00","article_modified_time":"2022-11-14T13:33:15+00:00","og_image":[{"width":1000,"height":624,"url":"https:\/\/dedemesquita.com.br\/wp-content\/uploads\/2022\/11\/WhatsApp-Image-2022-11-12-at-15.45.13.jpeg","type":"image\/jpeg"}],"author":"Ded\u00e9 Mesquita","twitter_card":"summary_large_image","twitter_creator":"@dedemesquita","twitter_site":"@dedemesquita","twitter_misc":{"Escrito por":"Ded\u00e9 Mesquita","Est. tempo de leitura":"9 minutos"},"schema":{"@context":"https:\/\/schema.org","@graph":[{"@type":"WebPage","@id":"https:\/\/dedemesquita.com.br\/?p=5359","url":"https:\/\/dedemesquita.com.br\/?p=5359","name":"Confra dos fot\u00f3grafos: o que rolou - parte 1 - Ded\u00e9 Mesquita","isPartOf":{"@id":"https:\/\/dedemesquita.com.br\/#website"},"datePublished":"2022-11-14T12:29:53+00:00","dateModified":"2022-11-14T13:33:15+00:00","author":{"@id":"https:\/\/dedemesquita.com.br\/#\/schema\/person\/36571f81dd2d76dc3ab37231542c9e24"},"breadcrumb":{"@id":"https:\/\/dedemesquita.com.br\/?p=5359#breadcrumb"},"inLanguage":"pt-BR","potentialAction":[{"@type":"ReadAction","target":["https:\/\/dedemesquita.com.br\/?p=5359"]}]},{"@type":"BreadcrumbList","@id":"https:\/\/dedemesquita.com.br\/?p=5359#breadcrumb","itemListElement":[{"@type":"ListItem","position":1,"name":"In\u00edcio","item":"https:\/\/dedemesquita.com.br\/"},{"@type":"ListItem","position":2,"name":"Confra dos fot\u00f3grafos: o que rolou &#8211; parte 1"}]},{"@type":"WebSite","@id":"https:\/\/dedemesquita.com.br\/#website","url":"https:\/\/dedemesquita.com.br\/","name":"Ded\u00e9 Mesquita","description":"Um site que mostra os bastidores da imprensa no estado do Par\u00e1 e em Bel\u00e9m","potentialAction":[{"@type":"SearchAction","target":{"@type":"EntryPoint","urlTemplate":"https:\/\/dedemesquita.com.br\/?s={search_term_string}"},"query-input":"required name=search_term_string"}],"inLanguage":"pt-BR"},{"@type":"Person","@id":"https:\/\/dedemesquita.com.br\/#\/schema\/person\/36571f81dd2d76dc3ab37231542c9e24","name":"Ded\u00e9 Mesquita","image":{"@type":"ImageObject","inLanguage":"pt-BR","@id":"https:\/\/dedemesquita.com.br\/#\/schema\/person\/image\/","url":"https:\/\/dedemesquita.com.br\/wp-content\/uploads\/2021\/02\/foto_perfil-150x150.jpg","contentUrl":"https:\/\/dedemesquita.com.br\/wp-content\/uploads\/2021\/02\/foto_perfil-150x150.jpg","caption":"Ded\u00e9 Mesquita"},"sameAs":["https:\/\/dedemesquita.com.br"]}]}},"_links":{"self":[{"href":"https:\/\/dedemesquita.com.br\/index.php?rest_route=\/wp\/v2\/posts\/5359"}],"collection":[{"href":"https:\/\/dedemesquita.com.br\/index.php?rest_route=\/wp\/v2\/posts"}],"about":[{"href":"https:\/\/dedemesquita.com.br\/index.php?rest_route=\/wp\/v2\/types\/post"}],"author":[{"embeddable":true,"href":"https:\/\/dedemesquita.com.br\/index.php?rest_route=\/wp\/v2\/users\/2"}],"replies":[{"embeddable":true,"href":"https:\/\/dedemesquita.com.br\/index.php?rest_route=%2Fwp%2Fv2%2Fcomments&post=5359"}],"version-history":[{"count":7,"href":"https:\/\/dedemesquita.com.br\/index.php?rest_route=\/wp\/v2\/posts\/5359\/revisions"}],"predecessor-version":[{"id":5397,"href":"https:\/\/dedemesquita.com.br\/index.php?rest_route=\/wp\/v2\/posts\/5359\/revisions\/5397"}],"wp:featuredmedia":[{"embeddable":true,"href":"https:\/\/dedemesquita.com.br\/index.php?rest_route=\/wp\/v2\/media\/5362"}],"wp:attachment":[{"href":"https:\/\/dedemesquita.com.br\/index.php?rest_route=%2Fwp%2Fv2%2Fmedia&parent=5359"}],"wp:term":[{"taxonomy":"category","embeddable":true,"href":"https:\/\/dedemesquita.com.br\/index.php?rest_route=%2Fwp%2Fv2%2Fcategories&post=5359"},{"taxonomy":"post_tag","embeddable":true,"href":"https:\/\/dedemesquita.com.br\/index.php?rest_route=%2Fwp%2Fv2%2Ftags&post=5359"}],"curies":[{"name":"wp","href":"https:\/\/api.w.org\/{rel}","templated":true}]}}