{"id":5332,"date":"2022-11-08T10:36:14","date_gmt":"2022-11-08T13:36:14","guid":{"rendered":"https:\/\/dedemesquita.com.br\/?p=5332"},"modified":"2022-11-08T11:44:52","modified_gmt":"2022-11-08T14:44:52","slug":"tradicional-confra-dos-fotografos-e-jornalistas-e-neste-sabado-dia-12","status":"publish","type":"post","link":"https:\/\/dedemesquita.com.br\/?p=5332","title":{"rendered":"Tradicional &#8216;confra&#8217; dos fot\u00f3grafos e jornalistas \u00e9 neste s\u00e1bado, dia 12"},"content":{"rendered":"\n<p>\u00c9 mais que tradi\u00e7\u00e3o. \u00c9 muito tradicional. A famosa confraterniza\u00e7\u00e3o organizada pelos coleguinhas fot\u00f3grafos em Bel\u00e9m tem data e ser\u00e1 <strong>neste s\u00e1bado, dia 12.<\/strong> <\/p>\n\n\n\n<p>Com produ\u00e7\u00e3o executiva do <strong>Wagner Santana<\/strong> e apoio luxuoso do <strong>Tarso Sarraf<\/strong> e <strong>Thiago Gomes<\/strong>, a &#8220;confra&#8221; deixa de ser realizada a ilha do Combu e ganha novo local, em Bel\u00e9m mesmo, no bar Su\u00ed\u00e7o. Esse charmoso local fica na avenida Romulo Maiorana (ex-avenida 25 de Setembro), bem de esquina com a travessa Lomas Valentinas, do lado do muro do Bosque Rodrigues Alves, entre as sedes dos jornais O Liberal\/ Amaz\u00f4nia e Di\u00e1rio do Par\u00e1, em pleno bairro do Marco. <\/p>\n\n\n\n<p>Informa\u00e7\u00e3o do Wagner: &#8220;A famigerada confraterniza\u00e7\u00e3o [como <em>euzinha<\/em> gostava de falar] vai rolar no dia 12 de novembro, a partir as 12 horas, no bar Su\u00ed\u00e7o. Fica na Lomas, esquina com a Romulo Maiorana. O motivo da confraterniza\u00e7\u00e3o ser em novembro \u00e9 a Copa do Mundo. N\u00e3o ter\u00edamos tempo de fazer [nos moldes antigos] por causa das nossas pautas. A organiza\u00e7\u00e3o \u00e9 minha [Wagner], do Thiago Gomes e Tarso Sarraf&#8221;, escreveu o tio. <\/p>\n\n\n\n<p>Informa\u00e7\u00e3o <strong>MUITO IMPORTANTE:<\/strong> &#8220;E \u00e9 aberta<strong> a todos os colegas da imprensa, fot\u00f3grafo ou n\u00e3o<\/strong>&#8220;.<\/p>\n\n\n\n<p><strong>Mais um recado 1: <\/strong>&#8220;O esquema \u00e9 o das outras confraterniza\u00e7\u00e3o, <strong>cada um paga pelo seu consumo<\/strong>. Quem quiser pode levar convidados, n\u00e3o \u00e9 fechado pros fot\u00f3grafos. Resolvemos fazer em novembro em decorr\u00eancia da Copa do Mundo, com certeza as pautas v\u00e3o tomar nosso tempo e n\u00e3o vai dar pra fazer em dezembro. Aguardo o mais breve poss\u00edvel o retorno de voc\u00eas. Bora l\u00e1? Abra\u00e7o a todos&#8221;.<\/p>\n\n\n\n<p><strong>Mais um recado 2:<\/strong> As refei\u00e7\u00f5es no bar Su\u00ed\u00e7o variam de R$ 25,00 a 35,00 e tem feijoada, moqueca, peixe frito, costeleta de porco, rabada e outros pratos, al\u00e9m de petiscos e tira-gostos. Cervejas nos valores de R$ 11,00, R$ 12,00 e R$ 15,00. E por fim, vai ter vai ter uma pequena roda de samba para alegrar a galera. S\u00f3 lembrando que o bar Su\u00ed\u00e7o j\u00e1 participou v\u00e1rias vezes do concurso nacional Comida di Buteco, o que garante a qualidade da comida por l\u00e1. <\/p>\n\n\n\n<p><strong>Confira fotos de &#8220;confras&#8221; passadas:<\/strong><\/p>\n\n\n<div class=\"wp-block-image\">\n<figure class=\"aligncenter size-full\"><img loading=\"lazy\" decoding=\"async\" width=\"604\" height=\"332\" src=\"https:\/\/dedemesquita.com.br\/wp-content\/uploads\/2022\/11\/a3.jpg\" alt=\"\" class=\"wp-image-5354\"\/><figcaption class=\"wp-element-caption\">Essa aqui \u00e9 de quando DUAS confras de fot\u00f3grafos e jornalistas se encontram no Combu em 2016<\/figcaption><\/figure><\/div>\n\n<div class=\"wp-block-image\">\n<figure class=\"aligncenter size-full\"><img loading=\"lazy\" decoding=\"async\" width=\"900\" height=\"452\" src=\"https:\/\/dedemesquita.com.br\/wp-content\/uploads\/2022\/11\/WhatsApp-Image-2022-11-03-at-11.30.37-2.jpeg\" alt=\"\" class=\"wp-image-5338\" srcset=\"https:\/\/dedemesquita.com.br\/wp-content\/uploads\/2022\/11\/WhatsApp-Image-2022-11-03-at-11.30.37-2.jpeg 900w, https:\/\/dedemesquita.com.br\/wp-content\/uploads\/2022\/11\/WhatsApp-Image-2022-11-03-at-11.30.37-2-768x386.jpeg 768w\" sizes=\"(max-width: 900px) 100vw, 900px\" \/><figcaption class=\"wp-element-caption\">Confra de 2014 no Combu<\/figcaption><\/figure><\/div>\n\n\n<p><\/p>\n\n\n<div class=\"wp-block-image\">\n<figure class=\"aligncenter size-full\"><img loading=\"lazy\" decoding=\"async\" width=\"900\" height=\"600\" src=\"https:\/\/dedemesquita.com.br\/wp-content\/uploads\/2022\/11\/WhatsApp-Image-2022-11-03-at-11.30.36.jpeg\" alt=\"\" class=\"wp-image-5339\" srcset=\"https:\/\/dedemesquita.com.br\/wp-content\/uploads\/2022\/11\/WhatsApp-Image-2022-11-03-at-11.30.36.jpeg 900w, https:\/\/dedemesquita.com.br\/wp-content\/uploads\/2022\/11\/WhatsApp-Image-2022-11-03-at-11.30.36-768x512.jpeg 768w\" sizes=\"(max-width: 900px) 100vw, 900px\" \/><figcaption class=\"wp-element-caption\">Euzinha e meu filho Rico em 2014 <\/figcaption><\/figure><\/div>\n\n<div class=\"wp-block-image\">\n<figure class=\"aligncenter size-full\"><img loading=\"lazy\" decoding=\"async\" width=\"900\" height=\"468\" src=\"https:\/\/dedemesquita.com.br\/wp-content\/uploads\/2022\/11\/WhatsApp-Image-2022-11-03-at-11.30.39.jpeg\" alt=\"\" class=\"wp-image-5346\" srcset=\"https:\/\/dedemesquita.com.br\/wp-content\/uploads\/2022\/11\/WhatsApp-Image-2022-11-03-at-11.30.39.jpeg 900w, https:\/\/dedemesquita.com.br\/wp-content\/uploads\/2022\/11\/WhatsApp-Image-2022-11-03-at-11.30.39-768x399.jpeg 768w\" sizes=\"(max-width: 900px) 100vw, 900px\" \/><figcaption class=\"wp-element-caption\">Nessa confra eu n\u00e3o fui, mas nosso querido Ary estava por l\u00e1 <\/figcaption><\/figure><\/div>\n\n<div class=\"wp-block-image\">\n<figure class=\"aligncenter size-full\"><img loading=\"lazy\" decoding=\"async\" width=\"800\" height=\"444\" src=\"https:\/\/dedemesquita.com.br\/wp-content\/uploads\/2022\/11\/WhatsApp-Image-2022-11-03-at-11.30.37-1.jpeg\" alt=\"\" class=\"wp-image-5340\" srcset=\"https:\/\/dedemesquita.com.br\/wp-content\/uploads\/2022\/11\/WhatsApp-Image-2022-11-03-at-11.30.37-1.jpeg 800w, https:\/\/dedemesquita.com.br\/wp-content\/uploads\/2022\/11\/WhatsApp-Image-2022-11-03-at-11.30.37-1-768x426.jpeg 768w\" sizes=\"(max-width: 800px) 100vw, 800px\" \/><figcaption class=\"wp-element-caption\">Bruno Caraschetti, Marcelo Lelis e a jornalista Lorenna Montenegro <\/figcaption><\/figure><\/div>\n\n\n<p><\/p>\n\n\n<div class=\"wp-block-image\">\n<figure class=\"aligncenter size-full\"><img loading=\"lazy\" decoding=\"async\" width=\"900\" height=\"422\" src=\"https:\/\/dedemesquita.com.br\/wp-content\/uploads\/2022\/11\/WhatsApp-Image-2022-11-03-at-11.30.37-3.jpeg\" alt=\"\" class=\"wp-image-5341\" srcset=\"https:\/\/dedemesquita.com.br\/wp-content\/uploads\/2022\/11\/WhatsApp-Image-2022-11-03-at-11.30.37-3.jpeg 900w, https:\/\/dedemesquita.com.br\/wp-content\/uploads\/2022\/11\/WhatsApp-Image-2022-11-03-at-11.30.37-3-768x360.jpeg 768w\" sizes=\"(max-width: 900px) 100vw, 900px\" \/><figcaption class=\"wp-element-caption\">Wagner Santana, Ant\u00f4nio C\u00edcero, Thiago Ara\u00fajo e Thiago Gomes<\/figcaption><\/figure><\/div>\n\n<div class=\"wp-block-image\">\n<figure class=\"aligncenter size-full\"><img loading=\"lazy\" decoding=\"async\" width=\"836\" height=\"494\" src=\"https:\/\/dedemesquita.com.br\/wp-content\/uploads\/2022\/11\/WhatsApp-Image-2022-11-03-at-11.30.38.jpeg\" alt=\"\" class=\"wp-image-5342\" srcset=\"https:\/\/dedemesquita.com.br\/wp-content\/uploads\/2022\/11\/WhatsApp-Image-2022-11-03-at-11.30.38.jpeg 836w, https:\/\/dedemesquita.com.br\/wp-content\/uploads\/2022\/11\/WhatsApp-Image-2022-11-03-at-11.30.38-768x454.jpeg 768w\" sizes=\"(max-width: 836px) 100vw, 836px\" \/><figcaption class=\"wp-element-caption\">Marcelo Lelis e Ary Sousa<\/figcaption><\/figure><\/div>\n\n<div class=\"wp-block-image\">\n<figure class=\"aligncenter size-full\"><img loading=\"lazy\" decoding=\"async\" width=\"900\" height=\"487\" src=\"https:\/\/dedemesquita.com.br\/wp-content\/uploads\/2022\/11\/WhatsApp-Image-2022-11-03-at-11.30.38-1.jpeg\" alt=\"\" class=\"wp-image-5343\" srcset=\"https:\/\/dedemesquita.com.br\/wp-content\/uploads\/2022\/11\/WhatsApp-Image-2022-11-03-at-11.30.38-1.jpeg 900w, https:\/\/dedemesquita.com.br\/wp-content\/uploads\/2022\/11\/WhatsApp-Image-2022-11-03-at-11.30.38-1-768x416.jpeg 768w\" sizes=\"(max-width: 900px) 100vw, 900px\" \/><figcaption class=\"wp-element-caption\">Arthur, filho do Oswaldo Forte, ainda um beb\u00ea; Everaldo Nascimento e Tarso Sarraf <\/figcaption><\/figure><\/div>\n\n<div class=\"wp-block-image\">\n<figure class=\"aligncenter size-full\"><img loading=\"lazy\" decoding=\"async\" width=\"900\" height=\"675\" src=\"https:\/\/dedemesquita.com.br\/wp-content\/uploads\/2022\/11\/WhatsApp-Image-2022-11-03-at-11.30.38-3.jpeg\" alt=\"\" class=\"wp-image-5344\" srcset=\"https:\/\/dedemesquita.com.br\/wp-content\/uploads\/2022\/11\/WhatsApp-Image-2022-11-03-at-11.30.38-3.jpeg 900w, https:\/\/dedemesquita.com.br\/wp-content\/uploads\/2022\/11\/WhatsApp-Image-2022-11-03-at-11.30.38-3-768x576.jpeg 768w\" sizes=\"(max-width: 900px) 100vw, 900px\" \/><figcaption class=\"wp-element-caption\">Murilo Bittar, Oswaldo Forte e Jaime Souzza <\/figcaption><\/figure><\/div>\n\n<div class=\"wp-block-image\">\n<figure class=\"aligncenter size-full\"><img loading=\"lazy\" decoding=\"async\" width=\"900\" height=\"426\" src=\"https:\/\/dedemesquita.com.br\/wp-content\/uploads\/2022\/11\/WhatsApp-Image-2022-11-03-at-11.30.38-4.jpeg\" alt=\"\" class=\"wp-image-5345\" srcset=\"https:\/\/dedemesquita.com.br\/wp-content\/uploads\/2022\/11\/WhatsApp-Image-2022-11-03-at-11.30.38-4.jpeg 900w, https:\/\/dedemesquita.com.br\/wp-content\/uploads\/2022\/11\/WhatsApp-Image-2022-11-03-at-11.30.38-4-768x364.jpeg 768w\" sizes=\"(max-width: 900px) 100vw, 900px\" \/><figcaption class=\"wp-element-caption\">Tarso, Oswaldo, Murilo, Jaime e a Cica <\/figcaption><\/figure><\/div>\n\n<div class=\"wp-block-image\">\n<figure class=\"aligncenter size-full\"><img loading=\"lazy\" decoding=\"async\" width=\"900\" height=\"817\" src=\"https:\/\/dedemesquita.com.br\/wp-content\/uploads\/2022\/11\/WhatsApp-Image-2022-11-03-at-11.30.37.jpeg\" alt=\"\" class=\"wp-image-5347\" srcset=\"https:\/\/dedemesquita.com.br\/wp-content\/uploads\/2022\/11\/WhatsApp-Image-2022-11-03-at-11.30.37.jpeg 900w, https:\/\/dedemesquita.com.br\/wp-content\/uploads\/2022\/11\/WhatsApp-Image-2022-11-03-at-11.30.37-768x697.jpeg 768w\" sizes=\"(max-width: 900px) 100vw, 900px\" \/><figcaption class=\"wp-element-caption\">Vai faltar euzinha nessa confra. Ah! vai!!<\/figcaption><\/figure><\/div>\n\n\n<p><\/p>\n","protected":false},"excerpt":{"rendered":"<p>\u00c9 mais que tradi\u00e7\u00e3o. \u00c9 muito tradicional. A famosa confraterniza\u00e7\u00e3o organizada pelos coleguinhas fot\u00f3grafos em Bel\u00e9m tem data e ser\u00e1 neste s\u00e1bado, dia 12. Com produ\u00e7\u00e3o executiva do Wagner Santana e apoio luxuoso do Tarso Sarraf e Thiago Gomes, a &#8220;confra&#8221; deixa de ser realizada a ilha do Combu e ganha novo local, em Bel\u00e9m [&hellip;]<\/p>\n","protected":false},"author":2,"featured_media":5348,"comment_status":"open","ping_status":"open","sticky":false,"template":"","format":"standard","meta":{"footnotes":""},"categories":[51,14,29],"tags":[347,181,119,120],"class_list":["post-5332","post","type-post","status-publish","format-standard","has-post-thumbnail","hentry","category-destaque","category-imprensa","category-jornalismo","tag-confra","tag-diario-do-para","tag-jornalismo","tag-jornalistas-paraenses-em-acao"],"yoast_head":"<!-- This site is optimized with the Yoast SEO plugin v19.10 - https:\/\/yoast.com\/wordpress\/plugins\/seo\/ -->\n<title>Tradicional &#039;confra&#039; dos fot\u00f3grafos e jornalistas \u00e9 neste s\u00e1bado, dia 12 - Ded\u00e9 Mesquita<\/title>\n<meta name=\"robots\" content=\"index, follow, max-snippet:-1, max-image-preview:large, max-video-preview:-1\" \/>\n<link rel=\"canonical\" href=\"https:\/\/dedemesquita.com.br\/?p=5332\" \/>\n<meta property=\"og:locale\" content=\"pt_BR\" \/>\n<meta property=\"og:type\" content=\"article\" \/>\n<meta property=\"og:title\" content=\"Tradicional &#039;confra&#039; dos fot\u00f3grafos e jornalistas \u00e9 neste s\u00e1bado, dia 12 - Ded\u00e9 Mesquita\" \/>\n<meta property=\"og:description\" content=\"\u00c9 mais que tradi\u00e7\u00e3o. \u00c9 muito tradicional. A famosa confraterniza\u00e7\u00e3o organizada pelos coleguinhas fot\u00f3grafos em Bel\u00e9m tem data e ser\u00e1 neste s\u00e1bado, dia 12. Com produ\u00e7\u00e3o executiva do Wagner Santana e apoio luxuoso do Tarso Sarraf e Thiago Gomes, a &#8220;confra&#8221; deixa de ser realizada a ilha do Combu e ganha novo local, em Bel\u00e9m [&hellip;]\" \/>\n<meta property=\"og:url\" content=\"https:\/\/dedemesquita.com.br\/?p=5332\" \/>\n<meta property=\"og:site_name\" content=\"Ded\u00e9 Mesquita\" \/>\n<meta property=\"article:publisher\" content=\"https:\/\/www.facebook.com\/dede.mesquita\" \/>\n<meta property=\"article:published_time\" content=\"2022-11-08T13:36:14+00:00\" \/>\n<meta property=\"article:modified_time\" content=\"2022-11-08T14:44:52+00:00\" \/>\n<meta property=\"og:image\" content=\"https:\/\/dedemesquita.com.br\/wp-content\/uploads\/2022\/11\/a2.jpg\" \/>\n\t<meta property=\"og:image:width\" content=\"640\" \/>\n\t<meta property=\"og:image:height\" content=\"427\" \/>\n\t<meta property=\"og:image:type\" content=\"image\/jpeg\" \/>\n<meta name=\"author\" content=\"Ded\u00e9 Mesquita\" \/>\n<meta name=\"twitter:card\" content=\"summary_large_image\" \/>\n<meta name=\"twitter:creator\" content=\"@dedemesquita\" \/>\n<meta name=\"twitter:site\" content=\"@dedemesquita\" \/>\n<meta name=\"twitter:label1\" content=\"Escrito por\" \/>\n\t<meta name=\"twitter:data1\" content=\"Ded\u00e9 Mesquita\" \/>\n\t<meta name=\"twitter:label2\" content=\"Est. tempo de leitura\" \/>\n\t<meta name=\"twitter:data2\" content=\"5 minutos\" \/>\n<script type=\"application\/ld+json\" class=\"yoast-schema-graph\">{\"@context\":\"https:\/\/schema.org\",\"@graph\":[{\"@type\":\"WebPage\",\"@id\":\"https:\/\/dedemesquita.com.br\/?p=5332\",\"url\":\"https:\/\/dedemesquita.com.br\/?p=5332\",\"name\":\"Tradicional 'confra' dos fot\u00f3grafos e jornalistas \u00e9 neste s\u00e1bado, dia 12 - Ded\u00e9 Mesquita\",\"isPartOf\":{\"@id\":\"https:\/\/dedemesquita.com.br\/#website\"},\"datePublished\":\"2022-11-08T13:36:14+00:00\",\"dateModified\":\"2022-11-08T14:44:52+00:00\",\"author\":{\"@id\":\"https:\/\/dedemesquita.com.br\/#\/schema\/person\/36571f81dd2d76dc3ab37231542c9e24\"},\"breadcrumb\":{\"@id\":\"https:\/\/dedemesquita.com.br\/?p=5332#breadcrumb\"},\"inLanguage\":\"pt-BR\",\"potentialAction\":[{\"@type\":\"ReadAction\",\"target\":[\"https:\/\/dedemesquita.com.br\/?p=5332\"]}]},{\"@type\":\"BreadcrumbList\",\"@id\":\"https:\/\/dedemesquita.com.br\/?p=5332#breadcrumb\",\"itemListElement\":[{\"@type\":\"ListItem\",\"position\":1,\"name\":\"In\u00edcio\",\"item\":\"https:\/\/dedemesquita.com.br\/\"},{\"@type\":\"ListItem\",\"position\":2,\"name\":\"Tradicional &#8216;confra&#8217; dos fot\u00f3grafos e jornalistas \u00e9 neste s\u00e1bado, dia 12\"}]},{\"@type\":\"WebSite\",\"@id\":\"https:\/\/dedemesquita.com.br\/#website\",\"url\":\"https:\/\/dedemesquita.com.br\/\",\"name\":\"Ded\u00e9 Mesquita\",\"description\":\"Um site que mostra os bastidores da imprensa no estado do Par\u00e1 e em Bel\u00e9m\",\"potentialAction\":[{\"@type\":\"SearchAction\",\"target\":{\"@type\":\"EntryPoint\",\"urlTemplate\":\"https:\/\/dedemesquita.com.br\/?s={search_term_string}\"},\"query-input\":\"required name=search_term_string\"}],\"inLanguage\":\"pt-BR\"},{\"@type\":\"Person\",\"@id\":\"https:\/\/dedemesquita.com.br\/#\/schema\/person\/36571f81dd2d76dc3ab37231542c9e24\",\"name\":\"Ded\u00e9 Mesquita\",\"image\":{\"@type\":\"ImageObject\",\"inLanguage\":\"pt-BR\",\"@id\":\"https:\/\/dedemesquita.com.br\/#\/schema\/person\/image\/\",\"url\":\"https:\/\/dedemesquita.com.br\/wp-content\/uploads\/2021\/02\/foto_perfil-150x150.jpg\",\"contentUrl\":\"https:\/\/dedemesquita.com.br\/wp-content\/uploads\/2021\/02\/foto_perfil-150x150.jpg\",\"caption\":\"Ded\u00e9 Mesquita\"},\"sameAs\":[\"https:\/\/dedemesquita.com.br\"]}]}<\/script>\n<!-- \/ Yoast SEO plugin. -->","yoast_head_json":{"title":"Tradicional 'confra' dos fot\u00f3grafos e jornalistas \u00e9 neste s\u00e1bado, dia 12 - Ded\u00e9 Mesquita","robots":{"index":"index","follow":"follow","max-snippet":"max-snippet:-1","max-image-preview":"max-image-preview:large","max-video-preview":"max-video-preview:-1"},"canonical":"https:\/\/dedemesquita.com.br\/?p=5332","og_locale":"pt_BR","og_type":"article","og_title":"Tradicional 'confra' dos fot\u00f3grafos e jornalistas \u00e9 neste s\u00e1bado, dia 12 - Ded\u00e9 Mesquita","og_description":"\u00c9 mais que tradi\u00e7\u00e3o. \u00c9 muito tradicional. A famosa confraterniza\u00e7\u00e3o organizada pelos coleguinhas fot\u00f3grafos em Bel\u00e9m tem data e ser\u00e1 neste s\u00e1bado, dia 12. Com produ\u00e7\u00e3o executiva do Wagner Santana e apoio luxuoso do Tarso Sarraf e Thiago Gomes, a &#8220;confra&#8221; deixa de ser realizada a ilha do Combu e ganha novo local, em Bel\u00e9m [&hellip;]","og_url":"https:\/\/dedemesquita.com.br\/?p=5332","og_site_name":"Ded\u00e9 Mesquita","article_publisher":"https:\/\/www.facebook.com\/dede.mesquita","article_published_time":"2022-11-08T13:36:14+00:00","article_modified_time":"2022-11-08T14:44:52+00:00","og_image":[{"width":640,"height":427,"url":"https:\/\/dedemesquita.com.br\/wp-content\/uploads\/2022\/11\/a2.jpg","type":"image\/jpeg"}],"author":"Ded\u00e9 Mesquita","twitter_card":"summary_large_image","twitter_creator":"@dedemesquita","twitter_site":"@dedemesquita","twitter_misc":{"Escrito por":"Ded\u00e9 Mesquita","Est. tempo de leitura":"5 minutos"},"schema":{"@context":"https:\/\/schema.org","@graph":[{"@type":"WebPage","@id":"https:\/\/dedemesquita.com.br\/?p=5332","url":"https:\/\/dedemesquita.com.br\/?p=5332","name":"Tradicional 'confra' dos fot\u00f3grafos e jornalistas \u00e9 neste s\u00e1bado, dia 12 - Ded\u00e9 Mesquita","isPartOf":{"@id":"https:\/\/dedemesquita.com.br\/#website"},"datePublished":"2022-11-08T13:36:14+00:00","dateModified":"2022-11-08T14:44:52+00:00","author":{"@id":"https:\/\/dedemesquita.com.br\/#\/schema\/person\/36571f81dd2d76dc3ab37231542c9e24"},"breadcrumb":{"@id":"https:\/\/dedemesquita.com.br\/?p=5332#breadcrumb"},"inLanguage":"pt-BR","potentialAction":[{"@type":"ReadAction","target":["https:\/\/dedemesquita.com.br\/?p=5332"]}]},{"@type":"BreadcrumbList","@id":"https:\/\/dedemesquita.com.br\/?p=5332#breadcrumb","itemListElement":[{"@type":"ListItem","position":1,"name":"In\u00edcio","item":"https:\/\/dedemesquita.com.br\/"},{"@type":"ListItem","position":2,"name":"Tradicional &#8216;confra&#8217; dos fot\u00f3grafos e jornalistas \u00e9 neste s\u00e1bado, dia 12"}]},{"@type":"WebSite","@id":"https:\/\/dedemesquita.com.br\/#website","url":"https:\/\/dedemesquita.com.br\/","name":"Ded\u00e9 Mesquita","description":"Um site que mostra os bastidores da imprensa no estado do Par\u00e1 e em Bel\u00e9m","potentialAction":[{"@type":"SearchAction","target":{"@type":"EntryPoint","urlTemplate":"https:\/\/dedemesquita.com.br\/?s={search_term_string}"},"query-input":"required name=search_term_string"}],"inLanguage":"pt-BR"},{"@type":"Person","@id":"https:\/\/dedemesquita.com.br\/#\/schema\/person\/36571f81dd2d76dc3ab37231542c9e24","name":"Ded\u00e9 Mesquita","image":{"@type":"ImageObject","inLanguage":"pt-BR","@id":"https:\/\/dedemesquita.com.br\/#\/schema\/person\/image\/","url":"https:\/\/dedemesquita.com.br\/wp-content\/uploads\/2021\/02\/foto_perfil-150x150.jpg","contentUrl":"https:\/\/dedemesquita.com.br\/wp-content\/uploads\/2021\/02\/foto_perfil-150x150.jpg","caption":"Ded\u00e9 Mesquita"},"sameAs":["https:\/\/dedemesquita.com.br"]}]}},"_links":{"self":[{"href":"https:\/\/dedemesquita.com.br\/index.php?rest_route=\/wp\/v2\/posts\/5332"}],"collection":[{"href":"https:\/\/dedemesquita.com.br\/index.php?rest_route=\/wp\/v2\/posts"}],"about":[{"href":"https:\/\/dedemesquita.com.br\/index.php?rest_route=\/wp\/v2\/types\/post"}],"author":[{"embeddable":true,"href":"https:\/\/dedemesquita.com.br\/index.php?rest_route=\/wp\/v2\/users\/2"}],"replies":[{"embeddable":true,"href":"https:\/\/dedemesquita.com.br\/index.php?rest_route=%2Fwp%2Fv2%2Fcomments&post=5332"}],"version-history":[{"count":9,"href":"https:\/\/dedemesquita.com.br\/index.php?rest_route=\/wp\/v2\/posts\/5332\/revisions"}],"predecessor-version":[{"id":5357,"href":"https:\/\/dedemesquita.com.br\/index.php?rest_route=\/wp\/v2\/posts\/5332\/revisions\/5357"}],"wp:featuredmedia":[{"embeddable":true,"href":"https:\/\/dedemesquita.com.br\/index.php?rest_route=\/wp\/v2\/media\/5348"}],"wp:attachment":[{"href":"https:\/\/dedemesquita.com.br\/index.php?rest_route=%2Fwp%2Fv2%2Fmedia&parent=5332"}],"wp:term":[{"taxonomy":"category","embeddable":true,"href":"https:\/\/dedemesquita.com.br\/index.php?rest_route=%2Fwp%2Fv2%2Fcategories&post=5332"},{"taxonomy":"post_tag","embeddable":true,"href":"https:\/\/dedemesquita.com.br\/index.php?rest_route=%2Fwp%2Fv2%2Ftags&post=5332"}],"curies":[{"name":"wp","href":"https:\/\/api.w.org\/{rel}","templated":true}]}}