{"id":5320,"date":"2022-11-03T09:29:25","date_gmt":"2022-11-03T12:29:25","guid":{"rendered":"https:\/\/dedemesquita.com.br\/?p=5320"},"modified":"2022-11-03T09:29:28","modified_gmt":"2022-11-03T12:29:28","slug":"tarso-sarraf-indicado-a-mais-um-premio-um-casamento-e-mais-novidades-dos-coleguinhas","status":"publish","type":"post","link":"https:\/\/dedemesquita.com.br\/?p=5320","title":{"rendered":"Tarso Sarraf indicado a mais um pr\u00eamio, um casamento e mais novidades dos coleguinhas"},"content":{"rendered":"\n<p>Atualiza\u00e7\u00f5es dos coleguinhas em plena quinta-feira? Temos!! E vamos que vamos. <\/p>\n\n\n\n<p><strong>Tarso Sarraf &#8211; <\/strong>E o <strong>Tarso Sarraf<\/strong>, hein? Rap\u00e1, esse \u201ctio\u201d n\u00e3o se cansa de estar na lista de nominados a pr\u00eamios &#8211; e de premiados &#8211; e temos mais um. Sarraf, coordenador de audiovisual de O Liberal, \u00e9 um dos seis semifinalistas do <strong>Brasil Photo Awards \u2013 BPA<\/strong> -, <strong>etapa nacional do World Photographic Cup &#8211; WPC<\/strong>, a Copa Mundial de Fotografia, que re\u00fane talentos da fotografia e da arte digital de mais de 40 pa\u00edses. A lista dos profissionais nominados na etapa nacional foi divulgada na \u00faltima segunda-feira, 31. A premia\u00e7\u00e3o mundial ser\u00e1 em 17 de mar\u00e7o de 2023, em Singapura.<\/p>\n\n\n\n<p>Tarso concorre na categoria \u201cReportagem\u201d com um registro realizado durante a pandemia pela covid-19, no ano de 2020, na cidade de Melga\u00e7o, na ilha do Maraj\u00f3. A fotografia mostra uma pequena embarca\u00e7\u00e3o identificada como \u201cambulancha\u201d, em meio \u00e0 noite em um rio amaz\u00f4nico com a silhueta da floresta ao fundo, cujo interior est\u00e1 iluminado mostrando os profissionais de sa\u00fade que trajam equipamentos de prote\u00e7\u00e3o individual, como macac\u00e3o, luvas, m\u00e1scaras e face shield.<\/p>\n\n\n\n<p>A fotografia destacada foi publicada pela ag\u00eancia internacional de not\u00edcia France Press &#8211; AFP e pelo Liberal Amazon, em mat\u00e9ria jornal\u00edstica sobre como a pandemia impactou a popula\u00e7\u00e3o do Maraj\u00f3.<\/p>\n\n\n\n<p>No Brasil Photo Awards, Sarraf concorre na mesma categoria com Aldo Bernardis &#8211; PE, Andr\u00e9 Magarao &#8211; RJ, Cl\u00e1udia Regina Porta Martini &#8211; SP, Olivier Bo\u00ebls &#8211; franc\u00eas radicado em Bras\u00edlia &#8211; e Paulo Rapoport &#8211; SP.<\/p>\n\n\n\n<div class=\"wp-block-image\"><figure class=\"aligncenter size-full\"><img loading=\"lazy\" decoding=\"async\" width=\"900\" height=\"600\" src=\"https:\/\/dedemesquita.com.br\/wp-content\/uploads\/2022\/11\/reportagem_tarso-sarraf.jpg\" alt=\"\" class=\"wp-image-5321\" srcset=\"https:\/\/dedemesquita.com.br\/wp-content\/uploads\/2022\/11\/reportagem_tarso-sarraf.jpg 900w, https:\/\/dedemesquita.com.br\/wp-content\/uploads\/2022\/11\/reportagem_tarso-sarraf-768x512.jpg 768w\" sizes=\"(max-width: 900px) 100vw, 900px\" \/><figcaption>Foto de Tarso Sarraf finalista no  <strong>Brasil Photo Awards \u2013 BPA<\/strong> <\/figcaption><\/figure><\/div>\n\n\n\n<p><strong>Cas\u00f3rio &#8211;<\/strong> Mais um casalz\u00e3o disse sim. A jornalista Priscila Monteiro se uniu oficialmente ao fot\u00f3grafo F\u00e1bio Costa, no dia 27 de outubro. Quem foi testemunha ocular e oficial dessa uni\u00e3o foi o tamb\u00e9m fot\u00f3grafo Oswaldo Forte e Karina Costa. Ali\u00e1s, a Priscila, come\u00e7ou mais uma gradua\u00e7\u00e3o superior, desta vez, em Psicologia, curso que ela havia passado em 2004 e que retoma agora. Felicidades!!<\/p>\n\n\n\n<div class=\"wp-block-image\"><figure class=\"aligncenter size-full\"><img loading=\"lazy\" decoding=\"async\" width=\"900\" height=\"620\" src=\"https:\/\/dedemesquita.com.br\/wp-content\/uploads\/2022\/11\/pri2.jpg\" alt=\"\" class=\"wp-image-5322\" srcset=\"https:\/\/dedemesquita.com.br\/wp-content\/uploads\/2022\/11\/pri2.jpg 900w, https:\/\/dedemesquita.com.br\/wp-content\/uploads\/2022\/11\/pri2-768x529.jpg 768w\" sizes=\"(max-width: 900px) 100vw, 900px\" \/><figcaption>Priscila e F\u00e1bio, mais um casalz\u00e3o de une <\/figcaption><\/figure><\/div>\n\n\n\n<div class=\"wp-block-image\"><figure class=\"aligncenter size-full\"><img loading=\"lazy\" decoding=\"async\" width=\"900\" height=\"600\" src=\"https:\/\/dedemesquita.com.br\/wp-content\/uploads\/2022\/11\/casou.jpg\" alt=\"\" class=\"wp-image-5323\" srcset=\"https:\/\/dedemesquita.com.br\/wp-content\/uploads\/2022\/11\/casou.jpg 900w, https:\/\/dedemesquita.com.br\/wp-content\/uploads\/2022\/11\/casou-768x512.jpg 768w\" sizes=\"(max-width: 900px) 100vw, 900px\" \/><figcaption>F\u00e1bio, assina a\u00ed, rap\u00e1!<\/figcaption><\/figure><\/div>\n\n\n\n<div class=\"wp-block-image\"><figure class=\"aligncenter size-full\"><img loading=\"lazy\" decoding=\"async\" width=\"900\" height=\"600\" src=\"https:\/\/dedemesquita.com.br\/wp-content\/uploads\/2022\/11\/ose.jpg\" alt=\"\" class=\"wp-image-5324\" srcset=\"https:\/\/dedemesquita.com.br\/wp-content\/uploads\/2022\/11\/ose.jpg 900w, https:\/\/dedemesquita.com.br\/wp-content\/uploads\/2022\/11\/ose-768x512.jpg 768w\" sizes=\"(max-width: 900px) 100vw, 900px\" \/><figcaption>Oswaldo Forte e Karina Costa testemunharam a uni\u00e3o de Priscila e F\u00e1bio <\/figcaption><\/figure><\/div>\n\n\n\n<p><strong>Mudan\u00e7as nas reda\u00e7\u00f5es: <\/strong><\/p>\n\n\n\n<p><strong>Miranda &#8211;<\/strong> O jornalista <strong>George Miranda<\/strong>, que estava na <strong>Record TV Bel\u00e9m<\/strong>, desde quando era estagi\u00e1rio, deixou a emissora, na qual entrou rec\u00e9m-formado e sai com especializa\u00e7\u00e3o, pr\u00eamios e quase mestre.<\/p>\n\n\n\n<div class=\"wp-block-image\"><figure class=\"aligncenter size-full\"><img loading=\"lazy\" decoding=\"async\" width=\"628\" height=\"488\" src=\"https:\/\/dedemesquita.com.br\/wp-content\/uploads\/2022\/11\/GEORGE_MIRANDA.jpg\" alt=\"\" class=\"wp-image-5325\"\/><figcaption>George Miranda deixou a Record Bel\u00e9m <\/figcaption><\/figure><\/div>\n\n\n\n<p><strong>Mayara &#8211;<\/strong> A jornalista paraense <strong>Mayara Albuquerque<\/strong>, que mora e trabalha em S\u00e3o Paula, come\u00e7ou em um novo cargo de PR manager Brasil na <strong>BlaBlaCar<\/strong>, uma plataforma de caronas de longa dist\u00e2ncia, conecta motoristas e passageiros dispostos a viajar entre cidades.<\/p>\n\n\n\n<div class=\"wp-block-image\"><figure class=\"aligncenter size-full\"><img loading=\"lazy\" decoding=\"async\" width=\"700\" height=\"548\" src=\"https:\/\/dedemesquita.com.br\/wp-content\/uploads\/2022\/11\/mayara.jpg\" alt=\"\" class=\"wp-image-5326\"\/><figcaption>Mayara Albuquerque trabalhou na Secom-PA, em Bel\u00e9m <\/figcaption><\/figure><\/div>\n\n\n\n<p><strong>Coleguinhas no trampo:<\/strong><\/p>\n\n\n\n<p><strong>Oficina &#8211;<\/strong> <strong>\u00darsula Bahia<\/strong> ministrou uma oficina sobre t\u00e9cnica fotogr\u00e1fica na <strong>Usina da Paz do Bengu\u00ed,<\/strong> em Bel\u00e9m, no m\u00eas de outubro passado. Vinte e cinco participantes foram beneficiados pelo curso, voltado para iniciantes, com tem\u00e1tica definida sobre o C\u00edrio de Nazar\u00e9. A promo\u00e7\u00e3o foi da Secretaria de Comunica\u00e7\u00e3o do Estado do Par\u00e1 (Secom), por meio da Diretoria de Comunica\u00e7\u00e3o Popular e Comunit\u00e1ria.<\/p>\n\n\n\n<div class=\"wp-block-image\"><figure class=\"aligncenter size-full\"><img loading=\"lazy\" decoding=\"async\" width=\"800\" height=\"533\" src=\"https:\/\/dedemesquita.com.br\/wp-content\/uploads\/2022\/11\/URSULA.jpg\" alt=\"\" class=\"wp-image-5327\" srcset=\"https:\/\/dedemesquita.com.br\/wp-content\/uploads\/2022\/11\/URSULA.jpg 800w, https:\/\/dedemesquita.com.br\/wp-content\/uploads\/2022\/11\/URSULA-768x512.jpg 768w\" sizes=\"(max-width: 800px) 100vw, 800px\" \/><figcaption>A fot\u00f3grafa \u00darsula Bahia ministrou a oficina (foto de Alex Ribeiro)<\/figcaption><\/figure><\/div>\n\n\n\n<p><\/p>\n","protected":false},"excerpt":{"rendered":"<p>Atualiza\u00e7\u00f5es dos coleguinhas em plena quinta-feira? Temos!! E vamos que vamos. Tarso Sarraf &#8211; E o Tarso Sarraf, hein? Rap\u00e1, esse \u201ctio\u201d n\u00e3o se cansa de estar na lista de nominados a pr\u00eamios &#8211; e de premiados &#8211; e temos mais um. Sarraf, coordenador de audiovisual de O Liberal, \u00e9 um dos seis semifinalistas do [&hellip;]<\/p>\n","protected":false},"author":2,"featured_media":5329,"comment_status":"open","ping_status":"open","sticky":false,"template":"","format":"standard","meta":{"footnotes":""},"categories":[51,14,29],"tags":[119,120,144,138,150],"class_list":["post-5320","post","type-post","status-publish","format-standard","has-post-thumbnail","hentry","category-destaque","category-imprensa","category-jornalismo","tag-jornalismo","tag-jornalistas-paraenses-em-acao","tag-o-liberal","tag-record-belem","tag-secom-pa"],"yoast_head":"<!-- This site is optimized with the Yoast SEO plugin v19.10 - https:\/\/yoast.com\/wordpress\/plugins\/seo\/ -->\n<title>Tarso Sarraf indicado a mais um pr\u00eamio, um casamento e mais novidades dos coleguinhas - Ded\u00e9 Mesquita<\/title>\n<meta name=\"robots\" content=\"index, follow, max-snippet:-1, max-image-preview:large, max-video-preview:-1\" \/>\n<link rel=\"canonical\" href=\"https:\/\/dedemesquita.com.br\/?p=5320\" \/>\n<meta property=\"og:locale\" content=\"pt_BR\" \/>\n<meta property=\"og:type\" content=\"article\" \/>\n<meta property=\"og:title\" content=\"Tarso Sarraf indicado a mais um pr\u00eamio, um casamento e mais novidades dos coleguinhas - Ded\u00e9 Mesquita\" \/>\n<meta property=\"og:description\" content=\"Atualiza\u00e7\u00f5es dos coleguinhas em plena quinta-feira? Temos!! E vamos que vamos. Tarso Sarraf &#8211; E o Tarso Sarraf, hein? Rap\u00e1, esse \u201ctio\u201d n\u00e3o se cansa de estar na lista de nominados a pr\u00eamios &#8211; e de premiados &#8211; e temos mais um. Sarraf, coordenador de audiovisual de O Liberal, \u00e9 um dos seis semifinalistas do [&hellip;]\" \/>\n<meta property=\"og:url\" content=\"https:\/\/dedemesquita.com.br\/?p=5320\" \/>\n<meta property=\"og:site_name\" content=\"Ded\u00e9 Mesquita\" \/>\n<meta property=\"article:publisher\" content=\"https:\/\/www.facebook.com\/dede.mesquita\" \/>\n<meta property=\"article:published_time\" content=\"2022-11-03T12:29:25+00:00\" \/>\n<meta property=\"article:modified_time\" content=\"2022-11-03T12:29:28+00:00\" \/>\n<meta property=\"og:image\" content=\"https:\/\/dedemesquita.com.br\/wp-content\/uploads\/2022\/11\/tarso.jpeg\" \/>\n\t<meta property=\"og:image:width\" content=\"900\" \/>\n\t<meta property=\"og:image:height\" content=\"662\" \/>\n\t<meta property=\"og:image:type\" content=\"image\/jpeg\" \/>\n<meta name=\"author\" content=\"Ded\u00e9 Mesquita\" \/>\n<meta name=\"twitter:card\" content=\"summary_large_image\" \/>\n<meta name=\"twitter:creator\" content=\"@dedemesquita\" \/>\n<meta name=\"twitter:site\" content=\"@dedemesquita\" \/>\n<meta name=\"twitter:label1\" content=\"Escrito por\" \/>\n\t<meta name=\"twitter:data1\" content=\"Ded\u00e9 Mesquita\" \/>\n\t<meta name=\"twitter:label2\" content=\"Est. tempo de leitura\" \/>\n\t<meta name=\"twitter:data2\" content=\"5 minutos\" \/>\n<script type=\"application\/ld+json\" class=\"yoast-schema-graph\">{\"@context\":\"https:\/\/schema.org\",\"@graph\":[{\"@type\":\"WebPage\",\"@id\":\"https:\/\/dedemesquita.com.br\/?p=5320\",\"url\":\"https:\/\/dedemesquita.com.br\/?p=5320\",\"name\":\"Tarso Sarraf indicado a mais um pr\u00eamio, um casamento e mais novidades dos coleguinhas - Ded\u00e9 Mesquita\",\"isPartOf\":{\"@id\":\"https:\/\/dedemesquita.com.br\/#website\"},\"datePublished\":\"2022-11-03T12:29:25+00:00\",\"dateModified\":\"2022-11-03T12:29:28+00:00\",\"author\":{\"@id\":\"https:\/\/dedemesquita.com.br\/#\/schema\/person\/36571f81dd2d76dc3ab37231542c9e24\"},\"breadcrumb\":{\"@id\":\"https:\/\/dedemesquita.com.br\/?p=5320#breadcrumb\"},\"inLanguage\":\"pt-BR\",\"potentialAction\":[{\"@type\":\"ReadAction\",\"target\":[\"https:\/\/dedemesquita.com.br\/?p=5320\"]}]},{\"@type\":\"BreadcrumbList\",\"@id\":\"https:\/\/dedemesquita.com.br\/?p=5320#breadcrumb\",\"itemListElement\":[{\"@type\":\"ListItem\",\"position\":1,\"name\":\"In\u00edcio\",\"item\":\"https:\/\/dedemesquita.com.br\/\"},{\"@type\":\"ListItem\",\"position\":2,\"name\":\"Tarso Sarraf indicado a mais um pr\u00eamio, um casamento e mais novidades dos coleguinhas\"}]},{\"@type\":\"WebSite\",\"@id\":\"https:\/\/dedemesquita.com.br\/#website\",\"url\":\"https:\/\/dedemesquita.com.br\/\",\"name\":\"Ded\u00e9 Mesquita\",\"description\":\"Um site que mostra os bastidores da imprensa no estado do Par\u00e1 e em Bel\u00e9m\",\"potentialAction\":[{\"@type\":\"SearchAction\",\"target\":{\"@type\":\"EntryPoint\",\"urlTemplate\":\"https:\/\/dedemesquita.com.br\/?s={search_term_string}\"},\"query-input\":\"required name=search_term_string\"}],\"inLanguage\":\"pt-BR\"},{\"@type\":\"Person\",\"@id\":\"https:\/\/dedemesquita.com.br\/#\/schema\/person\/36571f81dd2d76dc3ab37231542c9e24\",\"name\":\"Ded\u00e9 Mesquita\",\"image\":{\"@type\":\"ImageObject\",\"inLanguage\":\"pt-BR\",\"@id\":\"https:\/\/dedemesquita.com.br\/#\/schema\/person\/image\/\",\"url\":\"https:\/\/dedemesquita.com.br\/wp-content\/uploads\/2021\/02\/foto_perfil-150x150.jpg\",\"contentUrl\":\"https:\/\/dedemesquita.com.br\/wp-content\/uploads\/2021\/02\/foto_perfil-150x150.jpg\",\"caption\":\"Ded\u00e9 Mesquita\"},\"sameAs\":[\"https:\/\/dedemesquita.com.br\"]}]}<\/script>\n<!-- \/ Yoast SEO plugin. -->","yoast_head_json":{"title":"Tarso Sarraf indicado a mais um pr\u00eamio, um casamento e mais novidades dos coleguinhas - Ded\u00e9 Mesquita","robots":{"index":"index","follow":"follow","max-snippet":"max-snippet:-1","max-image-preview":"max-image-preview:large","max-video-preview":"max-video-preview:-1"},"canonical":"https:\/\/dedemesquita.com.br\/?p=5320","og_locale":"pt_BR","og_type":"article","og_title":"Tarso Sarraf indicado a mais um pr\u00eamio, um casamento e mais novidades dos coleguinhas - Ded\u00e9 Mesquita","og_description":"Atualiza\u00e7\u00f5es dos coleguinhas em plena quinta-feira? Temos!! E vamos que vamos. Tarso Sarraf &#8211; E o Tarso Sarraf, hein? Rap\u00e1, esse \u201ctio\u201d n\u00e3o se cansa de estar na lista de nominados a pr\u00eamios &#8211; e de premiados &#8211; e temos mais um. Sarraf, coordenador de audiovisual de O Liberal, \u00e9 um dos seis semifinalistas do [&hellip;]","og_url":"https:\/\/dedemesquita.com.br\/?p=5320","og_site_name":"Ded\u00e9 Mesquita","article_publisher":"https:\/\/www.facebook.com\/dede.mesquita","article_published_time":"2022-11-03T12:29:25+00:00","article_modified_time":"2022-11-03T12:29:28+00:00","og_image":[{"width":900,"height":662,"url":"https:\/\/dedemesquita.com.br\/wp-content\/uploads\/2022\/11\/tarso.jpeg","type":"image\/jpeg"}],"author":"Ded\u00e9 Mesquita","twitter_card":"summary_large_image","twitter_creator":"@dedemesquita","twitter_site":"@dedemesquita","twitter_misc":{"Escrito por":"Ded\u00e9 Mesquita","Est. tempo de leitura":"5 minutos"},"schema":{"@context":"https:\/\/schema.org","@graph":[{"@type":"WebPage","@id":"https:\/\/dedemesquita.com.br\/?p=5320","url":"https:\/\/dedemesquita.com.br\/?p=5320","name":"Tarso Sarraf indicado a mais um pr\u00eamio, um casamento e mais novidades dos coleguinhas - Ded\u00e9 Mesquita","isPartOf":{"@id":"https:\/\/dedemesquita.com.br\/#website"},"datePublished":"2022-11-03T12:29:25+00:00","dateModified":"2022-11-03T12:29:28+00:00","author":{"@id":"https:\/\/dedemesquita.com.br\/#\/schema\/person\/36571f81dd2d76dc3ab37231542c9e24"},"breadcrumb":{"@id":"https:\/\/dedemesquita.com.br\/?p=5320#breadcrumb"},"inLanguage":"pt-BR","potentialAction":[{"@type":"ReadAction","target":["https:\/\/dedemesquita.com.br\/?p=5320"]}]},{"@type":"BreadcrumbList","@id":"https:\/\/dedemesquita.com.br\/?p=5320#breadcrumb","itemListElement":[{"@type":"ListItem","position":1,"name":"In\u00edcio","item":"https:\/\/dedemesquita.com.br\/"},{"@type":"ListItem","position":2,"name":"Tarso Sarraf indicado a mais um pr\u00eamio, um casamento e mais novidades dos coleguinhas"}]},{"@type":"WebSite","@id":"https:\/\/dedemesquita.com.br\/#website","url":"https:\/\/dedemesquita.com.br\/","name":"Ded\u00e9 Mesquita","description":"Um site que mostra os bastidores da imprensa no estado do Par\u00e1 e em Bel\u00e9m","potentialAction":[{"@type":"SearchAction","target":{"@type":"EntryPoint","urlTemplate":"https:\/\/dedemesquita.com.br\/?s={search_term_string}"},"query-input":"required name=search_term_string"}],"inLanguage":"pt-BR"},{"@type":"Person","@id":"https:\/\/dedemesquita.com.br\/#\/schema\/person\/36571f81dd2d76dc3ab37231542c9e24","name":"Ded\u00e9 Mesquita","image":{"@type":"ImageObject","inLanguage":"pt-BR","@id":"https:\/\/dedemesquita.com.br\/#\/schema\/person\/image\/","url":"https:\/\/dedemesquita.com.br\/wp-content\/uploads\/2021\/02\/foto_perfil-150x150.jpg","contentUrl":"https:\/\/dedemesquita.com.br\/wp-content\/uploads\/2021\/02\/foto_perfil-150x150.jpg","caption":"Ded\u00e9 Mesquita"},"sameAs":["https:\/\/dedemesquita.com.br"]}]}},"_links":{"self":[{"href":"https:\/\/dedemesquita.com.br\/index.php?rest_route=\/wp\/v2\/posts\/5320"}],"collection":[{"href":"https:\/\/dedemesquita.com.br\/index.php?rest_route=\/wp\/v2\/posts"}],"about":[{"href":"https:\/\/dedemesquita.com.br\/index.php?rest_route=\/wp\/v2\/types\/post"}],"author":[{"embeddable":true,"href":"https:\/\/dedemesquita.com.br\/index.php?rest_route=\/wp\/v2\/users\/2"}],"replies":[{"embeddable":true,"href":"https:\/\/dedemesquita.com.br\/index.php?rest_route=%2Fwp%2Fv2%2Fcomments&post=5320"}],"version-history":[{"count":2,"href":"https:\/\/dedemesquita.com.br\/index.php?rest_route=\/wp\/v2\/posts\/5320\/revisions"}],"predecessor-version":[{"id":5330,"href":"https:\/\/dedemesquita.com.br\/index.php?rest_route=\/wp\/v2\/posts\/5320\/revisions\/5330"}],"wp:featuredmedia":[{"embeddable":true,"href":"https:\/\/dedemesquita.com.br\/index.php?rest_route=\/wp\/v2\/media\/5329"}],"wp:attachment":[{"href":"https:\/\/dedemesquita.com.br\/index.php?rest_route=%2Fwp%2Fv2%2Fmedia&parent=5320"}],"wp:term":[{"taxonomy":"category","embeddable":true,"href":"https:\/\/dedemesquita.com.br\/index.php?rest_route=%2Fwp%2Fv2%2Fcategories&post=5320"},{"taxonomy":"post_tag","embeddable":true,"href":"https:\/\/dedemesquita.com.br\/index.php?rest_route=%2Fwp%2Fv2%2Ftags&post=5320"}],"curies":[{"name":"wp","href":"https:\/\/api.w.org\/{rel}","templated":true}]}}