{"id":5228,"date":"2022-10-25T14:46:56","date_gmt":"2022-10-25T17:46:56","guid":{"rendered":"https:\/\/dedemesquita.com.br\/?p=5228"},"modified":"2022-10-26T13:39:04","modified_gmt":"2022-10-26T16:39:04","slug":"mais-um-premio-em-nivel-nacional-para-o-liberal-e-mais-novidades-da-imprensa-de-belem","status":"publish","type":"post","link":"https:\/\/dedemesquita.com.br\/?p=5228","title":{"rendered":"Mais um pr\u00eamio em n\u00edvel nacional para O Liberal e mais novidades da imprensa de Bel\u00e9m"},"content":{"rendered":"\n<p>Mudan\u00e7as nas reda\u00e7\u00f5es, pr\u00eamios para os coleguinhas, imprensa trabalhando em eventos, enfim, chegou a ter\u00e7a-feira e com ela as atualiza\u00e7\u00f5es sobre o que est\u00e1 rolando no meio da imprensa de Bel\u00e9m.<\/p>\n\n\n\n<p><strong>Pr\u00eamio nacional &#8211;<\/strong> O desafio de registrar como a covid-19 atingiu a popula\u00e7\u00e3o do Arquip\u00e9lago do Maraj\u00f3 e mostrar como a vida \u00e9 retomada, agora, em 2022, foi aceito pelos jornalistas <strong>Tarso Sarraf<\/strong> e <strong>D\u00edlson Pimentel<\/strong>. Em maio, eles percorreram cidades da regi\u00e3o e contaram hist\u00f3rias com personagens que enfrentaram a covid-19 e sobreviveram a ela. E na noite de ter\u00e7a-feira, dia 18, a dupla de O Liberal e portal OLiberal.com, conquistou o pr\u00eamio da Associa\u00e7\u00e3o M\u00e9dica do Rio Grande do Sul (AMRIGS), na categoria Online, com a &#8220;S\u00e9rie do Maraj\u00f3&#8221;. O an\u00fancio dos vencedores da fase final foi na noite do dia 18, em evento no teatro AMRIGS.<\/p>\n\n\n\n<div class=\"wp-block-image\"><figure class=\"aligncenter size-full\"><img loading=\"lazy\" decoding=\"async\" width=\"699\" height=\"460\" src=\"https:\/\/dedemesquita.com.br\/wp-content\/uploads\/2022\/10\/tarso1.png\" alt=\"\" class=\"wp-image-5230\" srcset=\"https:\/\/dedemesquita.com.br\/wp-content\/uploads\/2022\/10\/tarso1.png 699w, https:\/\/dedemesquita.com.br\/wp-content\/uploads\/2022\/10\/tarso1-455x300.png 455w\" sizes=\"(max-width: 699px) 100vw, 699px\" \/><figcaption>Tarso Sarraf na miss\u00e3o no arquip\u00e9lago do Maraj\u00f3 <\/figcaption><\/figure><\/div>\n\n\n\n<p><strong>Ajuda &#8211; <\/strong>A jornalista e atleta de remo, canoa <strong>Larissa Noguchi<\/strong> e a equipe dela conseguiram ser classificadas para o Pan-americano no Chile. Para concluir essa conquista e buscar mais um bom resultado, elas precisam de apoio de todos que torcem e acreditam na for\u00e7a da equipe. Fizeram uma rifa com pr\u00eamios super legais. Com R$ 30,00, voc\u00ea vai ter a chance de ganhar qualquer um dos pr\u00eamios, al\u00e9m de ajud\u00e1-las com a ida para o Chile. Sorteio no dia 20 de novembro no Instagram da equipe. Pix: 21 97628-1423, celular da Mariana da Silva Mateus. Link: <a href=\"https:\/\/www.instagram.com\/equipekahubarravaa\/\"><strong>https:\/\/www.instagram.com\/equipekahubarravaa\/<\/strong><\/a> <\/p>\n\n\n\n<div class=\"wp-block-image\"><figure class=\"aligncenter size-full\"><img loading=\"lazy\" decoding=\"async\" width=\"400\" height=\"400\" src=\"https:\/\/dedemesquita.com.br\/wp-content\/uploads\/2022\/10\/larissa_noguchi.jpg\" alt=\"\" class=\"wp-image-5249\" srcset=\"https:\/\/dedemesquita.com.br\/wp-content\/uploads\/2022\/10\/larissa_noguchi.jpg 400w, https:\/\/dedemesquita.com.br\/wp-content\/uploads\/2022\/10\/larissa_noguchi-150x150.jpg 150w\" sizes=\"(max-width: 400px) 100vw, 400px\" \/><figcaption>Larissa Noguchi <\/figcaption><\/figure><\/div>\n\n\n\n<p><strong>Rosa &#8211; <\/strong>A jornalista <strong>Rosa Cardoso<\/strong>, com larga experi\u00eancia em assessorias de imprensa e em televis\u00e3o, \u00e9 a nova integrante da comunica\u00e7\u00e3o da Adepar\u00e1, que \u00e9 coordenada pela Manuela Viana.<\/p>\n\n\n\n<div class=\"wp-block-image\"><figure class=\"aligncenter size-full\"><img loading=\"lazy\" decoding=\"async\" width=\"800\" height=\"665\" src=\"https:\/\/dedemesquita.com.br\/wp-content\/uploads\/2022\/10\/rosa_cardoso.jpg\" alt=\"\" class=\"wp-image-5243\" srcset=\"https:\/\/dedemesquita.com.br\/wp-content\/uploads\/2022\/10\/rosa_cardoso.jpg 800w, https:\/\/dedemesquita.com.br\/wp-content\/uploads\/2022\/10\/rosa_cardoso-768x638.jpg 768w\" sizes=\"(max-width: 800px) 100vw, 800px\" \/><figcaption>Rosa Cardoso na Adepar\u00e1 <\/figcaption><\/figure><\/div>\n\n\n\n<p><strong>Secom &#8211;<\/strong> <strong>Thais Rezende<\/strong> deixou a equipe da Secom-PA e passou \u00e0 comunica\u00e7\u00e3o do N\u00facleo de Gerenciamento do Transporte Metropolitano &#8211; NGTM, que \u00e9 respons\u00e1vel pela constru\u00e7\u00e3o do BRT Metropolitano. Teve festa de despedida para ela. Por falar em Secom quem est\u00e1 de volta a ela \u00e9 o <strong>Brunno Magno<\/strong>.<\/p>\n\n\n\n<div class=\"wp-block-image\"><figure class=\"aligncenter size-full\"><img loading=\"lazy\" decoding=\"async\" width=\"715\" height=\"496\" src=\"https:\/\/dedemesquita.com.br\/wp-content\/uploads\/2022\/10\/WhatsApp-Image-2022-10-25-at-14.09.07.jpeg\" alt=\"\" class=\"wp-image-5231\"\/><figcaption>Thais Rezende e Brunno Magno, na despedida dela<\/figcaption><\/figure><\/div>\n\n\n\n<div class=\"wp-block-image\"><figure class=\"aligncenter size-full\"><img loading=\"lazy\" decoding=\"async\" width=\"711\" height=\"691\" src=\"https:\/\/dedemesquita.com.br\/wp-content\/uploads\/2022\/10\/WhatsApp-Image-2022-10-25-at-14.09.07-1.jpeg\" alt=\"\" class=\"wp-image-5232\"\/><figcaption>Despedida de Thais Rezende da Secom-PA<\/figcaption><\/figure><\/div>\n\n\n\n<p><strong>Nagano &#8211;<\/strong> O fot\u00f3grafo e videomaker <strong>M\u00e1rcio Nagano<\/strong> deixou a Reda\u00e7\u00e3o Integrada O Liberal.<\/p>\n\n\n\n<div class=\"wp-block-image\"><figure class=\"aligncenter size-full\"><img loading=\"lazy\" decoding=\"async\" width=\"745\" height=\"501\" src=\"https:\/\/dedemesquita.com.br\/wp-content\/uploads\/2022\/10\/marcio_nagano.jpg\" alt=\"\" class=\"wp-image-5245\"\/><figcaption>M\u00e1rcio Nagano <\/figcaption><\/figure><\/div>\n\n\n\n<p><strong>Bruna &#8211;<\/strong> <strong>Bruna Machado<\/strong>, que deixou a ag\u00eancia Temple Comunica\u00e7\u00e3o, est\u00e1 desde julho deste ano na ag\u00eancia <strong>Fato Relevante<\/strong> como analista de comunica\u00e7\u00e3o s\u00eanior.<\/p>\n\n\n\n<div class=\"wp-block-image\"><figure class=\"aligncenter size-full\"><img loading=\"lazy\" decoding=\"async\" width=\"700\" height=\"601\" src=\"https:\/\/dedemesquita.com.br\/wp-content\/uploads\/2022\/10\/bruna_machado.jpg\" alt=\"\" class=\"wp-image-5241\"\/><figcaption>Bruna Machado em novo cargo<\/figcaption><\/figure><\/div>\n\n\n\n<p><strong>Ingrid &#8211;<\/strong> Ap\u00f3s sete anos que jornalista e publicit\u00e1ria <strong>Ingrid P\u00edpolos<\/strong>, nascida em Bel\u00e9m, se mudou para Florian\u00f3polis &#8211; SC, ela foi reconhecida como uma profissional que engaja no palco e eventos. A convite do Sebrae Santa Catarina, a paraense foi convidada para ser a \u00fanica apresentadora de um dos maiores eventos de Inova\u00e7\u00e3o, Empreendedorismo e Tecnologia, na cidade de Tubar\u00e3o &#8211; SC. Foram dois dias de evento com aproximadamente 2 mil pessoas que passaram pelo Innovation Summit 2022. Nomes como Marcos Piangers, Geraldo Rufino e Luiz Candreva passaram pelo palco e se surpreenderam com a performance e carisma caloroso da nossa conterr\u00e2nea.<\/p>\n\n\n\n<div class=\"wp-block-image\"><figure class=\"aligncenter size-full\"><img loading=\"lazy\" decoding=\"async\" width=\"900\" height=\"613\" src=\"https:\/\/dedemesquita.com.br\/wp-content\/uploads\/2022\/10\/INGRID.jpg\" alt=\"\" class=\"wp-image-5233\" srcset=\"https:\/\/dedemesquita.com.br\/wp-content\/uploads\/2022\/10\/INGRID.jpg 900w, https:\/\/dedemesquita.com.br\/wp-content\/uploads\/2022\/10\/INGRID-768x523.jpg 768w\" sizes=\"(max-width: 900px) 100vw, 900px\" \/><figcaption>Ingrid P\u00edpolos brilhando no evento  Innovation Summit 2022 em  Tubar\u00e3o &#8211; SC <\/figcaption><\/figure><\/div>\n\n\n\n<p><strong>FIPA &#8211; <\/strong>A XV Feira da Ind\u00fastria do Par\u00e1 &#8211; FIPA, uma promo\u00e7\u00e3o da Federa\u00e7\u00e3o das Ind\u00fastrias do Par\u00e1 (Fiepa), foi realizada no Hangar Centro de Conven\u00e7\u00f5es e Feiras da Amaz\u00f4nia, em Bel\u00e9m, no per\u00edodo de 19 a 22 de outubro, e teve muito coleguinha trabalhando por l\u00e1 e mostrando servi\u00e7os e a\u00e7\u00f5es.<\/p>\n\n\n\n<div class=\"wp-block-image\"><figure class=\"aligncenter size-full\"><img loading=\"lazy\" decoding=\"async\" width=\"615\" height=\"422\" src=\"https:\/\/dedemesquita.com.br\/wp-content\/uploads\/2022\/10\/WhatsApp-Image-2022-10-19-at-22.42.44.jpeg\" alt=\"\" class=\"wp-image-5234\"\/><figcaption>Turma da Temple Comunica\u00e7\u00e3o e convidados <\/figcaption><\/figure><\/div>\n\n\n\n<div class=\"wp-block-image\"><figure class=\"aligncenter size-full\"><img loading=\"lazy\" decoding=\"async\" width=\"900\" height=\"531\" src=\"https:\/\/dedemesquita.com.br\/wp-content\/uploads\/2022\/10\/WhatsApp-Image-2022-10-24-at-11.05.52.jpeg\" alt=\"\" class=\"wp-image-5235\" srcset=\"https:\/\/dedemesquita.com.br\/wp-content\/uploads\/2022\/10\/WhatsApp-Image-2022-10-24-at-11.05.52.jpeg 900w, https:\/\/dedemesquita.com.br\/wp-content\/uploads\/2022\/10\/WhatsApp-Image-2022-10-24-at-11.05.52-768x453.jpeg 768w\" sizes=\"(max-width: 900px) 100vw, 900px\" \/><figcaption>Equipe de comunica\u00e7\u00e3o da Fiepa, Griffo e free lancers <\/figcaption><\/figure><\/div>\n\n\n\n<div class=\"wp-block-image\"><figure class=\"aligncenter size-full\"><img loading=\"lazy\" decoding=\"async\" width=\"800\" height=\"762\" src=\"https:\/\/dedemesquita.com.br\/wp-content\/uploads\/2022\/10\/WhatsApp-Image-2022-10-24-at-11.05.54.jpeg\" alt=\"\" class=\"wp-image-5236\" srcset=\"https:\/\/dedemesquita.com.br\/wp-content\/uploads\/2022\/10\/WhatsApp-Image-2022-10-24-at-11.05.54.jpeg 800w, https:\/\/dedemesquita.com.br\/wp-content\/uploads\/2022\/10\/WhatsApp-Image-2022-10-24-at-11.05.54-768x732.jpeg 768w\" sizes=\"(max-width: 800px) 100vw, 800px\" \/><figcaption>Lidiane Sousa, Eduardo Laviano e Adriana Pereira <\/figcaption><\/figure><\/div>\n\n\n\n<div class=\"wp-block-image\"><figure class=\"aligncenter size-full\"><img loading=\"lazy\" decoding=\"async\" width=\"800\" height=\"738\" src=\"https:\/\/dedemesquita.com.br\/wp-content\/uploads\/2022\/10\/WhatsApp-Image-2022-10-24-at-11.05.55.jpeg\" alt=\"\" class=\"wp-image-5237\" srcset=\"https:\/\/dedemesquita.com.br\/wp-content\/uploads\/2022\/10\/WhatsApp-Image-2022-10-24-at-11.05.55.jpeg 800w, https:\/\/dedemesquita.com.br\/wp-content\/uploads\/2022\/10\/WhatsApp-Image-2022-10-24-at-11.05.55-768x708.jpeg 768w\" sizes=\"(max-width: 800px) 100vw, 800px\" \/><figcaption>As Pereira, insepar\u00e1veis, Adriana e Karla <\/figcaption><\/figure><\/div>\n\n\n\n<div class=\"wp-block-image\"><figure class=\"aligncenter size-full\"><img loading=\"lazy\" decoding=\"async\" width=\"800\" height=\"753\" src=\"https:\/\/dedemesquita.com.br\/wp-content\/uploads\/2022\/10\/WhatsApp-Image-2022-10-24-at-11.05.55-1.jpeg\" alt=\"\" class=\"wp-image-5238\" srcset=\"https:\/\/dedemesquita.com.br\/wp-content\/uploads\/2022\/10\/WhatsApp-Image-2022-10-24-at-11.05.55-1.jpeg 800w, https:\/\/dedemesquita.com.br\/wp-content\/uploads\/2022\/10\/WhatsApp-Image-2022-10-24-at-11.05.55-1-768x723.jpeg 768w\" sizes=\"(max-width: 800px) 100vw, 800px\" \/><figcaption>Adriana Pereira e Elen Neris, esta, coordenadora de comunica\u00e7\u00e3o da Fiepa, que promove a FIPA<\/figcaption><\/figure><\/div>\n\n\n\n<div class=\"wp-block-image\"><figure class=\"aligncenter size-full\"><img loading=\"lazy\" decoding=\"async\" width=\"718\" height=\"887\" src=\"https:\/\/dedemesquita.com.br\/wp-content\/uploads\/2022\/10\/WhatsApp-Image-2022-10-25-at-14.19.43.jpeg\" alt=\"\" class=\"wp-image-5240\"\/><figcaption>Nil Muniz, da Norte Energia, de Altamira, e Matheus Freire, da Eko &#8211; Estrat\u00e9gias em Comunica\u00e7\u00e3o <\/figcaption><\/figure><\/div>\n","protected":false},"excerpt":{"rendered":"<p>Mudan\u00e7as nas reda\u00e7\u00f5es, pr\u00eamios para os coleguinhas, imprensa trabalhando em eventos, enfim, chegou a ter\u00e7a-feira e com ela as atualiza\u00e7\u00f5es sobre o que est\u00e1 rolando no meio da imprensa de Bel\u00e9m. Pr\u00eamio nacional &#8211; O desafio de registrar como a covid-19 atingiu a popula\u00e7\u00e3o do Arquip\u00e9lago do Maraj\u00f3 e mostrar como a vida \u00e9 retomada, [&hellip;]<\/p>\n","protected":false},"author":2,"featured_media":5247,"comment_status":"open","ping_status":"open","sticky":false,"template":"","format":"standard","meta":{"footnotes":""},"categories":[51,14,29],"tags":[161,119,120,144,150,162],"class_list":["post-5228","post","type-post","status-publish","format-standard","has-post-thumbnail","hentry","category-destaque","category-imprensa","category-jornalismo","tag-eko-estrategias-em-comunicacao","tag-jornalismo","tag-jornalistas-paraenses-em-acao","tag-o-liberal","tag-secom-pa","tag-temple-comunicacao"],"yoast_head":"<!-- This site is optimized with the Yoast SEO plugin v19.10 - https:\/\/yoast.com\/wordpress\/plugins\/seo\/ -->\n<title>Mais um pr\u00eamio em n\u00edvel nacional para O Liberal e mais novidades da imprensa de Bel\u00e9m - Ded\u00e9 Mesquita<\/title>\n<meta name=\"robots\" content=\"index, follow, max-snippet:-1, max-image-preview:large, max-video-preview:-1\" \/>\n<link rel=\"canonical\" href=\"https:\/\/dedemesquita.com.br\/?p=5228\" \/>\n<meta property=\"og:locale\" content=\"pt_BR\" \/>\n<meta property=\"og:type\" content=\"article\" \/>\n<meta property=\"og:title\" content=\"Mais um pr\u00eamio em n\u00edvel nacional para O Liberal e mais novidades da imprensa de Bel\u00e9m - Ded\u00e9 Mesquita\" \/>\n<meta property=\"og:description\" content=\"Mudan\u00e7as nas reda\u00e7\u00f5es, pr\u00eamios para os coleguinhas, imprensa trabalhando em eventos, enfim, chegou a ter\u00e7a-feira e com ela as atualiza\u00e7\u00f5es sobre o que est\u00e1 rolando no meio da imprensa de Bel\u00e9m. Pr\u00eamio nacional &#8211; O desafio de registrar como a covid-19 atingiu a popula\u00e7\u00e3o do Arquip\u00e9lago do Maraj\u00f3 e mostrar como a vida \u00e9 retomada, [&hellip;]\" \/>\n<meta property=\"og:url\" content=\"https:\/\/dedemesquita.com.br\/?p=5228\" \/>\n<meta property=\"og:site_name\" content=\"Ded\u00e9 Mesquita\" \/>\n<meta property=\"article:publisher\" content=\"https:\/\/www.facebook.com\/dede.mesquita\" \/>\n<meta property=\"article:published_time\" content=\"2022-10-25T17:46:56+00:00\" \/>\n<meta property=\"article:modified_time\" content=\"2022-10-26T16:39:04+00:00\" \/>\n<meta property=\"og:image\" content=\"https:\/\/dedemesquita.com.br\/wp-content\/uploads\/2022\/10\/DILSON_TARSO.png\" \/>\n\t<meta property=\"og:image:width\" content=\"701\" \/>\n\t<meta property=\"og:image:height\" content=\"449\" \/>\n\t<meta property=\"og:image:type\" content=\"image\/png\" \/>\n<meta name=\"author\" content=\"Ded\u00e9 Mesquita\" \/>\n<meta name=\"twitter:card\" content=\"summary_large_image\" \/>\n<meta name=\"twitter:creator\" content=\"@dedemesquita\" \/>\n<meta name=\"twitter:site\" content=\"@dedemesquita\" \/>\n<meta name=\"twitter:label1\" content=\"Escrito por\" \/>\n\t<meta name=\"twitter:data1\" content=\"Ded\u00e9 Mesquita\" \/>\n\t<meta name=\"twitter:label2\" content=\"Est. tempo de leitura\" \/>\n\t<meta name=\"twitter:data2\" content=\"7 minutos\" \/>\n<script type=\"application\/ld+json\" class=\"yoast-schema-graph\">{\"@context\":\"https:\/\/schema.org\",\"@graph\":[{\"@type\":\"WebPage\",\"@id\":\"https:\/\/dedemesquita.com.br\/?p=5228\",\"url\":\"https:\/\/dedemesquita.com.br\/?p=5228\",\"name\":\"Mais um pr\u00eamio em n\u00edvel nacional para O Liberal e mais novidades da imprensa de Bel\u00e9m - Ded\u00e9 Mesquita\",\"isPartOf\":{\"@id\":\"https:\/\/dedemesquita.com.br\/#website\"},\"datePublished\":\"2022-10-25T17:46:56+00:00\",\"dateModified\":\"2022-10-26T16:39:04+00:00\",\"author\":{\"@id\":\"https:\/\/dedemesquita.com.br\/#\/schema\/person\/36571f81dd2d76dc3ab37231542c9e24\"},\"breadcrumb\":{\"@id\":\"https:\/\/dedemesquita.com.br\/?p=5228#breadcrumb\"},\"inLanguage\":\"pt-BR\",\"potentialAction\":[{\"@type\":\"ReadAction\",\"target\":[\"https:\/\/dedemesquita.com.br\/?p=5228\"]}]},{\"@type\":\"BreadcrumbList\",\"@id\":\"https:\/\/dedemesquita.com.br\/?p=5228#breadcrumb\",\"itemListElement\":[{\"@type\":\"ListItem\",\"position\":1,\"name\":\"In\u00edcio\",\"item\":\"https:\/\/dedemesquita.com.br\/\"},{\"@type\":\"ListItem\",\"position\":2,\"name\":\"Mais um pr\u00eamio em n\u00edvel nacional para O Liberal e mais novidades da imprensa de Bel\u00e9m\"}]},{\"@type\":\"WebSite\",\"@id\":\"https:\/\/dedemesquita.com.br\/#website\",\"url\":\"https:\/\/dedemesquita.com.br\/\",\"name\":\"Ded\u00e9 Mesquita\",\"description\":\"Um site que mostra os bastidores da imprensa no estado do Par\u00e1 e em Bel\u00e9m\",\"potentialAction\":[{\"@type\":\"SearchAction\",\"target\":{\"@type\":\"EntryPoint\",\"urlTemplate\":\"https:\/\/dedemesquita.com.br\/?s={search_term_string}\"},\"query-input\":\"required name=search_term_string\"}],\"inLanguage\":\"pt-BR\"},{\"@type\":\"Person\",\"@id\":\"https:\/\/dedemesquita.com.br\/#\/schema\/person\/36571f81dd2d76dc3ab37231542c9e24\",\"name\":\"Ded\u00e9 Mesquita\",\"image\":{\"@type\":\"ImageObject\",\"inLanguage\":\"pt-BR\",\"@id\":\"https:\/\/dedemesquita.com.br\/#\/schema\/person\/image\/\",\"url\":\"https:\/\/dedemesquita.com.br\/wp-content\/uploads\/2021\/02\/foto_perfil-150x150.jpg\",\"contentUrl\":\"https:\/\/dedemesquita.com.br\/wp-content\/uploads\/2021\/02\/foto_perfil-150x150.jpg\",\"caption\":\"Ded\u00e9 Mesquita\"},\"sameAs\":[\"https:\/\/dedemesquita.com.br\"]}]}<\/script>\n<!-- \/ Yoast SEO plugin. -->","yoast_head_json":{"title":"Mais um pr\u00eamio em n\u00edvel nacional para O Liberal e mais novidades da imprensa de Bel\u00e9m - Ded\u00e9 Mesquita","robots":{"index":"index","follow":"follow","max-snippet":"max-snippet:-1","max-image-preview":"max-image-preview:large","max-video-preview":"max-video-preview:-1"},"canonical":"https:\/\/dedemesquita.com.br\/?p=5228","og_locale":"pt_BR","og_type":"article","og_title":"Mais um pr\u00eamio em n\u00edvel nacional para O Liberal e mais novidades da imprensa de Bel\u00e9m - Ded\u00e9 Mesquita","og_description":"Mudan\u00e7as nas reda\u00e7\u00f5es, pr\u00eamios para os coleguinhas, imprensa trabalhando em eventos, enfim, chegou a ter\u00e7a-feira e com ela as atualiza\u00e7\u00f5es sobre o que est\u00e1 rolando no meio da imprensa de Bel\u00e9m. Pr\u00eamio nacional &#8211; O desafio de registrar como a covid-19 atingiu a popula\u00e7\u00e3o do Arquip\u00e9lago do Maraj\u00f3 e mostrar como a vida \u00e9 retomada, [&hellip;]","og_url":"https:\/\/dedemesquita.com.br\/?p=5228","og_site_name":"Ded\u00e9 Mesquita","article_publisher":"https:\/\/www.facebook.com\/dede.mesquita","article_published_time":"2022-10-25T17:46:56+00:00","article_modified_time":"2022-10-26T16:39:04+00:00","og_image":[{"width":701,"height":449,"url":"https:\/\/dedemesquita.com.br\/wp-content\/uploads\/2022\/10\/DILSON_TARSO.png","type":"image\/png"}],"author":"Ded\u00e9 Mesquita","twitter_card":"summary_large_image","twitter_creator":"@dedemesquita","twitter_site":"@dedemesquita","twitter_misc":{"Escrito por":"Ded\u00e9 Mesquita","Est. tempo de leitura":"7 minutos"},"schema":{"@context":"https:\/\/schema.org","@graph":[{"@type":"WebPage","@id":"https:\/\/dedemesquita.com.br\/?p=5228","url":"https:\/\/dedemesquita.com.br\/?p=5228","name":"Mais um pr\u00eamio em n\u00edvel nacional para O Liberal e mais novidades da imprensa de Bel\u00e9m - Ded\u00e9 Mesquita","isPartOf":{"@id":"https:\/\/dedemesquita.com.br\/#website"},"datePublished":"2022-10-25T17:46:56+00:00","dateModified":"2022-10-26T16:39:04+00:00","author":{"@id":"https:\/\/dedemesquita.com.br\/#\/schema\/person\/36571f81dd2d76dc3ab37231542c9e24"},"breadcrumb":{"@id":"https:\/\/dedemesquita.com.br\/?p=5228#breadcrumb"},"inLanguage":"pt-BR","potentialAction":[{"@type":"ReadAction","target":["https:\/\/dedemesquita.com.br\/?p=5228"]}]},{"@type":"BreadcrumbList","@id":"https:\/\/dedemesquita.com.br\/?p=5228#breadcrumb","itemListElement":[{"@type":"ListItem","position":1,"name":"In\u00edcio","item":"https:\/\/dedemesquita.com.br\/"},{"@type":"ListItem","position":2,"name":"Mais um pr\u00eamio em n\u00edvel nacional para O Liberal e mais novidades da imprensa de Bel\u00e9m"}]},{"@type":"WebSite","@id":"https:\/\/dedemesquita.com.br\/#website","url":"https:\/\/dedemesquita.com.br\/","name":"Ded\u00e9 Mesquita","description":"Um site que mostra os bastidores da imprensa no estado do Par\u00e1 e em Bel\u00e9m","potentialAction":[{"@type":"SearchAction","target":{"@type":"EntryPoint","urlTemplate":"https:\/\/dedemesquita.com.br\/?s={search_term_string}"},"query-input":"required name=search_term_string"}],"inLanguage":"pt-BR"},{"@type":"Person","@id":"https:\/\/dedemesquita.com.br\/#\/schema\/person\/36571f81dd2d76dc3ab37231542c9e24","name":"Ded\u00e9 Mesquita","image":{"@type":"ImageObject","inLanguage":"pt-BR","@id":"https:\/\/dedemesquita.com.br\/#\/schema\/person\/image\/","url":"https:\/\/dedemesquita.com.br\/wp-content\/uploads\/2021\/02\/foto_perfil-150x150.jpg","contentUrl":"https:\/\/dedemesquita.com.br\/wp-content\/uploads\/2021\/02\/foto_perfil-150x150.jpg","caption":"Ded\u00e9 Mesquita"},"sameAs":["https:\/\/dedemesquita.com.br"]}]}},"_links":{"self":[{"href":"https:\/\/dedemesquita.com.br\/index.php?rest_route=\/wp\/v2\/posts\/5228"}],"collection":[{"href":"https:\/\/dedemesquita.com.br\/index.php?rest_route=\/wp\/v2\/posts"}],"about":[{"href":"https:\/\/dedemesquita.com.br\/index.php?rest_route=\/wp\/v2\/types\/post"}],"author":[{"embeddable":true,"href":"https:\/\/dedemesquita.com.br\/index.php?rest_route=\/wp\/v2\/users\/2"}],"replies":[{"embeddable":true,"href":"https:\/\/dedemesquita.com.br\/index.php?rest_route=%2Fwp%2Fv2%2Fcomments&post=5228"}],"version-history":[{"count":9,"href":"https:\/\/dedemesquita.com.br\/index.php?rest_route=\/wp\/v2\/posts\/5228\/revisions"}],"predecessor-version":[{"id":5252,"href":"https:\/\/dedemesquita.com.br\/index.php?rest_route=\/wp\/v2\/posts\/5228\/revisions\/5252"}],"wp:featuredmedia":[{"embeddable":true,"href":"https:\/\/dedemesquita.com.br\/index.php?rest_route=\/wp\/v2\/media\/5247"}],"wp:attachment":[{"href":"https:\/\/dedemesquita.com.br\/index.php?rest_route=%2Fwp%2Fv2%2Fmedia&parent=5228"}],"wp:term":[{"taxonomy":"category","embeddable":true,"href":"https:\/\/dedemesquita.com.br\/index.php?rest_route=%2Fwp%2Fv2%2Fcategories&post=5228"},{"taxonomy":"post_tag","embeddable":true,"href":"https:\/\/dedemesquita.com.br\/index.php?rest_route=%2Fwp%2Fv2%2Ftags&post=5228"}],"curies":[{"name":"wp","href":"https:\/\/api.w.org\/{rel}","templated":true}]}}