{"id":5147,"date":"2022-10-18T11:30:50","date_gmt":"2022-10-18T14:30:50","guid":{"rendered":"https:\/\/dedemesquita.com.br\/?p=5147"},"modified":"2022-10-18T12:07:50","modified_gmt":"2022-10-18T15:07:50","slug":"imprensa-no-cirio-2022-grande-procissao-do-cirio-de-nazare","status":"publish","type":"post","link":"https:\/\/dedemesquita.com.br\/?p=5147","title":{"rendered":"Imprensa no C\u00edrio 2022: grande prociss\u00e3o do C\u00edrio de Nazar\u00e9"},"content":{"rendered":"\n<p>Gente, eu sei que esta postagem est\u00e1 bem atrasada, mas me deem um desconto porque teve viagem pelo meio e um &#8220;estaleiro&#8221; por conta de uma picada de inseto. <\/p>\n\n\n\n<p>Ent\u00e3o, segue a postagem sobre a imprensa, os coleguinhas trabalhando na grande prociss\u00e3o do C\u00edrio de Nossa Senhora de Nazar\u00e9, que foi realizada presencialmente, depois de dois anos sem a romaria a que est\u00e1vamos acostumados, no domingo, dia 9 de outubro. <\/p>\n\n\n\n<p>De antem\u00e3o, agrade\u00e7o muit\u00edssimo a todos que mandaram fotos para a postagem e informo que o site continua aberto ao envio de fotos que continuo recebendo para publicar. A voc\u00eas o meu mais sincero agradecimento. <\/p>\n\n\n\n<div class=\"wp-block-image\"><figure class=\"aligncenter size-full\"><img loading=\"lazy\" decoding=\"async\" width=\"717\" height=\"498\" src=\"https:\/\/dedemesquita.com.br\/wp-content\/uploads\/2022\/10\/WhatsApp-Image-2022-10-10-at-06.08.42.jpeg\" alt=\"\" class=\"wp-image-5207\"\/><figcaption>Andrey Ara\u00fajo, do SBT Par\u00e1<\/figcaption><\/figure><\/div>\n\n\n\n<div class=\"wp-block-image\"><figure class=\"aligncenter size-full\"><img loading=\"lazy\" decoding=\"async\" width=\"599\" height=\"900\" src=\"https:\/\/dedemesquita.com.br\/wp-content\/uploads\/2022\/10\/WhatsApp-Image-2022-10-10-at-18.21.39-1.jpeg\" alt=\"\" class=\"wp-image-5148\"\/><figcaption>Wagner Santana concentrado (foto de Oswaldo Forte) <\/figcaption><\/figure><\/div>\n\n\n\n<div class=\"wp-block-image\"><figure class=\"aligncenter size-full\"><img loading=\"lazy\" decoding=\"async\" width=\"681\" height=\"900\" src=\"https:\/\/dedemesquita.com.br\/wp-content\/uploads\/2022\/10\/WhatsApp-Image-2022-10-10-at-18.21.43-2.jpeg\" alt=\"\" class=\"wp-image-5149\"\/><figcaption>Corre, Marx, corre!  (foto de Oswaldo Forte) <\/figcaption><\/figure><\/div>\n\n\n\n<div class=\"wp-block-image\"><figure class=\"aligncenter size-full\"><img loading=\"lazy\" decoding=\"async\" width=\"900\" height=\"599\" src=\"https:\/\/dedemesquita.com.br\/wp-content\/uploads\/2022\/10\/WhatsApp-Image-2022-10-10-at-18.21.39.jpeg\" alt=\"\" class=\"wp-image-5150\" srcset=\"https:\/\/dedemesquita.com.br\/wp-content\/uploads\/2022\/10\/WhatsApp-Image-2022-10-10-at-18.21.39.jpeg 900w, https:\/\/dedemesquita.com.br\/wp-content\/uploads\/2022\/10\/WhatsApp-Image-2022-10-10-at-18.21.39-768x511.jpeg 768w, https:\/\/dedemesquita.com.br\/wp-content\/uploads\/2022\/10\/WhatsApp-Image-2022-10-10-at-18.21.39-600x398.jpeg 600w\" sizes=\"(max-width: 900px) 100vw, 900px\" \/><figcaption>Quero ver Irene rir. Quero ver Irene [Almeida] dar sua risada (foto de Oswaldo Forte) <\/figcaption><\/figure><\/div>\n\n\n\n<div class=\"wp-block-image\"><figure class=\"aligncenter size-full\"><img loading=\"lazy\" decoding=\"async\" width=\"900\" height=\"606\" src=\"https:\/\/dedemesquita.com.br\/wp-content\/uploads\/2022\/10\/WhatsApp-Image-2022-10-10-at-18.21.40.jpeg\" alt=\"\" class=\"wp-image-5151\" srcset=\"https:\/\/dedemesquita.com.br\/wp-content\/uploads\/2022\/10\/WhatsApp-Image-2022-10-10-at-18.21.40.jpeg 900w, https:\/\/dedemesquita.com.br\/wp-content\/uploads\/2022\/10\/WhatsApp-Image-2022-10-10-at-18.21.40-768x517.jpeg 768w\" sizes=\"(max-width: 900px) 100vw, 900px\" \/><figcaption>Jo\u00e3o Gomes, o decano da Comus\/Ag\u00eancia Bel\u00e9m (foto de Oswaldo Forte) <\/figcaption><\/figure><\/div>\n\n\n\n<div class=\"wp-block-image\"><figure class=\"aligncenter size-full\"><img loading=\"lazy\" decoding=\"async\" width=\"900\" height=\"575\" src=\"https:\/\/dedemesquita.com.br\/wp-content\/uploads\/2022\/10\/WhatsApp-Image-2022-10-10-at-18.21.40-1.jpeg\" alt=\"\" class=\"wp-image-5152\" srcset=\"https:\/\/dedemesquita.com.br\/wp-content\/uploads\/2022\/10\/WhatsApp-Image-2022-10-10-at-18.21.40-1.jpeg 900w, https:\/\/dedemesquita.com.br\/wp-content\/uploads\/2022\/10\/WhatsApp-Image-2022-10-10-at-18.21.40-1-768x491.jpeg 768w\" sizes=\"(max-width: 900px) 100vw, 900px\" \/><figcaption>Ele, o Homem, a Lenda, o Mito, Cezar Magalh\u00e3es (foto de Oswaldo Forte) <\/figcaption><\/figure><\/div>\n\n\n\n<div class=\"wp-block-image\"><figure class=\"aligncenter size-full\"><img loading=\"lazy\" decoding=\"async\" width=\"900\" height=\"599\" src=\"https:\/\/dedemesquita.com.br\/wp-content\/uploads\/2022\/10\/WhatsApp-Image-2022-10-10-at-18.21.41.jpeg\" alt=\"\" class=\"wp-image-5153\" srcset=\"https:\/\/dedemesquita.com.br\/wp-content\/uploads\/2022\/10\/WhatsApp-Image-2022-10-10-at-18.21.41.jpeg 900w, https:\/\/dedemesquita.com.br\/wp-content\/uploads\/2022\/10\/WhatsApp-Image-2022-10-10-at-18.21.41-768x511.jpeg 768w, https:\/\/dedemesquita.com.br\/wp-content\/uploads\/2022\/10\/WhatsApp-Image-2022-10-10-at-18.21.41-600x398.jpeg 600w\" sizes=\"(max-width: 900px) 100vw, 900px\" \/><figcaption>Equipe da TV Liberal, com F\u00e1bia Sep\u00eada (foto de Oswaldo Forte) <\/figcaption><\/figure><\/div>\n\n\n\n<div class=\"wp-block-image\"><figure class=\"aligncenter size-full\"><img loading=\"lazy\" decoding=\"async\" width=\"900\" height=\"590\" src=\"https:\/\/dedemesquita.com.br\/wp-content\/uploads\/2022\/10\/WhatsApp-Image-2022-10-10-at-18.21.42.jpeg\" alt=\"\" class=\"wp-image-5154\" srcset=\"https:\/\/dedemesquita.com.br\/wp-content\/uploads\/2022\/10\/WhatsApp-Image-2022-10-10-at-18.21.42.jpeg 900w, https:\/\/dedemesquita.com.br\/wp-content\/uploads\/2022\/10\/WhatsApp-Image-2022-10-10-at-18.21.42-768x503.jpeg 768w\" sizes=\"(max-width: 900px) 100vw, 900px\" \/><figcaption>Pratic\u00e1vel da RBA TV, com J\u00falio Souza (foto de Oswaldo Forte) <\/figcaption><\/figure><\/div>\n\n\n\n<div class=\"wp-block-image\"><figure class=\"aligncenter size-full\"><img loading=\"lazy\" decoding=\"async\" width=\"900\" height=\"599\" src=\"https:\/\/dedemesquita.com.br\/wp-content\/uploads\/2022\/10\/WhatsApp-Image-2022-10-10-at-18.21.42-2.jpeg\" alt=\"\" class=\"wp-image-5155\" srcset=\"https:\/\/dedemesquita.com.br\/wp-content\/uploads\/2022\/10\/WhatsApp-Image-2022-10-10-at-18.21.42-2.jpeg 900w, https:\/\/dedemesquita.com.br\/wp-content\/uploads\/2022\/10\/WhatsApp-Image-2022-10-10-at-18.21.42-2-768x511.jpeg 768w, https:\/\/dedemesquita.com.br\/wp-content\/uploads\/2022\/10\/WhatsApp-Image-2022-10-10-at-18.21.42-2-600x398.jpeg 600w\" sizes=\"(max-width: 900px) 100vw, 900px\" \/><figcaption>Povo da CDP (foto de Oswaldo Forte) <\/figcaption><\/figure><\/div>\n\n\n\n<div class=\"wp-block-image\"><figure class=\"aligncenter size-full\"><img loading=\"lazy\" decoding=\"async\" width=\"796\" height=\"915\" src=\"https:\/\/dedemesquita.com.br\/wp-content\/uploads\/2022\/10\/WhatsApp-Image-2022-10-10-at-18.21.42-3.jpeg\" alt=\"\" class=\"wp-image-5156\" srcset=\"https:\/\/dedemesquita.com.br\/wp-content\/uploads\/2022\/10\/WhatsApp-Image-2022-10-10-at-18.21.42-3.jpeg 796w, https:\/\/dedemesquita.com.br\/wp-content\/uploads\/2022\/10\/WhatsApp-Image-2022-10-10-at-18.21.42-3-768x883.jpeg 768w\" sizes=\"(max-width: 796px) 100vw, 796px\" \/><figcaption>O C\u00edrio \u00e9 t\u00e3o bacana porque a gente rev\u00ea pessoas como o Carlos Borges (foto de Oswaldo Forte) <\/figcaption><\/figure><\/div>\n\n\n\n<div class=\"wp-block-image\"><figure class=\"aligncenter size-full\"><img loading=\"lazy\" decoding=\"async\" width=\"900\" height=\"599\" src=\"https:\/\/dedemesquita.com.br\/wp-content\/uploads\/2022\/10\/WhatsApp-Image-2022-10-10-at-18.21.42-4.jpeg\" alt=\"\" class=\"wp-image-5157\" srcset=\"https:\/\/dedemesquita.com.br\/wp-content\/uploads\/2022\/10\/WhatsApp-Image-2022-10-10-at-18.21.42-4.jpeg 900w, https:\/\/dedemesquita.com.br\/wp-content\/uploads\/2022\/10\/WhatsApp-Image-2022-10-10-at-18.21.42-4-768x511.jpeg 768w, https:\/\/dedemesquita.com.br\/wp-content\/uploads\/2022\/10\/WhatsApp-Image-2022-10-10-at-18.21.42-4-600x398.jpeg 600w\" sizes=\"(max-width: 900px) 100vw, 900px\" \/><figcaption>O Osmar Jr. \u00e9 s\u00f3 amor  (foto de Oswaldo Forte) <\/figcaption><\/figure><\/div>\n\n\n\n<div class=\"wp-block-image\"><figure class=\"aligncenter size-full\"><img loading=\"lazy\" decoding=\"async\" width=\"900\" height=\"599\" src=\"https:\/\/dedemesquita.com.br\/wp-content\/uploads\/2022\/10\/WhatsApp-Image-2022-10-10-at-18.21.43.jpeg\" alt=\"\" class=\"wp-image-5158\" srcset=\"https:\/\/dedemesquita.com.br\/wp-content\/uploads\/2022\/10\/WhatsApp-Image-2022-10-10-at-18.21.43.jpeg 900w, https:\/\/dedemesquita.com.br\/wp-content\/uploads\/2022\/10\/WhatsApp-Image-2022-10-10-at-18.21.43-768x511.jpeg 768w, https:\/\/dedemesquita.com.br\/wp-content\/uploads\/2022\/10\/WhatsApp-Image-2022-10-10-at-18.21.43-600x398.jpeg 600w\" sizes=\"(max-width: 900px) 100vw, 900px\" \/><figcaption>A chegada da berlinda na pra\u00e7a Santu\u00e1rio que \u00e9 sempre tensa e o Salim Wariss por l\u00e1 (foto de Oswaldo Forte) <\/figcaption><\/figure><\/div>\n\n\n\n<div class=\"wp-block-image\"><figure class=\"aligncenter size-full\"><img loading=\"lazy\" decoding=\"async\" width=\"900\" height=\"599\" src=\"https:\/\/dedemesquita.com.br\/wp-content\/uploads\/2022\/10\/WhatsApp-Image-2022-10-10-at-18.21.43-1.jpeg\" alt=\"\" class=\"wp-image-5159\" srcset=\"https:\/\/dedemesquita.com.br\/wp-content\/uploads\/2022\/10\/WhatsApp-Image-2022-10-10-at-18.21.43-1.jpeg 900w, https:\/\/dedemesquita.com.br\/wp-content\/uploads\/2022\/10\/WhatsApp-Image-2022-10-10-at-18.21.43-1-768x511.jpeg 768w, https:\/\/dedemesquita.com.br\/wp-content\/uploads\/2022\/10\/WhatsApp-Image-2022-10-10-at-18.21.43-1-600x398.jpeg 600w\" sizes=\"(max-width: 900px) 100vw, 900px\" \/><figcaption>O Marcelo Vieira garantindo a selfie  (foto de Oswaldo Forte) <\/figcaption><\/figure><\/div>\n\n\n\n<div class=\"wp-block-image\"><figure class=\"aligncenter size-full\"><img loading=\"lazy\" decoding=\"async\" width=\"900\" height=\"599\" src=\"https:\/\/dedemesquita.com.br\/wp-content\/uploads\/2022\/10\/WhatsApp-Image-2022-10-10-at-18.21.44.jpeg\" alt=\"\" class=\"wp-image-5160\" srcset=\"https:\/\/dedemesquita.com.br\/wp-content\/uploads\/2022\/10\/WhatsApp-Image-2022-10-10-at-18.21.44.jpeg 900w, https:\/\/dedemesquita.com.br\/wp-content\/uploads\/2022\/10\/WhatsApp-Image-2022-10-10-at-18.21.44-768x511.jpeg 768w, https:\/\/dedemesquita.com.br\/wp-content\/uploads\/2022\/10\/WhatsApp-Image-2022-10-10-at-18.21.44-600x398.jpeg 600w\" sizes=\"(max-width: 900px) 100vw, 900px\" \/><figcaption>A \u00darsula Bahia que sabe o que \u00e9 melhor para o nosso Pa\u00eds  (foto de Oswaldo Forte) <\/figcaption><\/figure><\/div>\n\n\n\n<div class=\"wp-block-image\"><figure class=\"aligncenter size-full\"><img loading=\"lazy\" decoding=\"async\" width=\"851\" height=\"489\" src=\"https:\/\/dedemesquita.com.br\/wp-content\/uploads\/2022\/10\/WhatsApp-Image-2022-10-10-at-18.23.05.jpeg\" alt=\"\" class=\"wp-image-5162\" srcset=\"https:\/\/dedemesquita.com.br\/wp-content\/uploads\/2022\/10\/WhatsApp-Image-2022-10-10-at-18.23.05.jpeg 851w, https:\/\/dedemesquita.com.br\/wp-content\/uploads\/2022\/10\/WhatsApp-Image-2022-10-10-at-18.23.05-768x441.jpeg 768w\" sizes=\"(max-width: 851px) 100vw, 851px\" \/><figcaption>Vanessa Fortes, da TV Cultura  (foto de Oswaldo Forte) <\/figcaption><\/figure><\/div>\n\n\n\n<div class=\"wp-block-image\"><figure class=\"aligncenter size-full\"><img loading=\"lazy\" decoding=\"async\" width=\"900\" height=\"600\" src=\"https:\/\/dedemesquita.com.br\/wp-content\/uploads\/2022\/10\/WhatsApp-Image-2022-10-09-at-18.34.23.jpeg\" alt=\"\" class=\"wp-image-5163\" srcset=\"https:\/\/dedemesquita.com.br\/wp-content\/uploads\/2022\/10\/WhatsApp-Image-2022-10-09-at-18.34.23.jpeg 900w, https:\/\/dedemesquita.com.br\/wp-content\/uploads\/2022\/10\/WhatsApp-Image-2022-10-09-at-18.34.23-768x512.jpeg 768w\" sizes=\"(max-width: 900px) 100vw, 900px\" \/><figcaption>Cezar Magalh\u00e3es na corda do C\u00edrio<\/figcaption><\/figure><\/div>\n\n\n\n<div class=\"wp-block-image\"><figure class=\"aligncenter size-full\"><img loading=\"lazy\" decoding=\"async\" width=\"900\" height=\"599\" src=\"https:\/\/dedemesquita.com.br\/wp-content\/uploads\/2022\/10\/WhatsApp-Image-2022-10-10-at-08.10.28.jpeg\" alt=\"\" class=\"wp-image-5164\" srcset=\"https:\/\/dedemesquita.com.br\/wp-content\/uploads\/2022\/10\/WhatsApp-Image-2022-10-10-at-08.10.28.jpeg 900w, https:\/\/dedemesquita.com.br\/wp-content\/uploads\/2022\/10\/WhatsApp-Image-2022-10-10-at-08.10.28-768x511.jpeg 768w, https:\/\/dedemesquita.com.br\/wp-content\/uploads\/2022\/10\/WhatsApp-Image-2022-10-10-at-08.10.28-600x398.jpeg 600w\" sizes=\"(max-width: 900px) 100vw, 900px\" \/><figcaption>Magalha s\u00f3 de olho (foto de Oswaldo Forte) <\/figcaption><\/figure><\/div>\n\n\n\n<div class=\"wp-block-image\"><figure class=\"aligncenter size-full\"><img loading=\"lazy\" decoding=\"async\" width=\"900\" height=\"675\" src=\"https:\/\/dedemesquita.com.br\/wp-content\/uploads\/2022\/10\/WhatsApp-Image-2022-10-09-at-19.18.05.jpeg\" alt=\"\" class=\"wp-image-5165\" srcset=\"https:\/\/dedemesquita.com.br\/wp-content\/uploads\/2022\/10\/WhatsApp-Image-2022-10-09-at-19.18.05.jpeg 900w, https:\/\/dedemesquita.com.br\/wp-content\/uploads\/2022\/10\/WhatsApp-Image-2022-10-09-at-19.18.05-768x576.jpeg 768w\" sizes=\"(max-width: 900px) 100vw, 900px\" \/><figcaption>Matheus Raymundo (TV Cultura) e Rodolfo Marques (R\u00e1dio UNAMA FM), na avenida Presidente Vargas<\/figcaption><\/figure><\/div>\n\n\n\n<div class=\"wp-block-image\"><figure class=\"aligncenter size-full\"><img loading=\"lazy\" decoding=\"async\" width=\"900\" height=\"744\" src=\"https:\/\/dedemesquita.com.br\/wp-content\/uploads\/2022\/10\/WhatsApp-Image-2022-10-09-at-19.17.19.jpeg\" alt=\"\" class=\"wp-image-5166\" srcset=\"https:\/\/dedemesquita.com.br\/wp-content\/uploads\/2022\/10\/WhatsApp-Image-2022-10-09-at-19.17.19.jpeg 900w, https:\/\/dedemesquita.com.br\/wp-content\/uploads\/2022\/10\/WhatsApp-Image-2022-10-09-at-19.17.19-768x635.jpeg 768w\" sizes=\"(max-width: 900px) 100vw, 900px\" \/><figcaption>Rodolfo Marques <\/figcaption><\/figure><\/div>\n\n\n\n<div class=\"wp-block-image\"><figure class=\"aligncenter size-full\"><img loading=\"lazy\" decoding=\"async\" width=\"720\" height=\"720\" src=\"https:\/\/dedemesquita.com.br\/wp-content\/uploads\/2022\/10\/WhatsApp-Image-2022-10-10-at-06.06.21-1.jpeg\" alt=\"\" class=\"wp-image-5167\" srcset=\"https:\/\/dedemesquita.com.br\/wp-content\/uploads\/2022\/10\/WhatsApp-Image-2022-10-10-at-06.06.21-1.jpeg 720w, https:\/\/dedemesquita.com.br\/wp-content\/uploads\/2022\/10\/WhatsApp-Image-2022-10-10-at-06.06.21-1-150x150.jpeg 150w\" sizes=\"(max-width: 720px) 100vw, 720px\" \/><figcaption>Mateus Miranda e as coleguinhas da Funtelpa<\/figcaption><\/figure><\/div>\n\n\n\n<div class=\"wp-block-image\"><figure class=\"aligncenter size-full\"><img loading=\"lazy\" decoding=\"async\" width=\"900\" height=\"726\" src=\"https:\/\/dedemesquita.com.br\/wp-content\/uploads\/2022\/10\/20221009_114656.jpg\" alt=\"\" class=\"wp-image-5168\" srcset=\"https:\/\/dedemesquita.com.br\/wp-content\/uploads\/2022\/10\/20221009_114656.jpg 900w, https:\/\/dedemesquita.com.br\/wp-content\/uploads\/2022\/10\/20221009_114656-768x620.jpg 768w\" sizes=\"(max-width: 900px) 100vw, 900px\" \/><figcaption>Lucas Costa, da Reda\u00e7\u00e3o Integrada O Liberal (foto de Ded\u00e9 Mesquita)<\/figcaption><\/figure><\/div>\n\n\n\n<div class=\"wp-block-image\"><figure class=\"aligncenter size-full\"><img loading=\"lazy\" decoding=\"async\" width=\"900\" height=\"737\" src=\"https:\/\/dedemesquita.com.br\/wp-content\/uploads\/2022\/10\/20221009_113319.jpg\" alt=\"\" class=\"wp-image-5169\" srcset=\"https:\/\/dedemesquita.com.br\/wp-content\/uploads\/2022\/10\/20221009_113319.jpg 900w, https:\/\/dedemesquita.com.br\/wp-content\/uploads\/2022\/10\/20221009_113319-768x629.jpg 768w\" sizes=\"(max-width: 900px) 100vw, 900px\" \/><figcaption>Dani Filgueiras na chegada da berlinda (foto de Ded\u00e9 Mesquita) <\/figcaption><\/figure><\/div>\n\n\n\n<div class=\"wp-block-image\"><figure class=\"aligncenter size-full\"><img loading=\"lazy\" decoding=\"async\" width=\"900\" height=\"675\" src=\"https:\/\/dedemesquita.com.br\/wp-content\/uploads\/2022\/10\/20221009_114532.jpg\" alt=\"\" class=\"wp-image-5170\" srcset=\"https:\/\/dedemesquita.com.br\/wp-content\/uploads\/2022\/10\/20221009_114532.jpg 900w, https:\/\/dedemesquita.com.br\/wp-content\/uploads\/2022\/10\/20221009_114532-768x576.jpg 768w\" sizes=\"(max-width: 900px) 100vw, 900px\" \/><figcaption>Marx Vasconcelos confere o resultado das fotos  (foto de Ded\u00e9 Mesquita) <\/figcaption><\/figure><\/div>\n\n\n\n<div class=\"wp-block-image\"><figure class=\"aligncenter size-full\"><img loading=\"lazy\" decoding=\"async\" width=\"900\" height=\"447\" src=\"https:\/\/dedemesquita.com.br\/wp-content\/uploads\/2022\/10\/20221009_113109.jpg\" alt=\"\" class=\"wp-image-5171\" srcset=\"https:\/\/dedemesquita.com.br\/wp-content\/uploads\/2022\/10\/20221009_113109.jpg 900w, https:\/\/dedemesquita.com.br\/wp-content\/uploads\/2022\/10\/20221009_113109-768x381.jpg 768w\" sizes=\"(max-width: 900px) 100vw, 900px\" \/><figcaption>Equipe da TV Liberal (foto de Ded\u00e9 Mesquita) <\/figcaption><\/figure><\/div>\n\n\n\n<div class=\"wp-block-image\"><figure class=\"aligncenter size-full\"><img loading=\"lazy\" decoding=\"async\" width=\"900\" height=\"675\" src=\"https:\/\/dedemesquita.com.br\/wp-content\/uploads\/2022\/10\/20221009_112732.jpg\" alt=\"\" class=\"wp-image-5172\" srcset=\"https:\/\/dedemesquita.com.br\/wp-content\/uploads\/2022\/10\/20221009_112732.jpg 900w, https:\/\/dedemesquita.com.br\/wp-content\/uploads\/2022\/10\/20221009_112732-768x576.jpg 768w\" sizes=\"(max-width: 900px) 100vw, 900px\" \/><figcaption>Andrei Moraes e uma colega  (foto de Ded\u00e9 Mesquita) <\/figcaption><\/figure><\/div>\n\n\n\n<div class=\"wp-block-image\"><figure class=\"aligncenter size-full\"><img loading=\"lazy\" decoding=\"async\" width=\"900\" height=\"589\" src=\"https:\/\/dedemesquita.com.br\/wp-content\/uploads\/2022\/10\/20221009_112630.jpg\" alt=\"\" class=\"wp-image-5173\" srcset=\"https:\/\/dedemesquita.com.br\/wp-content\/uploads\/2022\/10\/20221009_112630.jpg 900w, https:\/\/dedemesquita.com.br\/wp-content\/uploads\/2022\/10\/20221009_112630-768x503.jpg 768w\" sizes=\"(max-width: 900px) 100vw, 900px\" \/><figcaption>Everaldo Nascimento  (foto de Ded\u00e9 Mesquita) <\/figcaption><\/figure><\/div>\n\n\n\n<div class=\"wp-block-image\"><figure class=\"aligncenter size-full\"><img loading=\"lazy\" decoding=\"async\" width=\"900\" height=\"563\" src=\"https:\/\/dedemesquita.com.br\/wp-content\/uploads\/2022\/10\/20221009_112552.jpg\" alt=\"\" class=\"wp-image-5174\" srcset=\"https:\/\/dedemesquita.com.br\/wp-content\/uploads\/2022\/10\/20221009_112552.jpg 900w, https:\/\/dedemesquita.com.br\/wp-content\/uploads\/2022\/10\/20221009_112552-768x480.jpg 768w\" sizes=\"(max-width: 900px) 100vw, 900px\" \/><figcaption> Andr\u00e9 Laurent, da TV Liberal (foto de Ded\u00e9 Mesquita) <\/figcaption><\/figure><\/div>\n\n\n\n<div class=\"wp-block-image\"><figure class=\"aligncenter size-full\"><img loading=\"lazy\" decoding=\"async\" width=\"900\" height=\"585\" src=\"https:\/\/dedemesquita.com.br\/wp-content\/uploads\/2022\/10\/20221009_112523.jpg\" alt=\"\" class=\"wp-image-5175\" srcset=\"https:\/\/dedemesquita.com.br\/wp-content\/uploads\/2022\/10\/20221009_112523.jpg 900w, https:\/\/dedemesquita.com.br\/wp-content\/uploads\/2022\/10\/20221009_112523-768x499.jpg 768w\" sizes=\"(max-width: 900px) 100vw, 900px\" \/><figcaption>A lenda do fotojornalismo paraense Paulo Santos, mestre de muitos fot\u00f3grafos por aqui (foto de Ded\u00e9 Mesquita) <\/figcaption><\/figure><\/div>\n\n\n\n<div class=\"wp-block-image\"><figure class=\"aligncenter size-full\"><img loading=\"lazy\" decoding=\"async\" width=\"900\" height=\"675\" src=\"https:\/\/dedemesquita.com.br\/wp-content\/uploads\/2022\/10\/20221009_112449.jpg\" alt=\"\" class=\"wp-image-5176\" srcset=\"https:\/\/dedemesquita.com.br\/wp-content\/uploads\/2022\/10\/20221009_112449.jpg 900w, https:\/\/dedemesquita.com.br\/wp-content\/uploads\/2022\/10\/20221009_112449-768x576.jpg 768w\" sizes=\"(max-width: 900px) 100vw, 900px\" \/><figcaption>Ricardo Lima sempre a postos  (foto de Ded\u00e9 Mesquita) <\/figcaption><\/figure><\/div>\n\n\n\n<div class=\"wp-block-image\"><figure class=\"aligncenter size-full\"><img loading=\"lazy\" decoding=\"async\" width=\"900\" height=\"675\" src=\"https:\/\/dedemesquita.com.br\/wp-content\/uploads\/2022\/10\/20221009_112428.jpg\" alt=\"\" class=\"wp-image-5177\" srcset=\"https:\/\/dedemesquita.com.br\/wp-content\/uploads\/2022\/10\/20221009_112428.jpg 900w, https:\/\/dedemesquita.com.br\/wp-content\/uploads\/2022\/10\/20221009_112428-768x576.jpg 768w\" sizes=\"(max-width: 900px) 100vw, 900px\" \/><figcaption>Andrei Moraes com quem eu s\u00f3 encontro no C\u00edrio (foto de Ded\u00e9 Mesquita) <\/figcaption><\/figure><\/div>\n\n\n\n<div class=\"wp-block-image\"><figure class=\"aligncenter size-full\"><img loading=\"lazy\" decoding=\"async\" width=\"713\" height=\"843\" src=\"https:\/\/dedemesquita.com.br\/wp-content\/uploads\/2022\/10\/WhatsApp-Image-2022-10-17-at-16.27.28-1.jpeg\" alt=\"\" class=\"wp-image-5179\"\/><figcaption>Filipe Bispo e Raimundo Pacc\u00f3 na CDP \u00e0 espera da passagem da Santa <\/figcaption><\/figure><\/div>\n\n\n\n<div class=\"wp-block-image\"><figure class=\"aligncenter size-full\"><img loading=\"lazy\" decoding=\"async\" width=\"720\" height=\"876\" src=\"https:\/\/dedemesquita.com.br\/wp-content\/uploads\/2022\/10\/WhatsApp-Image-2022-10-17-at-16.27.29.jpeg\" alt=\"\" class=\"wp-image-5180\"\/><figcaption>Esse trio: Fernando Sette, Oswaldo Forte e Wagner Santana<\/figcaption><\/figure><\/div>\n\n\n\n<div class=\"wp-block-image\"><figure class=\"aligncenter size-full\"><img loading=\"lazy\" decoding=\"async\" width=\"717\" height=\"821\" src=\"https:\/\/dedemesquita.com.br\/wp-content\/uploads\/2022\/10\/WhatsApp-Image-2022-10-17-at-16.27.29-1.jpeg\" alt=\"\" class=\"wp-image-5181\"\/><figcaption>Edmar Assun\u00e7\u00e3o e Leandro Monteiro do grupo RBA <\/figcaption><\/figure><\/div>\n\n\n\n<div class=\"wp-block-image\"><figure class=\"aligncenter size-full\"><img loading=\"lazy\" decoding=\"async\" width=\"713\" height=\"800\" src=\"https:\/\/dedemesquita.com.br\/wp-content\/uploads\/2022\/10\/WhatsApp-Image-2022-10-17-at-16.27.29-2.jpeg\" alt=\"\" class=\"wp-image-5182\"\/><figcaption>Equipe de cobertura da TV e portal Cultura <\/figcaption><\/figure><\/div>\n\n\n\n<div class=\"wp-block-image\"><figure class=\"aligncenter size-full\"><img loading=\"lazy\" decoding=\"async\" width=\"715\" height=\"961\" src=\"https:\/\/dedemesquita.com.br\/wp-content\/uploads\/2022\/10\/WhatsApp-Image-2022-10-17-at-16.27.30.jpeg\" alt=\"\" class=\"wp-image-5183\"\/><figcaption>Bruno Cruz <\/figcaption><\/figure><\/div>\n\n\n\n<div class=\"wp-block-image\"><figure class=\"aligncenter size-full\"><img loading=\"lazy\" decoding=\"async\" width=\"717\" height=\"725\" src=\"https:\/\/dedemesquita.com.br\/wp-content\/uploads\/2022\/10\/WhatsApp-Image-2022-10-17-at-16.27.30-1.jpeg\" alt=\"\" class=\"wp-image-5184\"\/><figcaption>Aycha Nunes, da assessoria de comunica\u00e7\u00e3o da Defesa Civil do Munic\u00edpio de Bel\u00e9m <\/figcaption><\/figure><\/div>\n\n\n\n<div class=\"wp-block-image\"><figure class=\"aligncenter size-full\"><img loading=\"lazy\" decoding=\"async\" width=\"613\" height=\"900\" src=\"https:\/\/dedemesquita.com.br\/wp-content\/uploads\/2022\/10\/WhatsApp-Image-2022-10-17-at-16.27.30-3.jpeg\" alt=\"\" class=\"wp-image-5185\"\/><figcaption>Depois do sufoco do C\u00edrio, Tarso Sarraf, Marx Vasconcelos, Everaldo Nascimento, Jaime Souzza &#8211; o Jaiminho -, Marcio Nagano, Osmarino Souza, M\u00e1cio Ferreira e Thiago Gomes (foto de Tarso Sarraf)<\/figcaption><\/figure><\/div>\n\n\n\n<div class=\"wp-block-image\"><figure class=\"aligncenter size-full\"><img loading=\"lazy\" decoding=\"async\" width=\"800\" height=\"800\" src=\"https:\/\/dedemesquita.com.br\/wp-content\/uploads\/2022\/10\/WhatsApp-Image-2022-10-17-at-16.29.46.jpeg\" alt=\"\" class=\"wp-image-5186\" srcset=\"https:\/\/dedemesquita.com.br\/wp-content\/uploads\/2022\/10\/WhatsApp-Image-2022-10-17-at-16.29.46.jpeg 800w, https:\/\/dedemesquita.com.br\/wp-content\/uploads\/2022\/10\/WhatsApp-Image-2022-10-17-at-16.29.46-150x150.jpeg 150w, https:\/\/dedemesquita.com.br\/wp-content\/uploads\/2022\/10\/WhatsApp-Image-2022-10-17-at-16.29.46-768x768.jpeg 768w\" sizes=\"(max-width: 800px) 100vw, 800px\" \/><figcaption>Matheus Viggo, da RBA TV <\/figcaption><\/figure><\/div>\n\n\n\n<div class=\"wp-block-image\"><figure class=\"aligncenter size-full\"><img loading=\"lazy\" decoding=\"async\" width=\"895\" height=\"727\" src=\"https:\/\/dedemesquita.com.br\/wp-content\/uploads\/2022\/10\/WhatsApp-Image-2022-10-17-at-16.29.46-1.jpeg\" alt=\"\" class=\"wp-image-5187\" srcset=\"https:\/\/dedemesquita.com.br\/wp-content\/uploads\/2022\/10\/WhatsApp-Image-2022-10-17-at-16.29.46-1.jpeg 895w, https:\/\/dedemesquita.com.br\/wp-content\/uploads\/2022\/10\/WhatsApp-Image-2022-10-17-at-16.29.46-1-768x624.jpeg 768w\" sizes=\"(max-width: 895px) 100vw, 895px\" \/><figcaption>Equipe de cobertura do C\u00edrio da RBA TV<\/figcaption><\/figure><\/div>\n\n\n\n<div class=\"wp-block-image\"><figure class=\"aligncenter size-full\"><img loading=\"lazy\" decoding=\"async\" width=\"720\" height=\"540\" src=\"https:\/\/dedemesquita.com.br\/wp-content\/uploads\/2022\/10\/WhatsApp-Image-2022-10-17-at-16.30.02.jpeg\" alt=\"\" class=\"wp-image-5188\"\/><figcaption>Equipe de cobertura da TV Liberal <\/figcaption><\/figure><\/div>\n\n\n\n<div class=\"wp-block-image\"><figure class=\"aligncenter size-full\"><img loading=\"lazy\" decoding=\"async\" width=\"717\" height=\"497\" src=\"https:\/\/dedemesquita.com.br\/wp-content\/uploads\/2022\/10\/WhatsApp-Image-2022-10-17-at-16.27.30-2.jpeg\" alt=\"\" class=\"wp-image-5198\"\/><figcaption>Mais da Aycha Nunes muito concentrada &#8220;na miss\u00e3o&#8221;<\/figcaption><\/figure><\/div>\n\n\n\n<div class=\"wp-block-image\"><figure class=\"aligncenter size-full\"><img loading=\"lazy\" decoding=\"async\" width=\"747\" height=\"800\" src=\"https:\/\/dedemesquita.com.br\/wp-content\/uploads\/2022\/10\/WhatsApp-Image-2022-10-09-at-06.37.54.jpeg\" alt=\"\" class=\"wp-image-5199\"\/><figcaption>Wagner Almeida e Diego Monteiro, de madrugada, antes do C\u00edrio come\u00e7ar <\/figcaption><\/figure><\/div>\n\n\n\n<div class=\"wp-block-image\"><figure class=\"aligncenter size-full\"><img loading=\"lazy\" decoding=\"async\" width=\"893\" height=\"879\" src=\"https:\/\/dedemesquita.com.br\/wp-content\/uploads\/2022\/10\/WhatsApp-Image-2022-10-09-at-06.37.47.jpeg\" alt=\"\" class=\"wp-image-5201\" srcset=\"https:\/\/dedemesquita.com.br\/wp-content\/uploads\/2022\/10\/WhatsApp-Image-2022-10-09-at-06.37.47.jpeg 893w, https:\/\/dedemesquita.com.br\/wp-content\/uploads\/2022\/10\/WhatsApp-Image-2022-10-09-at-06.37.47-768x756.jpeg 768w\" sizes=\"(max-width: 893px) 100vw, 893px\" \/><figcaption>Equipe do jornal Di\u00e1rio do Par\u00e1 pronta para ir \u00e0 luta: C\u00ednthia, os Wagner e Diego <\/figcaption><\/figure><\/div>\n\n\n\n<p> <\/p>\n","protected":false},"excerpt":{"rendered":"<p>Gente, eu sei que esta postagem est\u00e1 bem atrasada, mas me deem um desconto porque teve viagem pelo meio e um &#8220;estaleiro&#8221; por conta de uma picada de inseto. Ent\u00e3o, segue a postagem sobre a imprensa, os coleguinhas trabalhando na grande prociss\u00e3o do C\u00edrio de Nossa Senhora de Nazar\u00e9, que foi realizada presencialmente, depois de [&hellip;]<\/p>\n","protected":false},"author":2,"featured_media":5190,"comment_status":"open","ping_status":"open","sticky":false,"template":"","format":"standard","meta":{"footnotes":""},"categories":[51,14,29],"tags":[136,181,119,120,144,143,145,197,137],"class_list":["post-5147","post","type-post","status-publish","format-standard","has-post-thumbnail","hentry","category-destaque","category-imprensa","category-jornalismo","tag-comus-agencia-belem","tag-diario-do-para","tag-jornalismo","tag-jornalistas-paraenses-em-acao","tag-o-liberal","tag-radio-cultura-fm","tag-rbatv","tag-tv-cultura","tag-tv-liberal"],"yoast_head":"<!-- This site is optimized with the Yoast SEO plugin v19.10 - https:\/\/yoast.com\/wordpress\/plugins\/seo\/ -->\n<title>Imprensa no C\u00edrio 2022: grande prociss\u00e3o do C\u00edrio de Nazar\u00e9 - Ded\u00e9 Mesquita<\/title>\n<meta name=\"robots\" content=\"index, follow, max-snippet:-1, max-image-preview:large, max-video-preview:-1\" \/>\n<link rel=\"canonical\" href=\"https:\/\/dedemesquita.com.br\/?p=5147\" \/>\n<meta property=\"og:locale\" content=\"pt_BR\" \/>\n<meta property=\"og:type\" content=\"article\" \/>\n<meta property=\"og:title\" content=\"Imprensa no C\u00edrio 2022: grande prociss\u00e3o do C\u00edrio de Nazar\u00e9 - Ded\u00e9 Mesquita\" \/>\n<meta property=\"og:description\" content=\"Gente, eu sei que esta postagem est\u00e1 bem atrasada, mas me deem um desconto porque teve viagem pelo meio e um &#8220;estaleiro&#8221; por conta de uma picada de inseto. Ent\u00e3o, segue a postagem sobre a imprensa, os coleguinhas trabalhando na grande prociss\u00e3o do C\u00edrio de Nossa Senhora de Nazar\u00e9, que foi realizada presencialmente, depois de [&hellip;]\" \/>\n<meta property=\"og:url\" content=\"https:\/\/dedemesquita.com.br\/?p=5147\" \/>\n<meta property=\"og:site_name\" content=\"Ded\u00e9 Mesquita\" \/>\n<meta property=\"article:publisher\" content=\"https:\/\/www.facebook.com\/dede.mesquita\" \/>\n<meta property=\"article:published_time\" content=\"2022-10-18T14:30:50+00:00\" \/>\n<meta property=\"article:modified_time\" content=\"2022-10-18T15:07:50+00:00\" \/>\n<meta property=\"og:image\" content=\"https:\/\/dedemesquita.com.br\/wp-content\/uploads\/2022\/10\/WhatsApp-Image-2022-10-09-at-16.37.25.jpeg\" \/>\n\t<meta property=\"og:image:width\" content=\"1000\" \/>\n\t<meta property=\"og:image:height\" content=\"666\" \/>\n\t<meta property=\"og:image:type\" content=\"image\/jpeg\" \/>\n<meta name=\"author\" content=\"Ded\u00e9 Mesquita\" \/>\n<meta name=\"twitter:card\" content=\"summary_large_image\" \/>\n<meta name=\"twitter:creator\" content=\"@dedemesquita\" \/>\n<meta name=\"twitter:site\" content=\"@dedemesquita\" \/>\n<meta name=\"twitter:label1\" content=\"Escrito por\" \/>\n\t<meta name=\"twitter:data1\" content=\"Ded\u00e9 Mesquita\" \/>\n\t<meta name=\"twitter:label2\" content=\"Est. tempo de leitura\" \/>\n\t<meta name=\"twitter:data2\" content=\"12 minutos\" \/>\n<script type=\"application\/ld+json\" class=\"yoast-schema-graph\">{\"@context\":\"https:\/\/schema.org\",\"@graph\":[{\"@type\":\"WebPage\",\"@id\":\"https:\/\/dedemesquita.com.br\/?p=5147\",\"url\":\"https:\/\/dedemesquita.com.br\/?p=5147\",\"name\":\"Imprensa no C\u00edrio 2022: grande prociss\u00e3o do C\u00edrio de Nazar\u00e9 - Ded\u00e9 Mesquita\",\"isPartOf\":{\"@id\":\"https:\/\/dedemesquita.com.br\/#website\"},\"datePublished\":\"2022-10-18T14:30:50+00:00\",\"dateModified\":\"2022-10-18T15:07:50+00:00\",\"author\":{\"@id\":\"https:\/\/dedemesquita.com.br\/#\/schema\/person\/36571f81dd2d76dc3ab37231542c9e24\"},\"breadcrumb\":{\"@id\":\"https:\/\/dedemesquita.com.br\/?p=5147#breadcrumb\"},\"inLanguage\":\"pt-BR\",\"potentialAction\":[{\"@type\":\"ReadAction\",\"target\":[\"https:\/\/dedemesquita.com.br\/?p=5147\"]}]},{\"@type\":\"BreadcrumbList\",\"@id\":\"https:\/\/dedemesquita.com.br\/?p=5147#breadcrumb\",\"itemListElement\":[{\"@type\":\"ListItem\",\"position\":1,\"name\":\"In\u00edcio\",\"item\":\"https:\/\/dedemesquita.com.br\/\"},{\"@type\":\"ListItem\",\"position\":2,\"name\":\"Imprensa no C\u00edrio 2022: grande prociss\u00e3o do C\u00edrio de Nazar\u00e9\"}]},{\"@type\":\"WebSite\",\"@id\":\"https:\/\/dedemesquita.com.br\/#website\",\"url\":\"https:\/\/dedemesquita.com.br\/\",\"name\":\"Ded\u00e9 Mesquita\",\"description\":\"Um site que mostra os bastidores da imprensa no estado do Par\u00e1 e em Bel\u00e9m\",\"potentialAction\":[{\"@type\":\"SearchAction\",\"target\":{\"@type\":\"EntryPoint\",\"urlTemplate\":\"https:\/\/dedemesquita.com.br\/?s={search_term_string}\"},\"query-input\":\"required name=search_term_string\"}],\"inLanguage\":\"pt-BR\"},{\"@type\":\"Person\",\"@id\":\"https:\/\/dedemesquita.com.br\/#\/schema\/person\/36571f81dd2d76dc3ab37231542c9e24\",\"name\":\"Ded\u00e9 Mesquita\",\"image\":{\"@type\":\"ImageObject\",\"inLanguage\":\"pt-BR\",\"@id\":\"https:\/\/dedemesquita.com.br\/#\/schema\/person\/image\/\",\"url\":\"https:\/\/dedemesquita.com.br\/wp-content\/uploads\/2021\/02\/foto_perfil-150x150.jpg\",\"contentUrl\":\"https:\/\/dedemesquita.com.br\/wp-content\/uploads\/2021\/02\/foto_perfil-150x150.jpg\",\"caption\":\"Ded\u00e9 Mesquita\"},\"sameAs\":[\"https:\/\/dedemesquita.com.br\"]}]}<\/script>\n<!-- \/ Yoast SEO plugin. -->","yoast_head_json":{"title":"Imprensa no C\u00edrio 2022: grande prociss\u00e3o do C\u00edrio de Nazar\u00e9 - Ded\u00e9 Mesquita","robots":{"index":"index","follow":"follow","max-snippet":"max-snippet:-1","max-image-preview":"max-image-preview:large","max-video-preview":"max-video-preview:-1"},"canonical":"https:\/\/dedemesquita.com.br\/?p=5147","og_locale":"pt_BR","og_type":"article","og_title":"Imprensa no C\u00edrio 2022: grande prociss\u00e3o do C\u00edrio de Nazar\u00e9 - Ded\u00e9 Mesquita","og_description":"Gente, eu sei que esta postagem est\u00e1 bem atrasada, mas me deem um desconto porque teve viagem pelo meio e um &#8220;estaleiro&#8221; por conta de uma picada de inseto. Ent\u00e3o, segue a postagem sobre a imprensa, os coleguinhas trabalhando na grande prociss\u00e3o do C\u00edrio de Nossa Senhora de Nazar\u00e9, que foi realizada presencialmente, depois de [&hellip;]","og_url":"https:\/\/dedemesquita.com.br\/?p=5147","og_site_name":"Ded\u00e9 Mesquita","article_publisher":"https:\/\/www.facebook.com\/dede.mesquita","article_published_time":"2022-10-18T14:30:50+00:00","article_modified_time":"2022-10-18T15:07:50+00:00","og_image":[{"width":1000,"height":666,"url":"https:\/\/dedemesquita.com.br\/wp-content\/uploads\/2022\/10\/WhatsApp-Image-2022-10-09-at-16.37.25.jpeg","type":"image\/jpeg"}],"author":"Ded\u00e9 Mesquita","twitter_card":"summary_large_image","twitter_creator":"@dedemesquita","twitter_site":"@dedemesquita","twitter_misc":{"Escrito por":"Ded\u00e9 Mesquita","Est. tempo de leitura":"12 minutos"},"schema":{"@context":"https:\/\/schema.org","@graph":[{"@type":"WebPage","@id":"https:\/\/dedemesquita.com.br\/?p=5147","url":"https:\/\/dedemesquita.com.br\/?p=5147","name":"Imprensa no C\u00edrio 2022: grande prociss\u00e3o do C\u00edrio de Nazar\u00e9 - Ded\u00e9 Mesquita","isPartOf":{"@id":"https:\/\/dedemesquita.com.br\/#website"},"datePublished":"2022-10-18T14:30:50+00:00","dateModified":"2022-10-18T15:07:50+00:00","author":{"@id":"https:\/\/dedemesquita.com.br\/#\/schema\/person\/36571f81dd2d76dc3ab37231542c9e24"},"breadcrumb":{"@id":"https:\/\/dedemesquita.com.br\/?p=5147#breadcrumb"},"inLanguage":"pt-BR","potentialAction":[{"@type":"ReadAction","target":["https:\/\/dedemesquita.com.br\/?p=5147"]}]},{"@type":"BreadcrumbList","@id":"https:\/\/dedemesquita.com.br\/?p=5147#breadcrumb","itemListElement":[{"@type":"ListItem","position":1,"name":"In\u00edcio","item":"https:\/\/dedemesquita.com.br\/"},{"@type":"ListItem","position":2,"name":"Imprensa no C\u00edrio 2022: grande prociss\u00e3o do C\u00edrio de Nazar\u00e9"}]},{"@type":"WebSite","@id":"https:\/\/dedemesquita.com.br\/#website","url":"https:\/\/dedemesquita.com.br\/","name":"Ded\u00e9 Mesquita","description":"Um site que mostra os bastidores da imprensa no estado do Par\u00e1 e em Bel\u00e9m","potentialAction":[{"@type":"SearchAction","target":{"@type":"EntryPoint","urlTemplate":"https:\/\/dedemesquita.com.br\/?s={search_term_string}"},"query-input":"required name=search_term_string"}],"inLanguage":"pt-BR"},{"@type":"Person","@id":"https:\/\/dedemesquita.com.br\/#\/schema\/person\/36571f81dd2d76dc3ab37231542c9e24","name":"Ded\u00e9 Mesquita","image":{"@type":"ImageObject","inLanguage":"pt-BR","@id":"https:\/\/dedemesquita.com.br\/#\/schema\/person\/image\/","url":"https:\/\/dedemesquita.com.br\/wp-content\/uploads\/2021\/02\/foto_perfil-150x150.jpg","contentUrl":"https:\/\/dedemesquita.com.br\/wp-content\/uploads\/2021\/02\/foto_perfil-150x150.jpg","caption":"Ded\u00e9 Mesquita"},"sameAs":["https:\/\/dedemesquita.com.br"]}]}},"_links":{"self":[{"href":"https:\/\/dedemesquita.com.br\/index.php?rest_route=\/wp\/v2\/posts\/5147"}],"collection":[{"href":"https:\/\/dedemesquita.com.br\/index.php?rest_route=\/wp\/v2\/posts"}],"about":[{"href":"https:\/\/dedemesquita.com.br\/index.php?rest_route=\/wp\/v2\/types\/post"}],"author":[{"embeddable":true,"href":"https:\/\/dedemesquita.com.br\/index.php?rest_route=\/wp\/v2\/users\/2"}],"replies":[{"embeddable":true,"href":"https:\/\/dedemesquita.com.br\/index.php?rest_route=%2Fwp%2Fv2%2Fcomments&post=5147"}],"version-history":[{"count":14,"href":"https:\/\/dedemesquita.com.br\/index.php?rest_route=\/wp\/v2\/posts\/5147\/revisions"}],"predecessor-version":[{"id":5208,"href":"https:\/\/dedemesquita.com.br\/index.php?rest_route=\/wp\/v2\/posts\/5147\/revisions\/5208"}],"wp:featuredmedia":[{"embeddable":true,"href":"https:\/\/dedemesquita.com.br\/index.php?rest_route=\/wp\/v2\/media\/5190"}],"wp:attachment":[{"href":"https:\/\/dedemesquita.com.br\/index.php?rest_route=%2Fwp%2Fv2%2Fmedia&parent=5147"}],"wp:term":[{"taxonomy":"category","embeddable":true,"href":"https:\/\/dedemesquita.com.br\/index.php?rest_route=%2Fwp%2Fv2%2Fcategories&post=5147"},{"taxonomy":"post_tag","embeddable":true,"href":"https:\/\/dedemesquita.com.br\/index.php?rest_route=%2Fwp%2Fv2%2Ftags&post=5147"}],"curies":[{"name":"wp","href":"https:\/\/api.w.org\/{rel}","templated":true}]}}