{"id":5130,"date":"2022-10-11T23:34:45","date_gmt":"2022-10-12T02:34:45","guid":{"rendered":"https:\/\/dedemesquita.com.br\/?p=5130"},"modified":"2022-10-13T09:15:18","modified_gmt":"2022-10-13T12:15:18","slug":"exposicao-de-fotos-sobre-o-cirio-no-sesi-e-outras-novidades-da-imprensa-de-belem","status":"publish","type":"post","link":"https:\/\/dedemesquita.com.br\/?p=5130","title":{"rendered":"Exposi\u00e7\u00e3o de fotos sobre o C\u00edrio no Sesi e outras novidades da imprensa de Bel\u00e9m"},"content":{"rendered":"\n<p>Ter\u00e7a-feira \u00e9 dia de atualizar os assuntos da imprensa em Bel\u00e9m.<\/p>\n\n\n\n<p><strong>Bou\u00e7\u00e3o &#8211;<\/strong> A jornalista <strong>Carolina Bou\u00e7\u00e3o <\/strong>que teve passagem rel\u00e2mpago na Comus\/Sesma, agora est\u00e1 na edi\u00e7\u00e3o da TV Liberal.<\/p>\n\n\n\n<p><strong>Monteiro &#8211;<\/strong> <strong>Glauce Monteiro<\/strong>, que ocupou a chefia de reportagem na TV Liberal, deixou aquela emissora, e agora est\u00e1 na RBA TV.<\/p>\n\n\n\n<p><strong>Nova rep\u00f3rter &#8211;<\/strong> <strong>M\u00f4nica Chagas<\/strong>, que atuava no SBT do Esp\u00edrito Santo, acompanhou o marido que passou em um concurso em Bel\u00e9m, e agora \u00e9 uma das caras novas da TV Liberal.<\/p>\n\n\n\n<div class=\"wp-block-image\"><figure class=\"aligncenter size-full\"><img loading=\"lazy\" decoding=\"async\" width=\"800\" height=\"510\" src=\"https:\/\/dedemesquita.com.br\/wp-content\/uploads\/2022\/10\/MONICA_CHAGAS.jpg\" alt=\"\" class=\"wp-image-5140\" srcset=\"https:\/\/dedemesquita.com.br\/wp-content\/uploads\/2022\/10\/MONICA_CHAGAS.jpg 800w, https:\/\/dedemesquita.com.br\/wp-content\/uploads\/2022\/10\/MONICA_CHAGAS-768x490.jpg 768w\" sizes=\"(max-width: 800px) 100vw, 800px\" \/><figcaption>M\u00f4nica Chagas chegou para refor\u00e7ar o time da TV Liberal <\/figcaption><\/figure><\/div>\n\n\n\n<p><strong>Fab\u00edola &#8211; Fab\u00edola Batista<\/strong>, depois de dez meses, deixou novamente a ag\u00eancia Temple Comunica\u00e7\u00e3o.<\/p>\n\n\n\n<div class=\"wp-block-image\"><figure class=\"aligncenter size-full\"><img loading=\"lazy\" decoding=\"async\" width=\"738\" height=\"491\" src=\"https:\/\/dedemesquita.com.br\/wp-content\/uploads\/2022\/10\/FABIOLA_BATISTA.jpg\" alt=\"\" class=\"wp-image-5142\" srcset=\"https:\/\/dedemesquita.com.br\/wp-content\/uploads\/2022\/10\/FABIOLA_BATISTA.jpg 738w, https:\/\/dedemesquita.com.br\/wp-content\/uploads\/2022\/10\/FABIOLA_BATISTA-600x398.jpg 600w\" sizes=\"(max-width: 738px) 100vw, 738px\" \/><figcaption>Fab\u00edola Batista <\/figcaption><\/figure><\/div>\n\n\n\n<p><strong>Curta metragem &#8211;<\/strong> O filme curta metragem \u201cCa\u00e7ador de Cabe\u00e7as\u201d estreia no dia 31 de outubro, \u00e0s 19h, sendo uma obra \u00e9 adaptada do conto hom\u00f4nimo. O audiobook animado foi o \u00fanico selecionado do Par\u00e1 na Mostra Sesc de Cinema 2022. O diretor do filme \u00e9 o roteirista Rodrigo Rodrigues que teve produ\u00e7\u00e3o geral da jornalista paraense <strong>Melina Marcelino<\/strong>, que continua na comunica\u00e7\u00e3o da Sespa.<\/p>\n\n\n\n<div class=\"wp-block-image\"><figure class=\"aligncenter size-full\"><img loading=\"lazy\" decoding=\"async\" width=\"616\" height=\"800\" src=\"https:\/\/dedemesquita.com.br\/wp-content\/uploads\/2022\/10\/308952039_3156233051260858_2895996136329902674_n.jpg\" alt=\"\" class=\"wp-image-5134\"\/><figcaption>Melina Marcelino produziu o curta &#8220;Ca\u00e7ador de Cabe\u00e7as&#8221;<\/figcaption><\/figure><\/div>\n\n\n\n<p><strong>Tarso &#8211;<\/strong> O fot\u00f3grafo <strong>Tarso Sarraf<\/strong> ficou em segundo lugar na categoria Ensaio\/ Fotojornalismo do Pr\u00eamio Fotografe 2022, com a s\u00e9rie \u201cDesafios e Supera\u00e7\u00f5es na Amaz\u00f4nia\u201d.<\/p>\n\n\n\n<p><strong>Cas\u00f3rio &#8211;<\/strong> O coleguinha <strong>Marcus Ayres<\/strong>, que est\u00e1 morando e trabalhando em Bras\u00edlia, se casou no \u00faltimo dia 5, com <strong>Geicimar Rodrigues<\/strong>. A cerim\u00f4nia foi transmitida via Instagram para os amigos mais pr\u00f3ximos. Felicidades!<\/p>\n\n\n\n<div class=\"wp-block-image\"><figure class=\"aligncenter size-full\"><img loading=\"lazy\" decoding=\"async\" width=\"900\" height=\"548\" src=\"https:\/\/dedemesquita.com.br\/wp-content\/uploads\/2022\/10\/MARCUS_AYRES.jpg\" alt=\"\" class=\"wp-image-5136\" srcset=\"https:\/\/dedemesquita.com.br\/wp-content\/uploads\/2022\/10\/MARCUS_AYRES.jpg 900w, https:\/\/dedemesquita.com.br\/wp-content\/uploads\/2022\/10\/MARCUS_AYRES-768x468.jpg 768w\" sizes=\"(max-width: 900px) 100vw, 900px\" \/><figcaption>Geicimar e Marcus lidos e felizes<\/figcaption><\/figure><\/div>\n\n\n\n<p><strong>Exposi\u00e7\u00e3o &#8211;<\/strong> At\u00e9 o dia 15 de outubro, a fachada do teatro do Sesi, pela avenida Almirante Barroso, em Bel\u00e9m, est\u00e1 recebendo uma exposi\u00e7\u00e3o virtual de fotografias sobre o C\u00edrio de Nazar\u00e9, que come\u00e7ou na sexta-feira, dia 7. As imagens feitas por 12 profissionais em diferentes edi\u00e7\u00f5es da festividade religiosa ser\u00e3o exibidas \u00e0s noites em um tel\u00e3o de LED, sempre das 19 \u00e0s 22h. <\/p>\n\n\n\n<p>Entre os autores das obras, est\u00e3o grandes nomes da fotografia paraense, como <strong>Miguel Chikaoka<\/strong>, <strong>Paula Sampaio<\/strong> e <strong>Guy Veloso<\/strong>, al\u00e9m dos fotojornalistas do jornal O Liberal <strong>Thiago Gomes<\/strong> e <strong>Tarso Sarraf<\/strong>, e <strong>Wagner Santana<\/strong>, de O Di\u00e1rio do Par\u00e1. A curadoria \u00e9 de <strong>Irene Almeida<\/strong>, presidente da Associa\u00e7\u00e3o Fotoativa, que tamb\u00e9m atua no Di\u00e1rio do Par\u00e1.<\/p>\n\n\n\n<div class=\"wp-block-image\"><figure class=\"aligncenter size-full\"><img loading=\"lazy\" decoding=\"async\" width=\"899\" height=\"479\" src=\"https:\/\/dedemesquita.com.br\/wp-content\/uploads\/2022\/10\/WhatsApp-Image-2022-10-07-at-17.39.29.jpeg\" alt=\"\" class=\"wp-image-5137\" srcset=\"https:\/\/dedemesquita.com.br\/wp-content\/uploads\/2022\/10\/WhatsApp-Image-2022-10-07-at-17.39.29.jpeg 899w, https:\/\/dedemesquita.com.br\/wp-content\/uploads\/2022\/10\/WhatsApp-Image-2022-10-07-at-17.39.29-768x409.jpeg 768w\" sizes=\"(max-width: 899px) 100vw, 899px\" \/><figcaption>Abertura da exposi\u00e7\u00e3o de fotos sobre o C\u00edrio de Nazar\u00e9<\/figcaption><\/figure><\/div>\n\n\n\n<div class=\"wp-block-image\"><figure class=\"aligncenter size-full\"><img loading=\"lazy\" decoding=\"async\" width=\"706\" height=\"900\" src=\"https:\/\/dedemesquita.com.br\/wp-content\/uploads\/2022\/10\/WhatsApp-Image-2022-10-07-at-17.40.11-1.jpeg\" alt=\"\" class=\"wp-image-5138\"\/><figcaption>Wagner Santana, Giceli, Irene Almeida e \u00darsula Bahia na abertura da exposi\u00e7\u00e3o <\/figcaption><\/figure><\/div>\n","protected":false},"excerpt":{"rendered":"<p>Ter\u00e7a-feira \u00e9 dia de atualizar os assuntos da imprensa em Bel\u00e9m. Bou\u00e7\u00e3o &#8211; A jornalista Carolina Bou\u00e7\u00e3o que teve passagem rel\u00e2mpago na Comus\/Sesma, agora est\u00e1 na edi\u00e7\u00e3o da TV Liberal. Monteiro &#8211; Glauce Monteiro, que ocupou a chefia de reportagem na TV Liberal, deixou aquela emissora, e agora est\u00e1 na RBA TV. Nova rep\u00f3rter &#8211; [&hellip;]<\/p>\n","protected":false},"author":2,"featured_media":5135,"comment_status":"open","ping_status":"open","sticky":false,"template":"","format":"standard","meta":{"footnotes":""},"categories":[51,14,29],"tags":[136,119,120,144],"class_list":["post-5130","post","type-post","status-publish","format-standard","has-post-thumbnail","hentry","category-destaque","category-imprensa","category-jornalismo","tag-comus-agencia-belem","tag-jornalismo","tag-jornalistas-paraenses-em-acao","tag-o-liberal"],"yoast_head":"<!-- This site is optimized with the Yoast SEO plugin v19.10 - https:\/\/yoast.com\/wordpress\/plugins\/seo\/ -->\n<title>Exposi\u00e7\u00e3o de fotos sobre o C\u00edrio no Sesi e outras novidades da imprensa de Bel\u00e9m - Ded\u00e9 Mesquita<\/title>\n<meta name=\"robots\" content=\"index, follow, max-snippet:-1, max-image-preview:large, max-video-preview:-1\" \/>\n<link rel=\"canonical\" href=\"https:\/\/dedemesquita.com.br\/?p=5130\" \/>\n<meta property=\"og:locale\" content=\"pt_BR\" \/>\n<meta property=\"og:type\" content=\"article\" \/>\n<meta property=\"og:title\" content=\"Exposi\u00e7\u00e3o de fotos sobre o C\u00edrio no Sesi e outras novidades da imprensa de Bel\u00e9m - Ded\u00e9 Mesquita\" \/>\n<meta property=\"og:description\" content=\"Ter\u00e7a-feira \u00e9 dia de atualizar os assuntos da imprensa em Bel\u00e9m. Bou\u00e7\u00e3o &#8211; A jornalista Carolina Bou\u00e7\u00e3o que teve passagem rel\u00e2mpago na Comus\/Sesma, agora est\u00e1 na edi\u00e7\u00e3o da TV Liberal. Monteiro &#8211; Glauce Monteiro, que ocupou a chefia de reportagem na TV Liberal, deixou aquela emissora, e agora est\u00e1 na RBA TV. Nova rep\u00f3rter &#8211; [&hellip;]\" \/>\n<meta property=\"og:url\" content=\"https:\/\/dedemesquita.com.br\/?p=5130\" \/>\n<meta property=\"og:site_name\" content=\"Ded\u00e9 Mesquita\" \/>\n<meta property=\"article:publisher\" content=\"https:\/\/www.facebook.com\/dede.mesquita\" \/>\n<meta property=\"article:published_time\" content=\"2022-10-12T02:34:45+00:00\" \/>\n<meta property=\"article:modified_time\" content=\"2022-10-13T12:15:18+00:00\" \/>\n<meta property=\"og:image\" content=\"https:\/\/dedemesquita.com.br\/wp-content\/uploads\/2022\/10\/WhatsApp-Image-2022-10-07-at-17.41.24.jpeg\" \/>\n\t<meta property=\"og:image:width\" content=\"900\" \/>\n\t<meta property=\"og:image:height\" content=\"507\" \/>\n\t<meta property=\"og:image:type\" content=\"image\/jpeg\" \/>\n<meta name=\"author\" content=\"Ded\u00e9 Mesquita\" \/>\n<meta name=\"twitter:card\" content=\"summary_large_image\" \/>\n<meta name=\"twitter:creator\" content=\"@dedemesquita\" \/>\n<meta name=\"twitter:site\" content=\"@dedemesquita\" \/>\n<meta name=\"twitter:label1\" content=\"Escrito por\" \/>\n\t<meta name=\"twitter:data1\" content=\"Ded\u00e9 Mesquita\" \/>\n\t<meta name=\"twitter:label2\" content=\"Est. tempo de leitura\" \/>\n\t<meta name=\"twitter:data2\" content=\"4 minutos\" \/>\n<script type=\"application\/ld+json\" class=\"yoast-schema-graph\">{\"@context\":\"https:\/\/schema.org\",\"@graph\":[{\"@type\":\"WebPage\",\"@id\":\"https:\/\/dedemesquita.com.br\/?p=5130\",\"url\":\"https:\/\/dedemesquita.com.br\/?p=5130\",\"name\":\"Exposi\u00e7\u00e3o de fotos sobre o C\u00edrio no Sesi e outras novidades da imprensa de Bel\u00e9m - Ded\u00e9 Mesquita\",\"isPartOf\":{\"@id\":\"https:\/\/dedemesquita.com.br\/#website\"},\"datePublished\":\"2022-10-12T02:34:45+00:00\",\"dateModified\":\"2022-10-13T12:15:18+00:00\",\"author\":{\"@id\":\"https:\/\/dedemesquita.com.br\/#\/schema\/person\/36571f81dd2d76dc3ab37231542c9e24\"},\"breadcrumb\":{\"@id\":\"https:\/\/dedemesquita.com.br\/?p=5130#breadcrumb\"},\"inLanguage\":\"pt-BR\",\"potentialAction\":[{\"@type\":\"ReadAction\",\"target\":[\"https:\/\/dedemesquita.com.br\/?p=5130\"]}]},{\"@type\":\"BreadcrumbList\",\"@id\":\"https:\/\/dedemesquita.com.br\/?p=5130#breadcrumb\",\"itemListElement\":[{\"@type\":\"ListItem\",\"position\":1,\"name\":\"In\u00edcio\",\"item\":\"https:\/\/dedemesquita.com.br\/\"},{\"@type\":\"ListItem\",\"position\":2,\"name\":\"Exposi\u00e7\u00e3o de fotos sobre o C\u00edrio no Sesi e outras novidades da imprensa de Bel\u00e9m\"}]},{\"@type\":\"WebSite\",\"@id\":\"https:\/\/dedemesquita.com.br\/#website\",\"url\":\"https:\/\/dedemesquita.com.br\/\",\"name\":\"Ded\u00e9 Mesquita\",\"description\":\"Um site que mostra os bastidores da imprensa no estado do Par\u00e1 e em Bel\u00e9m\",\"potentialAction\":[{\"@type\":\"SearchAction\",\"target\":{\"@type\":\"EntryPoint\",\"urlTemplate\":\"https:\/\/dedemesquita.com.br\/?s={search_term_string}\"},\"query-input\":\"required name=search_term_string\"}],\"inLanguage\":\"pt-BR\"},{\"@type\":\"Person\",\"@id\":\"https:\/\/dedemesquita.com.br\/#\/schema\/person\/36571f81dd2d76dc3ab37231542c9e24\",\"name\":\"Ded\u00e9 Mesquita\",\"image\":{\"@type\":\"ImageObject\",\"inLanguage\":\"pt-BR\",\"@id\":\"https:\/\/dedemesquita.com.br\/#\/schema\/person\/image\/\",\"url\":\"https:\/\/dedemesquita.com.br\/wp-content\/uploads\/2021\/02\/foto_perfil-150x150.jpg\",\"contentUrl\":\"https:\/\/dedemesquita.com.br\/wp-content\/uploads\/2021\/02\/foto_perfil-150x150.jpg\",\"caption\":\"Ded\u00e9 Mesquita\"},\"sameAs\":[\"https:\/\/dedemesquita.com.br\"]}]}<\/script>\n<!-- \/ Yoast SEO plugin. -->","yoast_head_json":{"title":"Exposi\u00e7\u00e3o de fotos sobre o C\u00edrio no Sesi e outras novidades da imprensa de Bel\u00e9m - Ded\u00e9 Mesquita","robots":{"index":"index","follow":"follow","max-snippet":"max-snippet:-1","max-image-preview":"max-image-preview:large","max-video-preview":"max-video-preview:-1"},"canonical":"https:\/\/dedemesquita.com.br\/?p=5130","og_locale":"pt_BR","og_type":"article","og_title":"Exposi\u00e7\u00e3o de fotos sobre o C\u00edrio no Sesi e outras novidades da imprensa de Bel\u00e9m - Ded\u00e9 Mesquita","og_description":"Ter\u00e7a-feira \u00e9 dia de atualizar os assuntos da imprensa em Bel\u00e9m. Bou\u00e7\u00e3o &#8211; A jornalista Carolina Bou\u00e7\u00e3o que teve passagem rel\u00e2mpago na Comus\/Sesma, agora est\u00e1 na edi\u00e7\u00e3o da TV Liberal. Monteiro &#8211; Glauce Monteiro, que ocupou a chefia de reportagem na TV Liberal, deixou aquela emissora, e agora est\u00e1 na RBA TV. Nova rep\u00f3rter &#8211; [&hellip;]","og_url":"https:\/\/dedemesquita.com.br\/?p=5130","og_site_name":"Ded\u00e9 Mesquita","article_publisher":"https:\/\/www.facebook.com\/dede.mesquita","article_published_time":"2022-10-12T02:34:45+00:00","article_modified_time":"2022-10-13T12:15:18+00:00","og_image":[{"width":900,"height":507,"url":"https:\/\/dedemesquita.com.br\/wp-content\/uploads\/2022\/10\/WhatsApp-Image-2022-10-07-at-17.41.24.jpeg","type":"image\/jpeg"}],"author":"Ded\u00e9 Mesquita","twitter_card":"summary_large_image","twitter_creator":"@dedemesquita","twitter_site":"@dedemesquita","twitter_misc":{"Escrito por":"Ded\u00e9 Mesquita","Est. tempo de leitura":"4 minutos"},"schema":{"@context":"https:\/\/schema.org","@graph":[{"@type":"WebPage","@id":"https:\/\/dedemesquita.com.br\/?p=5130","url":"https:\/\/dedemesquita.com.br\/?p=5130","name":"Exposi\u00e7\u00e3o de fotos sobre o C\u00edrio no Sesi e outras novidades da imprensa de Bel\u00e9m - Ded\u00e9 Mesquita","isPartOf":{"@id":"https:\/\/dedemesquita.com.br\/#website"},"datePublished":"2022-10-12T02:34:45+00:00","dateModified":"2022-10-13T12:15:18+00:00","author":{"@id":"https:\/\/dedemesquita.com.br\/#\/schema\/person\/36571f81dd2d76dc3ab37231542c9e24"},"breadcrumb":{"@id":"https:\/\/dedemesquita.com.br\/?p=5130#breadcrumb"},"inLanguage":"pt-BR","potentialAction":[{"@type":"ReadAction","target":["https:\/\/dedemesquita.com.br\/?p=5130"]}]},{"@type":"BreadcrumbList","@id":"https:\/\/dedemesquita.com.br\/?p=5130#breadcrumb","itemListElement":[{"@type":"ListItem","position":1,"name":"In\u00edcio","item":"https:\/\/dedemesquita.com.br\/"},{"@type":"ListItem","position":2,"name":"Exposi\u00e7\u00e3o de fotos sobre o C\u00edrio no Sesi e outras novidades da imprensa de Bel\u00e9m"}]},{"@type":"WebSite","@id":"https:\/\/dedemesquita.com.br\/#website","url":"https:\/\/dedemesquita.com.br\/","name":"Ded\u00e9 Mesquita","description":"Um site que mostra os bastidores da imprensa no estado do Par\u00e1 e em Bel\u00e9m","potentialAction":[{"@type":"SearchAction","target":{"@type":"EntryPoint","urlTemplate":"https:\/\/dedemesquita.com.br\/?s={search_term_string}"},"query-input":"required name=search_term_string"}],"inLanguage":"pt-BR"},{"@type":"Person","@id":"https:\/\/dedemesquita.com.br\/#\/schema\/person\/36571f81dd2d76dc3ab37231542c9e24","name":"Ded\u00e9 Mesquita","image":{"@type":"ImageObject","inLanguage":"pt-BR","@id":"https:\/\/dedemesquita.com.br\/#\/schema\/person\/image\/","url":"https:\/\/dedemesquita.com.br\/wp-content\/uploads\/2021\/02\/foto_perfil-150x150.jpg","contentUrl":"https:\/\/dedemesquita.com.br\/wp-content\/uploads\/2021\/02\/foto_perfil-150x150.jpg","caption":"Ded\u00e9 Mesquita"},"sameAs":["https:\/\/dedemesquita.com.br"]}]}},"_links":{"self":[{"href":"https:\/\/dedemesquita.com.br\/index.php?rest_route=\/wp\/v2\/posts\/5130"}],"collection":[{"href":"https:\/\/dedemesquita.com.br\/index.php?rest_route=\/wp\/v2\/posts"}],"about":[{"href":"https:\/\/dedemesquita.com.br\/index.php?rest_route=\/wp\/v2\/types\/post"}],"author":[{"embeddable":true,"href":"https:\/\/dedemesquita.com.br\/index.php?rest_route=\/wp\/v2\/users\/2"}],"replies":[{"embeddable":true,"href":"https:\/\/dedemesquita.com.br\/index.php?rest_route=%2Fwp%2Fv2%2Fcomments&post=5130"}],"version-history":[{"count":7,"href":"https:\/\/dedemesquita.com.br\/index.php?rest_route=\/wp\/v2\/posts\/5130\/revisions"}],"predecessor-version":[{"id":5146,"href":"https:\/\/dedemesquita.com.br\/index.php?rest_route=\/wp\/v2\/posts\/5130\/revisions\/5146"}],"wp:featuredmedia":[{"embeddable":true,"href":"https:\/\/dedemesquita.com.br\/index.php?rest_route=\/wp\/v2\/media\/5135"}],"wp:attachment":[{"href":"https:\/\/dedemesquita.com.br\/index.php?rest_route=%2Fwp%2Fv2%2Fmedia&parent=5130"}],"wp:term":[{"taxonomy":"category","embeddable":true,"href":"https:\/\/dedemesquita.com.br\/index.php?rest_route=%2Fwp%2Fv2%2Fcategories&post=5130"},{"taxonomy":"post_tag","embeddable":true,"href":"https:\/\/dedemesquita.com.br\/index.php?rest_route=%2Fwp%2Fv2%2Ftags&post=5130"}],"curies":[{"name":"wp","href":"https:\/\/api.w.org\/{rel}","templated":true}]}}