{"id":4968,"date":"2022-10-07T16:50:30","date_gmt":"2022-10-07T19:50:30","guid":{"rendered":"https:\/\/dedemesquita.com.br\/?p=4968"},"modified":"2022-10-07T20:24:32","modified_gmt":"2022-10-07T23:24:32","slug":"imprensa-no-cirio-2022-transporte-dos-carros-para-a-cdp","status":"publish","type":"post","link":"https:\/\/dedemesquita.com.br\/?p=4968","title":{"rendered":"Imprensa no C\u00edrio 2022: transporte dos carros para a CDP"},"content":{"rendered":"\n<p>Na manh\u00e3 de quarta-feira, 9, os carros do C\u00edrio de Nazar\u00e9 estiveram em exposi\u00e7\u00e3o em frente \u00e0 Bas\u00edlica Santu\u00e1rio de Nossa Senhora de Nazar\u00e9. Eles foram retirados da Esta\u00e7\u00e3o dos Carros pela Diretoria de Prociss\u00f5es e pelos Guardas de Nazar\u00e9 e ficaram em frente ao Santu\u00e1rio de Nazar\u00e9 at\u00e9 o momento do transporte para os galp\u00f5es da Companhia Docas do Par\u00e1 (CDP).<\/p>\n\n\n\n<p>Antes do sa\u00edda dos carros foi realizado um momento de ora\u00e7\u00e3o com todos os participantes, que se repete na chegada na CDP. A sa\u00edda da prociss\u00e3o, que este ano foi incorporada \u00e0s prociss\u00f5es oficiais do C\u00edrio de Nazar\u00e9, foi \u00e0s 20h, e o percurso se manteve igual aos anos anteriores com quatro quil\u00f4metros com sa\u00edda da avenida Nazar\u00e9 percorrendo a travessa 14 de mar\u00e7o, rua Ant\u00f4nio Barreto, avenidas Doca de Souza Franco e Marechal Hermes at\u00e9 o armaz\u00e9m da CDP, onde ficam at\u00e9 o dia do C\u00edrio, no domingo, dia 9.<\/p>\n\n\n\n<p>Durante a passagem da Imagem Peregrina de Nossa Senhora de Nazar\u00e9, que acompanhou pela primeira vez essa romaria, foram inauguradas as luzes da imagem luminosa de Nossa Senhora de Nazar\u00e9, no final da Doca de Souza Franco, uma iniciativa da Prefeitura de Bel\u00e9m, por meio da Secretaria Municipal de Urbanismo (Seurb). <\/p>\n\n\n\n<p>Vejam que estava na cobertura:<\/p>\n\n\n\n<div class=\"wp-block-image\"><figure class=\"aligncenter size-full\"><img loading=\"lazy\" decoding=\"async\" width=\"675\" height=\"900\" src=\"https:\/\/dedemesquita.com.br\/wp-content\/uploads\/2022\/10\/WhatsApp-Image-2022-09-28-at-21.45.31.jpeg\" alt=\"\" class=\"wp-image-4975\"\/><figcaption>O jornalista Igor Monteiro, da Seurb, com o secret\u00e1rio de urbanismo, Deivison Alves, e o diretor do departamento de ilumina\u00e7\u00e3o p\u00fablica da Seurb, F\u00e9lix Negr\u00e3o<\/figcaption><\/figure><\/div>\n\n\n\n<div class=\"wp-block-image\"><figure class=\"aligncenter size-full\"><img loading=\"lazy\" decoding=\"async\" width=\"900\" height=\"675\" src=\"https:\/\/dedemesquita.com.br\/wp-content\/uploads\/2022\/10\/20221005_213606.jpg\" alt=\"\" class=\"wp-image-4969\" srcset=\"https:\/\/dedemesquita.com.br\/wp-content\/uploads\/2022\/10\/20221005_213606.jpg 900w, https:\/\/dedemesquita.com.br\/wp-content\/uploads\/2022\/10\/20221005_213606-768x576.jpg 768w\" sizes=\"(max-width: 900px) 100vw, 900px\" \/><figcaption>Igor Monteiro integra a equipe da Seurb que est\u00e1 \u00e0 frente das ilumina\u00e7\u00f5es do C\u00edrio na cidade de Bel\u00e9m (foto de Ded\u00e9 Mesquita)<\/figcaption><\/figure><\/div>\n\n\n\n<div class=\"wp-block-image\"><figure class=\"aligncenter size-full\"><img loading=\"lazy\" decoding=\"async\" width=\"900\" height=\"896\" src=\"https:\/\/dedemesquita.com.br\/wp-content\/uploads\/2022\/10\/20221005_221423.jpg\" alt=\"\" class=\"wp-image-4976\" srcset=\"https:\/\/dedemesquita.com.br\/wp-content\/uploads\/2022\/10\/20221005_221423.jpg 900w, https:\/\/dedemesquita.com.br\/wp-content\/uploads\/2022\/10\/20221005_221423-150x150.jpg 150w, https:\/\/dedemesquita.com.br\/wp-content\/uploads\/2022\/10\/20221005_221423-768x765.jpg 768w\" sizes=\"(max-width: 900px) 100vw, 900px\" \/><figcaption>Osmarino Souza nos armaz\u00e9ns da CDP  (foto de Ded\u00e9 Mesquita) <\/figcaption><\/figure><\/div>\n\n\n\n<div class=\"wp-block-image\"><figure class=\"aligncenter size-full\"><img loading=\"lazy\" decoding=\"async\" width=\"900\" height=\"675\" src=\"https:\/\/dedemesquita.com.br\/wp-content\/uploads\/2022\/10\/20221005_191025.jpg\" alt=\"\" class=\"wp-image-4970\" srcset=\"https:\/\/dedemesquita.com.br\/wp-content\/uploads\/2022\/10\/20221005_191025.jpg 900w, https:\/\/dedemesquita.com.br\/wp-content\/uploads\/2022\/10\/20221005_191025-768x576.jpg 768w\" sizes=\"(max-width: 900px) 100vw, 900px\" \/><figcaption>O onipresente rep\u00f3rter Carlos Brito, da TV Liberal, na entrada ao vivo no JL 2  (foto de Ded\u00e9 Mesquita) <\/figcaption><\/figure><\/div>\n\n\n\n<div class=\"wp-block-image\"><figure class=\"aligncenter size-full\"><img loading=\"lazy\" decoding=\"async\" width=\"900\" height=\"675\" src=\"https:\/\/dedemesquita.com.br\/wp-content\/uploads\/2022\/10\/20221005_190529.jpg\" alt=\"\" class=\"wp-image-4971\" srcset=\"https:\/\/dedemesquita.com.br\/wp-content\/uploads\/2022\/10\/20221005_190529.jpg 900w, https:\/\/dedemesquita.com.br\/wp-content\/uploads\/2022\/10\/20221005_190529-768x576.jpg 768w\" sizes=\"(max-width: 900px) 100vw, 900px\" \/><figcaption>Agnaldo, cinegrafista da Diretoria da Festa de Nazar\u00e9  (foto de Ded\u00e9 Mesquita) <\/figcaption><\/figure><\/div>\n\n\n\n<div class=\"wp-block-image\"><figure class=\"aligncenter size-full\"><img loading=\"lazy\" decoding=\"async\" width=\"900\" height=\"680\" src=\"https:\/\/dedemesquita.com.br\/wp-content\/uploads\/2022\/10\/20221005_190124.jpg\" alt=\"\" class=\"wp-image-4972\" srcset=\"https:\/\/dedemesquita.com.br\/wp-content\/uploads\/2022\/10\/20221005_190124.jpg 900w, https:\/\/dedemesquita.com.br\/wp-content\/uploads\/2022\/10\/20221005_190124-768x580.jpg 768w\" sizes=\"(max-width: 900px) 100vw, 900px\" \/><figcaption>Anna Paula Mello, da TV Cultura  (foto de Ded\u00e9 Mesquita) <\/figcaption><\/figure><\/div>\n\n\n\n<div class=\"wp-block-image\"><figure class=\"aligncenter size-full\"><img loading=\"lazy\" decoding=\"async\" width=\"900\" height=\"651\" src=\"https:\/\/dedemesquita.com.br\/wp-content\/uploads\/2022\/10\/20221005_190736.jpg\" alt=\"\" class=\"wp-image-4973\" srcset=\"https:\/\/dedemesquita.com.br\/wp-content\/uploads\/2022\/10\/20221005_190736.jpg 900w, https:\/\/dedemesquita.com.br\/wp-content\/uploads\/2022\/10\/20221005_190736-768x556.jpg 768w\" sizes=\"(max-width: 900px) 100vw, 900px\" \/><figcaption>Dinan Laredo, da RBA TV  (foto de Ded\u00e9 Mesquita) <\/figcaption><\/figure><\/div>\n\n\n\n<div class=\"wp-block-image\"><figure class=\"aligncenter size-full\"><img loading=\"lazy\" decoding=\"async\" width=\"2560\" height=\"1920\" src=\"https:\/\/dedemesquita.com.br\/wp-content\/uploads\/2022\/10\/20221005_191028-scaled.jpg\" alt=\"\" class=\"wp-image-4974\" srcset=\"https:\/\/dedemesquita.com.br\/wp-content\/uploads\/2022\/10\/20221005_191028-scaled.jpg 2560w, https:\/\/dedemesquita.com.br\/wp-content\/uploads\/2022\/10\/20221005_191028-768x576.jpg 768w, https:\/\/dedemesquita.com.br\/wp-content\/uploads\/2022\/10\/20221005_191028-1600x1200.jpg 1600w, https:\/\/dedemesquita.com.br\/wp-content\/uploads\/2022\/10\/20221005_191028-1536x1152.jpg 1536w, https:\/\/dedemesquita.com.br\/wp-content\/uploads\/2022\/10\/20221005_191028-2048x1536.jpg 2048w\" sizes=\"(max-width: 2560px) 100vw, 2560px\" \/><figcaption>Carlos Brito e Paulo da Gra\u00e7a se preparando da TV Liberal para o &#8220;ao vivo&#8221;  (foto de Ded\u00e9 Mesquita) <\/figcaption><\/figure><\/div>\n\n\n\n<div class=\"wp-block-image\"><figure class=\"aligncenter size-full\"><img loading=\"lazy\" decoding=\"async\" width=\"900\" height=\"675\" src=\"https:\/\/dedemesquita.com.br\/wp-content\/uploads\/2022\/10\/WhatsApp-Image-2022-10-07-at-20.07.59.jpeg\" alt=\"\" class=\"wp-image-5074\" srcset=\"https:\/\/dedemesquita.com.br\/wp-content\/uploads\/2022\/10\/WhatsApp-Image-2022-10-07-at-20.07.59.jpeg 900w, https:\/\/dedemesquita.com.br\/wp-content\/uploads\/2022\/10\/WhatsApp-Image-2022-10-07-at-20.07.59-768x576.jpeg 768w\" sizes=\"(max-width: 900px) 100vw, 900px\" \/><figcaption>Osmarino Souza durante a romaria que levou os carros do C\u00edrio para a CDP<\/figcaption><\/figure><\/div>\n\n\n\n<div class=\"wp-block-image\"><figure class=\"aligncenter size-full\"><img loading=\"lazy\" decoding=\"async\" width=\"700\" height=\"900\" src=\"https:\/\/dedemesquita.com.br\/wp-content\/uploads\/2022\/10\/WhatsApp-Image-2022-10-07-at-20.07.59-1.jpeg\" alt=\"\" class=\"wp-image-5075\"\/><figcaption>Osmarino com um dos carros do C\u00edrio <\/figcaption><\/figure><\/div>\n\n\n\n<p><strong>Visita da Imagem Peregrina de Nossa Senhora de Nazar\u00e9 ao Ver-o-Peso &#8211; <\/strong>Na quarta-feira,5, bem cedo, a imagem de Nossa Senhora de Nazar\u00e9 fez a tradicional visita ao Ver-o-Peso. <\/p>\n\n\n\n<div class=\"wp-block-image\"><figure class=\"aligncenter size-full\"><img loading=\"lazy\" decoding=\"async\" width=\"900\" height=\"675\" src=\"https:\/\/dedemesquita.com.br\/wp-content\/uploads\/2022\/10\/WhatsApp-Image-2022-10-07-at-20.07.58-1.jpeg\" alt=\"\" class=\"wp-image-5077\" srcset=\"https:\/\/dedemesquita.com.br\/wp-content\/uploads\/2022\/10\/WhatsApp-Image-2022-10-07-at-20.07.58-1.jpeg 900w, https:\/\/dedemesquita.com.br\/wp-content\/uploads\/2022\/10\/WhatsApp-Image-2022-10-07-at-20.07.58-1-768x576.jpeg 768w\" sizes=\"(max-width: 900px) 100vw, 900px\" \/><figcaption>Jimmy Night e Osmarino Souza na Veropa <\/figcaption><\/figure><\/div>\n\n\n\n<div class=\"wp-block-image\"><figure class=\"aligncenter size-full\"><img loading=\"lazy\" decoding=\"async\" width=\"900\" height=\"675\" src=\"https:\/\/dedemesquita.com.br\/wp-content\/uploads\/2022\/10\/WhatsApp-Image-2022-10-07-at-20.07.58-2.jpeg\" alt=\"\" class=\"wp-image-5078\" srcset=\"https:\/\/dedemesquita.com.br\/wp-content\/uploads\/2022\/10\/WhatsApp-Image-2022-10-07-at-20.07.58-2.jpeg 900w, https:\/\/dedemesquita.com.br\/wp-content\/uploads\/2022\/10\/WhatsApp-Image-2022-10-07-at-20.07.58-2-768x576.jpeg 768w\" sizes=\"(max-width: 900px) 100vw, 900px\" \/><figcaption>Osmarino Souza e a equipe da reda\u00e7\u00e3o Integrada O Liberal, al\u00e9m de Adriano Nascimento (de blusa preta)<\/figcaption><\/figure><\/div>\n","protected":false},"excerpt":{"rendered":"<p>Na manh\u00e3 de quarta-feira, 9, os carros do C\u00edrio de Nazar\u00e9 estiveram em exposi\u00e7\u00e3o em frente \u00e0 Bas\u00edlica Santu\u00e1rio de Nossa Senhora de Nazar\u00e9. Eles foram retirados da Esta\u00e7\u00e3o dos Carros pela Diretoria de Prociss\u00f5es e pelos Guardas de Nazar\u00e9 e ficaram em frente ao Santu\u00e1rio de Nazar\u00e9 at\u00e9 o momento do transporte para os [&hellip;]<\/p>\n","protected":false},"author":2,"featured_media":4970,"comment_status":"open","ping_status":"open","sticky":false,"template":"","format":"standard","meta":{"footnotes":""},"categories":[51,14,29],"tags":[306,119,120,137],"class_list":["post-4968","post","type-post","status-publish","format-standard","has-post-thumbnail","hentry","category-destaque","category-imprensa","category-jornalismo","tag-cirio-2022","tag-jornalismo","tag-jornalistas-paraenses-em-acao","tag-tv-liberal"],"yoast_head":"<!-- This site is optimized with the Yoast SEO plugin v19.10 - https:\/\/yoast.com\/wordpress\/plugins\/seo\/ -->\n<title>Imprensa no C\u00edrio 2022: transporte dos carros para a CDP - Ded\u00e9 Mesquita<\/title>\n<meta name=\"robots\" content=\"index, follow, max-snippet:-1, max-image-preview:large, max-video-preview:-1\" \/>\n<link rel=\"canonical\" href=\"https:\/\/dedemesquita.com.br\/?p=4968\" \/>\n<meta property=\"og:locale\" content=\"pt_BR\" \/>\n<meta property=\"og:type\" content=\"article\" \/>\n<meta property=\"og:title\" content=\"Imprensa no C\u00edrio 2022: transporte dos carros para a CDP - Ded\u00e9 Mesquita\" \/>\n<meta property=\"og:description\" content=\"Na manh\u00e3 de quarta-feira, 9, os carros do C\u00edrio de Nazar\u00e9 estiveram em exposi\u00e7\u00e3o em frente \u00e0 Bas\u00edlica Santu\u00e1rio de Nossa Senhora de Nazar\u00e9. Eles foram retirados da Esta\u00e7\u00e3o dos Carros pela Diretoria de Prociss\u00f5es e pelos Guardas de Nazar\u00e9 e ficaram em frente ao Santu\u00e1rio de Nazar\u00e9 at\u00e9 o momento do transporte para os [&hellip;]\" \/>\n<meta property=\"og:url\" content=\"https:\/\/dedemesquita.com.br\/?p=4968\" \/>\n<meta property=\"og:site_name\" content=\"Ded\u00e9 Mesquita\" \/>\n<meta property=\"article:publisher\" content=\"https:\/\/www.facebook.com\/dede.mesquita\" \/>\n<meta property=\"article:published_time\" content=\"2022-10-07T19:50:30+00:00\" \/>\n<meta property=\"article:modified_time\" content=\"2022-10-07T23:24:32+00:00\" \/>\n<meta property=\"og:image\" content=\"https:\/\/dedemesquita.com.br\/wp-content\/uploads\/2022\/10\/20221005_191025.jpg\" \/>\n\t<meta property=\"og:image:width\" content=\"900\" \/>\n\t<meta property=\"og:image:height\" content=\"675\" \/>\n\t<meta property=\"og:image:type\" content=\"image\/jpeg\" \/>\n<meta name=\"author\" content=\"Ded\u00e9 Mesquita\" \/>\n<meta name=\"twitter:card\" content=\"summary_large_image\" \/>\n<meta name=\"twitter:creator\" content=\"@dedemesquita\" \/>\n<meta name=\"twitter:site\" content=\"@dedemesquita\" \/>\n<meta name=\"twitter:label1\" content=\"Escrito por\" \/>\n\t<meta name=\"twitter:data1\" content=\"Ded\u00e9 Mesquita\" \/>\n\t<meta name=\"twitter:label2\" content=\"Est. tempo de leitura\" \/>\n\t<meta name=\"twitter:data2\" content=\"5 minutos\" \/>\n<script type=\"application\/ld+json\" class=\"yoast-schema-graph\">{\"@context\":\"https:\/\/schema.org\",\"@graph\":[{\"@type\":\"WebPage\",\"@id\":\"https:\/\/dedemesquita.com.br\/?p=4968\",\"url\":\"https:\/\/dedemesquita.com.br\/?p=4968\",\"name\":\"Imprensa no C\u00edrio 2022: transporte dos carros para a CDP - Ded\u00e9 Mesquita\",\"isPartOf\":{\"@id\":\"https:\/\/dedemesquita.com.br\/#website\"},\"datePublished\":\"2022-10-07T19:50:30+00:00\",\"dateModified\":\"2022-10-07T23:24:32+00:00\",\"author\":{\"@id\":\"https:\/\/dedemesquita.com.br\/#\/schema\/person\/36571f81dd2d76dc3ab37231542c9e24\"},\"breadcrumb\":{\"@id\":\"https:\/\/dedemesquita.com.br\/?p=4968#breadcrumb\"},\"inLanguage\":\"pt-BR\",\"potentialAction\":[{\"@type\":\"ReadAction\",\"target\":[\"https:\/\/dedemesquita.com.br\/?p=4968\"]}]},{\"@type\":\"BreadcrumbList\",\"@id\":\"https:\/\/dedemesquita.com.br\/?p=4968#breadcrumb\",\"itemListElement\":[{\"@type\":\"ListItem\",\"position\":1,\"name\":\"In\u00edcio\",\"item\":\"https:\/\/dedemesquita.com.br\/\"},{\"@type\":\"ListItem\",\"position\":2,\"name\":\"Imprensa no C\u00edrio 2022: transporte dos carros para a CDP\"}]},{\"@type\":\"WebSite\",\"@id\":\"https:\/\/dedemesquita.com.br\/#website\",\"url\":\"https:\/\/dedemesquita.com.br\/\",\"name\":\"Ded\u00e9 Mesquita\",\"description\":\"Um site que mostra os bastidores da imprensa no estado do Par\u00e1 e em Bel\u00e9m\",\"potentialAction\":[{\"@type\":\"SearchAction\",\"target\":{\"@type\":\"EntryPoint\",\"urlTemplate\":\"https:\/\/dedemesquita.com.br\/?s={search_term_string}\"},\"query-input\":\"required name=search_term_string\"}],\"inLanguage\":\"pt-BR\"},{\"@type\":\"Person\",\"@id\":\"https:\/\/dedemesquita.com.br\/#\/schema\/person\/36571f81dd2d76dc3ab37231542c9e24\",\"name\":\"Ded\u00e9 Mesquita\",\"image\":{\"@type\":\"ImageObject\",\"inLanguage\":\"pt-BR\",\"@id\":\"https:\/\/dedemesquita.com.br\/#\/schema\/person\/image\/\",\"url\":\"https:\/\/dedemesquita.com.br\/wp-content\/uploads\/2021\/02\/foto_perfil-150x150.jpg\",\"contentUrl\":\"https:\/\/dedemesquita.com.br\/wp-content\/uploads\/2021\/02\/foto_perfil-150x150.jpg\",\"caption\":\"Ded\u00e9 Mesquita\"},\"sameAs\":[\"https:\/\/dedemesquita.com.br\"]}]}<\/script>\n<!-- \/ Yoast SEO plugin. -->","yoast_head_json":{"title":"Imprensa no C\u00edrio 2022: transporte dos carros para a CDP - Ded\u00e9 Mesquita","robots":{"index":"index","follow":"follow","max-snippet":"max-snippet:-1","max-image-preview":"max-image-preview:large","max-video-preview":"max-video-preview:-1"},"canonical":"https:\/\/dedemesquita.com.br\/?p=4968","og_locale":"pt_BR","og_type":"article","og_title":"Imprensa no C\u00edrio 2022: transporte dos carros para a CDP - Ded\u00e9 Mesquita","og_description":"Na manh\u00e3 de quarta-feira, 9, os carros do C\u00edrio de Nazar\u00e9 estiveram em exposi\u00e7\u00e3o em frente \u00e0 Bas\u00edlica Santu\u00e1rio de Nossa Senhora de Nazar\u00e9. Eles foram retirados da Esta\u00e7\u00e3o dos Carros pela Diretoria de Prociss\u00f5es e pelos Guardas de Nazar\u00e9 e ficaram em frente ao Santu\u00e1rio de Nazar\u00e9 at\u00e9 o momento do transporte para os [&hellip;]","og_url":"https:\/\/dedemesquita.com.br\/?p=4968","og_site_name":"Ded\u00e9 Mesquita","article_publisher":"https:\/\/www.facebook.com\/dede.mesquita","article_published_time":"2022-10-07T19:50:30+00:00","article_modified_time":"2022-10-07T23:24:32+00:00","og_image":[{"width":900,"height":675,"url":"https:\/\/dedemesquita.com.br\/wp-content\/uploads\/2022\/10\/20221005_191025.jpg","type":"image\/jpeg"}],"author":"Ded\u00e9 Mesquita","twitter_card":"summary_large_image","twitter_creator":"@dedemesquita","twitter_site":"@dedemesquita","twitter_misc":{"Escrito por":"Ded\u00e9 Mesquita","Est. tempo de leitura":"5 minutos"},"schema":{"@context":"https:\/\/schema.org","@graph":[{"@type":"WebPage","@id":"https:\/\/dedemesquita.com.br\/?p=4968","url":"https:\/\/dedemesquita.com.br\/?p=4968","name":"Imprensa no C\u00edrio 2022: transporte dos carros para a CDP - Ded\u00e9 Mesquita","isPartOf":{"@id":"https:\/\/dedemesquita.com.br\/#website"},"datePublished":"2022-10-07T19:50:30+00:00","dateModified":"2022-10-07T23:24:32+00:00","author":{"@id":"https:\/\/dedemesquita.com.br\/#\/schema\/person\/36571f81dd2d76dc3ab37231542c9e24"},"breadcrumb":{"@id":"https:\/\/dedemesquita.com.br\/?p=4968#breadcrumb"},"inLanguage":"pt-BR","potentialAction":[{"@type":"ReadAction","target":["https:\/\/dedemesquita.com.br\/?p=4968"]}]},{"@type":"BreadcrumbList","@id":"https:\/\/dedemesquita.com.br\/?p=4968#breadcrumb","itemListElement":[{"@type":"ListItem","position":1,"name":"In\u00edcio","item":"https:\/\/dedemesquita.com.br\/"},{"@type":"ListItem","position":2,"name":"Imprensa no C\u00edrio 2022: transporte dos carros para a CDP"}]},{"@type":"WebSite","@id":"https:\/\/dedemesquita.com.br\/#website","url":"https:\/\/dedemesquita.com.br\/","name":"Ded\u00e9 Mesquita","description":"Um site que mostra os bastidores da imprensa no estado do Par\u00e1 e em Bel\u00e9m","potentialAction":[{"@type":"SearchAction","target":{"@type":"EntryPoint","urlTemplate":"https:\/\/dedemesquita.com.br\/?s={search_term_string}"},"query-input":"required name=search_term_string"}],"inLanguage":"pt-BR"},{"@type":"Person","@id":"https:\/\/dedemesquita.com.br\/#\/schema\/person\/36571f81dd2d76dc3ab37231542c9e24","name":"Ded\u00e9 Mesquita","image":{"@type":"ImageObject","inLanguage":"pt-BR","@id":"https:\/\/dedemesquita.com.br\/#\/schema\/person\/image\/","url":"https:\/\/dedemesquita.com.br\/wp-content\/uploads\/2021\/02\/foto_perfil-150x150.jpg","contentUrl":"https:\/\/dedemesquita.com.br\/wp-content\/uploads\/2021\/02\/foto_perfil-150x150.jpg","caption":"Ded\u00e9 Mesquita"},"sameAs":["https:\/\/dedemesquita.com.br"]}]}},"_links":{"self":[{"href":"https:\/\/dedemesquita.com.br\/index.php?rest_route=\/wp\/v2\/posts\/4968"}],"collection":[{"href":"https:\/\/dedemesquita.com.br\/index.php?rest_route=\/wp\/v2\/posts"}],"about":[{"href":"https:\/\/dedemesquita.com.br\/index.php?rest_route=\/wp\/v2\/types\/post"}],"author":[{"embeddable":true,"href":"https:\/\/dedemesquita.com.br\/index.php?rest_route=\/wp\/v2\/users\/2"}],"replies":[{"embeddable":true,"href":"https:\/\/dedemesquita.com.br\/index.php?rest_route=%2Fwp%2Fv2%2Fcomments&post=4968"}],"version-history":[{"count":5,"href":"https:\/\/dedemesquita.com.br\/index.php?rest_route=\/wp\/v2\/posts\/4968\/revisions"}],"predecessor-version":[{"id":5079,"href":"https:\/\/dedemesquita.com.br\/index.php?rest_route=\/wp\/v2\/posts\/4968\/revisions\/5079"}],"wp:featuredmedia":[{"embeddable":true,"href":"https:\/\/dedemesquita.com.br\/index.php?rest_route=\/wp\/v2\/media\/4970"}],"wp:attachment":[{"href":"https:\/\/dedemesquita.com.br\/index.php?rest_route=%2Fwp%2Fv2%2Fmedia&parent=4968"}],"wp:term":[{"taxonomy":"category","embeddable":true,"href":"https:\/\/dedemesquita.com.br\/index.php?rest_route=%2Fwp%2Fv2%2Fcategories&post=4968"},{"taxonomy":"post_tag","embeddable":true,"href":"https:\/\/dedemesquita.com.br\/index.php?rest_route=%2Fwp%2Fv2%2Ftags&post=4968"}],"curies":[{"name":"wp","href":"https:\/\/api.w.org\/{rel}","templated":true}]}}