{"id":494,"date":"2020-04-02T08:44:00","date_gmt":"2020-04-02T11:44:00","guid":{"rendered":"https:\/\/dedemesquita.com.br\/?p=494"},"modified":"2021-03-01T09:44:41","modified_gmt":"2021-03-01T12:44:41","slug":"enfim-um-posicionamento-da-secretaria-vera-oliveira","status":"publish","type":"post","link":"https:\/\/dedemesquita.com.br\/?p=494","title":{"rendered":"Enfim, um posicionamento da &#8220;secret\u00e1ria&#8221; Vera Oliveira"},"content":{"rendered":"\n<p>Desde o in\u00edcio deste ano, quando come\u00e7aram a surgir den\u00fancias sobre os desmandos da &#8216;gest\u00e3o&#8217; Vera Oliveira \u00e0 frente da Secretaria de Estado de Comunica\u00e7\u00e3o (Secom\/ Ag\u00eancia Par\u00e1), juntamente com os assessores mais pr\u00f3ximos dela, William Serique e Fernanda Pinheiro, este site solicitou posicionamento de todos por l\u00e1. E nunca recebeu uma linha sequer, seja em nota ou &#8216;nota oficial&#8217;, mesmo sendo solicitado a mim que os questionamentos fossem encaminhados por e-mail. O que foi feito.<\/p>\n\n\n\n<p>E eis que, por conta desta postagem aqui: <a href=\"http:\/\/dedemesquita.com.br\/Post\/212123\/vera-oliveira-derruba-live-do-governador-helder-barbalho-para-esconder-denuncia-contra-ela\" target=\"_blank\" rel=\"noreferrer noopener\">Vera Oliveira derruba live do governador Helder Barbalho para esconder den\u00fancia contra ela<\/a>, a secretaria Vera Oliveira se manifestou, na noite de quarta-feira, 1.<\/p>\n\n\n\n<p>N\u00e3o a mim, especificamente, mas em forma de Nota Oficial, no perfil do Instagram da pr\u00f3pria Vera. N\u00e3o seria o caso de ser uma &#8220;nota oficial&#8221; do Governo do Estado?<\/p>\n\n\n\n<p>Mesmo que n\u00e3o tenha sido endere\u00e7ada a mim, e respeitando o dever jornal\u00edstico de ouvir e publicar &#8220;o outro lado&#8221;, aqui est\u00e1 a nota (veja cima).<\/p>\n\n\n\n<p>O que sei \u00e9 que as lives do governador Helder Barbalho, a partir de hoje, quinta-feira, 2, n\u00e3o ser\u00e3o mais as mesmas. Ficaremos de olho, \u00e9 claro.<\/p>\n","protected":false},"excerpt":{"rendered":"<p>Desde o in\u00edcio deste ano, quando come\u00e7aram a surgir den\u00fancias sobre os desmandos da &#8216;gest\u00e3o&#8217; Vera Oliveira \u00e0 frente da Secretaria de Estado de Comunica\u00e7\u00e3o (Secom\/ Ag\u00eancia Par\u00e1), juntamente com os assessores mais pr\u00f3ximos dela, William Serique e Fernanda Pinheiro, este site solicitou posicionamento de todos por l\u00e1. E nunca recebeu uma linha sequer, seja [&hellip;]<\/p>\n","protected":false},"author":2,"featured_media":495,"comment_status":"open","ping_status":"open","sticky":false,"template":"","format":"standard","meta":{"footnotes":""},"categories":[12],"tags":[59],"class_list":["post-494","post","type-post","status-publish","format-standard","has-post-thumbnail","hentry","category-politica","tag-direito-de-resposta"],"yoast_head":"<!-- This site is optimized with the Yoast SEO plugin v19.10 - https:\/\/yoast.com\/wordpress\/plugins\/seo\/ -->\n<title>Enfim, um posicionamento da &quot;secret\u00e1ria&quot; Vera Oliveira - Ded\u00e9 Mesquita<\/title>\n<meta name=\"robots\" content=\"index, follow, max-snippet:-1, max-image-preview:large, max-video-preview:-1\" \/>\n<link rel=\"canonical\" href=\"https:\/\/dedemesquita.com.br\/?p=494\" \/>\n<meta property=\"og:locale\" content=\"pt_BR\" \/>\n<meta property=\"og:type\" content=\"article\" \/>\n<meta property=\"og:title\" content=\"Enfim, um posicionamento da &quot;secret\u00e1ria&quot; Vera Oliveira - Ded\u00e9 Mesquita\" \/>\n<meta property=\"og:description\" content=\"Desde o in\u00edcio deste ano, quando come\u00e7aram a surgir den\u00fancias sobre os desmandos da &#8216;gest\u00e3o&#8217; Vera Oliveira \u00e0 frente da Secretaria de Estado de Comunica\u00e7\u00e3o (Secom\/ Ag\u00eancia Par\u00e1), juntamente com os assessores mais pr\u00f3ximos dela, William Serique e Fernanda Pinheiro, este site solicitou posicionamento de todos por l\u00e1. E nunca recebeu uma linha sequer, seja [&hellip;]\" \/>\n<meta property=\"og:url\" content=\"https:\/\/dedemesquita.com.br\/?p=494\" \/>\n<meta property=\"og:site_name\" content=\"Ded\u00e9 Mesquita\" \/>\n<meta property=\"article:publisher\" content=\"https:\/\/www.facebook.com\/dede.mesquita\" \/>\n<meta property=\"article:published_time\" content=\"2020-04-02T11:44:00+00:00\" \/>\n<meta property=\"article:modified_time\" content=\"2021-03-01T12:44:41+00:00\" \/>\n<meta property=\"og:image\" content=\"https:\/\/dedemesquita.com.br\/wp-content\/uploads\/2021\/03\/fe0d2b7af70045a499ae002900de08a2.jpeg\" \/>\n\t<meta property=\"og:image:width\" content=\"552\" \/>\n\t<meta property=\"og:image:height\" content=\"600\" \/>\n\t<meta property=\"og:image:type\" content=\"image\/jpeg\" \/>\n<meta name=\"author\" content=\"Ded\u00e9 Mesquita\" \/>\n<meta name=\"twitter:card\" content=\"summary_large_image\" \/>\n<meta name=\"twitter:creator\" content=\"@dedemesquita\" \/>\n<meta name=\"twitter:site\" content=\"@dedemesquita\" \/>\n<meta name=\"twitter:label1\" content=\"Escrito por\" \/>\n\t<meta name=\"twitter:data1\" content=\"Ded\u00e9 Mesquita\" \/>\n\t<meta name=\"twitter:label2\" content=\"Est. tempo de leitura\" \/>\n\t<meta name=\"twitter:data2\" content=\"1 minuto\" \/>\n<script type=\"application\/ld+json\" class=\"yoast-schema-graph\">{\"@context\":\"https:\/\/schema.org\",\"@graph\":[{\"@type\":\"WebPage\",\"@id\":\"https:\/\/dedemesquita.com.br\/?p=494\",\"url\":\"https:\/\/dedemesquita.com.br\/?p=494\",\"name\":\"Enfim, um posicionamento da \\\"secret\u00e1ria\\\" Vera Oliveira - Ded\u00e9 Mesquita\",\"isPartOf\":{\"@id\":\"https:\/\/dedemesquita.com.br\/#website\"},\"datePublished\":\"2020-04-02T11:44:00+00:00\",\"dateModified\":\"2021-03-01T12:44:41+00:00\",\"author\":{\"@id\":\"https:\/\/dedemesquita.com.br\/#\/schema\/person\/36571f81dd2d76dc3ab37231542c9e24\"},\"breadcrumb\":{\"@id\":\"https:\/\/dedemesquita.com.br\/?p=494#breadcrumb\"},\"inLanguage\":\"pt-BR\",\"potentialAction\":[{\"@type\":\"ReadAction\",\"target\":[\"https:\/\/dedemesquita.com.br\/?p=494\"]}]},{\"@type\":\"BreadcrumbList\",\"@id\":\"https:\/\/dedemesquita.com.br\/?p=494#breadcrumb\",\"itemListElement\":[{\"@type\":\"ListItem\",\"position\":1,\"name\":\"In\u00edcio\",\"item\":\"https:\/\/dedemesquita.com.br\/\"},{\"@type\":\"ListItem\",\"position\":2,\"name\":\"Enfim, um posicionamento da &#8220;secret\u00e1ria&#8221; Vera Oliveira\"}]},{\"@type\":\"WebSite\",\"@id\":\"https:\/\/dedemesquita.com.br\/#website\",\"url\":\"https:\/\/dedemesquita.com.br\/\",\"name\":\"Ded\u00e9 Mesquita\",\"description\":\"Um site que mostra os bastidores da imprensa no estado do Par\u00e1 e em Bel\u00e9m\",\"potentialAction\":[{\"@type\":\"SearchAction\",\"target\":{\"@type\":\"EntryPoint\",\"urlTemplate\":\"https:\/\/dedemesquita.com.br\/?s={search_term_string}\"},\"query-input\":\"required name=search_term_string\"}],\"inLanguage\":\"pt-BR\"},{\"@type\":\"Person\",\"@id\":\"https:\/\/dedemesquita.com.br\/#\/schema\/person\/36571f81dd2d76dc3ab37231542c9e24\",\"name\":\"Ded\u00e9 Mesquita\",\"image\":{\"@type\":\"ImageObject\",\"inLanguage\":\"pt-BR\",\"@id\":\"https:\/\/dedemesquita.com.br\/#\/schema\/person\/image\/\",\"url\":\"https:\/\/dedemesquita.com.br\/wp-content\/uploads\/2021\/02\/foto_perfil-150x150.jpg\",\"contentUrl\":\"https:\/\/dedemesquita.com.br\/wp-content\/uploads\/2021\/02\/foto_perfil-150x150.jpg\",\"caption\":\"Ded\u00e9 Mesquita\"},\"sameAs\":[\"https:\/\/dedemesquita.com.br\"]}]}<\/script>\n<!-- \/ Yoast SEO plugin. -->","yoast_head_json":{"title":"Enfim, um posicionamento da \"secret\u00e1ria\" Vera Oliveira - Ded\u00e9 Mesquita","robots":{"index":"index","follow":"follow","max-snippet":"max-snippet:-1","max-image-preview":"max-image-preview:large","max-video-preview":"max-video-preview:-1"},"canonical":"https:\/\/dedemesquita.com.br\/?p=494","og_locale":"pt_BR","og_type":"article","og_title":"Enfim, um posicionamento da \"secret\u00e1ria\" Vera Oliveira - Ded\u00e9 Mesquita","og_description":"Desde o in\u00edcio deste ano, quando come\u00e7aram a surgir den\u00fancias sobre os desmandos da &#8216;gest\u00e3o&#8217; Vera Oliveira \u00e0 frente da Secretaria de Estado de Comunica\u00e7\u00e3o (Secom\/ Ag\u00eancia Par\u00e1), juntamente com os assessores mais pr\u00f3ximos dela, William Serique e Fernanda Pinheiro, este site solicitou posicionamento de todos por l\u00e1. E nunca recebeu uma linha sequer, seja [&hellip;]","og_url":"https:\/\/dedemesquita.com.br\/?p=494","og_site_name":"Ded\u00e9 Mesquita","article_publisher":"https:\/\/www.facebook.com\/dede.mesquita","article_published_time":"2020-04-02T11:44:00+00:00","article_modified_time":"2021-03-01T12:44:41+00:00","og_image":[{"width":552,"height":600,"url":"https:\/\/dedemesquita.com.br\/wp-content\/uploads\/2021\/03\/fe0d2b7af70045a499ae002900de08a2.jpeg","type":"image\/jpeg"}],"author":"Ded\u00e9 Mesquita","twitter_card":"summary_large_image","twitter_creator":"@dedemesquita","twitter_site":"@dedemesquita","twitter_misc":{"Escrito por":"Ded\u00e9 Mesquita","Est. tempo de leitura":"1 minuto"},"schema":{"@context":"https:\/\/schema.org","@graph":[{"@type":"WebPage","@id":"https:\/\/dedemesquita.com.br\/?p=494","url":"https:\/\/dedemesquita.com.br\/?p=494","name":"Enfim, um posicionamento da \"secret\u00e1ria\" Vera Oliveira - Ded\u00e9 Mesquita","isPartOf":{"@id":"https:\/\/dedemesquita.com.br\/#website"},"datePublished":"2020-04-02T11:44:00+00:00","dateModified":"2021-03-01T12:44:41+00:00","author":{"@id":"https:\/\/dedemesquita.com.br\/#\/schema\/person\/36571f81dd2d76dc3ab37231542c9e24"},"breadcrumb":{"@id":"https:\/\/dedemesquita.com.br\/?p=494#breadcrumb"},"inLanguage":"pt-BR","potentialAction":[{"@type":"ReadAction","target":["https:\/\/dedemesquita.com.br\/?p=494"]}]},{"@type":"BreadcrumbList","@id":"https:\/\/dedemesquita.com.br\/?p=494#breadcrumb","itemListElement":[{"@type":"ListItem","position":1,"name":"In\u00edcio","item":"https:\/\/dedemesquita.com.br\/"},{"@type":"ListItem","position":2,"name":"Enfim, um posicionamento da &#8220;secret\u00e1ria&#8221; Vera Oliveira"}]},{"@type":"WebSite","@id":"https:\/\/dedemesquita.com.br\/#website","url":"https:\/\/dedemesquita.com.br\/","name":"Ded\u00e9 Mesquita","description":"Um site que mostra os bastidores da imprensa no estado do Par\u00e1 e em Bel\u00e9m","potentialAction":[{"@type":"SearchAction","target":{"@type":"EntryPoint","urlTemplate":"https:\/\/dedemesquita.com.br\/?s={search_term_string}"},"query-input":"required name=search_term_string"}],"inLanguage":"pt-BR"},{"@type":"Person","@id":"https:\/\/dedemesquita.com.br\/#\/schema\/person\/36571f81dd2d76dc3ab37231542c9e24","name":"Ded\u00e9 Mesquita","image":{"@type":"ImageObject","inLanguage":"pt-BR","@id":"https:\/\/dedemesquita.com.br\/#\/schema\/person\/image\/","url":"https:\/\/dedemesquita.com.br\/wp-content\/uploads\/2021\/02\/foto_perfil-150x150.jpg","contentUrl":"https:\/\/dedemesquita.com.br\/wp-content\/uploads\/2021\/02\/foto_perfil-150x150.jpg","caption":"Ded\u00e9 Mesquita"},"sameAs":["https:\/\/dedemesquita.com.br"]}]}},"_links":{"self":[{"href":"https:\/\/dedemesquita.com.br\/index.php?rest_route=\/wp\/v2\/posts\/494"}],"collection":[{"href":"https:\/\/dedemesquita.com.br\/index.php?rest_route=\/wp\/v2\/posts"}],"about":[{"href":"https:\/\/dedemesquita.com.br\/index.php?rest_route=\/wp\/v2\/types\/post"}],"author":[{"embeddable":true,"href":"https:\/\/dedemesquita.com.br\/index.php?rest_route=\/wp\/v2\/users\/2"}],"replies":[{"embeddable":true,"href":"https:\/\/dedemesquita.com.br\/index.php?rest_route=%2Fwp%2Fv2%2Fcomments&post=494"}],"version-history":[{"count":2,"href":"https:\/\/dedemesquita.com.br\/index.php?rest_route=\/wp\/v2\/posts\/494\/revisions"}],"predecessor-version":[{"id":719,"href":"https:\/\/dedemesquita.com.br\/index.php?rest_route=\/wp\/v2\/posts\/494\/revisions\/719"}],"wp:featuredmedia":[{"embeddable":true,"href":"https:\/\/dedemesquita.com.br\/index.php?rest_route=\/wp\/v2\/media\/495"}],"wp:attachment":[{"href":"https:\/\/dedemesquita.com.br\/index.php?rest_route=%2Fwp%2Fv2%2Fmedia&parent=494"}],"wp:term":[{"taxonomy":"category","embeddable":true,"href":"https:\/\/dedemesquita.com.br\/index.php?rest_route=%2Fwp%2Fv2%2Fcategories&post=494"},{"taxonomy":"post_tag","embeddable":true,"href":"https:\/\/dedemesquita.com.br\/index.php?rest_route=%2Fwp%2Fv2%2Ftags&post=494"}],"curies":[{"name":"wp","href":"https:\/\/api.w.org\/{rel}","templated":true}]}}