{"id":491,"date":"2020-04-01T20:42:00","date_gmt":"2020-04-01T23:42:00","guid":{"rendered":"https:\/\/dedemesquita.com.br\/?p=491"},"modified":"2021-03-01T09:40:38","modified_gmt":"2021-03-01T12:40:38","slug":"vera-oliveira-derruba-live-do-governador-helder-barbalho-para-esconder-denuncia-contra-ela","status":"publish","type":"post","link":"https:\/\/dedemesquita.com.br\/?p=491","title":{"rendered":"Vera Oliveira derruba live do governador Helder Barbalho para esconder den\u00fancia contra ela"},"content":{"rendered":"\n<p>A tradicional live do governador Helder Barbalho, no final da tarde, em todos esses dias de quarentena do coronav\u00edrus, subitamente, foi interrompida, na tarde desta quarta-feira, 1\u00ba. Foi porque o servidor caiu? N\u00e3o! Foi porque a internet travou? Muito menos isso.<\/p>\n\n\n\n<p>A live do governador, vejam bem, do governador, foi interrompida por ordem da \u201csecret\u00e1ria\u201d de Comunica\u00e7\u00e3o do Estado do Par\u00e1, Vera Oliveira. Ordem dada, ordem cumprida.<\/p>\n\n\n\n<p>Mas o print n\u00e3o morre, queridos!<\/p>\n\n\n\n<p>Den\u00fancia &#8211; O que foi dito na live de Heldissss foi um recado direto para Vera Oliveira: \u201cVera Oliveira, da Comunica\u00e7\u00e3o, t\u00e1 pedindo 50% dos contratos da Secom!!!!!\u201d. Quem mandou o coment\u00e1rio assina como @nota.derepudio, um perfil criado, unicamente, para esse fim, provavelmente.<\/p>\n\n\n\n<p>O que este site tem a dizer \u00e9 que esses boatos de \u201crachadinha\u201d dentro da Secretaria de Comunica\u00e7\u00e3o do Estado (Secom) j\u00e1 est\u00e3o pipocando em Bel\u00e9m h\u00e1 bastante tempo, praticamente, desde que come\u00e7ou o governo Helder Barbalho, no ano passado. Os mais chegados sabem o que acontece nos bastidores. \u00c9 dinheiro. E n\u00e3o \u00e9 pouco.<\/p>\n\n\n\n<p>Mas, tirar um pronunciamento do governador do Estado, do ar, em um momento em que a primeira morte por coronav\u00edrus no Par\u00e1 acabara de ser anunciada, na tentativa de livrar a pr\u00f3pria cara, \u00e9 um pouco demais, n\u00e3o concordam? Mesmo em se tratando de Vera Oliveira.<\/p>\n","protected":false},"excerpt":{"rendered":"<p>A tradicional live do governador Helder Barbalho, no final da tarde, em todos esses dias de quarentena do coronav\u00edrus, subitamente, foi interrompida, na tarde desta quarta-feira, 1\u00ba. Foi porque o servidor caiu? N\u00e3o! Foi porque a internet travou? Muito menos isso. A live do governador, vejam bem, do governador, foi interrompida por ordem da \u201csecret\u00e1ria\u201d [&hellip;]<\/p>\n","protected":false},"author":2,"featured_media":492,"comment_status":"open","ping_status":"open","sticky":false,"template":"","format":"standard","meta":{"footnotes":""},"categories":[12],"tags":[58],"class_list":["post-491","post","type-post","status-publish","format-standard","has-post-thumbnail","hentry","category-politica","tag-corrupcao-na-secom"],"yoast_head":"<!-- This site is optimized with the Yoast SEO plugin v19.10 - https:\/\/yoast.com\/wordpress\/plugins\/seo\/ -->\n<title>Vera Oliveira derruba live do governador Helder Barbalho para esconder den\u00fancia contra ela - Ded\u00e9 Mesquita<\/title>\n<meta name=\"robots\" content=\"index, follow, max-snippet:-1, max-image-preview:large, max-video-preview:-1\" \/>\n<link rel=\"canonical\" href=\"https:\/\/dedemesquita.com.br\/?p=491\" \/>\n<meta property=\"og:locale\" content=\"pt_BR\" \/>\n<meta property=\"og:type\" content=\"article\" \/>\n<meta property=\"og:title\" content=\"Vera Oliveira derruba live do governador Helder Barbalho para esconder den\u00fancia contra ela - Ded\u00e9 Mesquita\" \/>\n<meta property=\"og:description\" content=\"A tradicional live do governador Helder Barbalho, no final da tarde, em todos esses dias de quarentena do coronav\u00edrus, subitamente, foi interrompida, na tarde desta quarta-feira, 1\u00ba. Foi porque o servidor caiu? N\u00e3o! Foi porque a internet travou? Muito menos isso. A live do governador, vejam bem, do governador, foi interrompida por ordem da \u201csecret\u00e1ria\u201d [&hellip;]\" \/>\n<meta property=\"og:url\" content=\"https:\/\/dedemesquita.com.br\/?p=491\" \/>\n<meta property=\"og:site_name\" content=\"Ded\u00e9 Mesquita\" \/>\n<meta property=\"article:publisher\" content=\"https:\/\/www.facebook.com\/dede.mesquita\" \/>\n<meta property=\"article:published_time\" content=\"2020-04-01T23:42:00+00:00\" \/>\n<meta property=\"article:modified_time\" content=\"2021-03-01T12:40:38+00:00\" \/>\n<meta property=\"og:image\" content=\"https:\/\/dedemesquita.com.br\/wp-content\/uploads\/2021\/03\/bc24241eeb54423b8edecc0ab436c43a.jpg\" \/>\n\t<meta property=\"og:image:width\" content=\"800\" \/>\n\t<meta property=\"og:image:height\" content=\"574\" \/>\n\t<meta property=\"og:image:type\" content=\"image\/jpeg\" \/>\n<meta name=\"author\" content=\"Ded\u00e9 Mesquita\" \/>\n<meta name=\"twitter:card\" content=\"summary_large_image\" \/>\n<meta name=\"twitter:creator\" content=\"@dedemesquita\" \/>\n<meta name=\"twitter:site\" content=\"@dedemesquita\" \/>\n<meta name=\"twitter:label1\" content=\"Escrito por\" \/>\n\t<meta name=\"twitter:data1\" content=\"Ded\u00e9 Mesquita\" \/>\n\t<meta name=\"twitter:label2\" content=\"Est. tempo de leitura\" \/>\n\t<meta name=\"twitter:data2\" content=\"1 minuto\" \/>\n<script type=\"application\/ld+json\" class=\"yoast-schema-graph\">{\"@context\":\"https:\/\/schema.org\",\"@graph\":[{\"@type\":\"WebPage\",\"@id\":\"https:\/\/dedemesquita.com.br\/?p=491\",\"url\":\"https:\/\/dedemesquita.com.br\/?p=491\",\"name\":\"Vera Oliveira derruba live do governador Helder Barbalho para esconder den\u00fancia contra ela - Ded\u00e9 Mesquita\",\"isPartOf\":{\"@id\":\"https:\/\/dedemesquita.com.br\/#website\"},\"datePublished\":\"2020-04-01T23:42:00+00:00\",\"dateModified\":\"2021-03-01T12:40:38+00:00\",\"author\":{\"@id\":\"https:\/\/dedemesquita.com.br\/#\/schema\/person\/36571f81dd2d76dc3ab37231542c9e24\"},\"breadcrumb\":{\"@id\":\"https:\/\/dedemesquita.com.br\/?p=491#breadcrumb\"},\"inLanguage\":\"pt-BR\",\"potentialAction\":[{\"@type\":\"ReadAction\",\"target\":[\"https:\/\/dedemesquita.com.br\/?p=491\"]}]},{\"@type\":\"BreadcrumbList\",\"@id\":\"https:\/\/dedemesquita.com.br\/?p=491#breadcrumb\",\"itemListElement\":[{\"@type\":\"ListItem\",\"position\":1,\"name\":\"In\u00edcio\",\"item\":\"https:\/\/dedemesquita.com.br\/\"},{\"@type\":\"ListItem\",\"position\":2,\"name\":\"Vera Oliveira derruba live do governador Helder Barbalho para esconder den\u00fancia contra ela\"}]},{\"@type\":\"WebSite\",\"@id\":\"https:\/\/dedemesquita.com.br\/#website\",\"url\":\"https:\/\/dedemesquita.com.br\/\",\"name\":\"Ded\u00e9 Mesquita\",\"description\":\"Um site que mostra os bastidores da imprensa no estado do Par\u00e1 e em Bel\u00e9m\",\"potentialAction\":[{\"@type\":\"SearchAction\",\"target\":{\"@type\":\"EntryPoint\",\"urlTemplate\":\"https:\/\/dedemesquita.com.br\/?s={search_term_string}\"},\"query-input\":\"required name=search_term_string\"}],\"inLanguage\":\"pt-BR\"},{\"@type\":\"Person\",\"@id\":\"https:\/\/dedemesquita.com.br\/#\/schema\/person\/36571f81dd2d76dc3ab37231542c9e24\",\"name\":\"Ded\u00e9 Mesquita\",\"image\":{\"@type\":\"ImageObject\",\"inLanguage\":\"pt-BR\",\"@id\":\"https:\/\/dedemesquita.com.br\/#\/schema\/person\/image\/\",\"url\":\"https:\/\/dedemesquita.com.br\/wp-content\/uploads\/2021\/02\/foto_perfil-150x150.jpg\",\"contentUrl\":\"https:\/\/dedemesquita.com.br\/wp-content\/uploads\/2021\/02\/foto_perfil-150x150.jpg\",\"caption\":\"Ded\u00e9 Mesquita\"},\"sameAs\":[\"https:\/\/dedemesquita.com.br\"]}]}<\/script>\n<!-- \/ Yoast SEO plugin. -->","yoast_head_json":{"title":"Vera Oliveira derruba live do governador Helder Barbalho para esconder den\u00fancia contra ela - Ded\u00e9 Mesquita","robots":{"index":"index","follow":"follow","max-snippet":"max-snippet:-1","max-image-preview":"max-image-preview:large","max-video-preview":"max-video-preview:-1"},"canonical":"https:\/\/dedemesquita.com.br\/?p=491","og_locale":"pt_BR","og_type":"article","og_title":"Vera Oliveira derruba live do governador Helder Barbalho para esconder den\u00fancia contra ela - Ded\u00e9 Mesquita","og_description":"A tradicional live do governador Helder Barbalho, no final da tarde, em todos esses dias de quarentena do coronav\u00edrus, subitamente, foi interrompida, na tarde desta quarta-feira, 1\u00ba. Foi porque o servidor caiu? N\u00e3o! Foi porque a internet travou? Muito menos isso. A live do governador, vejam bem, do governador, foi interrompida por ordem da \u201csecret\u00e1ria\u201d [&hellip;]","og_url":"https:\/\/dedemesquita.com.br\/?p=491","og_site_name":"Ded\u00e9 Mesquita","article_publisher":"https:\/\/www.facebook.com\/dede.mesquita","article_published_time":"2020-04-01T23:42:00+00:00","article_modified_time":"2021-03-01T12:40:38+00:00","og_image":[{"width":800,"height":574,"url":"https:\/\/dedemesquita.com.br\/wp-content\/uploads\/2021\/03\/bc24241eeb54423b8edecc0ab436c43a.jpg","type":"image\/jpeg"}],"author":"Ded\u00e9 Mesquita","twitter_card":"summary_large_image","twitter_creator":"@dedemesquita","twitter_site":"@dedemesquita","twitter_misc":{"Escrito por":"Ded\u00e9 Mesquita","Est. tempo de leitura":"1 minuto"},"schema":{"@context":"https:\/\/schema.org","@graph":[{"@type":"WebPage","@id":"https:\/\/dedemesquita.com.br\/?p=491","url":"https:\/\/dedemesquita.com.br\/?p=491","name":"Vera Oliveira derruba live do governador Helder Barbalho para esconder den\u00fancia contra ela - Ded\u00e9 Mesquita","isPartOf":{"@id":"https:\/\/dedemesquita.com.br\/#website"},"datePublished":"2020-04-01T23:42:00+00:00","dateModified":"2021-03-01T12:40:38+00:00","author":{"@id":"https:\/\/dedemesquita.com.br\/#\/schema\/person\/36571f81dd2d76dc3ab37231542c9e24"},"breadcrumb":{"@id":"https:\/\/dedemesquita.com.br\/?p=491#breadcrumb"},"inLanguage":"pt-BR","potentialAction":[{"@type":"ReadAction","target":["https:\/\/dedemesquita.com.br\/?p=491"]}]},{"@type":"BreadcrumbList","@id":"https:\/\/dedemesquita.com.br\/?p=491#breadcrumb","itemListElement":[{"@type":"ListItem","position":1,"name":"In\u00edcio","item":"https:\/\/dedemesquita.com.br\/"},{"@type":"ListItem","position":2,"name":"Vera Oliveira derruba live do governador Helder Barbalho para esconder den\u00fancia contra ela"}]},{"@type":"WebSite","@id":"https:\/\/dedemesquita.com.br\/#website","url":"https:\/\/dedemesquita.com.br\/","name":"Ded\u00e9 Mesquita","description":"Um site que mostra os bastidores da imprensa no estado do Par\u00e1 e em Bel\u00e9m","potentialAction":[{"@type":"SearchAction","target":{"@type":"EntryPoint","urlTemplate":"https:\/\/dedemesquita.com.br\/?s={search_term_string}"},"query-input":"required name=search_term_string"}],"inLanguage":"pt-BR"},{"@type":"Person","@id":"https:\/\/dedemesquita.com.br\/#\/schema\/person\/36571f81dd2d76dc3ab37231542c9e24","name":"Ded\u00e9 Mesquita","image":{"@type":"ImageObject","inLanguage":"pt-BR","@id":"https:\/\/dedemesquita.com.br\/#\/schema\/person\/image\/","url":"https:\/\/dedemesquita.com.br\/wp-content\/uploads\/2021\/02\/foto_perfil-150x150.jpg","contentUrl":"https:\/\/dedemesquita.com.br\/wp-content\/uploads\/2021\/02\/foto_perfil-150x150.jpg","caption":"Ded\u00e9 Mesquita"},"sameAs":["https:\/\/dedemesquita.com.br"]}]}},"_links":{"self":[{"href":"https:\/\/dedemesquita.com.br\/index.php?rest_route=\/wp\/v2\/posts\/491"}],"collection":[{"href":"https:\/\/dedemesquita.com.br\/index.php?rest_route=\/wp\/v2\/posts"}],"about":[{"href":"https:\/\/dedemesquita.com.br\/index.php?rest_route=\/wp\/v2\/types\/post"}],"author":[{"embeddable":true,"href":"https:\/\/dedemesquita.com.br\/index.php?rest_route=\/wp\/v2\/users\/2"}],"replies":[{"embeddable":true,"href":"https:\/\/dedemesquita.com.br\/index.php?rest_route=%2Fwp%2Fv2%2Fcomments&post=491"}],"version-history":[{"count":1,"href":"https:\/\/dedemesquita.com.br\/index.php?rest_route=\/wp\/v2\/posts\/491\/revisions"}],"predecessor-version":[{"id":493,"href":"https:\/\/dedemesquita.com.br\/index.php?rest_route=\/wp\/v2\/posts\/491\/revisions\/493"}],"wp:featuredmedia":[{"embeddable":true,"href":"https:\/\/dedemesquita.com.br\/index.php?rest_route=\/wp\/v2\/media\/492"}],"wp:attachment":[{"href":"https:\/\/dedemesquita.com.br\/index.php?rest_route=%2Fwp%2Fv2%2Fmedia&parent=491"}],"wp:term":[{"taxonomy":"category","embeddable":true,"href":"https:\/\/dedemesquita.com.br\/index.php?rest_route=%2Fwp%2Fv2%2Fcategories&post=491"},{"taxonomy":"post_tag","embeddable":true,"href":"https:\/\/dedemesquita.com.br\/index.php?rest_route=%2Fwp%2Fv2%2Ftags&post=491"}],"curies":[{"name":"wp","href":"https:\/\/api.w.org\/{rel}","templated":true}]}}