{"id":4897,"date":"2022-10-04T11:36:36","date_gmt":"2022-10-04T14:36:36","guid":{"rendered":"https:\/\/dedemesquita.com.br\/?p=4897"},"modified":"2022-10-05T07:58:50","modified_gmt":"2022-10-05T10:58:50","slug":"premio-sebrae-de-jornalismo-e-cobertura-do-primeiro-turno-da-eleicao-geral-2022","status":"publish","type":"post","link":"https:\/\/dedemesquita.com.br\/?p=4897","title":{"rendered":"Pr\u00eamio Sebrae de Jornalismo e cobertura do primeiro turno da elei\u00e7\u00e3o geral 2022"},"content":{"rendered":"\n<p>Final do ano se aproximando e tudo acontece, ao mesmo tempo e agora. Na semana passada, precisamente na quinta-feira, dia 29, foi realizada a festa de entrega do pr\u00eamio Sebrae de Jornalismo, se\u00e7\u00e3o Par\u00e1. <\/p>\n\n\n\n<p>A cerim\u00f4nia foi apresentada pela intr\u00e9pida C\u00e9lia Pinho e teve a participa\u00e7\u00e3o muito especial do jornalista Chico Felitti, do jornal Folha de S. Paulo. E houve tamb\u00e9m uma homenagem ao jornalista e radialista Celso Freire, da r\u00e1dio Liberal FM, que foi finalista dessa etapa do pr\u00eamio e vencedor em alguns anos, e que faleceu no m\u00eas passado. <\/p>\n\n\n\n<p><strong>Vencedores &#8211; <\/strong>Os vencedores foram na categoria <strong>Texto:<\/strong> &#8220;Gastronomia que Surpreende e se Renova&#8221;, da Reda\u00e7\u00e3o Integrada O Liberal, com texto de <strong>Elisa Vaz<\/strong> e fotos de <strong>Tarso Sarraf<\/strong>; categoria<strong> V\u00eddeo:<\/strong> &#8220;Uma Ideia Transformadora &#8211; As Hist\u00f3rias de MEIs que Mudaram a Vida ao Seu Redor&#8221;, reportagem de <strong>F\u00e1bia Sep\u00eada<\/strong>, da TV Liberal; categoria <strong>\u00c1udio:<\/strong> &#8220;Busca pela Sobreviv\u00eancia Realiza o Sonho de Empreender&#8221;, respons\u00e1vel <strong>Kleberson Santos<\/strong>, do DOL; categoria <strong>Fotojornalismo:<\/strong> &#8220;Bancos Avan\u00e7am com Plano Amaz\u00f4nia, mas Especialista Defende Velocidade Maior para Financiamentos&#8221;, fotos de <strong>Marx Vasconcelos<\/strong> para reportagem de Andr\u00e9 Jankavski. <\/p>\n\n\n\n<div class=\"wp-block-image\"><figure class=\"aligncenter size-full\"><img loading=\"lazy\" decoding=\"async\" width=\"900\" height=\"599\" src=\"https:\/\/dedemesquita.com.br\/wp-content\/uploads\/2022\/10\/WhatsApp-Image-2022-09-30-at-17.27.17.jpeg\" alt=\"\" class=\"wp-image-4917\" srcset=\"https:\/\/dedemesquita.com.br\/wp-content\/uploads\/2022\/10\/WhatsApp-Image-2022-09-30-at-17.27.17.jpeg 900w, https:\/\/dedemesquita.com.br\/wp-content\/uploads\/2022\/10\/WhatsApp-Image-2022-09-30-at-17.27.17-768x511.jpeg 768w, https:\/\/dedemesquita.com.br\/wp-content\/uploads\/2022\/10\/WhatsApp-Image-2022-09-30-at-17.27.17-600x398.jpeg 600w\" sizes=\"(max-width: 900px) 100vw, 900px\" \/><figcaption>Nosso garoto-prod\u00edgio Marx Vasconcelos vencedor na categoria Fotojornalismo recebeu o pr\u00eamio das m\u00e3os de Chico Felitti <\/figcaption><\/figure><\/div>\n\n\n\n<div class=\"wp-block-image\"><figure class=\"aligncenter size-full\"><img loading=\"lazy\" decoding=\"async\" width=\"717\" height=\"776\" src=\"https:\/\/dedemesquita.com.br\/wp-content\/uploads\/2022\/10\/Screenshot_20220928-222018.jpg\" alt=\"\" class=\"wp-image-4899\"\/><figcaption>Daniel Nardin, Elisa Vaz e Tarso Sarraf, da Reda\u00e7\u00e3o Integrada O Liberal <\/figcaption><\/figure><\/div>\n\n\n\n<div class=\"wp-block-image\"><figure class=\"aligncenter size-full\"><img loading=\"lazy\" decoding=\"async\" width=\"717\" height=\"502\" src=\"https:\/\/dedemesquita.com.br\/wp-content\/uploads\/2022\/10\/Screenshot_20220929-185929.jpg\" alt=\"\" class=\"wp-image-4900\"\/><figcaption>Filipe Bispo Vale, Marx Vasconcelos e Let\u00edcia <\/figcaption><\/figure><\/div>\n\n\n\n<div class=\"wp-block-image\"><figure class=\"aligncenter size-full\"><img loading=\"lazy\" decoding=\"async\" width=\"720\" height=\"396\" src=\"https:\/\/dedemesquita.com.br\/wp-content\/uploads\/2022\/10\/Screenshot_20220929-214845.jpg\" alt=\"\" class=\"wp-image-4901\"\/><figcaption>Mois\u00e9s Nascimento e Jal\u00edlia Messias, da TV Liberal <\/figcaption><\/figure><\/div>\n\n\n\n<div class=\"wp-block-image\"><figure class=\"aligncenter size-full\"><img loading=\"lazy\" decoding=\"async\" width=\"719\" height=\"657\" src=\"https:\/\/dedemesquita.com.br\/wp-content\/uploads\/2022\/10\/Screenshot_20220929-214906.jpg\" alt=\"\" class=\"wp-image-4902\"\/><figcaption>Christian Emanoel, Daniela Mendon\u00e7a e Rosa Cardosa, esta foi j\u00fari do pr\u00eamio Sebrae de Jornalismo <\/figcaption><\/figure><\/div>\n\n\n\n<div class=\"wp-block-image\"><figure class=\"aligncenter size-full\"><img loading=\"lazy\" decoding=\"async\" width=\"900\" height=\"568\" src=\"https:\/\/dedemesquita.com.br\/wp-content\/uploads\/2022\/10\/rba.jpg\" alt=\"\" class=\"wp-image-4903\" srcset=\"https:\/\/dedemesquita.com.br\/wp-content\/uploads\/2022\/10\/rba.jpg 900w, https:\/\/dedemesquita.com.br\/wp-content\/uploads\/2022\/10\/rba-768x485.jpg 768w\" sizes=\"(max-width: 900px) 100vw, 900px\" \/><figcaption>Turma da RBA TV no pr\u00eamio Sebrae de Jornalismo <\/figcaption><\/figure><\/div>\n\n\n\n<div class=\"wp-block-image\"><figure class=\"aligncenter size-full\"><img loading=\"lazy\" decoding=\"async\" width=\"719\" height=\"951\" src=\"https:\/\/dedemesquita.com.br\/wp-content\/uploads\/2022\/10\/Screenshot_20220929-104203_Instagram.jpg\" alt=\"\" class=\"wp-image-4904\"\/><figcaption>Tarso Sarraf, Nathalia Melo, Elisa Vaz, Daleth Oliveira e Pedro Cruz <\/figcaption><\/figure><\/div>\n\n\n\n<div class=\"wp-block-image\"><figure class=\"aligncenter size-full\"><img loading=\"lazy\" decoding=\"async\" width=\"719\" height=\"481\" src=\"https:\/\/dedemesquita.com.br\/wp-content\/uploads\/2022\/10\/Screenshot_20220929-214926.jpg\" alt=\"\" class=\"wp-image-4905\"\/><figcaption>Os vencedores da etapa Par\u00e1 do pr\u00eamio Sebrae de Jornalismo 2022<\/figcaption><\/figure><\/div>\n\n\n\n<p class=\"has-text-align-center\"><strong>COBERTURA DO PRIMEIRO TURNO DA ELEI\u00c7\u00c3O GERAL DE 2022<\/strong><\/p>\n\n\n\n<p>Foi no domingo, 2, o primeiro turno da elei\u00e7\u00e3o geral 2022 que elegeu governadores de estados, senadores, deputados federais, estaduais e o presidente da Rep\u00fablica.<\/p>\n\n\n\n<p>No Par\u00e1, a elei\u00e7\u00e3o para governador foi decidida no primeiro turno e teremos mais quatro de Heldissss. Oh! gl\u00f3ria!<\/p>\n\n\n\n<p>Para presidente, decis\u00e3o em segundo turno entre Lula (PT) e o coiso. V\u00ea se voc\u00eas votam corretamente vamos banir esse c\u00e2ncer-tumor-biroliro-bozo do comando do Brasil.<\/p>\n\n\n\n<p>Veja quem participou da cobertura:<\/p>\n\n\n\n<div class=\"wp-block-image\"><figure class=\"aligncenter size-full\"><img loading=\"lazy\" decoding=\"async\" width=\"711\" height=\"623\" src=\"https:\/\/dedemesquita.com.br\/wp-content\/uploads\/2022\/10\/Screenshot_20221002-194741.jpg\" alt=\"\" class=\"wp-image-4907\"\/><figcaption>Thiago Gomes, Everaldo Nascimento, Tarso Sarraf, Sidney Oliveira, M\u00e1rcio Nagano, Filipe Bispo e Marx Vasconcelos &#8211; s\u00f3 MININO comportado &#8211; na reda\u00e7\u00e3o de O Liberal <\/figcaption><\/figure><\/div>\n\n\n\n<div class=\"wp-block-image\"><figure class=\"aligncenter size-full\"><img loading=\"lazy\" decoding=\"async\" width=\"720\" height=\"864\" src=\"https:\/\/dedemesquita.com.br\/wp-content\/uploads\/2022\/10\/Screenshot_20221002-194734.jpg\" alt=\"\" class=\"wp-image-4908\"\/><figcaption>Tarso Sarraf, Carolina Menezes, Marx Vasconcelos, Ricardo Amanaj\u00e1s, Kleberson Santos e Marco Santos <\/figcaption><\/figure><\/div>\n\n\n\n<div class=\"wp-block-image\"><figure class=\"aligncenter size-full\"><img loading=\"lazy\" decoding=\"async\" width=\"720\" height=\"812\" src=\"https:\/\/dedemesquita.com.br\/wp-content\/uploads\/2022\/10\/Screenshot_20221003-073235.jpg\" alt=\"\" class=\"wp-image-4909\"\/><figcaption>Vanessa Fortes indo para a pauta da elei\u00e7\u00e3o<\/figcaption><\/figure><\/div>\n\n\n\n<div class=\"wp-block-image\"><figure class=\"aligncenter size-full\"><img loading=\"lazy\" decoding=\"async\" width=\"700\" height=\"484\" src=\"https:\/\/dedemesquita.com.br\/wp-content\/uploads\/2022\/10\/Screenshot_20221003-231828.jpg\" alt=\"\" class=\"wp-image-4910\"\/><figcaption>Fabyo Cruz na apura\u00e7\u00e3o no Mangueirinho <\/figcaption><\/figure><\/div>\n\n\n\n<div class=\"wp-block-image\"><figure class=\"aligncenter size-full\"><img loading=\"lazy\" decoding=\"async\" width=\"718\" height=\"494\" src=\"https:\/\/dedemesquita.com.br\/wp-content\/uploads\/2022\/10\/Screenshot_20221003-073251.jpg\" alt=\"\" class=\"wp-image-4911\"\/><figcaption>Vanessa Fortes, Eduardo Laviano e Antenor Filho <\/figcaption><\/figure><\/div>\n\n\n\n<div class=\"wp-block-image\"><figure class=\"aligncenter size-full\"><img loading=\"lazy\" decoding=\"async\" width=\"700\" height=\"707\" src=\"https:\/\/dedemesquita.com.br\/wp-content\/uploads\/2022\/10\/Screenshot_20221004-181148.jpg\" alt=\"\" class=\"wp-image-4953\"\/><figcaption>Camila Em\u00edlia Barros, da assessoria da deputada Dilvanda Faro, e Alexandra Cavalcanti, da assessoria de comunica\u00e7\u00e3o do TRE-PA, durante a apura\u00e7\u00e3o das elei\u00e7\u00f5es<\/figcaption><\/figure><\/div>\n","protected":false},"excerpt":{"rendered":"<p>Final do ano se aproximando e tudo acontece, ao mesmo tempo e agora. Na semana passada, precisamente na quinta-feira, dia 29, foi realizada a festa de entrega do pr\u00eamio Sebrae de Jornalismo, se\u00e7\u00e3o Par\u00e1. A cerim\u00f4nia foi apresentada pela intr\u00e9pida C\u00e9lia Pinho e teve a participa\u00e7\u00e3o muito especial do jornalista Chico Felitti, do jornal Folha [&hellip;]<\/p>\n","protected":false},"author":2,"featured_media":4914,"comment_status":"open","ping_status":"open","sticky":false,"template":"","format":"standard","meta":{"footnotes":""},"categories":[51,14,29],"tags":[181,119,120,144,238,137],"class_list":["post-4897","post","type-post","status-publish","format-standard","has-post-thumbnail","hentry","category-destaque","category-imprensa","category-jornalismo","tag-diario-do-para","tag-jornalismo","tag-jornalistas-paraenses-em-acao","tag-o-liberal","tag-sebrae-para","tag-tv-liberal"],"yoast_head":"<!-- This site is optimized with the Yoast SEO plugin v19.10 - https:\/\/yoast.com\/wordpress\/plugins\/seo\/ -->\n<title>Pr\u00eamio Sebrae de Jornalismo e cobertura do primeiro turno da elei\u00e7\u00e3o geral 2022 - Ded\u00e9 Mesquita<\/title>\n<meta name=\"robots\" content=\"index, follow, max-snippet:-1, max-image-preview:large, max-video-preview:-1\" \/>\n<link rel=\"canonical\" href=\"https:\/\/dedemesquita.com.br\/?p=4897\" \/>\n<meta property=\"og:locale\" content=\"pt_BR\" \/>\n<meta property=\"og:type\" content=\"article\" \/>\n<meta property=\"og:title\" content=\"Pr\u00eamio Sebrae de Jornalismo e cobertura do primeiro turno da elei\u00e7\u00e3o geral 2022 - Ded\u00e9 Mesquita\" \/>\n<meta property=\"og:description\" content=\"Final do ano se aproximando e tudo acontece, ao mesmo tempo e agora. Na semana passada, precisamente na quinta-feira, dia 29, foi realizada a festa de entrega do pr\u00eamio Sebrae de Jornalismo, se\u00e7\u00e3o Par\u00e1. A cerim\u00f4nia foi apresentada pela intr\u00e9pida C\u00e9lia Pinho e teve a participa\u00e7\u00e3o muito especial do jornalista Chico Felitti, do jornal Folha [&hellip;]\" \/>\n<meta property=\"og:url\" content=\"https:\/\/dedemesquita.com.br\/?p=4897\" \/>\n<meta property=\"og:site_name\" content=\"Ded\u00e9 Mesquita\" \/>\n<meta property=\"article:publisher\" content=\"https:\/\/www.facebook.com\/dede.mesquita\" \/>\n<meta property=\"article:published_time\" content=\"2022-10-04T14:36:36+00:00\" \/>\n<meta property=\"article:modified_time\" content=\"2022-10-05T10:58:50+00:00\" \/>\n<meta property=\"og:image\" content=\"https:\/\/dedemesquita.com.br\/wp-content\/uploads\/2022\/10\/WhatsApp-Image-2022-09-30-at-17.27.54.jpeg\" \/>\n\t<meta property=\"og:image:width\" content=\"1000\" \/>\n\t<meta property=\"og:image:height\" content=\"666\" \/>\n\t<meta property=\"og:image:type\" content=\"image\/jpeg\" \/>\n<meta name=\"author\" content=\"Ded\u00e9 Mesquita\" \/>\n<meta name=\"twitter:card\" content=\"summary_large_image\" \/>\n<meta name=\"twitter:creator\" content=\"@dedemesquita\" \/>\n<meta name=\"twitter:site\" content=\"@dedemesquita\" \/>\n<meta name=\"twitter:label1\" content=\"Escrito por\" \/>\n\t<meta name=\"twitter:data1\" content=\"Ded\u00e9 Mesquita\" \/>\n\t<meta name=\"twitter:label2\" content=\"Est. tempo de leitura\" \/>\n\t<meta name=\"twitter:data2\" content=\"6 minutos\" \/>\n<script type=\"application\/ld+json\" class=\"yoast-schema-graph\">{\"@context\":\"https:\/\/schema.org\",\"@graph\":[{\"@type\":\"WebPage\",\"@id\":\"https:\/\/dedemesquita.com.br\/?p=4897\",\"url\":\"https:\/\/dedemesquita.com.br\/?p=4897\",\"name\":\"Pr\u00eamio Sebrae de Jornalismo e cobertura do primeiro turno da elei\u00e7\u00e3o geral 2022 - Ded\u00e9 Mesquita\",\"isPartOf\":{\"@id\":\"https:\/\/dedemesquita.com.br\/#website\"},\"datePublished\":\"2022-10-04T14:36:36+00:00\",\"dateModified\":\"2022-10-05T10:58:50+00:00\",\"author\":{\"@id\":\"https:\/\/dedemesquita.com.br\/#\/schema\/person\/36571f81dd2d76dc3ab37231542c9e24\"},\"breadcrumb\":{\"@id\":\"https:\/\/dedemesquita.com.br\/?p=4897#breadcrumb\"},\"inLanguage\":\"pt-BR\",\"potentialAction\":[{\"@type\":\"ReadAction\",\"target\":[\"https:\/\/dedemesquita.com.br\/?p=4897\"]}]},{\"@type\":\"BreadcrumbList\",\"@id\":\"https:\/\/dedemesquita.com.br\/?p=4897#breadcrumb\",\"itemListElement\":[{\"@type\":\"ListItem\",\"position\":1,\"name\":\"In\u00edcio\",\"item\":\"https:\/\/dedemesquita.com.br\/\"},{\"@type\":\"ListItem\",\"position\":2,\"name\":\"Pr\u00eamio Sebrae de Jornalismo e cobertura do primeiro turno da elei\u00e7\u00e3o geral 2022\"}]},{\"@type\":\"WebSite\",\"@id\":\"https:\/\/dedemesquita.com.br\/#website\",\"url\":\"https:\/\/dedemesquita.com.br\/\",\"name\":\"Ded\u00e9 Mesquita\",\"description\":\"Um site que mostra os bastidores da imprensa no estado do Par\u00e1 e em Bel\u00e9m\",\"potentialAction\":[{\"@type\":\"SearchAction\",\"target\":{\"@type\":\"EntryPoint\",\"urlTemplate\":\"https:\/\/dedemesquita.com.br\/?s={search_term_string}\"},\"query-input\":\"required name=search_term_string\"}],\"inLanguage\":\"pt-BR\"},{\"@type\":\"Person\",\"@id\":\"https:\/\/dedemesquita.com.br\/#\/schema\/person\/36571f81dd2d76dc3ab37231542c9e24\",\"name\":\"Ded\u00e9 Mesquita\",\"image\":{\"@type\":\"ImageObject\",\"inLanguage\":\"pt-BR\",\"@id\":\"https:\/\/dedemesquita.com.br\/#\/schema\/person\/image\/\",\"url\":\"https:\/\/dedemesquita.com.br\/wp-content\/uploads\/2021\/02\/foto_perfil-150x150.jpg\",\"contentUrl\":\"https:\/\/dedemesquita.com.br\/wp-content\/uploads\/2021\/02\/foto_perfil-150x150.jpg\",\"caption\":\"Ded\u00e9 Mesquita\"},\"sameAs\":[\"https:\/\/dedemesquita.com.br\"]}]}<\/script>\n<!-- \/ Yoast SEO plugin. -->","yoast_head_json":{"title":"Pr\u00eamio Sebrae de Jornalismo e cobertura do primeiro turno da elei\u00e7\u00e3o geral 2022 - Ded\u00e9 Mesquita","robots":{"index":"index","follow":"follow","max-snippet":"max-snippet:-1","max-image-preview":"max-image-preview:large","max-video-preview":"max-video-preview:-1"},"canonical":"https:\/\/dedemesquita.com.br\/?p=4897","og_locale":"pt_BR","og_type":"article","og_title":"Pr\u00eamio Sebrae de Jornalismo e cobertura do primeiro turno da elei\u00e7\u00e3o geral 2022 - Ded\u00e9 Mesquita","og_description":"Final do ano se aproximando e tudo acontece, ao mesmo tempo e agora. Na semana passada, precisamente na quinta-feira, dia 29, foi realizada a festa de entrega do pr\u00eamio Sebrae de Jornalismo, se\u00e7\u00e3o Par\u00e1. A cerim\u00f4nia foi apresentada pela intr\u00e9pida C\u00e9lia Pinho e teve a participa\u00e7\u00e3o muito especial do jornalista Chico Felitti, do jornal Folha [&hellip;]","og_url":"https:\/\/dedemesquita.com.br\/?p=4897","og_site_name":"Ded\u00e9 Mesquita","article_publisher":"https:\/\/www.facebook.com\/dede.mesquita","article_published_time":"2022-10-04T14:36:36+00:00","article_modified_time":"2022-10-05T10:58:50+00:00","og_image":[{"width":1000,"height":666,"url":"https:\/\/dedemesquita.com.br\/wp-content\/uploads\/2022\/10\/WhatsApp-Image-2022-09-30-at-17.27.54.jpeg","type":"image\/jpeg"}],"author":"Ded\u00e9 Mesquita","twitter_card":"summary_large_image","twitter_creator":"@dedemesquita","twitter_site":"@dedemesquita","twitter_misc":{"Escrito por":"Ded\u00e9 Mesquita","Est. tempo de leitura":"6 minutos"},"schema":{"@context":"https:\/\/schema.org","@graph":[{"@type":"WebPage","@id":"https:\/\/dedemesquita.com.br\/?p=4897","url":"https:\/\/dedemesquita.com.br\/?p=4897","name":"Pr\u00eamio Sebrae de Jornalismo e cobertura do primeiro turno da elei\u00e7\u00e3o geral 2022 - Ded\u00e9 Mesquita","isPartOf":{"@id":"https:\/\/dedemesquita.com.br\/#website"},"datePublished":"2022-10-04T14:36:36+00:00","dateModified":"2022-10-05T10:58:50+00:00","author":{"@id":"https:\/\/dedemesquita.com.br\/#\/schema\/person\/36571f81dd2d76dc3ab37231542c9e24"},"breadcrumb":{"@id":"https:\/\/dedemesquita.com.br\/?p=4897#breadcrumb"},"inLanguage":"pt-BR","potentialAction":[{"@type":"ReadAction","target":["https:\/\/dedemesquita.com.br\/?p=4897"]}]},{"@type":"BreadcrumbList","@id":"https:\/\/dedemesquita.com.br\/?p=4897#breadcrumb","itemListElement":[{"@type":"ListItem","position":1,"name":"In\u00edcio","item":"https:\/\/dedemesquita.com.br\/"},{"@type":"ListItem","position":2,"name":"Pr\u00eamio Sebrae de Jornalismo e cobertura do primeiro turno da elei\u00e7\u00e3o geral 2022"}]},{"@type":"WebSite","@id":"https:\/\/dedemesquita.com.br\/#website","url":"https:\/\/dedemesquita.com.br\/","name":"Ded\u00e9 Mesquita","description":"Um site que mostra os bastidores da imprensa no estado do Par\u00e1 e em Bel\u00e9m","potentialAction":[{"@type":"SearchAction","target":{"@type":"EntryPoint","urlTemplate":"https:\/\/dedemesquita.com.br\/?s={search_term_string}"},"query-input":"required name=search_term_string"}],"inLanguage":"pt-BR"},{"@type":"Person","@id":"https:\/\/dedemesquita.com.br\/#\/schema\/person\/36571f81dd2d76dc3ab37231542c9e24","name":"Ded\u00e9 Mesquita","image":{"@type":"ImageObject","inLanguage":"pt-BR","@id":"https:\/\/dedemesquita.com.br\/#\/schema\/person\/image\/","url":"https:\/\/dedemesquita.com.br\/wp-content\/uploads\/2021\/02\/foto_perfil-150x150.jpg","contentUrl":"https:\/\/dedemesquita.com.br\/wp-content\/uploads\/2021\/02\/foto_perfil-150x150.jpg","caption":"Ded\u00e9 Mesquita"},"sameAs":["https:\/\/dedemesquita.com.br"]}]}},"_links":{"self":[{"href":"https:\/\/dedemesquita.com.br\/index.php?rest_route=\/wp\/v2\/posts\/4897"}],"collection":[{"href":"https:\/\/dedemesquita.com.br\/index.php?rest_route=\/wp\/v2\/posts"}],"about":[{"href":"https:\/\/dedemesquita.com.br\/index.php?rest_route=\/wp\/v2\/types\/post"}],"author":[{"embeddable":true,"href":"https:\/\/dedemesquita.com.br\/index.php?rest_route=\/wp\/v2\/users\/2"}],"replies":[{"embeddable":true,"href":"https:\/\/dedemesquita.com.br\/index.php?rest_route=%2Fwp%2Fv2%2Fcomments&post=4897"}],"version-history":[{"count":7,"href":"https:\/\/dedemesquita.com.br\/index.php?rest_route=\/wp\/v2\/posts\/4897\/revisions"}],"predecessor-version":[{"id":4955,"href":"https:\/\/dedemesquita.com.br\/index.php?rest_route=\/wp\/v2\/posts\/4897\/revisions\/4955"}],"wp:featuredmedia":[{"embeddable":true,"href":"https:\/\/dedemesquita.com.br\/index.php?rest_route=\/wp\/v2\/media\/4914"}],"wp:attachment":[{"href":"https:\/\/dedemesquita.com.br\/index.php?rest_route=%2Fwp%2Fv2%2Fmedia&parent=4897"}],"wp:term":[{"taxonomy":"category","embeddable":true,"href":"https:\/\/dedemesquita.com.br\/index.php?rest_route=%2Fwp%2Fv2%2Fcategories&post=4897"},{"taxonomy":"post_tag","embeddable":true,"href":"https:\/\/dedemesquita.com.br\/index.php?rest_route=%2Fwp%2Fv2%2Ftags&post=4897"}],"curies":[{"name":"wp","href":"https:\/\/api.w.org\/{rel}","templated":true}]}}