{"id":4848,"date":"2022-09-20T21:38:05","date_gmt":"2022-09-21T00:38:05","guid":{"rendered":"https:\/\/dedemesquita.com.br\/?p=4848"},"modified":"2022-09-20T21:38:07","modified_gmt":"2022-09-21T00:38:07","slug":"tarso-sarraf-e-finalista-em-premiacao-nacional-e-mudancas-nas-redacoes","status":"publish","type":"post","link":"https:\/\/dedemesquita.com.br\/?p=4848","title":{"rendered":"Tarso Sarraf \u00e9 finalista em premia\u00e7\u00e3o nacional e mudan\u00e7as nas reda\u00e7\u00f5es"},"content":{"rendered":"\n<p>Novidades? Sempre temos algumas, aqui e ali. Vamos a elas? <\/p>\n\n\n\n<p><strong>Sarraf &#8211;<\/strong> A organiza\u00e7\u00e3o do Grande Pr\u00eamio Fotografe 2022 anunciou os finalistas do concurso anual da revista Fotografe. Foram escolhidos 60 trabalhos, sendo seis em cada uma das 10 categorias\/ subcategorias. Em sua segunda edi\u00e7\u00e3o, o Grande Pr\u00eamio Fotografe recebeu um total de 842 inscri\u00e7\u00f5es, sendo 267 na categoria Ensaio e 575 na categoria Imagem Destacada. Do Par\u00e1, o finalista \u00e9 o fot\u00f3grafo <strong>Tarso Sarraf<\/strong>, do grupo O Liberal, na categoria Fotojornalismo, com a s\u00e9rie \u201cDesafios e Supera\u00e7\u00e3o na Amaz\u00f4nia\u201d. A premia\u00e7\u00e3o ser\u00e1 realizada no dia 16 de novembro a partir das 18h, na abertura da exposi\u00e7\u00e3o Ganhadores Grande Pr\u00eamio Fotografe, na programa\u00e7\u00e3o do Festival Fotodoc, que ser\u00e1 realizado na Escola Panamericana, em S\u00e3o Paulo, capital. Todos os trabalhos finalistas far\u00e3o parte de um livro, que ser\u00e1 lan\u00e7ado na ocasi\u00e3o.<\/p>\n\n\n\n<p><strong>Ayme\u00ea &#8211;<\/strong> A jornalista paraense <strong>Ayme\u00ea Gurj\u00e3o<\/strong>, que trabalhou na comunica\u00e7\u00e3o da Fumbel, em Bel\u00e9m \u00e9 a mais nova contratada como analista de comunica\u00e7\u00e3o do<strong> Instituto Trata Brasil<\/strong> em S\u00e3o Paulo, capital.<\/p>\n\n\n\n<div class=\"wp-block-image\"><figure class=\"aligncenter size-full\"><img loading=\"lazy\" decoding=\"async\" width=\"700\" height=\"388\" src=\"https:\/\/dedemesquita.com.br\/wp-content\/uploads\/2022\/09\/AIMEE_GURJAO.jpg\" alt=\"\" class=\"wp-image-4850\"\/><figcaption>Ayme\u00ea Gurj\u00e3o agora est\u00e1 no Instituto Trata Brasil, de S\u00e3o Paulo <\/figcaption><\/figure><\/div>\n\n\n\n<p><strong>Mendes<\/strong> &#8211; <strong>Christian Mendes<\/strong> \u00e9 o novo analista de comunica\u00e7\u00e3o s\u00eanior na empresa <strong>Horizonte Minerals PLC<\/strong>, depois de ter passado pela Mass Media em atendimento \u00e0 empresa Norte Energia, respons\u00e1vel pela constru\u00e7\u00e3o e gest\u00e3o da Usina Hidrel\u00e9trica Belo Monte, em Altamira, no Par\u00e1.<\/p>\n\n\n\n<div class=\"wp-block-image\"><figure class=\"aligncenter size-full\"><img loading=\"lazy\" decoding=\"async\" width=\"700\" height=\"437\" src=\"https:\/\/dedemesquita.com.br\/wp-content\/uploads\/2022\/09\/CHRISTIAN_MENDES.jpg\" alt=\"\" class=\"wp-image-4851\"\/><figcaption>Christian Mendes tomou gostou pela comunica\u00e7\u00e3o empresarial <\/figcaption><\/figure><\/div>\n\n\n\n<p><strong>Gerente &#8211; <\/strong>A jornalista <strong>M\u00f4nica Maia<\/strong> \u00e9 agora gerente de conte\u00fado e digital na ag\u00eancia Temple Comunica\u00e7\u00e3o.<\/p>\n\n\n\n<div class=\"wp-block-image\"><figure class=\"aligncenter size-full\"><img loading=\"lazy\" decoding=\"async\" width=\"386\" height=\"345\" src=\"https:\/\/dedemesquita.com.br\/wp-content\/uploads\/2022\/09\/MONICA_MAIA.png\" alt=\"\" class=\"wp-image-4852\"\/><figcaption>M\u00f4nica Maia \u00e9 cria da j\u00e1 m\u00edtica turma de Jornalismo da UFPA 1995<\/figcaption><\/figure><\/div>\n\n\n\n<p><strong>Campe\u00e3 &#8211;<\/strong> A jornalista e atleta <strong>Larissa Noguchi<\/strong> se tornou campe\u00e3 overall feminino no campeonato Molokabra 2022 &#8211; caiaque a remo &#8211; na praia de Cumbuco, em Fortaleza, Cear\u00e1, em 10 de setembro passado. \u00a0<\/p>\n\n\n\n<div class=\"wp-block-image\"><figure class=\"aligncenter size-full\"><img loading=\"lazy\" decoding=\"async\" width=\"800\" height=\"545\" src=\"https:\/\/dedemesquita.com.br\/wp-content\/uploads\/2022\/09\/LARISSA_NOGUCHI.jpg\" alt=\"\" class=\"wp-image-4853\" srcset=\"https:\/\/dedemesquita.com.br\/wp-content\/uploads\/2022\/09\/LARISSA_NOGUCHI.jpg 800w, https:\/\/dedemesquita.com.br\/wp-content\/uploads\/2022\/09\/LARISSA_NOGUCHI-768x523.jpg 768w\" sizes=\"(max-width: 800px) 100vw, 800px\" \/><figcaption>Olha ela, campe\u00e3 nacional, a Larissa <\/figcaption><\/figure><\/div>\n\n\n\n<p><\/p>\n","protected":false},"excerpt":{"rendered":"<p>Novidades? Sempre temos algumas, aqui e ali. Vamos a elas? Sarraf &#8211; A organiza\u00e7\u00e3o do Grande Pr\u00eamio Fotografe 2022 anunciou os finalistas do concurso anual da revista Fotografe. Foram escolhidos 60 trabalhos, sendo seis em cada uma das 10 categorias\/ subcategorias. Em sua segunda edi\u00e7\u00e3o, o Grande Pr\u00eamio Fotografe recebeu um total de 842 inscri\u00e7\u00f5es, [&hellip;]<\/p>\n","protected":false},"author":2,"featured_media":4854,"comment_status":"open","ping_status":"open","sticky":false,"template":"","format":"standard","meta":{"footnotes":""},"categories":[51,14,29,49,50],"tags":[119,120,144,162],"class_list":["post-4848","post","type-post","status-publish","format-standard","has-post-thumbnail","hentry","category-destaque","category-imprensa","category-jornalismo","category-novo-emprego","category-premiacao","tag-jornalismo","tag-jornalistas-paraenses-em-acao","tag-o-liberal","tag-temple-comunicacao"],"yoast_head":"<!-- This site is optimized with the Yoast SEO plugin v19.10 - https:\/\/yoast.com\/wordpress\/plugins\/seo\/ -->\n<title>Tarso Sarraf \u00e9 finalista em premia\u00e7\u00e3o nacional e mudan\u00e7as nas reda\u00e7\u00f5es - Ded\u00e9 Mesquita<\/title>\n<meta name=\"robots\" content=\"index, follow, max-snippet:-1, max-image-preview:large, max-video-preview:-1\" \/>\n<link rel=\"canonical\" href=\"https:\/\/dedemesquita.com.br\/?p=4848\" \/>\n<meta property=\"og:locale\" content=\"pt_BR\" \/>\n<meta property=\"og:type\" content=\"article\" \/>\n<meta property=\"og:title\" content=\"Tarso Sarraf \u00e9 finalista em premia\u00e7\u00e3o nacional e mudan\u00e7as nas reda\u00e7\u00f5es - Ded\u00e9 Mesquita\" \/>\n<meta property=\"og:description\" content=\"Novidades? Sempre temos algumas, aqui e ali. Vamos a elas? Sarraf &#8211; A organiza\u00e7\u00e3o do Grande Pr\u00eamio Fotografe 2022 anunciou os finalistas do concurso anual da revista Fotografe. Foram escolhidos 60 trabalhos, sendo seis em cada uma das 10 categorias\/ subcategorias. Em sua segunda edi\u00e7\u00e3o, o Grande Pr\u00eamio Fotografe recebeu um total de 842 inscri\u00e7\u00f5es, [&hellip;]\" \/>\n<meta property=\"og:url\" content=\"https:\/\/dedemesquita.com.br\/?p=4848\" \/>\n<meta property=\"og:site_name\" content=\"Ded\u00e9 Mesquita\" \/>\n<meta property=\"article:publisher\" content=\"https:\/\/www.facebook.com\/dede.mesquita\" \/>\n<meta property=\"article:published_time\" content=\"2022-09-21T00:38:05+00:00\" \/>\n<meta property=\"article:modified_time\" content=\"2022-09-21T00:38:07+00:00\" \/>\n<meta property=\"og:image\" content=\"https:\/\/dedemesquita.com.br\/wp-content\/uploads\/2022\/09\/TARSO_SARRAF.jpg\" \/>\n\t<meta property=\"og:image:width\" content=\"900\" \/>\n\t<meta property=\"og:image:height\" content=\"600\" \/>\n\t<meta property=\"og:image:type\" content=\"image\/jpeg\" \/>\n<meta name=\"author\" content=\"Ded\u00e9 Mesquita\" \/>\n<meta name=\"twitter:card\" content=\"summary_large_image\" \/>\n<meta name=\"twitter:creator\" content=\"@dedemesquita\" \/>\n<meta name=\"twitter:site\" content=\"@dedemesquita\" \/>\n<meta name=\"twitter:label1\" content=\"Escrito por\" \/>\n\t<meta name=\"twitter:data1\" content=\"Ded\u00e9 Mesquita\" \/>\n\t<meta name=\"twitter:label2\" content=\"Est. tempo de leitura\" \/>\n\t<meta name=\"twitter:data2\" content=\"3 minutos\" \/>\n<script type=\"application\/ld+json\" class=\"yoast-schema-graph\">{\"@context\":\"https:\/\/schema.org\",\"@graph\":[{\"@type\":\"WebPage\",\"@id\":\"https:\/\/dedemesquita.com.br\/?p=4848\",\"url\":\"https:\/\/dedemesquita.com.br\/?p=4848\",\"name\":\"Tarso Sarraf \u00e9 finalista em premia\u00e7\u00e3o nacional e mudan\u00e7as nas reda\u00e7\u00f5es - Ded\u00e9 Mesquita\",\"isPartOf\":{\"@id\":\"https:\/\/dedemesquita.com.br\/#website\"},\"datePublished\":\"2022-09-21T00:38:05+00:00\",\"dateModified\":\"2022-09-21T00:38:07+00:00\",\"author\":{\"@id\":\"https:\/\/dedemesquita.com.br\/#\/schema\/person\/36571f81dd2d76dc3ab37231542c9e24\"},\"breadcrumb\":{\"@id\":\"https:\/\/dedemesquita.com.br\/?p=4848#breadcrumb\"},\"inLanguage\":\"pt-BR\",\"potentialAction\":[{\"@type\":\"ReadAction\",\"target\":[\"https:\/\/dedemesquita.com.br\/?p=4848\"]}]},{\"@type\":\"BreadcrumbList\",\"@id\":\"https:\/\/dedemesquita.com.br\/?p=4848#breadcrumb\",\"itemListElement\":[{\"@type\":\"ListItem\",\"position\":1,\"name\":\"In\u00edcio\",\"item\":\"https:\/\/dedemesquita.com.br\/\"},{\"@type\":\"ListItem\",\"position\":2,\"name\":\"Tarso Sarraf \u00e9 finalista em premia\u00e7\u00e3o nacional e mudan\u00e7as nas reda\u00e7\u00f5es\"}]},{\"@type\":\"WebSite\",\"@id\":\"https:\/\/dedemesquita.com.br\/#website\",\"url\":\"https:\/\/dedemesquita.com.br\/\",\"name\":\"Ded\u00e9 Mesquita\",\"description\":\"Um site que mostra os bastidores da imprensa no estado do Par\u00e1 e em Bel\u00e9m\",\"potentialAction\":[{\"@type\":\"SearchAction\",\"target\":{\"@type\":\"EntryPoint\",\"urlTemplate\":\"https:\/\/dedemesquita.com.br\/?s={search_term_string}\"},\"query-input\":\"required name=search_term_string\"}],\"inLanguage\":\"pt-BR\"},{\"@type\":\"Person\",\"@id\":\"https:\/\/dedemesquita.com.br\/#\/schema\/person\/36571f81dd2d76dc3ab37231542c9e24\",\"name\":\"Ded\u00e9 Mesquita\",\"image\":{\"@type\":\"ImageObject\",\"inLanguage\":\"pt-BR\",\"@id\":\"https:\/\/dedemesquita.com.br\/#\/schema\/person\/image\/\",\"url\":\"https:\/\/dedemesquita.com.br\/wp-content\/uploads\/2021\/02\/foto_perfil-150x150.jpg\",\"contentUrl\":\"https:\/\/dedemesquita.com.br\/wp-content\/uploads\/2021\/02\/foto_perfil-150x150.jpg\",\"caption\":\"Ded\u00e9 Mesquita\"},\"sameAs\":[\"https:\/\/dedemesquita.com.br\"]}]}<\/script>\n<!-- \/ Yoast SEO plugin. -->","yoast_head_json":{"title":"Tarso Sarraf \u00e9 finalista em premia\u00e7\u00e3o nacional e mudan\u00e7as nas reda\u00e7\u00f5es - Ded\u00e9 Mesquita","robots":{"index":"index","follow":"follow","max-snippet":"max-snippet:-1","max-image-preview":"max-image-preview:large","max-video-preview":"max-video-preview:-1"},"canonical":"https:\/\/dedemesquita.com.br\/?p=4848","og_locale":"pt_BR","og_type":"article","og_title":"Tarso Sarraf \u00e9 finalista em premia\u00e7\u00e3o nacional e mudan\u00e7as nas reda\u00e7\u00f5es - Ded\u00e9 Mesquita","og_description":"Novidades? Sempre temos algumas, aqui e ali. Vamos a elas? Sarraf &#8211; A organiza\u00e7\u00e3o do Grande Pr\u00eamio Fotografe 2022 anunciou os finalistas do concurso anual da revista Fotografe. Foram escolhidos 60 trabalhos, sendo seis em cada uma das 10 categorias\/ subcategorias. Em sua segunda edi\u00e7\u00e3o, o Grande Pr\u00eamio Fotografe recebeu um total de 842 inscri\u00e7\u00f5es, [&hellip;]","og_url":"https:\/\/dedemesquita.com.br\/?p=4848","og_site_name":"Ded\u00e9 Mesquita","article_publisher":"https:\/\/www.facebook.com\/dede.mesquita","article_published_time":"2022-09-21T00:38:05+00:00","article_modified_time":"2022-09-21T00:38:07+00:00","og_image":[{"width":900,"height":600,"url":"https:\/\/dedemesquita.com.br\/wp-content\/uploads\/2022\/09\/TARSO_SARRAF.jpg","type":"image\/jpeg"}],"author":"Ded\u00e9 Mesquita","twitter_card":"summary_large_image","twitter_creator":"@dedemesquita","twitter_site":"@dedemesquita","twitter_misc":{"Escrito por":"Ded\u00e9 Mesquita","Est. tempo de leitura":"3 minutos"},"schema":{"@context":"https:\/\/schema.org","@graph":[{"@type":"WebPage","@id":"https:\/\/dedemesquita.com.br\/?p=4848","url":"https:\/\/dedemesquita.com.br\/?p=4848","name":"Tarso Sarraf \u00e9 finalista em premia\u00e7\u00e3o nacional e mudan\u00e7as nas reda\u00e7\u00f5es - Ded\u00e9 Mesquita","isPartOf":{"@id":"https:\/\/dedemesquita.com.br\/#website"},"datePublished":"2022-09-21T00:38:05+00:00","dateModified":"2022-09-21T00:38:07+00:00","author":{"@id":"https:\/\/dedemesquita.com.br\/#\/schema\/person\/36571f81dd2d76dc3ab37231542c9e24"},"breadcrumb":{"@id":"https:\/\/dedemesquita.com.br\/?p=4848#breadcrumb"},"inLanguage":"pt-BR","potentialAction":[{"@type":"ReadAction","target":["https:\/\/dedemesquita.com.br\/?p=4848"]}]},{"@type":"BreadcrumbList","@id":"https:\/\/dedemesquita.com.br\/?p=4848#breadcrumb","itemListElement":[{"@type":"ListItem","position":1,"name":"In\u00edcio","item":"https:\/\/dedemesquita.com.br\/"},{"@type":"ListItem","position":2,"name":"Tarso Sarraf \u00e9 finalista em premia\u00e7\u00e3o nacional e mudan\u00e7as nas reda\u00e7\u00f5es"}]},{"@type":"WebSite","@id":"https:\/\/dedemesquita.com.br\/#website","url":"https:\/\/dedemesquita.com.br\/","name":"Ded\u00e9 Mesquita","description":"Um site que mostra os bastidores da imprensa no estado do Par\u00e1 e em Bel\u00e9m","potentialAction":[{"@type":"SearchAction","target":{"@type":"EntryPoint","urlTemplate":"https:\/\/dedemesquita.com.br\/?s={search_term_string}"},"query-input":"required name=search_term_string"}],"inLanguage":"pt-BR"},{"@type":"Person","@id":"https:\/\/dedemesquita.com.br\/#\/schema\/person\/36571f81dd2d76dc3ab37231542c9e24","name":"Ded\u00e9 Mesquita","image":{"@type":"ImageObject","inLanguage":"pt-BR","@id":"https:\/\/dedemesquita.com.br\/#\/schema\/person\/image\/","url":"https:\/\/dedemesquita.com.br\/wp-content\/uploads\/2021\/02\/foto_perfil-150x150.jpg","contentUrl":"https:\/\/dedemesquita.com.br\/wp-content\/uploads\/2021\/02\/foto_perfil-150x150.jpg","caption":"Ded\u00e9 Mesquita"},"sameAs":["https:\/\/dedemesquita.com.br"]}]}},"_links":{"self":[{"href":"https:\/\/dedemesquita.com.br\/index.php?rest_route=\/wp\/v2\/posts\/4848"}],"collection":[{"href":"https:\/\/dedemesquita.com.br\/index.php?rest_route=\/wp\/v2\/posts"}],"about":[{"href":"https:\/\/dedemesquita.com.br\/index.php?rest_route=\/wp\/v2\/types\/post"}],"author":[{"embeddable":true,"href":"https:\/\/dedemesquita.com.br\/index.php?rest_route=\/wp\/v2\/users\/2"}],"replies":[{"embeddable":true,"href":"https:\/\/dedemesquita.com.br\/index.php?rest_route=%2Fwp%2Fv2%2Fcomments&post=4848"}],"version-history":[{"count":2,"href":"https:\/\/dedemesquita.com.br\/index.php?rest_route=\/wp\/v2\/posts\/4848\/revisions"}],"predecessor-version":[{"id":4855,"href":"https:\/\/dedemesquita.com.br\/index.php?rest_route=\/wp\/v2\/posts\/4848\/revisions\/4855"}],"wp:featuredmedia":[{"embeddable":true,"href":"https:\/\/dedemesquita.com.br\/index.php?rest_route=\/wp\/v2\/media\/4854"}],"wp:attachment":[{"href":"https:\/\/dedemesquita.com.br\/index.php?rest_route=%2Fwp%2Fv2%2Fmedia&parent=4848"}],"wp:term":[{"taxonomy":"category","embeddable":true,"href":"https:\/\/dedemesquita.com.br\/index.php?rest_route=%2Fwp%2Fv2%2Fcategories&post=4848"},{"taxonomy":"post_tag","embeddable":true,"href":"https:\/\/dedemesquita.com.br\/index.php?rest_route=%2Fwp%2Fv2%2Ftags&post=4848"}],"curies":[{"name":"wp","href":"https:\/\/api.w.org\/{rel}","templated":true}]}}