{"id":4821,"date":"2022-09-10T11:56:37","date_gmt":"2022-09-10T14:56:37","guid":{"rendered":"https:\/\/dedemesquita.com.br\/?p=4821"},"modified":"2022-09-10T12:00:22","modified_gmt":"2022-09-10T15:00:22","slug":"celia-pinho-e-a-mais-admirada-na-cobertura-de-saude-ciencia-e-bem-estar-no-estado-do-para","status":"publish","type":"post","link":"https:\/\/dedemesquita.com.br\/?p=4821","title":{"rendered":"C\u00e9lia Pinho \u00e9 a Mais Admirada na cobertura de sa\u00fade, ci\u00eancia e bem-estar no estado do Par\u00e1"},"content":{"rendered":"\n<p>Foi encerrada no dia 1\u00ba de setembro a vota\u00e7\u00e3o para o&nbsp;<strong>Pr\u00eamio Einstein +Admirados da Imprensa de Sa\u00fade, Ci\u00eancia e Bem-Estar<\/strong>, fruto de parceria de site Jornalistas&amp;Cia e Portal dos Jornalistas com o Einstein. E deu C\u00e9lia Pinho como vencedora pelo estado do Par\u00e1.  <\/p>\n\n\n\n<p>O&nbsp;Pr\u00eamio<em>&nbsp;<\/em>elegeu, em dois turnos de vota\u00e7\u00e3o, profissionais e ve\u00edculos de comunica\u00e7\u00e3o dedicados \u00e0quelas tr\u00eas \u00e1reas de atua\u00e7\u00e3o: os&nbsp;<em>TOP 25 Brasil<\/em>&nbsp;e os&nbsp;<em>TOP 3<\/em>&nbsp;das regi\u00f5es Norte, Nordeste, Centro-Oeste, Sudeste e Sul; e entre os ve\u00edculos, os&nbsp;<em>TOP 3<\/em>&nbsp;em oito categorias.<\/p>\n\n\n\n<p>Do estado do Par\u00e1, estavam na vota\u00e7\u00e3o os jornalistas Den\u00edlson D\u00b4Almeida&nbsp;e&nbsp;Enderson Oliveira, do DOL;&nbsp;D\u00edlson Pimentel,&nbsp;Tarso Sarraf&nbsp;e&nbsp;Cl\u00e9o Soares, de O Liberal;&nbsp;Carlos Britto, da TV Liberal; e&nbsp;C\u00e9lia Pinho, da TV Mais Par\u00e1.&nbsp;E a escolhida foi <strong><em>C\u00c9LIA PINHO<\/em><\/strong>, que ficou entre os tr\u00eas melhores, ao lado de Daniela Branches (Rede Globo) e de Paulo Paix\u00e3o (Rede Amaz\u00f4nica), os dois \u00faltimos s\u00e3o de Manaus, capital do estado do Amazonas. <\/p>\n\n\n\n<div class=\"wp-block-image\"><figure class=\"aligncenter size-full\"><img loading=\"lazy\" decoding=\"async\" width=\"1007\" height=\"447\" src=\"https:\/\/dedemesquita.com.br\/wp-content\/uploads\/2022\/09\/CELIA_PINHO.png\" alt=\"\" class=\"wp-image-4822\" srcset=\"https:\/\/dedemesquita.com.br\/wp-content\/uploads\/2022\/09\/CELIA_PINHO.png 1007w, https:\/\/dedemesquita.com.br\/wp-content\/uploads\/2022\/09\/CELIA_PINHO-768x341.png 768w\" sizes=\"(max-width: 1007px) 100vw, 1007px\" \/><figcaption>S\u00f3 d\u00e1 ela: C\u00e9lia Pinho <\/figcaption><\/figure><\/div>\n\n\n\n<p>No total, 60 jornalistas foram para a final\u00edssima, tendo sido eleitos os&nbsp;<em>TOP 26<\/em>&nbsp;&#8211; e n\u00e3o 25, devido a um empate. A ressaltar o fato de que as mulheres dominaram os&nbsp;<em>TOP 26<\/em>; foram 23, o que demonstra a for\u00e7a feminina nesse tipo de cobertura.<\/p>\n\n\n\n<p>Nas categorias regionais, foram eleitos 15 jornalistas. Tamb\u00e9m nas regionais as mulheres predominaram: foram 11. No que se refere a ve\u00edculos, 25 foram eleitos nas oito categorias, quatro deles em mais de uma.<\/p>\n","protected":false},"excerpt":{"rendered":"<p>Foi encerrada no dia 1\u00ba de setembro a vota\u00e7\u00e3o para o&nbsp;Pr\u00eamio Einstein +Admirados da Imprensa de Sa\u00fade, Ci\u00eancia e Bem-Estar, fruto de parceria de site Jornalistas&amp;Cia e Portal dos Jornalistas com o Einstein. E deu C\u00e9lia Pinho como vencedora pelo estado do Par\u00e1. O&nbsp;Pr\u00eamio&nbsp;elegeu, em dois turnos de vota\u00e7\u00e3o, profissionais e ve\u00edculos de comunica\u00e7\u00e3o dedicados [&hellip;]<\/p>\n","protected":false},"author":2,"featured_media":4824,"comment_status":"open","ping_status":"open","sticky":false,"template":"","format":"standard","meta":{"footnotes":""},"categories":[51,14,29],"tags":[310,119,120,194,316],"class_list":["post-4821","post","type-post","status-publish","format-standard","has-post-thumbnail","hentry","category-destaque","category-imprensa","category-jornalismo","tag-celia-pinho","tag-jornalismo","tag-jornalistas-paraenses-em-acao","tag-jornalistascia","tag-tv-mais-para"],"yoast_head":"<!-- This site is optimized with the Yoast SEO plugin v19.10 - https:\/\/yoast.com\/wordpress\/plugins\/seo\/ -->\n<title>C\u00e9lia Pinho \u00e9 a Mais Admirada na cobertura de sa\u00fade, ci\u00eancia e bem-estar no estado do Par\u00e1 - Ded\u00e9 Mesquita<\/title>\n<meta name=\"robots\" content=\"index, follow, max-snippet:-1, max-image-preview:large, max-video-preview:-1\" \/>\n<link rel=\"canonical\" href=\"https:\/\/dedemesquita.com.br\/?p=4821\" \/>\n<meta property=\"og:locale\" content=\"pt_BR\" \/>\n<meta property=\"og:type\" content=\"article\" \/>\n<meta property=\"og:title\" content=\"C\u00e9lia Pinho \u00e9 a Mais Admirada na cobertura de sa\u00fade, ci\u00eancia e bem-estar no estado do Par\u00e1 - Ded\u00e9 Mesquita\" \/>\n<meta property=\"og:description\" content=\"Foi encerrada no dia 1\u00ba de setembro a vota\u00e7\u00e3o para o&nbsp;Pr\u00eamio Einstein +Admirados da Imprensa de Sa\u00fade, Ci\u00eancia e Bem-Estar, fruto de parceria de site Jornalistas&amp;Cia e Portal dos Jornalistas com o Einstein. E deu C\u00e9lia Pinho como vencedora pelo estado do Par\u00e1. O&nbsp;Pr\u00eamio&nbsp;elegeu, em dois turnos de vota\u00e7\u00e3o, profissionais e ve\u00edculos de comunica\u00e7\u00e3o dedicados [&hellip;]\" \/>\n<meta property=\"og:url\" content=\"https:\/\/dedemesquita.com.br\/?p=4821\" \/>\n<meta property=\"og:site_name\" content=\"Ded\u00e9 Mesquita\" \/>\n<meta property=\"article:publisher\" content=\"https:\/\/www.facebook.com\/dede.mesquita\" \/>\n<meta property=\"article:published_time\" content=\"2022-09-10T14:56:37+00:00\" \/>\n<meta property=\"article:modified_time\" content=\"2022-09-10T15:00:22+00:00\" \/>\n<meta property=\"og:image\" content=\"https:\/\/dedemesquita.com.br\/wp-content\/uploads\/2022\/09\/a1.png\" \/>\n\t<meta property=\"og:image:width\" content=\"900\" \/>\n\t<meta property=\"og:image:height\" content=\"527\" \/>\n\t<meta property=\"og:image:type\" content=\"image\/png\" \/>\n<meta name=\"author\" content=\"Ded\u00e9 Mesquita\" \/>\n<meta name=\"twitter:card\" content=\"summary_large_image\" \/>\n<meta name=\"twitter:creator\" content=\"@dedemesquita\" \/>\n<meta name=\"twitter:site\" content=\"@dedemesquita\" \/>\n<meta name=\"twitter:label1\" content=\"Escrito por\" \/>\n\t<meta name=\"twitter:data1\" content=\"Ded\u00e9 Mesquita\" \/>\n\t<meta name=\"twitter:label2\" content=\"Est. tempo de leitura\" \/>\n\t<meta name=\"twitter:data2\" content=\"2 minutos\" \/>\n<script type=\"application\/ld+json\" class=\"yoast-schema-graph\">{\"@context\":\"https:\/\/schema.org\",\"@graph\":[{\"@type\":\"WebPage\",\"@id\":\"https:\/\/dedemesquita.com.br\/?p=4821\",\"url\":\"https:\/\/dedemesquita.com.br\/?p=4821\",\"name\":\"C\u00e9lia Pinho \u00e9 a Mais Admirada na cobertura de sa\u00fade, ci\u00eancia e bem-estar no estado do Par\u00e1 - Ded\u00e9 Mesquita\",\"isPartOf\":{\"@id\":\"https:\/\/dedemesquita.com.br\/#website\"},\"datePublished\":\"2022-09-10T14:56:37+00:00\",\"dateModified\":\"2022-09-10T15:00:22+00:00\",\"author\":{\"@id\":\"https:\/\/dedemesquita.com.br\/#\/schema\/person\/36571f81dd2d76dc3ab37231542c9e24\"},\"breadcrumb\":{\"@id\":\"https:\/\/dedemesquita.com.br\/?p=4821#breadcrumb\"},\"inLanguage\":\"pt-BR\",\"potentialAction\":[{\"@type\":\"ReadAction\",\"target\":[\"https:\/\/dedemesquita.com.br\/?p=4821\"]}]},{\"@type\":\"BreadcrumbList\",\"@id\":\"https:\/\/dedemesquita.com.br\/?p=4821#breadcrumb\",\"itemListElement\":[{\"@type\":\"ListItem\",\"position\":1,\"name\":\"In\u00edcio\",\"item\":\"https:\/\/dedemesquita.com.br\/\"},{\"@type\":\"ListItem\",\"position\":2,\"name\":\"C\u00e9lia Pinho \u00e9 a Mais Admirada na cobertura de sa\u00fade, ci\u00eancia e bem-estar no estado do Par\u00e1\"}]},{\"@type\":\"WebSite\",\"@id\":\"https:\/\/dedemesquita.com.br\/#website\",\"url\":\"https:\/\/dedemesquita.com.br\/\",\"name\":\"Ded\u00e9 Mesquita\",\"description\":\"Um site que mostra os bastidores da imprensa no estado do Par\u00e1 e em Bel\u00e9m\",\"potentialAction\":[{\"@type\":\"SearchAction\",\"target\":{\"@type\":\"EntryPoint\",\"urlTemplate\":\"https:\/\/dedemesquita.com.br\/?s={search_term_string}\"},\"query-input\":\"required name=search_term_string\"}],\"inLanguage\":\"pt-BR\"},{\"@type\":\"Person\",\"@id\":\"https:\/\/dedemesquita.com.br\/#\/schema\/person\/36571f81dd2d76dc3ab37231542c9e24\",\"name\":\"Ded\u00e9 Mesquita\",\"image\":{\"@type\":\"ImageObject\",\"inLanguage\":\"pt-BR\",\"@id\":\"https:\/\/dedemesquita.com.br\/#\/schema\/person\/image\/\",\"url\":\"https:\/\/dedemesquita.com.br\/wp-content\/uploads\/2021\/02\/foto_perfil-150x150.jpg\",\"contentUrl\":\"https:\/\/dedemesquita.com.br\/wp-content\/uploads\/2021\/02\/foto_perfil-150x150.jpg\",\"caption\":\"Ded\u00e9 Mesquita\"},\"sameAs\":[\"https:\/\/dedemesquita.com.br\"]}]}<\/script>\n<!-- \/ Yoast SEO plugin. -->","yoast_head_json":{"title":"C\u00e9lia Pinho \u00e9 a Mais Admirada na cobertura de sa\u00fade, ci\u00eancia e bem-estar no estado do Par\u00e1 - Ded\u00e9 Mesquita","robots":{"index":"index","follow":"follow","max-snippet":"max-snippet:-1","max-image-preview":"max-image-preview:large","max-video-preview":"max-video-preview:-1"},"canonical":"https:\/\/dedemesquita.com.br\/?p=4821","og_locale":"pt_BR","og_type":"article","og_title":"C\u00e9lia Pinho \u00e9 a Mais Admirada na cobertura de sa\u00fade, ci\u00eancia e bem-estar no estado do Par\u00e1 - Ded\u00e9 Mesquita","og_description":"Foi encerrada no dia 1\u00ba de setembro a vota\u00e7\u00e3o para o&nbsp;Pr\u00eamio Einstein +Admirados da Imprensa de Sa\u00fade, Ci\u00eancia e Bem-Estar, fruto de parceria de site Jornalistas&amp;Cia e Portal dos Jornalistas com o Einstein. E deu C\u00e9lia Pinho como vencedora pelo estado do Par\u00e1. O&nbsp;Pr\u00eamio&nbsp;elegeu, em dois turnos de vota\u00e7\u00e3o, profissionais e ve\u00edculos de comunica\u00e7\u00e3o dedicados [&hellip;]","og_url":"https:\/\/dedemesquita.com.br\/?p=4821","og_site_name":"Ded\u00e9 Mesquita","article_publisher":"https:\/\/www.facebook.com\/dede.mesquita","article_published_time":"2022-09-10T14:56:37+00:00","article_modified_time":"2022-09-10T15:00:22+00:00","og_image":[{"width":900,"height":527,"url":"https:\/\/dedemesquita.com.br\/wp-content\/uploads\/2022\/09\/a1.png","type":"image\/png"}],"author":"Ded\u00e9 Mesquita","twitter_card":"summary_large_image","twitter_creator":"@dedemesquita","twitter_site":"@dedemesquita","twitter_misc":{"Escrito por":"Ded\u00e9 Mesquita","Est. tempo de leitura":"2 minutos"},"schema":{"@context":"https:\/\/schema.org","@graph":[{"@type":"WebPage","@id":"https:\/\/dedemesquita.com.br\/?p=4821","url":"https:\/\/dedemesquita.com.br\/?p=4821","name":"C\u00e9lia Pinho \u00e9 a Mais Admirada na cobertura de sa\u00fade, ci\u00eancia e bem-estar no estado do Par\u00e1 - Ded\u00e9 Mesquita","isPartOf":{"@id":"https:\/\/dedemesquita.com.br\/#website"},"datePublished":"2022-09-10T14:56:37+00:00","dateModified":"2022-09-10T15:00:22+00:00","author":{"@id":"https:\/\/dedemesquita.com.br\/#\/schema\/person\/36571f81dd2d76dc3ab37231542c9e24"},"breadcrumb":{"@id":"https:\/\/dedemesquita.com.br\/?p=4821#breadcrumb"},"inLanguage":"pt-BR","potentialAction":[{"@type":"ReadAction","target":["https:\/\/dedemesquita.com.br\/?p=4821"]}]},{"@type":"BreadcrumbList","@id":"https:\/\/dedemesquita.com.br\/?p=4821#breadcrumb","itemListElement":[{"@type":"ListItem","position":1,"name":"In\u00edcio","item":"https:\/\/dedemesquita.com.br\/"},{"@type":"ListItem","position":2,"name":"C\u00e9lia Pinho \u00e9 a Mais Admirada na cobertura de sa\u00fade, ci\u00eancia e bem-estar no estado do Par\u00e1"}]},{"@type":"WebSite","@id":"https:\/\/dedemesquita.com.br\/#website","url":"https:\/\/dedemesquita.com.br\/","name":"Ded\u00e9 Mesquita","description":"Um site que mostra os bastidores da imprensa no estado do Par\u00e1 e em Bel\u00e9m","potentialAction":[{"@type":"SearchAction","target":{"@type":"EntryPoint","urlTemplate":"https:\/\/dedemesquita.com.br\/?s={search_term_string}"},"query-input":"required name=search_term_string"}],"inLanguage":"pt-BR"},{"@type":"Person","@id":"https:\/\/dedemesquita.com.br\/#\/schema\/person\/36571f81dd2d76dc3ab37231542c9e24","name":"Ded\u00e9 Mesquita","image":{"@type":"ImageObject","inLanguage":"pt-BR","@id":"https:\/\/dedemesquita.com.br\/#\/schema\/person\/image\/","url":"https:\/\/dedemesquita.com.br\/wp-content\/uploads\/2021\/02\/foto_perfil-150x150.jpg","contentUrl":"https:\/\/dedemesquita.com.br\/wp-content\/uploads\/2021\/02\/foto_perfil-150x150.jpg","caption":"Ded\u00e9 Mesquita"},"sameAs":["https:\/\/dedemesquita.com.br"]}]}},"_links":{"self":[{"href":"https:\/\/dedemesquita.com.br\/index.php?rest_route=\/wp\/v2\/posts\/4821"}],"collection":[{"href":"https:\/\/dedemesquita.com.br\/index.php?rest_route=\/wp\/v2\/posts"}],"about":[{"href":"https:\/\/dedemesquita.com.br\/index.php?rest_route=\/wp\/v2\/types\/post"}],"author":[{"embeddable":true,"href":"https:\/\/dedemesquita.com.br\/index.php?rest_route=\/wp\/v2\/users\/2"}],"replies":[{"embeddable":true,"href":"https:\/\/dedemesquita.com.br\/index.php?rest_route=%2Fwp%2Fv2%2Fcomments&post=4821"}],"version-history":[{"count":2,"href":"https:\/\/dedemesquita.com.br\/index.php?rest_route=\/wp\/v2\/posts\/4821\/revisions"}],"predecessor-version":[{"id":4826,"href":"https:\/\/dedemesquita.com.br\/index.php?rest_route=\/wp\/v2\/posts\/4821\/revisions\/4826"}],"wp:featuredmedia":[{"embeddable":true,"href":"https:\/\/dedemesquita.com.br\/index.php?rest_route=\/wp\/v2\/media\/4824"}],"wp:attachment":[{"href":"https:\/\/dedemesquita.com.br\/index.php?rest_route=%2Fwp%2Fv2%2Fmedia&parent=4821"}],"wp:term":[{"taxonomy":"category","embeddable":true,"href":"https:\/\/dedemesquita.com.br\/index.php?rest_route=%2Fwp%2Fv2%2Fcategories&post=4821"},{"taxonomy":"post_tag","embeddable":true,"href":"https:\/\/dedemesquita.com.br\/index.php?rest_route=%2Fwp%2Fv2%2Ftags&post=4821"}],"curies":[{"name":"wp","href":"https:\/\/api.w.org\/{rel}","templated":true}]}}