{"id":4795,"date":"2022-09-06T15:11:26","date_gmt":"2022-09-06T18:11:26","guid":{"rendered":"https:\/\/dedemesquita.com.br\/?p=4795"},"modified":"2022-09-07T08:33:16","modified_gmt":"2022-09-07T11:33:16","slug":"grupo-liberal-entrevista-presidenciaveis-sobre-a-amazonia-e-outras-novidades-da-imprensa","status":"publish","type":"post","link":"https:\/\/dedemesquita.com.br\/?p=4795","title":{"rendered":"Grupo Liberal entrevista presidenci\u00e1veis sobre a Amaz\u00f4nia e outras novidades da imprensa"},"content":{"rendered":"\n<p>Ter\u00e7a feira \u00e9 dia de atualizar a galera com as novidades sobre a imprensa de Bel\u00e9m que n\u00e3o param de chegar. Elas s\u00e3o muitas e est\u00e3o todas aqui.<\/p>\n\n\n\n<p><strong>Amaz\u00f4nia &#8211;<\/strong> Teve in\u00edcio na segunda-feira, 5, o projeto &#8220;Propostas para a Amaz\u00f4nia &#8211; Rodada de Entrevistas com os Candidatos \u00e0 Presid\u00eancia da Rep\u00fablica&#8221;, capitaneado pelo grupo Liberal, de Bel\u00e9m, em parceria com oito ve\u00edculos, um de cada estado da Amaz\u00f4nia Legal. A iniciativa pioneira objetiva pautar temas relacionados \u00e0 regi\u00e3o na corrida presidencial, como meio ambiente, economia, sa\u00fade, educa\u00e7\u00e3o, telecomunica\u00e7\u00f5es, infraestrutura etc. Todas as entrevistas come\u00e7am \u00e0s 12h30, com uma hora de dura\u00e7\u00e3o, e exibi\u00e7\u00e3o ao vivo em oliberal.com, r\u00e1dio Liberal FM e redes sociais. Os pr\u00f3ximos entrevistados s\u00e3o: 8 de setembro, Luiz In\u00e1cio Lula da Silva (PT); 9 de setembro, Soraya Thronicke (Uni\u00e3o Brasil); 12 de setembro, Jair Bolsonaro (PL); 13 de setembro, Pablo Mar\u00e7al (Pros);&nbsp;e 14 de setembro, Simone Tebet (MDB).<\/p>\n\n\n\n<div class=\"wp-block-image\"><figure class=\"aligncenter size-full\"><img loading=\"lazy\" decoding=\"async\" width=\"800\" height=\"656\" src=\"https:\/\/dedemesquita.com.br\/wp-content\/uploads\/2022\/09\/WhatsApp-Image-2022-09-06-at-15.14.03.jpeg\" alt=\"\" class=\"wp-image-4812\" srcset=\"https:\/\/dedemesquita.com.br\/wp-content\/uploads\/2022\/09\/WhatsApp-Image-2022-09-06-at-15.14.03.jpeg 800w, https:\/\/dedemesquita.com.br\/wp-content\/uploads\/2022\/09\/WhatsApp-Image-2022-09-06-at-15.14.03-768x630.jpeg 768w\" sizes=\"(max-width: 800px) 100vw, 800px\" \/><figcaption>Daniel Nardin, do grupo O Liberal, e outros jornalista de ve\u00edculos da Amaz\u00f4nia Legal entrevistaram o candidato \u00e0 presid\u00eancia da Rep\u00fablica, Ciro Gomes, nesta ter\u00e7a-feira, 6 (foto de Tarso Sarraf) <\/figcaption><\/figure><\/div>\n\n\n\n<p><strong>Andreia &#8211;<\/strong> A jornalista <strong>Andreia Esp\u00edrito Santo<\/strong>, ex-grupo O Liberal, \u00e9 a mais nova editora-chefe no portal Roma News.<\/p>\n\n\n\n<div class=\"wp-block-image\"><figure class=\"aligncenter size-full\"><img loading=\"lazy\" decoding=\"async\" width=\"800\" height=\"674\" src=\"https:\/\/dedemesquita.com.br\/wp-content\/uploads\/2022\/09\/ANDREIA_ESPIRITO.jpg\" alt=\"\" class=\"wp-image-4797\" srcset=\"https:\/\/dedemesquita.com.br\/wp-content\/uploads\/2022\/09\/ANDREIA_ESPIRITO.jpg 800w, https:\/\/dedemesquita.com.br\/wp-content\/uploads\/2022\/09\/ANDREIA_ESPIRITO-768x647.jpg 768w\" sizes=\"(max-width: 800px) 100vw, 800px\" \/><figcaption>Andreia Esp\u00edrito Santo \u00e9 a nova editora-chefe no portal Roma News<\/figcaption><\/figure><\/div>\n\n\n\n<p><strong>Lucas &#8211;<\/strong> <strong>Lucas Muribeca<\/strong>, ex-Gaby Comunica\u00e7\u00e3o, passou a integrar a assessoria de comunica\u00e7\u00e3o da empresa de energia Equatorial, no Par\u00e1.<\/p>\n\n\n\n<div class=\"wp-block-image\"><figure class=\"aligncenter size-full\"><img loading=\"lazy\" decoding=\"async\" width=\"900\" height=\"818\" src=\"https:\/\/dedemesquita.com.br\/wp-content\/uploads\/2022\/09\/LUCAS_MURIBECA.jpg\" alt=\"\" class=\"wp-image-4798\" srcset=\"https:\/\/dedemesquita.com.br\/wp-content\/uploads\/2022\/09\/LUCAS_MURIBECA.jpg 900w, https:\/\/dedemesquita.com.br\/wp-content\/uploads\/2022\/09\/LUCAS_MURIBECA-768x698.jpg 768w\" sizes=\"(max-width: 900px) 100vw, 900px\" \/><figcaption>Lucas Muribeca est\u00e1 na comunica\u00e7\u00e3o da Equatorial Energia <\/figcaption><\/figure><\/div>\n\n\n\n<p><strong>Sebrae &#8211;<\/strong> <strong>Juliana Rose Mufarrej<\/strong>, que trabalhou no jornal Di\u00e1rio do Par\u00e1 e est\u00e1 na assessoria de comunica\u00e7\u00e3o do Sebrae-PA h\u00e1 alguns anos, foi promovida a gerente adjunta de Marketing e Comunica\u00e7\u00e3o nessa entidade, ao lado de <strong>Jecyone Pinheiro<\/strong>.<\/p>\n\n\n\n<div class=\"wp-block-image\"><figure class=\"aligncenter size-full\"><img loading=\"lazy\" decoding=\"async\" width=\"900\" height=\"674\" src=\"https:\/\/dedemesquita.com.br\/wp-content\/uploads\/2022\/09\/JULIANA_.jpg\" alt=\"\" class=\"wp-image-4799\" srcset=\"https:\/\/dedemesquita.com.br\/wp-content\/uploads\/2022\/09\/JULIANA_.jpg 900w, https:\/\/dedemesquita.com.br\/wp-content\/uploads\/2022\/09\/JULIANA_-768x575.jpg 768w\" sizes=\"(max-width: 900px) 100vw, 900px\" \/><figcaption>Jecyone Pinheiro e Juliana Rose, as meninas-Sebrae Par\u00e1 <\/figcaption><\/figure><\/div>\n\n\n\n<p><strong>Sesc-Par\u00e1 &#8211; <\/strong>A <strong>Thais Pimenta<\/strong> vai deixar temporariamente a coordena\u00e7\u00e3o de comunica\u00e7\u00e3o do Sesc no Par\u00e1, porque vai entrar de licen\u00e7a maternidade, de 12 de setembro de 2022 a mar\u00e7o de 2023. Nesse per\u00edodo, a coordena\u00e7\u00e3o ser\u00e1 de <strong>Mariano Gomes<\/strong> e quem ficar\u00e1 no lugar dela na assessoria de imprensa ser\u00e1 <strong>Giselle Moreira<\/strong>. Os contatos com eles s\u00e3o pelos telefones 091 4005-9584\/ 4005-9587 ou pelo celular 091 98407-8721 e os e-mails <a href=\"mailto:comunicacao@pa.sesc.com.br\"><strong>comunicacao@pa.sesc.com.br<\/strong><\/a> ou <a href=\"mailto:fecomercio.sesc.senac@gmail.com\"><strong>fecomercio.sesc.senac@gmail.com<\/strong><\/a>, com a Giselle.<\/p>\n\n\n\n<div class=\"wp-block-image\"><figure class=\"aligncenter size-full\"><img loading=\"lazy\" decoding=\"async\" width=\"850\" height=\"707\" src=\"https:\/\/dedemesquita.com.br\/wp-content\/uploads\/2022\/09\/THAIS_PIMENTA.jpg\" alt=\"\" class=\"wp-image-4805\" srcset=\"https:\/\/dedemesquita.com.br\/wp-content\/uploads\/2022\/09\/THAIS_PIMENTA.jpg 850w, https:\/\/dedemesquita.com.br\/wp-content\/uploads\/2022\/09\/THAIS_PIMENTA-768x639.jpg 768w\" sizes=\"(max-width: 850px) 100vw, 850px\" \/><figcaption>Thais Pimenta ser\u00e1 mam\u00e3e pela primeira vez de um menino que vai se chamar Vin\u00edcius <\/figcaption><\/figure><\/div>\n\n\n\n<p><strong>Den\u00edlson &#8211;<\/strong> O <strong>Den\u00edlson D\u00b4Almeida<\/strong>, do DOL, continua fazendo reportagens especiais para esse portal e para o jornal Di\u00e1rio do Par\u00e1. No domingo, 4, foi publicada uma reportagem dele sobre o professor&nbsp;Rafael Barroso, que percorre mais de 70 Km por dia para dar aulas em ilhas e agrovilas do nordeste paraense. As fotos foram feitas pelo Wagner Santana.<\/p>\n\n\n\n<div class=\"wp-block-image\"><figure class=\"aligncenter size-full\"><img loading=\"lazy\" decoding=\"async\" width=\"867\" height=\"663\" src=\"https:\/\/dedemesquita.com.br\/wp-content\/uploads\/2022\/09\/DENILSON_.jpg\" alt=\"\" class=\"wp-image-4800\" srcset=\"https:\/\/dedemesquita.com.br\/wp-content\/uploads\/2022\/09\/DENILSON_.jpg 867w, https:\/\/dedemesquita.com.br\/wp-content\/uploads\/2022\/09\/DENILSON_-768x587.jpg 768w\" sizes=\"(max-width: 867px) 100vw, 867px\" \/><figcaption>Den\u00edlson na pauta (foto de Wagner Santana) <\/figcaption><\/figure><\/div>\n\n\n\n<p><strong>Amaz\u00f4nia de P\u00e9 &#8211;<\/strong> Os jornalistas paraenses <strong>Amanda Campelo<\/strong>, como apresentadora, e <strong>Gustavo Aguiar<\/strong>, com DJ, participaram do evento \u201cAmaz\u00f4nia de P\u00e9\u201d, no domingo, 4, nos jardins do MAM Rio, no Rio de Janeiro.<\/p>\n\n\n\n<div class=\"wp-block-image\"><figure class=\"aligncenter size-full\"><img loading=\"lazy\" decoding=\"async\" width=\"900\" height=\"698\" src=\"https:\/\/dedemesquita.com.br\/wp-content\/uploads\/2022\/09\/20220904_173105.jpg\" alt=\"\" class=\"wp-image-4808\" srcset=\"https:\/\/dedemesquita.com.br\/wp-content\/uploads\/2022\/09\/20220904_173105.jpg 900w, https:\/\/dedemesquita.com.br\/wp-content\/uploads\/2022\/09\/20220904_173105-768x596.jpg 768w\" sizes=\"(max-width: 900px) 100vw, 900px\" \/><figcaption>Amanda Campelo, em primeiro plano, e o Gustavo Aguiar, um pouco mais atr\u00e1s (foto de Ded\u00e9 Mesquita)<\/figcaption><\/figure><\/div>\n\n\n\n<p><strong>Vozes de Outubro &#8211;<\/strong> O fot\u00f3grafo <strong>Salim Wariss<\/strong>, cuja foto da imagem de Nossa Senhora de Nazar\u00e9 ilustra o cartaz do C\u00edrio 2022, foi entrevistado pelo cineasta e pesquisador paraense <strong>V\u00edtor Sousa Lima<\/strong> para o podcast Vozes de Outubro, que mostra v\u00e1rios aspectos da grande prociss\u00e3o dos paraenses. &nbsp;<\/p>\n\n\n\n<div class=\"wp-block-image\"><figure class=\"aligncenter size-full\"><img loading=\"lazy\" decoding=\"async\" width=\"900\" height=\"743\" src=\"https:\/\/dedemesquita.com.br\/wp-content\/uploads\/2022\/09\/WhatsApp-Image-2022-09-05-at-07.18.49.jpeg\" alt=\"\" class=\"wp-image-4801\" srcset=\"https:\/\/dedemesquita.com.br\/wp-content\/uploads\/2022\/09\/WhatsApp-Image-2022-09-05-at-07.18.49.jpeg 900w, https:\/\/dedemesquita.com.br\/wp-content\/uploads\/2022\/09\/WhatsApp-Image-2022-09-05-at-07.18.49-768x634.jpeg 768w\" sizes=\"(max-width: 900px) 100vw, 900px\" \/><figcaption>O fot\u00f3grafo Salim Wariss e o cineasta V\u00edtor Sousa Lima durante a grava\u00e7\u00e3o do podcast Vozes de Outubro <\/figcaption><\/figure><\/div>\n\n\n\n<p><strong>Ebook &#8211;<\/strong> A jornalista e escritora <strong>Iaci Gomes <\/strong>fez o maior sucesso na Feira Pan-Amaz\u00f4nica do Livro e das Multivozes, que se encerrou no domingo, 4. Ela participou de um bate-papo sobre o imagin\u00e1rio sobrenatural com Tanto Tupiassu, que \u00e9 sucesso no Twitter, e media\u00e7\u00e3o de Thyago Costa. O livro dela, \u201cNem te Conto\u201d, foi relan\u00e7ado no Ponto do Autor e agora pode ser adquirido no formato ebook, no link <a href=\"https:\/\/amzn.to\/3KxgL1w\">https:\/\/amzn.to\/3KxgL1w<\/a><\/p>\n\n\n\n<div class=\"wp-block-image\"><figure class=\"aligncenter size-full\"><img loading=\"lazy\" decoding=\"async\" width=\"900\" height=\"560\" src=\"https:\/\/dedemesquita.com.br\/wp-content\/uploads\/2022\/09\/IACI_GOMES.jpg\" alt=\"\" class=\"wp-image-4802\" srcset=\"https:\/\/dedemesquita.com.br\/wp-content\/uploads\/2022\/09\/IACI_GOMES.jpg 900w, https:\/\/dedemesquita.com.br\/wp-content\/uploads\/2022\/09\/IACI_GOMES-768x478.jpg 768w\" sizes=\"(max-width: 900px) 100vw, 900px\" \/><figcaption>Iaci Gomes em bate-papo com Tanto Tupiassu (\u00e0 esquerda) <\/figcaption><\/figure><\/div>\n\n\n\n<p><strong>Escritores &#8211; <\/strong>Os jornalistas e escritores <strong>Alfredo Garcia<\/strong> e <strong>Paulo Roberto Ferreira<\/strong> lan\u00e7aram seus livros na edi\u00e7\u00e3o 25 da Feira Pan-Amaz\u00f4nica do Livro e das Multivozes.<\/p>\n\n\n\n<div class=\"wp-block-image\"><figure class=\"aligncenter size-full\"><img loading=\"lazy\" decoding=\"async\" width=\"700\" height=\"480\" src=\"https:\/\/dedemesquita.com.br\/wp-content\/uploads\/2022\/09\/WhatsApp-Image-2022-09-04-at-15.28.33.jpeg\" alt=\"\" class=\"wp-image-4803\"\/><figcaption>Paulo Roberto Ferreira e Alfredo Garcia na Feira Pan-Amaz\u00f4nica do Livro 2022 <\/figcaption><\/figure><\/div>\n\n\n\n<p><strong>Barra &#8211;<\/strong> Faleceu na \u00faltima quinta-feira, dia 1 de setembro, em Bel\u00e9m, o jornalista paraense <strong>Guilherme Barra<\/strong>, aos 80 anos. Ele foi um jornalista competente e solid\u00e1rio com quem buscava oportunidade nas reda\u00e7\u00f5es por onde passou. Trabalhou no jornal A Prov\u00edncia do Par\u00e1 e depois, comandou a reda\u00e7\u00e3o do Di\u00e1rio do Par\u00e1, por muitos anos e onde se aposentou. Barra foi casado com a jornalista Karime Barra, que j\u00e1 \u00e9 falecida tamb\u00e9m, e pai do jornalista Fl\u00e1vio Barra, que mora e trabalha em Recife (PE). A Missa de S\u00e9timo Dia ser\u00e1 nesta quinta-feira, 8, \u00e0s 19h30, na igreja de Santo Ant\u00f4nio Maria Zacaria, no bairro do Umarizal, em Bel\u00e9m. <\/p>\n\n\n\n<div class=\"wp-block-image\"><figure class=\"aligncenter size-full\"><img loading=\"lazy\" decoding=\"async\" width=\"752\" height=\"494\" src=\"https:\/\/dedemesquita.com.br\/wp-content\/uploads\/2022\/09\/GUILHERME_BARRA.jpg\" alt=\"\" class=\"wp-image-4816\" srcset=\"https:\/\/dedemesquita.com.br\/wp-content\/uploads\/2022\/09\/GUILHERME_BARRA.jpg 752w, https:\/\/dedemesquita.com.br\/wp-content\/uploads\/2022\/09\/GUILHERME_BARRA-455x300.jpg 455w\" sizes=\"(max-width: 752px) 100vw, 752px\" \/><figcaption>Guilherme Barra foi um dos jornalistas mais influentes no estado do Par\u00e1 <\/figcaption><\/figure><\/div>\n","protected":false},"excerpt":{"rendered":"<p>Ter\u00e7a feira \u00e9 dia de atualizar a galera com as novidades sobre a imprensa de Bel\u00e9m que n\u00e3o param de chegar. Elas s\u00e3o muitas e est\u00e3o todas aqui. Amaz\u00f4nia &#8211; Teve in\u00edcio na segunda-feira, 5, o projeto &#8220;Propostas para a Amaz\u00f4nia &#8211; Rodada de Entrevistas com os Candidatos \u00e0 Presid\u00eancia da Rep\u00fablica&#8221;, capitaneado pelo grupo [&hellip;]<\/p>\n","protected":false},"author":2,"featured_media":4810,"comment_status":"open","ping_status":"open","sticky":false,"template":"","format":"standard","meta":{"footnotes":""},"categories":[51,14,29],"tags":[337,181,184,119,120,144,183,238,336,338],"class_list":["post-4795","post","type-post","status-publish","format-standard","has-post-thumbnail","hentry","category-destaque","category-imprensa","category-jornalismo","tag-amazonia-de-pe","tag-diario-do-para","tag-dol","tag-jornalismo","tag-jornalistas-paraenses-em-acao","tag-o-liberal","tag-roma-news","tag-sebrae-para","tag-sesc-para","tag-vozes-de-outubro"],"yoast_head":"<!-- This site is optimized with the Yoast SEO plugin v19.10 - https:\/\/yoast.com\/wordpress\/plugins\/seo\/ -->\n<title>Grupo Liberal entrevista presidenci\u00e1veis sobre a Amaz\u00f4nia e outras novidades da imprensa - Ded\u00e9 Mesquita<\/title>\n<meta name=\"robots\" content=\"index, follow, max-snippet:-1, max-image-preview:large, max-video-preview:-1\" \/>\n<link rel=\"canonical\" href=\"https:\/\/dedemesquita.com.br\/?p=4795\" \/>\n<meta property=\"og:locale\" content=\"pt_BR\" \/>\n<meta property=\"og:type\" content=\"article\" \/>\n<meta property=\"og:title\" content=\"Grupo Liberal entrevista presidenci\u00e1veis sobre a Amaz\u00f4nia e outras novidades da imprensa - Ded\u00e9 Mesquita\" \/>\n<meta property=\"og:description\" content=\"Ter\u00e7a feira \u00e9 dia de atualizar a galera com as novidades sobre a imprensa de Bel\u00e9m que n\u00e3o param de chegar. Elas s\u00e3o muitas e est\u00e3o todas aqui. Amaz\u00f4nia &#8211; Teve in\u00edcio na segunda-feira, 5, o projeto &#8220;Propostas para a Amaz\u00f4nia &#8211; Rodada de Entrevistas com os Candidatos \u00e0 Presid\u00eancia da Rep\u00fablica&#8221;, capitaneado pelo grupo [&hellip;]\" \/>\n<meta property=\"og:url\" content=\"https:\/\/dedemesquita.com.br\/?p=4795\" \/>\n<meta property=\"og:site_name\" content=\"Ded\u00e9 Mesquita\" \/>\n<meta property=\"article:publisher\" content=\"https:\/\/www.facebook.com\/dede.mesquita\" \/>\n<meta property=\"article:published_time\" content=\"2022-09-06T18:11:26+00:00\" \/>\n<meta property=\"article:modified_time\" content=\"2022-09-07T11:33:16+00:00\" \/>\n<meta property=\"og:image\" content=\"https:\/\/dedemesquita.com.br\/wp-content\/uploads\/2022\/09\/ciro.png\" \/>\n\t<meta property=\"og:image:width\" content=\"697\" \/>\n\t<meta property=\"og:image:height\" content=\"394\" \/>\n\t<meta property=\"og:image:type\" content=\"image\/png\" \/>\n<meta name=\"author\" content=\"Ded\u00e9 Mesquita\" \/>\n<meta name=\"twitter:card\" content=\"summary_large_image\" \/>\n<meta name=\"twitter:creator\" content=\"@dedemesquita\" \/>\n<meta name=\"twitter:site\" content=\"@dedemesquita\" \/>\n<meta name=\"twitter:label1\" content=\"Escrito por\" \/>\n\t<meta name=\"twitter:data1\" content=\"Ded\u00e9 Mesquita\" \/>\n\t<meta name=\"twitter:label2\" content=\"Est. tempo de leitura\" \/>\n\t<meta name=\"twitter:data2\" content=\"7 minutos\" \/>\n<script type=\"application\/ld+json\" class=\"yoast-schema-graph\">{\"@context\":\"https:\/\/schema.org\",\"@graph\":[{\"@type\":\"WebPage\",\"@id\":\"https:\/\/dedemesquita.com.br\/?p=4795\",\"url\":\"https:\/\/dedemesquita.com.br\/?p=4795\",\"name\":\"Grupo Liberal entrevista presidenci\u00e1veis sobre a Amaz\u00f4nia e outras novidades da imprensa - Ded\u00e9 Mesquita\",\"isPartOf\":{\"@id\":\"https:\/\/dedemesquita.com.br\/#website\"},\"datePublished\":\"2022-09-06T18:11:26+00:00\",\"dateModified\":\"2022-09-07T11:33:16+00:00\",\"author\":{\"@id\":\"https:\/\/dedemesquita.com.br\/#\/schema\/person\/36571f81dd2d76dc3ab37231542c9e24\"},\"breadcrumb\":{\"@id\":\"https:\/\/dedemesquita.com.br\/?p=4795#breadcrumb\"},\"inLanguage\":\"pt-BR\",\"potentialAction\":[{\"@type\":\"ReadAction\",\"target\":[\"https:\/\/dedemesquita.com.br\/?p=4795\"]}]},{\"@type\":\"BreadcrumbList\",\"@id\":\"https:\/\/dedemesquita.com.br\/?p=4795#breadcrumb\",\"itemListElement\":[{\"@type\":\"ListItem\",\"position\":1,\"name\":\"In\u00edcio\",\"item\":\"https:\/\/dedemesquita.com.br\/\"},{\"@type\":\"ListItem\",\"position\":2,\"name\":\"Grupo Liberal entrevista presidenci\u00e1veis sobre a Amaz\u00f4nia e outras novidades da imprensa\"}]},{\"@type\":\"WebSite\",\"@id\":\"https:\/\/dedemesquita.com.br\/#website\",\"url\":\"https:\/\/dedemesquita.com.br\/\",\"name\":\"Ded\u00e9 Mesquita\",\"description\":\"Um site que mostra os bastidores da imprensa no estado do Par\u00e1 e em Bel\u00e9m\",\"potentialAction\":[{\"@type\":\"SearchAction\",\"target\":{\"@type\":\"EntryPoint\",\"urlTemplate\":\"https:\/\/dedemesquita.com.br\/?s={search_term_string}\"},\"query-input\":\"required name=search_term_string\"}],\"inLanguage\":\"pt-BR\"},{\"@type\":\"Person\",\"@id\":\"https:\/\/dedemesquita.com.br\/#\/schema\/person\/36571f81dd2d76dc3ab37231542c9e24\",\"name\":\"Ded\u00e9 Mesquita\",\"image\":{\"@type\":\"ImageObject\",\"inLanguage\":\"pt-BR\",\"@id\":\"https:\/\/dedemesquita.com.br\/#\/schema\/person\/image\/\",\"url\":\"https:\/\/dedemesquita.com.br\/wp-content\/uploads\/2021\/02\/foto_perfil-150x150.jpg\",\"contentUrl\":\"https:\/\/dedemesquita.com.br\/wp-content\/uploads\/2021\/02\/foto_perfil-150x150.jpg\",\"caption\":\"Ded\u00e9 Mesquita\"},\"sameAs\":[\"https:\/\/dedemesquita.com.br\"]}]}<\/script>\n<!-- \/ Yoast SEO plugin. -->","yoast_head_json":{"title":"Grupo Liberal entrevista presidenci\u00e1veis sobre a Amaz\u00f4nia e outras novidades da imprensa - Ded\u00e9 Mesquita","robots":{"index":"index","follow":"follow","max-snippet":"max-snippet:-1","max-image-preview":"max-image-preview:large","max-video-preview":"max-video-preview:-1"},"canonical":"https:\/\/dedemesquita.com.br\/?p=4795","og_locale":"pt_BR","og_type":"article","og_title":"Grupo Liberal entrevista presidenci\u00e1veis sobre a Amaz\u00f4nia e outras novidades da imprensa - Ded\u00e9 Mesquita","og_description":"Ter\u00e7a feira \u00e9 dia de atualizar a galera com as novidades sobre a imprensa de Bel\u00e9m que n\u00e3o param de chegar. Elas s\u00e3o muitas e est\u00e3o todas aqui. Amaz\u00f4nia &#8211; Teve in\u00edcio na segunda-feira, 5, o projeto &#8220;Propostas para a Amaz\u00f4nia &#8211; Rodada de Entrevistas com os Candidatos \u00e0 Presid\u00eancia da Rep\u00fablica&#8221;, capitaneado pelo grupo [&hellip;]","og_url":"https:\/\/dedemesquita.com.br\/?p=4795","og_site_name":"Ded\u00e9 Mesquita","article_publisher":"https:\/\/www.facebook.com\/dede.mesquita","article_published_time":"2022-09-06T18:11:26+00:00","article_modified_time":"2022-09-07T11:33:16+00:00","og_image":[{"width":697,"height":394,"url":"https:\/\/dedemesquita.com.br\/wp-content\/uploads\/2022\/09\/ciro.png","type":"image\/png"}],"author":"Ded\u00e9 Mesquita","twitter_card":"summary_large_image","twitter_creator":"@dedemesquita","twitter_site":"@dedemesquita","twitter_misc":{"Escrito por":"Ded\u00e9 Mesquita","Est. tempo de leitura":"7 minutos"},"schema":{"@context":"https:\/\/schema.org","@graph":[{"@type":"WebPage","@id":"https:\/\/dedemesquita.com.br\/?p=4795","url":"https:\/\/dedemesquita.com.br\/?p=4795","name":"Grupo Liberal entrevista presidenci\u00e1veis sobre a Amaz\u00f4nia e outras novidades da imprensa - Ded\u00e9 Mesquita","isPartOf":{"@id":"https:\/\/dedemesquita.com.br\/#website"},"datePublished":"2022-09-06T18:11:26+00:00","dateModified":"2022-09-07T11:33:16+00:00","author":{"@id":"https:\/\/dedemesquita.com.br\/#\/schema\/person\/36571f81dd2d76dc3ab37231542c9e24"},"breadcrumb":{"@id":"https:\/\/dedemesquita.com.br\/?p=4795#breadcrumb"},"inLanguage":"pt-BR","potentialAction":[{"@type":"ReadAction","target":["https:\/\/dedemesquita.com.br\/?p=4795"]}]},{"@type":"BreadcrumbList","@id":"https:\/\/dedemesquita.com.br\/?p=4795#breadcrumb","itemListElement":[{"@type":"ListItem","position":1,"name":"In\u00edcio","item":"https:\/\/dedemesquita.com.br\/"},{"@type":"ListItem","position":2,"name":"Grupo Liberal entrevista presidenci\u00e1veis sobre a Amaz\u00f4nia e outras novidades da imprensa"}]},{"@type":"WebSite","@id":"https:\/\/dedemesquita.com.br\/#website","url":"https:\/\/dedemesquita.com.br\/","name":"Ded\u00e9 Mesquita","description":"Um site que mostra os bastidores da imprensa no estado do Par\u00e1 e em Bel\u00e9m","potentialAction":[{"@type":"SearchAction","target":{"@type":"EntryPoint","urlTemplate":"https:\/\/dedemesquita.com.br\/?s={search_term_string}"},"query-input":"required name=search_term_string"}],"inLanguage":"pt-BR"},{"@type":"Person","@id":"https:\/\/dedemesquita.com.br\/#\/schema\/person\/36571f81dd2d76dc3ab37231542c9e24","name":"Ded\u00e9 Mesquita","image":{"@type":"ImageObject","inLanguage":"pt-BR","@id":"https:\/\/dedemesquita.com.br\/#\/schema\/person\/image\/","url":"https:\/\/dedemesquita.com.br\/wp-content\/uploads\/2021\/02\/foto_perfil-150x150.jpg","contentUrl":"https:\/\/dedemesquita.com.br\/wp-content\/uploads\/2021\/02\/foto_perfil-150x150.jpg","caption":"Ded\u00e9 Mesquita"},"sameAs":["https:\/\/dedemesquita.com.br"]}]}},"_links":{"self":[{"href":"https:\/\/dedemesquita.com.br\/index.php?rest_route=\/wp\/v2\/posts\/4795"}],"collection":[{"href":"https:\/\/dedemesquita.com.br\/index.php?rest_route=\/wp\/v2\/posts"}],"about":[{"href":"https:\/\/dedemesquita.com.br\/index.php?rest_route=\/wp\/v2\/types\/post"}],"author":[{"embeddable":true,"href":"https:\/\/dedemesquita.com.br\/index.php?rest_route=\/wp\/v2\/users\/2"}],"replies":[{"embeddable":true,"href":"https:\/\/dedemesquita.com.br\/index.php?rest_route=%2Fwp%2Fv2%2Fcomments&post=4795"}],"version-history":[{"count":8,"href":"https:\/\/dedemesquita.com.br\/index.php?rest_route=\/wp\/v2\/posts\/4795\/revisions"}],"predecessor-version":[{"id":4820,"href":"https:\/\/dedemesquita.com.br\/index.php?rest_route=\/wp\/v2\/posts\/4795\/revisions\/4820"}],"wp:featuredmedia":[{"embeddable":true,"href":"https:\/\/dedemesquita.com.br\/index.php?rest_route=\/wp\/v2\/media\/4810"}],"wp:attachment":[{"href":"https:\/\/dedemesquita.com.br\/index.php?rest_route=%2Fwp%2Fv2%2Fmedia&parent=4795"}],"wp:term":[{"taxonomy":"category","embeddable":true,"href":"https:\/\/dedemesquita.com.br\/index.php?rest_route=%2Fwp%2Fv2%2Fcategories&post=4795"},{"taxonomy":"post_tag","embeddable":true,"href":"https:\/\/dedemesquita.com.br\/index.php?rest_route=%2Fwp%2Fv2%2Ftags&post=4795"}],"curies":[{"name":"wp","href":"https:\/\/api.w.org\/{rel}","templated":true}]}}