{"id":4791,"date":"2022-09-06T14:35:58","date_gmt":"2022-09-06T17:35:58","guid":{"rendered":"https:\/\/dedemesquita.com.br\/?p=4791"},"modified":"2022-09-07T08:32:16","modified_gmt":"2022-09-07T11:32:16","slug":"credenciamento-de-imprensa-para-o-cirio-2022-pode-ser-feito-ate-11-de-setembro","status":"publish","type":"post","link":"https:\/\/dedemesquita.com.br\/?p=4791","title":{"rendered":"Credenciamento de imprensa para o C\u00edrio 2022 pode ser feito at\u00e9 11 de setembro"},"content":{"rendered":"\n<p>A Diretoria da Festa de Nazar\u00e9 (DFN), uma das respons\u00e1veis pela organiza\u00e7\u00e3o do C\u00edrio de Nossa Senhora de Nazar\u00e9, come\u00e7ou em 1\u00ba de setembro o credenciamento dos profissionais de imprensa que cobrir\u00e3o os eventos do C\u00edrio 2022. <\/p>\n\n\n\n<p>As credenciais para o per\u00edodo de 4 a 24 de outubro, entre a abertura do C\u00edrio e o Rec\u00edrio, dever\u00e3o ser solicitadas pelo e-mail <a href=\"mailto:imprensa@ciriodenazare.com.br\"><strong>imprensa@ciriodenazare.com.br<\/strong><\/a>, at\u00e9 o dia 11 de setembro. Os ve\u00edculos receber\u00e3o uma \u00fanica credencial que dar\u00e1 direito \u00e0 circula\u00e7\u00e3o nos per\u00edmetros das ruas que estar\u00e3o fechados pelos \u00f3rg\u00e3os de seguran\u00e7a e nos eventos, como Traslada\u00e7\u00e3o e a grande romaria de domingo, dia 9 de outubro. <\/p>\n\n\n\n<p><strong>Entrega &#8211; <\/strong>O per\u00edodo de entrega das credenciais ser\u00e1 a partir do dia 20 de setembro, das 14 \u00e0s 18h, na sede da DFN, localizada no Centro Social de Nazar\u00e9, no estacionamento da Bas\u00edlica Santu\u00e1rio.<\/p>\n\n\n\n<p><strong>Informa\u00e7\u00f5es &#8211; <\/strong>Ve\u00edculos profissionais que ser\u00e3o credenciados: TVs, r\u00e1dios, jornais impressos e portais de not\u00edcias. N\u00e3o ser\u00e3o liberadas credenciais para setores administrativo e financeiro, por exemplo. Cada ve\u00edculo deve informar o nome do profissional, cargo e comprovante de v\u00ednculo empregat\u00edcio. Este ano, a credencial ser\u00e1 \u00fanica para todo o per\u00edodo da quinzena ciriana, sem credenciamento espec\u00edfico para os eventos dentro da Bas\u00edlica Santu\u00e1rio e Catedral.<\/p>\n\n\n\n<p><strong>Manto &#8211; <\/strong>O credenciamento de fot\u00f3grafos, cinegrafistas e rep\u00f3rteres para o registro da apresenta\u00e7\u00e3o do Manto 2022 na sacristia da Bas\u00edlica Santu\u00e1rio, no dia 6 de outubro, ser\u00e1 de responsabilidade da Bas\u00edlica Santu\u00e1rio, independente do credenciamento para o C\u00edrio 2022. A DFN se compromete a divulgar as fotos e o descritivo oficial t\u00e3o logo ocorra a apresenta\u00e7\u00e3o.<\/p>\n\n\n\n<p>Blogs e Sites: somente ser\u00e1 liberado para jornalistas profissionais. No caso de n\u00e3o jornalista, ser\u00e1 exigido no m\u00ednimo um ano no ar e com n\u00famero relevante de visualiza\u00e7\u00f5es, que devem ser comprovadas.<\/p>\n\n\n\n<p>Freelas\/ aut\u00f4nomos: profissional jornalista ou fot\u00f3grafo profissional com experi\u00eancia no mercado.<\/p>\n\n\n\n<p>Estudantes: n\u00e3o ser\u00e1 liberado credenciamento. A orienta\u00e7\u00e3o \u00e9 que eles utilizem material dos sites oficiais e redes sociais, sempre colocando os cr\u00e9ditos de textos e fotos.<\/p>\n\n\n\n<p>Redes sociais: somente ser\u00e1 liberado para ve\u00edculos e profissionais da \u00e1rea.<\/p>\n\n\n\n<p>A DFN informa que tamb\u00e9m disponibilizar\u00e1 a divulga\u00e7\u00e3o de fotografias, imagens e informa\u00e7\u00f5es por meio da assessoria de imprensa da mesma, assim como pelas assessorias da Bas\u00edlica Santu\u00e1rio e Guarda de Nazar\u00e9, al\u00e9m de poderem utilizar o material produzido pelos ve\u00edculos oficiais encarregados da transmiss\u00e3o: TV Nazar\u00e9, TV Bas\u00edlica e TV C\u00edrio (estes dois canais do YouTube), al\u00e9m dos sites oficiais e das redes sociais participantes: Arquidiocese de Bel\u00e9m, Bas\u00edlica Santu\u00e1rio, C\u00edrio Oficial, Guarda de Nazar\u00e9 e Funda\u00e7\u00e3o Nazar\u00e9, obviamente com os devidos cr\u00e9ditos.<\/p>\n\n\n\n<p>A assessoria de comunica\u00e7\u00e3o do C\u00edrio de Nazar\u00e9, este ano, \u00e9 com a jornalista Rosana Pinto no (91) 98165-4160. <\/p>\n","protected":false},"excerpt":{"rendered":"<p>A Diretoria da Festa de Nazar\u00e9 (DFN), uma das respons\u00e1veis pela organiza\u00e7\u00e3o do C\u00edrio de Nossa Senhora de Nazar\u00e9, come\u00e7ou em 1\u00ba de setembro o credenciamento dos profissionais de imprensa que cobrir\u00e3o os eventos do C\u00edrio 2022. As credenciais para o per\u00edodo de 4 a 24 de outubro, entre a abertura do C\u00edrio e o [&hellip;]<\/p>\n","protected":false},"author":2,"featured_media":4792,"comment_status":"open","ping_status":"open","sticky":false,"template":"","format":"standard","meta":{"footnotes":""},"categories":[51,14,29],"tags":[306,161,119,120],"class_list":["post-4791","post","type-post","status-publish","format-standard","has-post-thumbnail","hentry","category-destaque","category-imprensa","category-jornalismo","tag-cirio-2022","tag-eko-estrategias-em-comunicacao","tag-jornalismo","tag-jornalistas-paraenses-em-acao"],"yoast_head":"<!-- This site is optimized with the Yoast SEO plugin v19.10 - https:\/\/yoast.com\/wordpress\/plugins\/seo\/ -->\n<title>Credenciamento de imprensa para o C\u00edrio 2022 pode ser feito at\u00e9 11 de setembro - Ded\u00e9 Mesquita<\/title>\n<meta name=\"robots\" content=\"index, follow, max-snippet:-1, max-image-preview:large, max-video-preview:-1\" \/>\n<link rel=\"canonical\" href=\"https:\/\/dedemesquita.com.br\/?p=4791\" \/>\n<meta property=\"og:locale\" content=\"pt_BR\" \/>\n<meta property=\"og:type\" content=\"article\" \/>\n<meta property=\"og:title\" content=\"Credenciamento de imprensa para o C\u00edrio 2022 pode ser feito at\u00e9 11 de setembro - Ded\u00e9 Mesquita\" \/>\n<meta property=\"og:description\" content=\"A Diretoria da Festa de Nazar\u00e9 (DFN), uma das respons\u00e1veis pela organiza\u00e7\u00e3o do C\u00edrio de Nossa Senhora de Nazar\u00e9, come\u00e7ou em 1\u00ba de setembro o credenciamento dos profissionais de imprensa que cobrir\u00e3o os eventos do C\u00edrio 2022. As credenciais para o per\u00edodo de 4 a 24 de outubro, entre a abertura do C\u00edrio e o [&hellip;]\" \/>\n<meta property=\"og:url\" content=\"https:\/\/dedemesquita.com.br\/?p=4791\" \/>\n<meta property=\"og:site_name\" content=\"Ded\u00e9 Mesquita\" \/>\n<meta property=\"article:publisher\" content=\"https:\/\/www.facebook.com\/dede.mesquita\" \/>\n<meta property=\"article:published_time\" content=\"2022-09-06T17:35:58+00:00\" \/>\n<meta property=\"article:modified_time\" content=\"2022-09-07T11:32:16+00:00\" \/>\n<meta property=\"og:image\" content=\"https:\/\/dedemesquita.com.br\/wp-content\/uploads\/2022\/09\/cirio.jpg\" \/>\n\t<meta property=\"og:image:width\" content=\"950\" \/>\n\t<meta property=\"og:image:height\" content=\"533\" \/>\n\t<meta property=\"og:image:type\" content=\"image\/jpeg\" \/>\n<meta name=\"author\" content=\"Ded\u00e9 Mesquita\" \/>\n<meta name=\"twitter:card\" content=\"summary_large_image\" \/>\n<meta name=\"twitter:creator\" content=\"@dedemesquita\" \/>\n<meta name=\"twitter:site\" content=\"@dedemesquita\" \/>\n<meta name=\"twitter:label1\" content=\"Escrito por\" \/>\n\t<meta name=\"twitter:data1\" content=\"Ded\u00e9 Mesquita\" \/>\n\t<meta name=\"twitter:label2\" content=\"Est. tempo de leitura\" \/>\n\t<meta name=\"twitter:data2\" content=\"3 minutos\" \/>\n<script type=\"application\/ld+json\" class=\"yoast-schema-graph\">{\"@context\":\"https:\/\/schema.org\",\"@graph\":[{\"@type\":\"WebPage\",\"@id\":\"https:\/\/dedemesquita.com.br\/?p=4791\",\"url\":\"https:\/\/dedemesquita.com.br\/?p=4791\",\"name\":\"Credenciamento de imprensa para o C\u00edrio 2022 pode ser feito at\u00e9 11 de setembro - Ded\u00e9 Mesquita\",\"isPartOf\":{\"@id\":\"https:\/\/dedemesquita.com.br\/#website\"},\"datePublished\":\"2022-09-06T17:35:58+00:00\",\"dateModified\":\"2022-09-07T11:32:16+00:00\",\"author\":{\"@id\":\"https:\/\/dedemesquita.com.br\/#\/schema\/person\/36571f81dd2d76dc3ab37231542c9e24\"},\"breadcrumb\":{\"@id\":\"https:\/\/dedemesquita.com.br\/?p=4791#breadcrumb\"},\"inLanguage\":\"pt-BR\",\"potentialAction\":[{\"@type\":\"ReadAction\",\"target\":[\"https:\/\/dedemesquita.com.br\/?p=4791\"]}]},{\"@type\":\"BreadcrumbList\",\"@id\":\"https:\/\/dedemesquita.com.br\/?p=4791#breadcrumb\",\"itemListElement\":[{\"@type\":\"ListItem\",\"position\":1,\"name\":\"In\u00edcio\",\"item\":\"https:\/\/dedemesquita.com.br\/\"},{\"@type\":\"ListItem\",\"position\":2,\"name\":\"Credenciamento de imprensa para o C\u00edrio 2022 pode ser feito at\u00e9 11 de setembro\"}]},{\"@type\":\"WebSite\",\"@id\":\"https:\/\/dedemesquita.com.br\/#website\",\"url\":\"https:\/\/dedemesquita.com.br\/\",\"name\":\"Ded\u00e9 Mesquita\",\"description\":\"Um site que mostra os bastidores da imprensa no estado do Par\u00e1 e em Bel\u00e9m\",\"potentialAction\":[{\"@type\":\"SearchAction\",\"target\":{\"@type\":\"EntryPoint\",\"urlTemplate\":\"https:\/\/dedemesquita.com.br\/?s={search_term_string}\"},\"query-input\":\"required name=search_term_string\"}],\"inLanguage\":\"pt-BR\"},{\"@type\":\"Person\",\"@id\":\"https:\/\/dedemesquita.com.br\/#\/schema\/person\/36571f81dd2d76dc3ab37231542c9e24\",\"name\":\"Ded\u00e9 Mesquita\",\"image\":{\"@type\":\"ImageObject\",\"inLanguage\":\"pt-BR\",\"@id\":\"https:\/\/dedemesquita.com.br\/#\/schema\/person\/image\/\",\"url\":\"https:\/\/dedemesquita.com.br\/wp-content\/uploads\/2021\/02\/foto_perfil-150x150.jpg\",\"contentUrl\":\"https:\/\/dedemesquita.com.br\/wp-content\/uploads\/2021\/02\/foto_perfil-150x150.jpg\",\"caption\":\"Ded\u00e9 Mesquita\"},\"sameAs\":[\"https:\/\/dedemesquita.com.br\"]}]}<\/script>\n<!-- \/ Yoast SEO plugin. -->","yoast_head_json":{"title":"Credenciamento de imprensa para o C\u00edrio 2022 pode ser feito at\u00e9 11 de setembro - Ded\u00e9 Mesquita","robots":{"index":"index","follow":"follow","max-snippet":"max-snippet:-1","max-image-preview":"max-image-preview:large","max-video-preview":"max-video-preview:-1"},"canonical":"https:\/\/dedemesquita.com.br\/?p=4791","og_locale":"pt_BR","og_type":"article","og_title":"Credenciamento de imprensa para o C\u00edrio 2022 pode ser feito at\u00e9 11 de setembro - Ded\u00e9 Mesquita","og_description":"A Diretoria da Festa de Nazar\u00e9 (DFN), uma das respons\u00e1veis pela organiza\u00e7\u00e3o do C\u00edrio de Nossa Senhora de Nazar\u00e9, come\u00e7ou em 1\u00ba de setembro o credenciamento dos profissionais de imprensa que cobrir\u00e3o os eventos do C\u00edrio 2022. As credenciais para o per\u00edodo de 4 a 24 de outubro, entre a abertura do C\u00edrio e o [&hellip;]","og_url":"https:\/\/dedemesquita.com.br\/?p=4791","og_site_name":"Ded\u00e9 Mesquita","article_publisher":"https:\/\/www.facebook.com\/dede.mesquita","article_published_time":"2022-09-06T17:35:58+00:00","article_modified_time":"2022-09-07T11:32:16+00:00","og_image":[{"width":950,"height":533,"url":"https:\/\/dedemesquita.com.br\/wp-content\/uploads\/2022\/09\/cirio.jpg","type":"image\/jpeg"}],"author":"Ded\u00e9 Mesquita","twitter_card":"summary_large_image","twitter_creator":"@dedemesquita","twitter_site":"@dedemesquita","twitter_misc":{"Escrito por":"Ded\u00e9 Mesquita","Est. tempo de leitura":"3 minutos"},"schema":{"@context":"https:\/\/schema.org","@graph":[{"@type":"WebPage","@id":"https:\/\/dedemesquita.com.br\/?p=4791","url":"https:\/\/dedemesquita.com.br\/?p=4791","name":"Credenciamento de imprensa para o C\u00edrio 2022 pode ser feito at\u00e9 11 de setembro - Ded\u00e9 Mesquita","isPartOf":{"@id":"https:\/\/dedemesquita.com.br\/#website"},"datePublished":"2022-09-06T17:35:58+00:00","dateModified":"2022-09-07T11:32:16+00:00","author":{"@id":"https:\/\/dedemesquita.com.br\/#\/schema\/person\/36571f81dd2d76dc3ab37231542c9e24"},"breadcrumb":{"@id":"https:\/\/dedemesquita.com.br\/?p=4791#breadcrumb"},"inLanguage":"pt-BR","potentialAction":[{"@type":"ReadAction","target":["https:\/\/dedemesquita.com.br\/?p=4791"]}]},{"@type":"BreadcrumbList","@id":"https:\/\/dedemesquita.com.br\/?p=4791#breadcrumb","itemListElement":[{"@type":"ListItem","position":1,"name":"In\u00edcio","item":"https:\/\/dedemesquita.com.br\/"},{"@type":"ListItem","position":2,"name":"Credenciamento de imprensa para o C\u00edrio 2022 pode ser feito at\u00e9 11 de setembro"}]},{"@type":"WebSite","@id":"https:\/\/dedemesquita.com.br\/#website","url":"https:\/\/dedemesquita.com.br\/","name":"Ded\u00e9 Mesquita","description":"Um site que mostra os bastidores da imprensa no estado do Par\u00e1 e em Bel\u00e9m","potentialAction":[{"@type":"SearchAction","target":{"@type":"EntryPoint","urlTemplate":"https:\/\/dedemesquita.com.br\/?s={search_term_string}"},"query-input":"required name=search_term_string"}],"inLanguage":"pt-BR"},{"@type":"Person","@id":"https:\/\/dedemesquita.com.br\/#\/schema\/person\/36571f81dd2d76dc3ab37231542c9e24","name":"Ded\u00e9 Mesquita","image":{"@type":"ImageObject","inLanguage":"pt-BR","@id":"https:\/\/dedemesquita.com.br\/#\/schema\/person\/image\/","url":"https:\/\/dedemesquita.com.br\/wp-content\/uploads\/2021\/02\/foto_perfil-150x150.jpg","contentUrl":"https:\/\/dedemesquita.com.br\/wp-content\/uploads\/2021\/02\/foto_perfil-150x150.jpg","caption":"Ded\u00e9 Mesquita"},"sameAs":["https:\/\/dedemesquita.com.br"]}]}},"_links":{"self":[{"href":"https:\/\/dedemesquita.com.br\/index.php?rest_route=\/wp\/v2\/posts\/4791"}],"collection":[{"href":"https:\/\/dedemesquita.com.br\/index.php?rest_route=\/wp\/v2\/posts"}],"about":[{"href":"https:\/\/dedemesquita.com.br\/index.php?rest_route=\/wp\/v2\/types\/post"}],"author":[{"embeddable":true,"href":"https:\/\/dedemesquita.com.br\/index.php?rest_route=\/wp\/v2\/users\/2"}],"replies":[{"embeddable":true,"href":"https:\/\/dedemesquita.com.br\/index.php?rest_route=%2Fwp%2Fv2%2Fcomments&post=4791"}],"version-history":[{"count":2,"href":"https:\/\/dedemesquita.com.br\/index.php?rest_route=\/wp\/v2\/posts\/4791\/revisions"}],"predecessor-version":[{"id":4819,"href":"https:\/\/dedemesquita.com.br\/index.php?rest_route=\/wp\/v2\/posts\/4791\/revisions\/4819"}],"wp:featuredmedia":[{"embeddable":true,"href":"https:\/\/dedemesquita.com.br\/index.php?rest_route=\/wp\/v2\/media\/4792"}],"wp:attachment":[{"href":"https:\/\/dedemesquita.com.br\/index.php?rest_route=%2Fwp%2Fv2%2Fmedia&parent=4791"}],"wp:term":[{"taxonomy":"category","embeddable":true,"href":"https:\/\/dedemesquita.com.br\/index.php?rest_route=%2Fwp%2Fv2%2Fcategories&post=4791"},{"taxonomy":"post_tag","embeddable":true,"href":"https:\/\/dedemesquita.com.br\/index.php?rest_route=%2Fwp%2Fv2%2Ftags&post=4791"}],"curies":[{"name":"wp","href":"https:\/\/api.w.org\/{rel}","templated":true}]}}