{"id":4745,"date":"2022-08-24T07:11:45","date_gmt":"2022-08-24T10:11:45","guid":{"rendered":"https:\/\/dedemesquita.com.br\/?p=4745"},"modified":"2022-08-26T09:42:30","modified_gmt":"2022-08-26T12:42:30","slug":"jornalista-e-radialista-celso-freire-morre-em-belem","status":"publish","type":"post","link":"https:\/\/dedemesquita.com.br\/?p=4745","title":{"rendered":"Jornalista e radialista Celso Freire morre em Bel\u00e9m"},"content":{"rendered":"\n<p>Com muito pesar, o site informa que o nosso querido Celso Freire, jornalista formado pela UFPA na turma de 1996, que atuou no jornal A Voz de Nazar\u00e9 e nas r\u00e1dios Cultura FM, Liberal FM e r\u00e1dio Unama, faleceu na madrugada desta quarta-feira, 24, em Bel\u00e9m, aos 52 anos de idade. <\/p>\n\n\n\n<div class=\"wp-block-image\"><figure class=\"aligncenter size-full\"><img loading=\"lazy\" decoding=\"async\" width=\"720\" height=\"960\" src=\"https:\/\/dedemesquita.com.br\/wp-content\/uploads\/2022\/08\/WhatsApp-Image-2022-08-24-at-07.00.21.jpeg\" alt=\"\" class=\"wp-image-4746\"\/><figcaption>Celso e um dos bolos que faziam a alegria dele<\/figcaption><\/figure><\/div>\n\n\n\n<p>Celso Lu\u00eds Barbosa Freire nos deixa um legado de amizade, parceria, compet\u00eancia e centenas de f\u00e3s e colegas de trabalho. Ele foi um dos rep\u00f3rteres que mais venceu em pr\u00eamios de jornalismo no Par\u00e1 e Brasil, tinha o bom humor como marca registrada e adorava comer bolos de todos o tipos.<\/p>\n\n\n\n<p>O jornalista construiu um grande nome no jornalismo radiof\u00f4nico, sendo uma refer\u00eancia para todos pela seriedade, dedica\u00e7\u00e3o e compet\u00eancia com que executava seu trabalho.<\/p>\n\n\n\n<p>O vel\u00f3rio j\u00e1 come\u00e7ou no Parque das Palmeiras, na capela da Cidade Nova, at\u00e9 \u00e0s 15 horas, ap\u00f3s isso, segue o cortejo para o cemit\u00e9rio Parque das Palmeira, na rodovia BR-316 e o sepultamento vai ser por volta das 16 horas.<\/p>\n\n\n\n<p>Celso deixa a esposa Mary, a senhora Freire, e o filho Benjamin, o Baby Freire, que era como Celso os chamava carinhosamente. <\/p>\n","protected":false},"excerpt":{"rendered":"<p>Com muito pesar, o site informa que o nosso querido Celso Freire, jornalista formado pela UFPA na turma de 1996, que atuou no jornal A Voz de Nazar\u00e9 e nas r\u00e1dios Cultura FM, Liberal FM e r\u00e1dio Unama, faleceu na madrugada desta quarta-feira, 24, em Bel\u00e9m, aos 52 anos de idade. Celso Lu\u00eds Barbosa Freire [&hellip;]<\/p>\n","protected":false},"author":2,"featured_media":4747,"comment_status":"open","ping_status":"open","sticky":false,"template":"","format":"standard","meta":{"footnotes":""},"categories":[51,14,29],"tags":[119,120,157,335],"class_list":["post-4745","post","type-post","status-publish","format-standard","has-post-thumbnail","hentry","category-destaque","category-imprensa","category-jornalismo","tag-jornalismo","tag-jornalistas-paraenses-em-acao","tag-radio-liberal","tag-radio-unama"],"yoast_head":"<!-- This site is optimized with the Yoast SEO plugin v19.10 - https:\/\/yoast.com\/wordpress\/plugins\/seo\/ -->\n<title>Jornalista e radialista Celso Freire morre em Bel\u00e9m - Ded\u00e9 Mesquita<\/title>\n<meta name=\"robots\" content=\"index, follow, max-snippet:-1, max-image-preview:large, max-video-preview:-1\" \/>\n<link rel=\"canonical\" href=\"https:\/\/dedemesquita.com.br\/?p=4745\" \/>\n<meta property=\"og:locale\" content=\"pt_BR\" \/>\n<meta property=\"og:type\" content=\"article\" \/>\n<meta property=\"og:title\" content=\"Jornalista e radialista Celso Freire morre em Bel\u00e9m - Ded\u00e9 Mesquita\" \/>\n<meta property=\"og:description\" content=\"Com muito pesar, o site informa que o nosso querido Celso Freire, jornalista formado pela UFPA na turma de 1996, que atuou no jornal A Voz de Nazar\u00e9 e nas r\u00e1dios Cultura FM, Liberal FM e r\u00e1dio Unama, faleceu na madrugada desta quarta-feira, 24, em Bel\u00e9m, aos 52 anos de idade. Celso Lu\u00eds Barbosa Freire [&hellip;]\" \/>\n<meta property=\"og:url\" content=\"https:\/\/dedemesquita.com.br\/?p=4745\" \/>\n<meta property=\"og:site_name\" content=\"Ded\u00e9 Mesquita\" \/>\n<meta property=\"article:publisher\" content=\"https:\/\/www.facebook.com\/dede.mesquita\" \/>\n<meta property=\"article:published_time\" content=\"2022-08-24T10:11:45+00:00\" \/>\n<meta property=\"article:modified_time\" content=\"2022-08-26T12:42:30+00:00\" \/>\n<meta property=\"og:image\" content=\"https:\/\/dedemesquita.com.br\/wp-content\/uploads\/2022\/08\/CELSO_FREIRE.jpg\" \/>\n\t<meta property=\"og:image:width\" content=\"1000\" \/>\n\t<meta property=\"og:image:height\" content=\"641\" \/>\n\t<meta property=\"og:image:type\" content=\"image\/jpeg\" \/>\n<meta name=\"author\" content=\"Ded\u00e9 Mesquita\" \/>\n<meta name=\"twitter:card\" content=\"summary_large_image\" \/>\n<meta name=\"twitter:creator\" content=\"@dedemesquita\" \/>\n<meta name=\"twitter:site\" content=\"@dedemesquita\" \/>\n<meta name=\"twitter:label1\" content=\"Escrito por\" \/>\n\t<meta name=\"twitter:data1\" content=\"Ded\u00e9 Mesquita\" \/>\n\t<meta name=\"twitter:label2\" content=\"Est. tempo de leitura\" \/>\n\t<meta name=\"twitter:data2\" content=\"2 minutos\" \/>\n<script type=\"application\/ld+json\" class=\"yoast-schema-graph\">{\"@context\":\"https:\/\/schema.org\",\"@graph\":[{\"@type\":\"WebPage\",\"@id\":\"https:\/\/dedemesquita.com.br\/?p=4745\",\"url\":\"https:\/\/dedemesquita.com.br\/?p=4745\",\"name\":\"Jornalista e radialista Celso Freire morre em Bel\u00e9m - Ded\u00e9 Mesquita\",\"isPartOf\":{\"@id\":\"https:\/\/dedemesquita.com.br\/#website\"},\"datePublished\":\"2022-08-24T10:11:45+00:00\",\"dateModified\":\"2022-08-26T12:42:30+00:00\",\"author\":{\"@id\":\"https:\/\/dedemesquita.com.br\/#\/schema\/person\/36571f81dd2d76dc3ab37231542c9e24\"},\"breadcrumb\":{\"@id\":\"https:\/\/dedemesquita.com.br\/?p=4745#breadcrumb\"},\"inLanguage\":\"pt-BR\",\"potentialAction\":[{\"@type\":\"ReadAction\",\"target\":[\"https:\/\/dedemesquita.com.br\/?p=4745\"]}]},{\"@type\":\"BreadcrumbList\",\"@id\":\"https:\/\/dedemesquita.com.br\/?p=4745#breadcrumb\",\"itemListElement\":[{\"@type\":\"ListItem\",\"position\":1,\"name\":\"In\u00edcio\",\"item\":\"https:\/\/dedemesquita.com.br\/\"},{\"@type\":\"ListItem\",\"position\":2,\"name\":\"Jornalista e radialista Celso Freire morre em Bel\u00e9m\"}]},{\"@type\":\"WebSite\",\"@id\":\"https:\/\/dedemesquita.com.br\/#website\",\"url\":\"https:\/\/dedemesquita.com.br\/\",\"name\":\"Ded\u00e9 Mesquita\",\"description\":\"Um site que mostra os bastidores da imprensa no estado do Par\u00e1 e em Bel\u00e9m\",\"potentialAction\":[{\"@type\":\"SearchAction\",\"target\":{\"@type\":\"EntryPoint\",\"urlTemplate\":\"https:\/\/dedemesquita.com.br\/?s={search_term_string}\"},\"query-input\":\"required name=search_term_string\"}],\"inLanguage\":\"pt-BR\"},{\"@type\":\"Person\",\"@id\":\"https:\/\/dedemesquita.com.br\/#\/schema\/person\/36571f81dd2d76dc3ab37231542c9e24\",\"name\":\"Ded\u00e9 Mesquita\",\"image\":{\"@type\":\"ImageObject\",\"inLanguage\":\"pt-BR\",\"@id\":\"https:\/\/dedemesquita.com.br\/#\/schema\/person\/image\/\",\"url\":\"https:\/\/dedemesquita.com.br\/wp-content\/uploads\/2021\/02\/foto_perfil-150x150.jpg\",\"contentUrl\":\"https:\/\/dedemesquita.com.br\/wp-content\/uploads\/2021\/02\/foto_perfil-150x150.jpg\",\"caption\":\"Ded\u00e9 Mesquita\"},\"sameAs\":[\"https:\/\/dedemesquita.com.br\"]}]}<\/script>\n<!-- \/ Yoast SEO plugin. -->","yoast_head_json":{"title":"Jornalista e radialista Celso Freire morre em Bel\u00e9m - Ded\u00e9 Mesquita","robots":{"index":"index","follow":"follow","max-snippet":"max-snippet:-1","max-image-preview":"max-image-preview:large","max-video-preview":"max-video-preview:-1"},"canonical":"https:\/\/dedemesquita.com.br\/?p=4745","og_locale":"pt_BR","og_type":"article","og_title":"Jornalista e radialista Celso Freire morre em Bel\u00e9m - Ded\u00e9 Mesquita","og_description":"Com muito pesar, o site informa que o nosso querido Celso Freire, jornalista formado pela UFPA na turma de 1996, que atuou no jornal A Voz de Nazar\u00e9 e nas r\u00e1dios Cultura FM, Liberal FM e r\u00e1dio Unama, faleceu na madrugada desta quarta-feira, 24, em Bel\u00e9m, aos 52 anos de idade. Celso Lu\u00eds Barbosa Freire [&hellip;]","og_url":"https:\/\/dedemesquita.com.br\/?p=4745","og_site_name":"Ded\u00e9 Mesquita","article_publisher":"https:\/\/www.facebook.com\/dede.mesquita","article_published_time":"2022-08-24T10:11:45+00:00","article_modified_time":"2022-08-26T12:42:30+00:00","og_image":[{"width":1000,"height":641,"url":"https:\/\/dedemesquita.com.br\/wp-content\/uploads\/2022\/08\/CELSO_FREIRE.jpg","type":"image\/jpeg"}],"author":"Ded\u00e9 Mesquita","twitter_card":"summary_large_image","twitter_creator":"@dedemesquita","twitter_site":"@dedemesquita","twitter_misc":{"Escrito por":"Ded\u00e9 Mesquita","Est. tempo de leitura":"2 minutos"},"schema":{"@context":"https:\/\/schema.org","@graph":[{"@type":"WebPage","@id":"https:\/\/dedemesquita.com.br\/?p=4745","url":"https:\/\/dedemesquita.com.br\/?p=4745","name":"Jornalista e radialista Celso Freire morre em Bel\u00e9m - Ded\u00e9 Mesquita","isPartOf":{"@id":"https:\/\/dedemesquita.com.br\/#website"},"datePublished":"2022-08-24T10:11:45+00:00","dateModified":"2022-08-26T12:42:30+00:00","author":{"@id":"https:\/\/dedemesquita.com.br\/#\/schema\/person\/36571f81dd2d76dc3ab37231542c9e24"},"breadcrumb":{"@id":"https:\/\/dedemesquita.com.br\/?p=4745#breadcrumb"},"inLanguage":"pt-BR","potentialAction":[{"@type":"ReadAction","target":["https:\/\/dedemesquita.com.br\/?p=4745"]}]},{"@type":"BreadcrumbList","@id":"https:\/\/dedemesquita.com.br\/?p=4745#breadcrumb","itemListElement":[{"@type":"ListItem","position":1,"name":"In\u00edcio","item":"https:\/\/dedemesquita.com.br\/"},{"@type":"ListItem","position":2,"name":"Jornalista e radialista Celso Freire morre em Bel\u00e9m"}]},{"@type":"WebSite","@id":"https:\/\/dedemesquita.com.br\/#website","url":"https:\/\/dedemesquita.com.br\/","name":"Ded\u00e9 Mesquita","description":"Um site que mostra os bastidores da imprensa no estado do Par\u00e1 e em Bel\u00e9m","potentialAction":[{"@type":"SearchAction","target":{"@type":"EntryPoint","urlTemplate":"https:\/\/dedemesquita.com.br\/?s={search_term_string}"},"query-input":"required name=search_term_string"}],"inLanguage":"pt-BR"},{"@type":"Person","@id":"https:\/\/dedemesquita.com.br\/#\/schema\/person\/36571f81dd2d76dc3ab37231542c9e24","name":"Ded\u00e9 Mesquita","image":{"@type":"ImageObject","inLanguage":"pt-BR","@id":"https:\/\/dedemesquita.com.br\/#\/schema\/person\/image\/","url":"https:\/\/dedemesquita.com.br\/wp-content\/uploads\/2021\/02\/foto_perfil-150x150.jpg","contentUrl":"https:\/\/dedemesquita.com.br\/wp-content\/uploads\/2021\/02\/foto_perfil-150x150.jpg","caption":"Ded\u00e9 Mesquita"},"sameAs":["https:\/\/dedemesquita.com.br"]}]}},"_links":{"self":[{"href":"https:\/\/dedemesquita.com.br\/index.php?rest_route=\/wp\/v2\/posts\/4745"}],"collection":[{"href":"https:\/\/dedemesquita.com.br\/index.php?rest_route=\/wp\/v2\/posts"}],"about":[{"href":"https:\/\/dedemesquita.com.br\/index.php?rest_route=\/wp\/v2\/types\/post"}],"author":[{"embeddable":true,"href":"https:\/\/dedemesquita.com.br\/index.php?rest_route=\/wp\/v2\/users\/2"}],"replies":[{"embeddable":true,"href":"https:\/\/dedemesquita.com.br\/index.php?rest_route=%2Fwp%2Fv2%2Fcomments&post=4745"}],"version-history":[{"count":5,"href":"https:\/\/dedemesquita.com.br\/index.php?rest_route=\/wp\/v2\/posts\/4745\/revisions"}],"predecessor-version":[{"id":4758,"href":"https:\/\/dedemesquita.com.br\/index.php?rest_route=\/wp\/v2\/posts\/4745\/revisions\/4758"}],"wp:featuredmedia":[{"embeddable":true,"href":"https:\/\/dedemesquita.com.br\/index.php?rest_route=\/wp\/v2\/media\/4747"}],"wp:attachment":[{"href":"https:\/\/dedemesquita.com.br\/index.php?rest_route=%2Fwp%2Fv2%2Fmedia&parent=4745"}],"wp:term":[{"taxonomy":"category","embeddable":true,"href":"https:\/\/dedemesquita.com.br\/index.php?rest_route=%2Fwp%2Fv2%2Fcategories&post=4745"},{"taxonomy":"post_tag","embeddable":true,"href":"https:\/\/dedemesquita.com.br\/index.php?rest_route=%2Fwp%2Fv2%2Ftags&post=4745"}],"curies":[{"name":"wp","href":"https:\/\/api.w.org\/{rel}","templated":true}]}}